{"id":166732,"date":"2022-11-15T10:24:11","date_gmt":"2022-11-15T09:24:11","guid":{"rendered":"https:\/\/graziamagazine.com\/es\/?post_type=articles&#038;p=166732"},"modified":"2022-11-15T10:24:11","modified_gmt":"2022-11-15T09:24:11","slug":"balmain-x-stranger-things-una-coleccion-inspirada-en-la-serie-de-netflix","status":"publish","type":"articles","link":"https:\/\/graziamagazine.com\/es\/articles\/balmain-x-stranger-things-una-coleccion-inspirada-en-la-serie-de-netflix\/","title":{"rendered":"Balmain x Stranger Things, la colecci\u00f3n inspirada en la serie de Netflix"},"content":{"rendered":"<p><span style=\"font-weight: 400\">Balmain y Netflix unen fuerzas para lanzar su nueva colecci\u00f3n <strong>Balmain x Stranger Things<\/strong>, una de las l\u00edneas m\u00e1s esperadas de la casa francesa.\u00a0<\/span><\/p>\n<p><span style=\"font-weight: 400\">Inspirados en la \u00faltima temporada de esta historia llena de suspenso y monstruos, las prendas lucen colores chillones, estampados y piezas <em>oversize<\/em> con todo el car\u00e1cter de los <strong>a\u00f1os 80<\/strong>. <\/span><span style=\"font-weight: 400\">Seguramente como muchos de nosotros, el actual director creativo de la <\/span><i><span style=\"font-weight: 400\">maison, <\/span><\/i><strong>Olivier<\/strong><span style=\"font-weight: 400\"><strong> Rousteing<\/strong>, ha sido fiel seguidor de la serie de<strong> Netflix<\/strong> creada por <strong>Duffer Brothers.<\/strong><\/span><\/p>\n<figure id=\"attachment_118973\" class=\"wp-caption alignnone\" style=\"width: 759px\" aria-describedby=\"caption-attachment-118973\"><img loading=\"lazy\" decoding=\"async\" class=\"size-large wp-image-118973\" src=\"https:\/\/graziamagazine.com\/mx\/wp-content\/uploads\/sites\/13\/2022\/11\/Captura-de-Pantalla-2022-11-11-a-las-9.40.24.png?w=759&amp;resize=759%2C1024\" alt=\"Balmain x Stranger Things: Una colecci\u00f3n inspirada en la serie de Netflix\" width=\"759\" height=\"1024\" data-recalc-dims=\"1\" \/><figcaption id=\"caption-attachment-118973\" class=\"wp-caption-text\">Balmain x Stranger Things: Una colecci\u00f3n inspirada en la serie de Netflix<\/figcaption><\/figure>\n<blockquote><p><span style=\"font-weight: 400\">\u201dCuando Netflix se acerc\u00f3 a m\u00ed para dise\u00f1ar un especial, limitado. edici\u00f3n de la colecci\u00f3n Balmain x Stranger Things, \u00a1estuve inmediatamente a bordo\u201d, se\u00f1al\u00f3 Rousteing.<\/span><\/p><\/blockquote>\n<p><span style=\"font-weight: 400\">\u00a0Y no es de extra\u00f1arse que Balmain haya retomado el singular estilo que lucen los personajes, convirtiendo la serie en una colecci\u00f3n c\u00e1psula de <strong>12 piezas<\/strong> entre ropa y complementos que har\u00e1n lucir a cualquiera como parte del elenco de la exitosa serie.<\/span><\/p>\n<p><span style=\"font-weight: 400\">Capturado por la esencia pop de la \u00e9poca, Olivier presenta estampados retro de leopardo, cebra y puntos. Un detalle importante es el logo rojo de la serie que marca la intenci\u00f3n de la colecci\u00f3n. Adem\u00e1s los leggings juegan como un complemento perfecto junto a las camisas con hombros anchos y jeans retros con dobladillo.<\/span><\/p>\n<figure id=\"attachment_118971\" class=\"wp-caption alignnone\" style=\"width: 666px\" aria-describedby=\"caption-attachment-118971\"><img loading=\"lazy\" decoding=\"async\" class=\"size-large wp-image-118971\" src=\"https:\/\/graziamagazine.com\/mx\/wp-content\/uploads\/sites\/13\/2022\/11\/15ea.jpg?w=666&amp;resize=666%2C1000\" alt=\"Balmain x Stranger Things: Una colecci\u00f3n inspirada en la serie de Netflix\" width=\"666\" height=\"1000\" data-recalc-dims=\"1\" \/><figcaption id=\"caption-attachment-118971\" class=\"wp-caption-text\">Balmain x Stranger Things: Una colecci\u00f3n inspirada en la serie de Netflix<\/figcaption><\/figure>\n<p><span style=\"font-weight: 400\">Adem\u00e1s los accesorios dentro de esta colecci\u00f3n no podr\u00edan faltar, comenzando por las<strong> zapatillas<\/strong><\/span><span style=\"font-weight: 400\"><strong>\u00a0\u201cB-Court Sneaker\u201d<\/strong>, fabricadas\u00a0 en piel de becerro con el s\u00edmbolo multicolor de <strong>\u201cno signal\u201d<\/strong>. Tambi\u00e9n podr\u00e1s encontrar una<strong> funda para Iphone 13<\/strong> que se parece asombrosamente a un casete retro.<\/span><\/p>\n<p><span style=\"font-weight: 400\">\u201cNac\u00ed en 1985, y las cuatro temporadas de Stranger Things transcurren en Estados Unidos desde 1983 hasta 1986\u201d, declar\u00f3 el dise\u00f1ador a cargo de la direcci\u00f3n art\u00edstica de Balmain desde 2011, en un comunicado de prensa de la marca. \u201cAunque el estilo no se parece en absoluto a la ropa que us\u00e1bamos cuando estaba en la escuela secundaria en Burdeos\u2026 \u00bfc\u00f3mo podr\u00edas no admirar todos estos looks incre\u00edbles?\u201d.<\/span><\/p>\n<figure id=\"attachment_118972\" class=\"wp-caption alignnone\" style=\"width: 666px\" aria-describedby=\"caption-attachment-118972\"><img loading=\"lazy\" decoding=\"async\" class=\"size-large wp-image-118972\" src=\"https:\/\/graziamagazine.com\/mx\/wp-content\/uploads\/sites\/13\/2022\/11\/af45.jpg?w=666&amp;resize=666%2C1000\" alt=\"Balmain x Stranger Things: Una colecci\u00f3n inspirada en la serie de Netflix\" width=\"666\" height=\"1000\" data-recalc-dims=\"1\" \/><figcaption id=\"caption-attachment-118972\" class=\"wp-caption-text\">Balmain x Stranger Things: Una colecci\u00f3n inspirada en la serie de Netflix<\/figcaption><\/figure>\n<p><span style=\"font-weight: 400\">Esta colecci\u00f3n c\u00e1psula de edici\u00f3n limitada estar\u00e1 disponible en la tienda oficial de<\/span><a href=\"https:\/\/es.balmain.com\/es\/mujer\/balmain-x-stranger-things\/\" target=\"_blank\" rel=\"noopener\" target=\"_blank\"><span style=\"font-weight: 400\"> Balmain<\/span><\/a><span style=\"font-weight: 400\"> y en su tienda oficial en Par\u00eds ubicada en <\/span><span style=\"font-weight: 400\">el 374, rue Saint Honor\u00e9, en el primer distrito de Par\u00eds, as\u00ed como en su tienda insignia en Melrose Place en Los \u00c1ngeles.\u00a0<\/span><\/p>\n<p><em>*Im\u00e1genes: cortes\u00eda de Balmain<\/em><\/p>\n","protected":false},"author":16349,"featured_media":166733,"template":"","format":"standard","categories":[1],"acf":[],"yoast_head":"<!-- This site is optimized with the Yoast SEO Premium plugin v18.5 (Yoast SEO v20.4) - https:\/\/yoast.com\/wordpress\/plugins\/seo\/ -->\n<title>Balmain x Stranger Things: Una colecci\u00f3n inspirada en la serie de Netflix<\/title>\n<meta name=\"description\" content=\"Balmain hace un viaje a los a\u00f1os 80 para presentar su nueva colecci\u00f3n c\u00e1psula inspirada en la serie \u201cStranger Things\u201d\" \/>\n<meta name=\"robots\" content=\"index, follow, max-snippet:-1, max-image-preview:large, max-video-preview:-1\" \/>\n<link rel=\"canonical\" href=\"https:\/\/graziamagazine.com\/es\/articles\/balmain-x-stranger-things-una-coleccion-inspirada-en-la-serie-de-netflix\/\" \/>\n<meta property=\"og:locale\" content=\"es_ES\" \/>\n<meta property=\"og:type\" content=\"article\" \/>\n<meta property=\"og:title\" content=\"Balmain x Stranger Things, la colecci\u00f3n inspirada en la serie de Netflix\" \/>\n<meta property=\"og:description\" content=\"Balmain hace un viaje a los a\u00f1os 80 para presentar su nueva colecci\u00f3n c\u00e1psula inspirada en la serie \u201cStranger Things\u201d\" \/>\n<meta property=\"og:url\" content=\"https:\/\/graziamagazine.com\/es\/articles\/balmain-x-stranger-things-una-coleccion-inspirada-en-la-serie-de-netflix\/\" \/>\n<meta property=\"og:site_name\" content=\"Grazia\" \/>\n<meta property=\"og:image\" content=\"https:\/\/graziamagazine.com\/es\/wp-content\/uploads\/sites\/12\/2022\/11\/page_projet_st_-4.jpg\" \/>\n\t<meta property=\"og:image:width\" content=\"1280\" \/>\n\t<meta property=\"og:image:height\" content=\"720\" \/>\n\t<meta property=\"og:image:type\" content=\"image\/jpeg\" \/>\n<meta name=\"twitter:card\" content=\"summary_large_image\" \/>\n<meta name=\"twitter:label1\" content=\"Est. reading time\" \/>\n\t<meta name=\"twitter:data1\" content=\"2 minutos\" \/>\n<script type=\"application\/ld+json\" class=\"yoast-schema-graph\">{\"@context\":\"https:\/\/schema.org\",\"@graph\":[{\"@type\":\"WebPage\",\"@id\":\"https:\/\/graziamagazine.com\/es\/articles\/balmain-x-stranger-things-una-coleccion-inspirada-en-la-serie-de-netflix\/\",\"url\":\"https:\/\/graziamagazine.com\/es\/articles\/balmain-x-stranger-things-una-coleccion-inspirada-en-la-serie-de-netflix\/\",\"name\":\"Balmain x Stranger Things: Una colecci\u00f3n inspirada en la serie de Netflix\",\"isPartOf\":{\"@id\":\"https:\/\/graziamagazine.com\/es\/#website\"},\"datePublished\":\"2022-11-15T09:24:11+00:00\",\"dateModified\":\"2022-11-15T09:24:11+00:00\",\"description\":\"Balmain hace un viaje a los a\u00f1os 80 para presentar su nueva colecci\u00f3n c\u00e1psula inspirada en la serie \u201cStranger Things\u201d\",\"breadcrumb\":{\"@id\":\"https:\/\/graziamagazine.com\/es\/articles\/balmain-x-stranger-things-una-coleccion-inspirada-en-la-serie-de-netflix\/#breadcrumb\"},\"inLanguage\":\"es\",\"potentialAction\":[{\"@type\":\"ReadAction\",\"target\":[\"https:\/\/graziamagazine.com\/es\/articles\/balmain-x-stranger-things-una-coleccion-inspirada-en-la-serie-de-netflix\/\"]}]},{\"@type\":\"BreadcrumbList\",\"@id\":\"https:\/\/graziamagazine.com\/es\/articles\/balmain-x-stranger-things-una-coleccion-inspirada-en-la-serie-de-netflix\/#breadcrumb\",\"itemListElement\":[{\"@type\":\"ListItem\",\"position\":1,\"name\":\"Portada\",\"item\":\"https:\/\/graziamagazine.com\/es\/\"},{\"@type\":\"ListItem\",\"position\":2,\"name\":\"Balmain x Stranger Things, la colecci\u00f3n inspirada en la serie de Netflix\"}]},{\"@type\":\"WebSite\",\"@id\":\"https:\/\/graziamagazine.com\/es\/#website\",\"url\":\"https:\/\/graziamagazine.com\/es\/\",\"name\":\"Grazia\",\"description\":\"Moda, belleza, celebrities, estilo de vida...\",\"potentialAction\":[{\"@type\":\"SearchAction\",\"target\":{\"@type\":\"EntryPoint\",\"urlTemplate\":\"https:\/\/graziamagazine.com\/es\/?s={search_term_string}\"},\"query-input\":\"required name=search_term_string\"}],\"inLanguage\":\"es\"}]}<\/script>\n<!-- \/ Yoast SEO Premium plugin. -->","yoast_head_json":{"title":"Balmain x Stranger Things: Una colecci\u00f3n inspirada en la serie de Netflix","description":"Balmain hace un viaje a los a\u00f1os 80 para presentar su nueva colecci\u00f3n c\u00e1psula inspirada en la serie \u201cStranger Things\u201d","robots":{"index":"index","follow":"follow","max-snippet":"max-snippet:-1","max-image-preview":"max-image-preview:large","max-video-preview":"max-video-preview:-1"},"canonical":"https:\/\/graziamagazine.com\/es\/articles\/balmain-x-stranger-things-una-coleccion-inspirada-en-la-serie-de-netflix\/","og_locale":"es_ES","og_type":"article","og_title":"Balmain x Stranger Things, la colecci\u00f3n inspirada en la serie de Netflix","og_description":"Balmain hace un viaje a los a\u00f1os 80 para presentar su nueva colecci\u00f3n c\u00e1psula inspirada en la serie \u201cStranger Things\u201d","og_url":"https:\/\/graziamagazine.com\/es\/articles\/balmain-x-stranger-things-una-coleccion-inspirada-en-la-serie-de-netflix\/","og_site_name":"Grazia","og_image":[{"width":1280,"height":720,"url":"https:\/\/graziamagazine.com\/es\/wp-content\/uploads\/sites\/12\/2022\/11\/page_projet_st_-4.jpg","type":"image\/jpeg"}],"twitter_card":"summary_large_image","twitter_misc":{"Est. reading time":"2 minutos"},"schema":{"@context":"https:\/\/schema.org","@graph":[{"@type":"WebPage","@id":"https:\/\/graziamagazine.com\/es\/articles\/balmain-x-stranger-things-una-coleccion-inspirada-en-la-serie-de-netflix\/","url":"https:\/\/graziamagazine.com\/es\/articles\/balmain-x-stranger-things-una-coleccion-inspirada-en-la-serie-de-netflix\/","name":"Balmain x Stranger Things: Una colecci\u00f3n inspirada en la serie de Netflix","isPartOf":{"@id":"https:\/\/graziamagazine.com\/es\/#website"},"datePublished":"2022-11-15T09:24:11+00:00","dateModified":"2022-11-15T09:24:11+00:00","description":"Balmain hace un viaje a los a\u00f1os 80 para presentar su nueva colecci\u00f3n c\u00e1psula inspirada en la serie \u201cStranger Things\u201d","breadcrumb":{"@id":"https:\/\/graziamagazine.com\/es\/articles\/balmain-x-stranger-things-una-coleccion-inspirada-en-la-serie-de-netflix\/#breadcrumb"},"inLanguage":"es","potentialAction":[{"@type":"ReadAction","target":["https:\/\/graziamagazine.com\/es\/articles\/balmain-x-stranger-things-una-coleccion-inspirada-en-la-serie-de-netflix\/"]}]},{"@type":"BreadcrumbList","@id":"https:\/\/graziamagazine.com\/es\/articles\/balmain-x-stranger-things-una-coleccion-inspirada-en-la-serie-de-netflix\/#breadcrumb","itemListElement":[{"@type":"ListItem","position":1,"name":"Portada","item":"https:\/\/graziamagazine.com\/es\/"},{"@type":"ListItem","position":2,"name":"Balmain x Stranger Things, la colecci\u00f3n inspirada en la serie de Netflix"}]},{"@type":"WebSite","@id":"https:\/\/graziamagazine.com\/es\/#website","url":"https:\/\/graziamagazine.com\/es\/","name":"Grazia","description":"Moda, belleza, celebrities, estilo de vida...","potentialAction":[{"@type":"SearchAction","target":{"@type":"EntryPoint","urlTemplate":"https:\/\/graziamagazine.com\/es\/?s={search_term_string}"},"query-input":"required name=search_term_string"}],"inLanguage":"es"}]}},"jetpack_sharing_enabled":true,"distributor_meta":false,"distributor_terms":false,"distributor_media":false,"distributor_original_site_name":"Grazia","distributor_original_site_url":"https:\/\/graziamagazine.com\/es","push-errors":false,"_links":{"self":[{"href":"https:\/\/graziamagazine.com\/es\/wp-json\/wp\/v2\/articles\/166732"}],"collection":[{"href":"https:\/\/graziamagazine.com\/es\/wp-json\/wp\/v2\/articles"}],"about":[{"href":"https:\/\/graziamagazine.com\/es\/wp-json\/wp\/v2\/types\/articles"}],"author":[{"embeddable":true,"href":"https:\/\/graziamagazine.com\/es\/wp-json\/wp\/v2\/users\/16349"}],"wp:featuredmedia":[{"embeddable":true,"href":"https:\/\/graziamagazine.com\/es\/wp-json\/wp\/v2\/media\/166733"}],"wp:attachment":[{"href":"https:\/\/graziamagazine.com\/es\/wp-json\/wp\/v2\/media?parent=166732"}],"wp:term":[{"taxonomy":"category","embeddable":true,"href":"https:\/\/graziamagazine.com\/es\/wp-json\/wp\/v2\/categories?post=166732"}],"curies":[{"name":"wp","href":"https:\/\/api.w.org\/{rel}","templated":true}]}}