{"id":166686,"date":"2022-11-10T09:15:29","date_gmt":"2022-11-10T08:15:29","guid":{"rendered":"https:\/\/graziamagazine.com\/es\/?post_type=articles&#038;p=166686"},"modified":"2022-11-10T03:49:48","modified_gmt":"2022-11-10T02:49:48","slug":"bose-la-serie-de-paramount-que-tienes-que-ver-si-eres-fan-de-miguel-bose","status":"publish","type":"articles","link":"https:\/\/graziamagazine.com\/es\/articles\/bose-la-serie-de-paramount-que-tienes-que-ver-si-eres-fan-de-miguel-bose\/","title":{"rendered":"\u2018Bos\u00e9\u2019, la serie de Paramount+ que tienes que ver si eres fan de Miguel Bos\u00e9"},"content":{"rendered":"<p><span style=\"font-weight: 400\">La vida y carrera de <strong>Miguel Bos\u00e9<\/strong> llega ahora a la peque\u00f1a pantalla gracias a \u201c<em><strong>Bos\u00e9<\/strong><\/em>\u201d, una producci\u00f3n biogr\u00e1fica que se puede ver a trav\u00e9s de <strong>Paramount+<\/strong>, para repasar los momentos m\u00e1s importantes que lo llevaron a ser el cantante que es hoy.\u00a0<\/span><\/p>\n<p><span style=\"font-weight: 400\">Cada uno de los episodios se centra en una canci\u00f3n, por lo que va contando c\u00f3mo se desarroll\u00f3 esa melod\u00eda en contexto con lo que Bos\u00e9 estaba viviendo en ese momento espec\u00edfico de su vida, dejando ver as\u00ed su proceso de creaci\u00f3n musical.\u00a0<\/span><\/p>\n<p><span style=\"font-weight: 400\">Protagonizada por <strong>Iv\u00e1n S\u00e1nchez y Jos\u00e9 Pastor<\/strong>, la serie que se estren\u00f3 el 3 de noviembre se cuenta en dos tiempos y el presente se ambienta en 2007, a\u00f1o en el que tom\u00f3 la decisi\u00f3n de ser padre.<\/span><\/p>\n<p><span style=\"font-weight: 400\">Iv\u00e1n, de 47 a\u00f1os, da vida al m\u00fasico en su etapa m\u00e1s madura; mientras que Jos\u00e9, de 28 a\u00f1os, lo interpreta en sus inicios como artista. \u201cA Jos\u00e9 fue el primero que conoc\u00ed. De hecho, propiciaron que nos conoci\u00e9ramos en un \u00faltimo casting aqu\u00ed en Madrid y nos juntamos los dos sin saberlo. Entr\u00f3 por la puerta, nos quedamos mirando y le dije: \u2018Wow, c\u00f3mo me recuerdas a m\u00ed cuando era joven\u2019\u201d, asegur\u00f3 Iv\u00e1n en una entrevista y su compa\u00f1ero de elenco agreg\u00f3: \u201cEste chico\u2026 Creo que es muy dif\u00edcil encontrar a alguien que le caiga mal\u201d.<\/span><\/p>\n<p><img loading=\"lazy\" decoding=\"async\" class=\"aligncenter wp-image-118818 size-large\" src=\"https:\/\/graziamagazine.com\/mx\/wp-content\/uploads\/sites\/13\/2022\/11\/Captura-de-Pantalla-2022-11-07-a-las-15.26.34.png?w=737&amp;resize=737%2C411\" alt=\"\u2018Bos\u00e9\u2019, la serie de Paramount+ que tienes que ver si eres fan de Miguel Bos\u00e9\" width=\"737\" height=\"411\" data-recalc-dims=\"1\" \/><\/p>\n<p><span style=\"font-weight: 400\">Los actores compartieron tambi\u00e9n durante la presentaci\u00f3n de Paramount+, cu\u00e1l fue la escena m\u00e1s dif\u00edcil de interpretar en la serie. Para Pastor, la m\u00e1s dif\u00edcil de ejecutar fue la actuaci\u00f3n de Florida, pues \u201cfue bastante intensa\u201d. Por otro lado, S\u00e1nchez habl\u00f3 de sus momentos preferidos ante las c\u00e1maras: \u201cUna, sin duda, es el concierto de <em>Morena M\u00eda<\/em>; la entrevista con Mila; y hay una con la madre tambi\u00e9n que le guardo especial cari\u00f1o\u201d.<\/span><\/p>\n<p><span style=\"font-weight: 400\">\u201cA Miguel, pues que ha sido una maravilla y un privilegio poder hacer esto. Sabe que le tengo much\u00edsimo cari\u00f1o, siempre ha estado ah\u00ed y me ha dicho que lo que necesitara lo llamara. Y se lo agradezco de coraz\u00f3n\u201d, dijo Iv\u00e1n S\u00e1nchez en un mensaje dedicado a Miguel Bos\u00e9, por la oportunidad de ser elegido para este rol.<\/span><\/p>\n<p><span style=\"font-weight: 400\">En el elenco de la serie que originalmente era un proyecto de Movistar+, estar\u00e1n Nacho Fresneda como el padre de Miguel, Luis Miguel Domingu\u00edn; y Valeria Solarino como su madre, Luc\u00eda Bos\u00e9. Tambi\u00e9n aparecer\u00e1n Alicia Borrachero como La Tata, Jos\u00e9 Sospedra como Pablo Alborch, Miguel \u00c1ngel Mu\u00f1oz como Julio Iglesias, Mariela Garriga como Facio y Ana Jara como la mejor amiga del cantante.<\/span><\/p>\n<p><span style=\"font-weight: 400\">\u00bfLista para ver el <em>trailer<\/em>?<\/span><\/p>\n<p><iframe loading=\"lazy\" title=\"Bos\u00e9 | Trailer Oficial | Paramount+\" width=\"500\" height=\"281\" src=\"https:\/\/www.youtube.com\/embed\/ujR3eqWrgkY?feature=oembed\" frameborder=\"0\" allow=\"accelerometer; autoplay; clipboard-write; encrypted-media; gyroscope; picture-in-picture\" allowfullscreen><\/iframe><\/p>\n","protected":false},"author":11628,"featured_media":166687,"template":"","format":"standard","categories":[19],"acf":[],"yoast_head":"<!-- This site is optimized with the Yoast SEO Premium plugin v18.5 (Yoast SEO v20.4) - https:\/\/yoast.com\/wordpress\/plugins\/seo\/ -->\n<title>\u2018Bos\u00e9\u2019, la serie de Paramount+ que tienes que ver si eres fan de Miguel Bos\u00e9<\/title>\n<meta name=\"description\" content=\"La producci\u00f3n que hay que ver para conocer m\u00e1s a Miguel Bos\u00e9.\" \/>\n<meta name=\"robots\" content=\"index, follow, max-snippet:-1, max-image-preview:large, max-video-preview:-1\" \/>\n<link rel=\"canonical\" href=\"https:\/\/graziamagazine.com\/es\/articles\/bose-la-serie-de-paramount-que-tienes-que-ver-si-eres-fan-de-miguel-bose\/\" \/>\n<meta property=\"og:locale\" content=\"es_ES\" \/>\n<meta property=\"og:type\" content=\"article\" \/>\n<meta property=\"og:title\" content=\"\u2018Bos\u00e9\u2019, la serie de Paramount+ que tienes que ver si eres fan de Miguel Bos\u00e9\" \/>\n<meta property=\"og:description\" content=\"La producci\u00f3n que hay que ver para conocer m\u00e1s a Miguel Bos\u00e9.\" \/>\n<meta property=\"og:url\" content=\"https:\/\/graziamagazine.com\/es\/articles\/bose-la-serie-de-paramount-que-tienes-que-ver-si-eres-fan-de-miguel-bose\/\" \/>\n<meta property=\"og:site_name\" content=\"Grazia\" \/>\n<meta property=\"article:modified_time\" content=\"2022-11-10T02:49:48+00:00\" \/>\n<meta property=\"og:image\" content=\"https:\/\/graziamagazine.com\/es\/wp-content\/uploads\/sites\/12\/2022\/11\/Captura-de-Pantalla-2022-11-07-a-las-15.26.26.png?fit=738%2C413\" \/>\n\t<meta property=\"og:image:width\" content=\"738\" \/>\n\t<meta property=\"og:image:height\" content=\"413\" \/>\n\t<meta property=\"og:image:type\" content=\"image\/png\" \/>\n<meta name=\"twitter:card\" content=\"summary_large_image\" \/>\n<meta name=\"twitter:label1\" content=\"Est. reading time\" \/>\n\t<meta name=\"twitter:data1\" content=\"3 minutos\" \/>\n<script type=\"application\/ld+json\" class=\"yoast-schema-graph\">{\"@context\":\"https:\/\/schema.org\",\"@graph\":[{\"@type\":\"WebPage\",\"@id\":\"https:\/\/graziamagazine.com\/es\/articles\/bose-la-serie-de-paramount-que-tienes-que-ver-si-eres-fan-de-miguel-bose\/\",\"url\":\"https:\/\/graziamagazine.com\/es\/articles\/bose-la-serie-de-paramount-que-tienes-que-ver-si-eres-fan-de-miguel-bose\/\",\"name\":\"\u2018Bos\u00e9\u2019, la serie de Paramount+ que tienes que ver si eres fan de Miguel Bos\u00e9\",\"isPartOf\":{\"@id\":\"https:\/\/graziamagazine.com\/es\/#website\"},\"datePublished\":\"2022-11-10T08:15:29+00:00\",\"dateModified\":\"2022-11-10T02:49:48+00:00\",\"description\":\"La producci\u00f3n que hay que ver para conocer m\u00e1s a Miguel Bos\u00e9.\",\"breadcrumb\":{\"@id\":\"https:\/\/graziamagazine.com\/es\/articles\/bose-la-serie-de-paramount-que-tienes-que-ver-si-eres-fan-de-miguel-bose\/#breadcrumb\"},\"inLanguage\":\"es\",\"potentialAction\":[{\"@type\":\"ReadAction\",\"target\":[\"https:\/\/graziamagazine.com\/es\/articles\/bose-la-serie-de-paramount-que-tienes-que-ver-si-eres-fan-de-miguel-bose\/\"]}]},{\"@type\":\"BreadcrumbList\",\"@id\":\"https:\/\/graziamagazine.com\/es\/articles\/bose-la-serie-de-paramount-que-tienes-que-ver-si-eres-fan-de-miguel-bose\/#breadcrumb\",\"itemListElement\":[{\"@type\":\"ListItem\",\"position\":1,\"name\":\"Portada\",\"item\":\"https:\/\/graziamagazine.com\/es\/\"},{\"@type\":\"ListItem\",\"position\":2,\"name\":\"\u2018Bos\u00e9\u2019, la serie de Paramount+ que tienes que ver si eres fan de Miguel Bos\u00e9\"}]},{\"@type\":\"WebSite\",\"@id\":\"https:\/\/graziamagazine.com\/es\/#website\",\"url\":\"https:\/\/graziamagazine.com\/es\/\",\"name\":\"Grazia\",\"description\":\"Moda, belleza, celebrities, estilo de vida...\",\"potentialAction\":[{\"@type\":\"SearchAction\",\"target\":{\"@type\":\"EntryPoint\",\"urlTemplate\":\"https:\/\/graziamagazine.com\/es\/?s={search_term_string}\"},\"query-input\":\"required name=search_term_string\"}],\"inLanguage\":\"es\"}]}<\/script>\n<!-- \/ Yoast SEO Premium plugin. -->","yoast_head_json":{"title":"\u2018Bos\u00e9\u2019, la serie de Paramount+ que tienes que ver si eres fan de Miguel Bos\u00e9","description":"La producci\u00f3n que hay que ver para conocer m\u00e1s a Miguel Bos\u00e9.","robots":{"index":"index","follow":"follow","max-snippet":"max-snippet:-1","max-image-preview":"max-image-preview:large","max-video-preview":"max-video-preview:-1"},"canonical":"https:\/\/graziamagazine.com\/es\/articles\/bose-la-serie-de-paramount-que-tienes-que-ver-si-eres-fan-de-miguel-bose\/","og_locale":"es_ES","og_type":"article","og_title":"\u2018Bos\u00e9\u2019, la serie de Paramount+ que tienes que ver si eres fan de Miguel Bos\u00e9","og_description":"La producci\u00f3n que hay que ver para conocer m\u00e1s a Miguel Bos\u00e9.","og_url":"https:\/\/graziamagazine.com\/es\/articles\/bose-la-serie-de-paramount-que-tienes-que-ver-si-eres-fan-de-miguel-bose\/","og_site_name":"Grazia","article_modified_time":"2022-11-10T02:49:48+00:00","og_image":[{"width":738,"height":413,"url":"https:\/\/graziamagazine.com\/es\/wp-content\/uploads\/sites\/12\/2022\/11\/Captura-de-Pantalla-2022-11-07-a-las-15.26.26.png?fit=738%2C413","type":"image\/png"}],"twitter_card":"summary_large_image","twitter_misc":{"Est. reading time":"3 minutos"},"schema":{"@context":"https:\/\/schema.org","@graph":[{"@type":"WebPage","@id":"https:\/\/graziamagazine.com\/es\/articles\/bose-la-serie-de-paramount-que-tienes-que-ver-si-eres-fan-de-miguel-bose\/","url":"https:\/\/graziamagazine.com\/es\/articles\/bose-la-serie-de-paramount-que-tienes-que-ver-si-eres-fan-de-miguel-bose\/","name":"\u2018Bos\u00e9\u2019, la serie de Paramount+ que tienes que ver si eres fan de Miguel Bos\u00e9","isPartOf":{"@id":"https:\/\/graziamagazine.com\/es\/#website"},"datePublished":"2022-11-10T08:15:29+00:00","dateModified":"2022-11-10T02:49:48+00:00","description":"La producci\u00f3n que hay que ver para conocer m\u00e1s a Miguel Bos\u00e9.","breadcrumb":{"@id":"https:\/\/graziamagazine.com\/es\/articles\/bose-la-serie-de-paramount-que-tienes-que-ver-si-eres-fan-de-miguel-bose\/#breadcrumb"},"inLanguage":"es","potentialAction":[{"@type":"ReadAction","target":["https:\/\/graziamagazine.com\/es\/articles\/bose-la-serie-de-paramount-que-tienes-que-ver-si-eres-fan-de-miguel-bose\/"]}]},{"@type":"BreadcrumbList","@id":"https:\/\/graziamagazine.com\/es\/articles\/bose-la-serie-de-paramount-que-tienes-que-ver-si-eres-fan-de-miguel-bose\/#breadcrumb","itemListElement":[{"@type":"ListItem","position":1,"name":"Portada","item":"https:\/\/graziamagazine.com\/es\/"},{"@type":"ListItem","position":2,"name":"\u2018Bos\u00e9\u2019, la serie de Paramount+ que tienes que ver si eres fan de Miguel Bos\u00e9"}]},{"@type":"WebSite","@id":"https:\/\/graziamagazine.com\/es\/#website","url":"https:\/\/graziamagazine.com\/es\/","name":"Grazia","description":"Moda, belleza, celebrities, estilo de vida...","potentialAction":[{"@type":"SearchAction","target":{"@type":"EntryPoint","urlTemplate":"https:\/\/graziamagazine.com\/es\/?s={search_term_string}"},"query-input":"required name=search_term_string"}],"inLanguage":"es"}]}},"jetpack_sharing_enabled":true,"distributor_meta":false,"distributor_terms":false,"distributor_media":false,"distributor_original_site_name":"Grazia","distributor_original_site_url":"https:\/\/graziamagazine.com\/es","push-errors":false,"_links":{"self":[{"href":"https:\/\/graziamagazine.com\/es\/wp-json\/wp\/v2\/articles\/166686"}],"collection":[{"href":"https:\/\/graziamagazine.com\/es\/wp-json\/wp\/v2\/articles"}],"about":[{"href":"https:\/\/graziamagazine.com\/es\/wp-json\/wp\/v2\/types\/articles"}],"author":[{"embeddable":true,"href":"https:\/\/graziamagazine.com\/es\/wp-json\/wp\/v2\/users\/11628"}],"wp:featuredmedia":[{"embeddable":true,"href":"https:\/\/graziamagazine.com\/es\/wp-json\/wp\/v2\/media\/166687"}],"wp:attachment":[{"href":"https:\/\/graziamagazine.com\/es\/wp-json\/wp\/v2\/media?parent=166686"}],"wp:term":[{"taxonomy":"category","embeddable":true,"href":"https:\/\/graziamagazine.com\/es\/wp-json\/wp\/v2\/categories?post=166686"}],"curies":[{"name":"wp","href":"https:\/\/api.w.org\/{rel}","templated":true}]}}