{"id":166500,"date":"2022-11-03T13:30:12","date_gmt":"2022-11-03T12:30:12","guid":{"rendered":"https:\/\/graziamagazine.com\/es\/?post_type=articles&#038;p=166500"},"modified":"2022-11-03T22:48:50","modified_gmt":"2022-11-03T21:48:50","slug":"6-tendencias-de-joyeria-que-veremos-en-2023","status":"publish","type":"articles","link":"https:\/\/graziamagazine.com\/es\/articles\/6-tendencias-de-joyeria-que-veremos-en-2023\/","title":{"rendered":"6 tendencias de joyer\u00eda que veremos en 2023"},"content":{"rendered":"<p><span style=\"font-weight: 400;\">Para todos los estilos de prendas, calzado y bolsos que las grandes marcas han dictado en sus desfiles y pasarelas que usaremos en 2023, tambi\u00e9n hay una serie de accesorios y <strong>joyas que ser\u00e1n tendencia para acompa\u00f1ar tus <\/strong><\/span><strong><i>outfits.<\/i><\/strong><\/p>\n<p><span style=\"font-weight: 400;\">Pendientes, colgantes, pulseras, anillos, brillantes y mucho m\u00e1s, en distintos materiales, formas y tama\u00f1os\u2026 hay una verdad en com\u00fan en todos ellos: no hay discreci\u00f3n. La tendencia en 2023 apunta a lo <strong>grande, lo brilloso, lo llamativo.<\/strong><\/span><\/p>\n<p><span style=\"font-weight: 400;\">Estas son <strong>6 de las tendencias en joyer\u00eda<\/strong> que hay que no podr\u00e1s de usar el pr\u00f3ximo a\u00f1o:<\/span><\/p>\n<h3><strong>1-pendientes ultra largos<\/strong><\/h3>\n<p><span style=\"font-weight: 400;\">Ya sean de cristales, piedras preciosas, hilos, cuentas o cualquier otro material, los aretes que colgar\u00e1n de nuestros o\u00eddos ser\u00e1n tan largos que incluso rebasar\u00e1n los hombros, fusion\u00e1ndose con el cabello largo.<\/span><\/p>\n<p><img loading=\"lazy\" decoding=\"async\" class=\"aligncenter wp-image-118494 size-large\" src=\"https:\/\/graziamagazine.com\/mx\/wp-content\/uploads\/sites\/13\/2022\/10\/Captura-de-Pantalla-2022-10-27-a-las-11.35.27.png?w=453&amp;resize=453%2C647\" alt=\"6 tendencias de joyer\u00eda que veremos en 2023\" width=\"453\" height=\"647\" data-recalc-dims=\"1\" \/><\/p>\n<h3><strong>2-joyas en Plata\u00a0<\/strong><\/h3>\n<p><span style=\"font-weight: 400;\">Siluetas grandes, llamativas y esculturales en color plata, un color bastante f\u00e1cil de combinar con pr\u00e1cticamente toda la paleta crom\u00e1tica. As\u00ed, veremos aretes, collares, brazaletes, relojes, etc., en todo el esplendor de formas grandes y diversas.<\/span><\/p>\n<p><img loading=\"lazy\" decoding=\"async\" class=\"aligncenter wp-image-118499 size-large\" src=\"https:\/\/graziamagazine.com\/mx\/wp-content\/uploads\/sites\/13\/2022\/10\/Captura-de-Pantalla-2022-10-27-a-las-11.32.22.png?w=444&amp;resize=444%2C646\" alt=\"6 tendencias de joyer\u00eda que veremos en 2023\" width=\"444\" height=\"646\" data-recalc-dims=\"1\" \/><\/p>\n<h3><strong>3-estilo Punk<\/strong><\/h3>\n<p><span style=\"font-weight: 400;\">Correas met\u00e1licas, hebillas, cadenas y gargantillas de cuero para el cuello, tachuelas y estoperoles tendr\u00e1n presencia para crear una est\u00e9tica oscura, rebelde y punk que desaf\u00eda los est\u00e1ndares cl\u00e1sicos esperados en la joyer\u00eda.<\/span><\/p>\n<p><img loading=\"lazy\" decoding=\"async\" class=\"aligncenter wp-image-118497 size-large\" src=\"https:\/\/graziamagazine.com\/mx\/wp-content\/uploads\/sites\/13\/2022\/10\/Captura-de-Pantalla-2022-10-27-a-las-11.33.34.png?w=457&amp;resize=457%2C657\" alt=\"6 tendencias de joyer\u00eda que veremos en 2023\" width=\"457\" height=\"657\" data-recalc-dims=\"1\" \/><\/p>\n<h3><strong>4-logoman\u00eda\u00a0<\/strong><\/h3>\n<p><span style=\"font-weight: 400;\">Las marcas no se midieron con esta tendencia, pues quieren que sus logos se vean\u2026 y se vean bien. Tanto si son gargantillas, como pulseras o aretes, las letras se ver\u00e1n de tama\u00f1o generoso, como ya lo hemos visto en las gargantillas de Chanel y Dolce &amp; Gabbana, y los collares de Moschino.<\/span><\/p>\n<p><img loading=\"lazy\" decoding=\"async\" class=\"aligncenter wp-image-118498 size-large\" src=\"https:\/\/graziamagazine.com\/mx\/wp-content\/uploads\/sites\/13\/2022\/10\/Captura-de-Pantalla-2022-10-27-a-las-11.32.40.png?w=456&amp;resize=456%2C627\" alt=\"6 tendencias de joyer\u00eda que veremos en 2023\" width=\"456\" height=\"627\" data-recalc-dims=\"1\" \/><\/p>\n<h3><strong>5-Joyas con flores<\/strong><\/h3>\n<p><span style=\"font-weight: 400;\">Versiones esmaltadas, mate, brillosas y piezas met\u00e1licas, sin importar que sean aretes, pulseras, collares o gargantillas, las flores estar\u00e1n presentes en todas las joyas al menos durante la primera mitad del a\u00f1o.<\/span><\/p>\n<p><img loading=\"lazy\" decoding=\"async\" class=\"aligncenter wp-image-118496 size-large\" src=\"https:\/\/graziamagazine.com\/mx\/wp-content\/uploads\/sites\/13\/2022\/10\/Captura-de-Pantalla-2022-10-27-a-las-11.34.01.png?w=453&amp;resize=453%2C634\" alt=\"6 tendencias de joyer\u00eda que veremos en 2023\" width=\"453\" height=\"634\" data-recalc-dims=\"1\" \/><\/p>\n<h3><strong>6-piezas de Cristal<\/strong><\/h3>\n<p><span style=\"font-weight: 400;\">El cristal lleg\u00f3 para quedarse, ya que las piezas de joyer\u00eda est\u00e1n repletas de cristales en distintos colores, siendo plata y el oro los dos tonos con mayor presencia en este material.\u00a0<\/span><\/p>\n<p><img loading=\"lazy\" decoding=\"async\" class=\"aligncenter wp-image-118495 size-large\" src=\"https:\/\/graziamagazine.com\/mx\/wp-content\/uploads\/sites\/13\/2022\/10\/Captura-de-Pantalla-2022-10-27-a-las-11.34.43.png?w=453&amp;resize=453%2C632\" alt=\"6 tendencias de joyer\u00eda que veremos en 2023\" width=\"453\" height=\"632\" data-recalc-dims=\"1\" \/><\/p>\n<p><em>*Im\u00e1genes: Getty Im\u00e1genes<\/em><\/p>\n","protected":false},"author":16349,"featured_media":166576,"template":"","format":"standard","categories":[1],"acf":[],"yoast_head":"<!-- This site is optimized with the Yoast SEO Premium plugin v18.5 (Yoast SEO v20.4) - https:\/\/yoast.com\/wordpress\/plugins\/seo\/ -->\n<title>6 tendencias de joyer\u00eda que veremos en 2023<\/title>\n<meta name=\"description\" content=\"Para todos los estilos de prendas, calzado y bolsos que las grandes marcas han dictado en sus desfiles y pasarelas que usaremos en 2023, tambi\u00e9n hay una\" \/>\n<meta name=\"robots\" content=\"index, follow, max-snippet:-1, max-image-preview:large, max-video-preview:-1\" \/>\n<link rel=\"canonical\" href=\"https:\/\/graziamagazine.com\/es\/articles\/6-tendencias-de-joyeria-que-veremos-en-2023\/\" \/>\n<meta property=\"og:locale\" content=\"es_ES\" \/>\n<meta property=\"og:type\" content=\"article\" \/>\n<meta property=\"og:title\" content=\"6 tendencias de joyer\u00eda que veremos en 2023\" \/>\n<meta property=\"og:description\" content=\"Para todos los estilos de prendas, calzado y bolsos que las grandes marcas han dictado en sus desfiles y pasarelas que usaremos en 2023, tambi\u00e9n hay una\" \/>\n<meta property=\"og:url\" content=\"https:\/\/graziamagazine.com\/es\/articles\/6-tendencias-de-joyeria-que-veremos-en-2023\/\" \/>\n<meta property=\"og:site_name\" content=\"Grazia\" \/>\n<meta property=\"article:modified_time\" content=\"2022-11-03T21:48:50+00:00\" \/>\n<meta property=\"og:image\" content=\"https:\/\/graziamagazine.com\/es\/wp-content\/uploads\/sites\/12\/2022\/10\/465bc8ff-0680-4866-8909-fec97b0ee86d-e1667478700588.jpg\" \/>\n\t<meta property=\"og:image:width\" content=\"825\" \/>\n\t<meta property=\"og:image:height\" content=\"848\" \/>\n\t<meta property=\"og:image:type\" content=\"image\/jpeg\" \/>\n<meta name=\"twitter:card\" content=\"summary_large_image\" \/>\n<meta name=\"twitter:label1\" content=\"Est. reading time\" \/>\n\t<meta name=\"twitter:data1\" content=\"3 minutos\" \/>\n<script type=\"application\/ld+json\" class=\"yoast-schema-graph\">{\"@context\":\"https:\/\/schema.org\",\"@graph\":[{\"@type\":\"WebPage\",\"@id\":\"https:\/\/graziamagazine.com\/es\/articles\/6-tendencias-de-joyeria-que-veremos-en-2023\/\",\"url\":\"https:\/\/graziamagazine.com\/es\/articles\/6-tendencias-de-joyeria-que-veremos-en-2023\/\",\"name\":\"6 tendencias de joyer\u00eda que veremos en 2023\",\"isPartOf\":{\"@id\":\"https:\/\/graziamagazine.com\/es\/#website\"},\"datePublished\":\"2022-11-03T12:30:12+00:00\",\"dateModified\":\"2022-11-03T21:48:50+00:00\",\"description\":\"Para todos los estilos de prendas, calzado y bolsos que las grandes marcas han dictado en sus desfiles y pasarelas que usaremos en 2023, tambi\u00e9n hay una\",\"breadcrumb\":{\"@id\":\"https:\/\/graziamagazine.com\/es\/articles\/6-tendencias-de-joyeria-que-veremos-en-2023\/#breadcrumb\"},\"inLanguage\":\"es\",\"potentialAction\":[{\"@type\":\"ReadAction\",\"target\":[\"https:\/\/graziamagazine.com\/es\/articles\/6-tendencias-de-joyeria-que-veremos-en-2023\/\"]}]},{\"@type\":\"BreadcrumbList\",\"@id\":\"https:\/\/graziamagazine.com\/es\/articles\/6-tendencias-de-joyeria-que-veremos-en-2023\/#breadcrumb\",\"itemListElement\":[{\"@type\":\"ListItem\",\"position\":1,\"name\":\"Portada\",\"item\":\"https:\/\/graziamagazine.com\/es\/\"},{\"@type\":\"ListItem\",\"position\":2,\"name\":\"6 tendencias de joyer\u00eda que veremos en 2023\"}]},{\"@type\":\"WebSite\",\"@id\":\"https:\/\/graziamagazine.com\/es\/#website\",\"url\":\"https:\/\/graziamagazine.com\/es\/\",\"name\":\"Grazia\",\"description\":\"Moda, belleza, celebrities, estilo de vida...\",\"potentialAction\":[{\"@type\":\"SearchAction\",\"target\":{\"@type\":\"EntryPoint\",\"urlTemplate\":\"https:\/\/graziamagazine.com\/es\/?s={search_term_string}\"},\"query-input\":\"required name=search_term_string\"}],\"inLanguage\":\"es\"}]}<\/script>\n<!-- \/ Yoast SEO Premium plugin. -->","yoast_head_json":{"title":"6 tendencias de joyer\u00eda que veremos en 2023","description":"Para todos los estilos de prendas, calzado y bolsos que las grandes marcas han dictado en sus desfiles y pasarelas que usaremos en 2023, tambi\u00e9n hay una","robots":{"index":"index","follow":"follow","max-snippet":"max-snippet:-1","max-image-preview":"max-image-preview:large","max-video-preview":"max-video-preview:-1"},"canonical":"https:\/\/graziamagazine.com\/es\/articles\/6-tendencias-de-joyeria-que-veremos-en-2023\/","og_locale":"es_ES","og_type":"article","og_title":"6 tendencias de joyer\u00eda que veremos en 2023","og_description":"Para todos los estilos de prendas, calzado y bolsos que las grandes marcas han dictado en sus desfiles y pasarelas que usaremos en 2023, tambi\u00e9n hay una","og_url":"https:\/\/graziamagazine.com\/es\/articles\/6-tendencias-de-joyeria-que-veremos-en-2023\/","og_site_name":"Grazia","article_modified_time":"2022-11-03T21:48:50+00:00","og_image":[{"width":825,"height":848,"url":"https:\/\/graziamagazine.com\/es\/wp-content\/uploads\/sites\/12\/2022\/10\/465bc8ff-0680-4866-8909-fec97b0ee86d-e1667478700588.jpg","type":"image\/jpeg"}],"twitter_card":"summary_large_image","twitter_misc":{"Est. reading time":"3 minutos"},"schema":{"@context":"https:\/\/schema.org","@graph":[{"@type":"WebPage","@id":"https:\/\/graziamagazine.com\/es\/articles\/6-tendencias-de-joyeria-que-veremos-en-2023\/","url":"https:\/\/graziamagazine.com\/es\/articles\/6-tendencias-de-joyeria-que-veremos-en-2023\/","name":"6 tendencias de joyer\u00eda que veremos en 2023","isPartOf":{"@id":"https:\/\/graziamagazine.com\/es\/#website"},"datePublished":"2022-11-03T12:30:12+00:00","dateModified":"2022-11-03T21:48:50+00:00","description":"Para todos los estilos de prendas, calzado y bolsos que las grandes marcas han dictado en sus desfiles y pasarelas que usaremos en 2023, tambi\u00e9n hay una","breadcrumb":{"@id":"https:\/\/graziamagazine.com\/es\/articles\/6-tendencias-de-joyeria-que-veremos-en-2023\/#breadcrumb"},"inLanguage":"es","potentialAction":[{"@type":"ReadAction","target":["https:\/\/graziamagazine.com\/es\/articles\/6-tendencias-de-joyeria-que-veremos-en-2023\/"]}]},{"@type":"BreadcrumbList","@id":"https:\/\/graziamagazine.com\/es\/articles\/6-tendencias-de-joyeria-que-veremos-en-2023\/#breadcrumb","itemListElement":[{"@type":"ListItem","position":1,"name":"Portada","item":"https:\/\/graziamagazine.com\/es\/"},{"@type":"ListItem","position":2,"name":"6 tendencias de joyer\u00eda que veremos en 2023"}]},{"@type":"WebSite","@id":"https:\/\/graziamagazine.com\/es\/#website","url":"https:\/\/graziamagazine.com\/es\/","name":"Grazia","description":"Moda, belleza, celebrities, estilo de vida...","potentialAction":[{"@type":"SearchAction","target":{"@type":"EntryPoint","urlTemplate":"https:\/\/graziamagazine.com\/es\/?s={search_term_string}"},"query-input":"required name=search_term_string"}],"inLanguage":"es"}]}},"jetpack_sharing_enabled":true,"distributor_meta":false,"distributor_terms":false,"distributor_media":false,"distributor_original_site_name":"Grazia","distributor_original_site_url":"https:\/\/graziamagazine.com\/es","push-errors":false,"_links":{"self":[{"href":"https:\/\/graziamagazine.com\/es\/wp-json\/wp\/v2\/articles\/166500"}],"collection":[{"href":"https:\/\/graziamagazine.com\/es\/wp-json\/wp\/v2\/articles"}],"about":[{"href":"https:\/\/graziamagazine.com\/es\/wp-json\/wp\/v2\/types\/articles"}],"author":[{"embeddable":true,"href":"https:\/\/graziamagazine.com\/es\/wp-json\/wp\/v2\/users\/16349"}],"wp:featuredmedia":[{"embeddable":true,"href":"https:\/\/graziamagazine.com\/es\/wp-json\/wp\/v2\/media\/166576"}],"wp:attachment":[{"href":"https:\/\/graziamagazine.com\/es\/wp-json\/wp\/v2\/media?parent=166500"}],"wp:term":[{"taxonomy":"category","embeddable":true,"href":"https:\/\/graziamagazine.com\/es\/wp-json\/wp\/v2\/categories?post=166500"}],"curies":[{"name":"wp","href":"https:\/\/api.w.org\/{rel}","templated":true}]}}