{"id":166467,"date":"2022-10-31T12:50:29","date_gmt":"2022-10-31T11:50:29","guid":{"rendered":"https:\/\/graziamagazine.com\/es\/?post_type=articles&#038;p=166467"},"modified":"2022-10-31T12:52:45","modified_gmt":"2022-10-31T11:52:45","slug":"asi-es-zara-pre-owned-el-nuevo-servicio-de-reventa-de-prendas","status":"publish","type":"articles","link":"https:\/\/graziamagazine.com\/es\/articles\/asi-es-zara-pre-owned-el-nuevo-servicio-de-reventa-de-prendas\/","title":{"rendered":"As\u00ed es Zara Pre-Owned, el nuevo servicio de reventa de prendas"},"content":{"rendered":"<p><span style=\"font-weight: 400\"><strong>Zara<\/strong> ha dado una noticia que entusiasma a los fans de la marca, y tambi\u00e9n a los medioambientalistas: entra al negocio de la segunda mano. Con <strong>Zara Pre-Owned<\/strong>, la marca de <strong>Grupo Inditex<\/strong> da la oportunidad a los compradores de Zara de vender las prendas que ya no quieren o usaron poco, adem\u00e1s de recibir donativos de ropa, para reducir la huella de carbono tanto de la marca, como de las personas.<\/span><\/p>\n<p><span style=\"font-weight: 400\">La prueba piloto de esta plataforma ser\u00e1 en <strong>Reino Unido y se inaugurar\u00e1 el 3 de noviembre,<\/strong> conectando a vendedores con compradores en una tienda f\u00edsica y una virtual.<\/span><\/p>\n<p><img loading=\"lazy\" decoding=\"async\" class=\"aligncenter size-full wp-image-166509\" src=\"https:\/\/graziamagazine.com\/es\/wp-content\/uploads\/sites\/12\/2022\/10\/1666343692_674272_1666343756_noticia_normal_recorte1.jpeg\" alt=\"As\u00ed es Zara Pre-Owned, el nuevo servicio de reventa de prendas\" width=\"1024\" height=\"514\" \/><\/p>\n<p><span style=\"font-weight: 400\">Los vendedores tomar\u00e1n fotograf\u00edas de los productos con informaci\u00f3n detallada del producto proporcionada por Zara. Despu\u00e9s, la empresa ejecutar\u00e1 la plataforma de ventas a trav\u00e9s de su sitio web y su aplicaci\u00f3n, con el pago manejado por el sistema Stripe. Los datos de los compradores se transmitir\u00e1n cuando se haya acordado una venta para que el vendedor pueda enviar la mercanc\u00eda.<\/span><\/p>\n<p><span style=\"font-weight: 400\">\u201cEn esta etapa, esta plataforma est\u00e1 concebida exclusivamente como una herramienta para ayudar a los clientes a extender la vida \u00fatil de su ropa y adoptar un enfoque m\u00e1s circular\u201d, dijo Paula Ampuero, directora de sustentabilidad de Zara, aclarando que en un principio no habr\u00e1 ganancias para la marca.<\/span><\/p>\n<p><span style=\"font-weight: 400\">Este es un segundo intento de Zara para reutilizar y dar una vida m\u00e1s larga a las prendas que vende. En 2016, se asoci\u00f3 con la Cruz Roja para que los compradores pudieran <strong>donar las prendas que ya no usaban a personas de escasos recursos<\/strong>, dejando las prendas en contenedores por todo Europa, o solicitando la recolecci\u00f3n en sus casas.<\/span><\/p>\n<p><img loading=\"lazy\" decoding=\"async\" class=\"aligncenter size-full wp-image-166510\" src=\"https:\/\/graziamagazine.com\/es\/wp-content\/uploads\/sites\/12\/2022\/10\/1666343692_674272_1666345558_sumario_normal_recorte1.jpeg\" alt=\"As\u00ed es Zara Pre-Owned, el nuevo servicio de reventa de prendas\" width=\"1024\" height=\"423\" \/><\/p>\n<p><span style=\"font-weight: 400\">Se pronostica que el mercado de reventa y renovaci\u00f3n superar\u00e1 a la moda r\u00e1pida en los pr\u00f3ximos a\u00f1os, con la participaci\u00f3n de marcas como<strong> Mulberry, Harvey Nichols, Asos, Asda, Dr Martens y H&amp;M.\u00a0<\/strong><\/span><\/p>\n<p><span style=\"font-weight: 400\">Zara dijo que el Reino Unido hab\u00eda sido elegido como mercado de prueba porque sus consumidores \u201cnos empujan a mejorar e innovar\u201d. Si tiene \u00e9xito, es probable que el servicio se extienda a otros mercados clave.<\/span><\/p>\n<p><span style=\"font-weight: 400\">\u00a1Bien ah\u00ed, Zara!<\/span><\/p>\n","protected":false},"author":11653,"featured_media":166511,"template":"","format":"standard","categories":[1],"acf":[],"yoast_head":"<!-- This site is optimized with the Yoast SEO Premium plugin v18.5 (Yoast SEO v20.4) - https:\/\/yoast.com\/wordpress\/plugins\/seo\/ -->\n<title>As\u00ed es Zara Pre-Owned, el nuevo servicio de reventa de prendas<\/title>\n<meta name=\"description\" content=\"Zara ha dado una noticia que entusiasma a los fans de la marca, y tambi\u00e9n a los medioambientalistas: entra al negocio de la segunda mano. Con Zara\" \/>\n<meta name=\"robots\" content=\"index, follow, max-snippet:-1, max-image-preview:large, max-video-preview:-1\" \/>\n<link rel=\"canonical\" href=\"https:\/\/graziamagazine.com\/es\/articles\/asi-es-zara-pre-owned-el-nuevo-servicio-de-reventa-de-prendas\/\" \/>\n<meta property=\"og:locale\" content=\"es_ES\" \/>\n<meta property=\"og:type\" content=\"article\" \/>\n<meta property=\"og:title\" content=\"As\u00ed es Zara Pre-Owned, el nuevo servicio de reventa de prendas\" \/>\n<meta property=\"og:description\" content=\"Zara ha dado una noticia que entusiasma a los fans de la marca, y tambi\u00e9n a los medioambientalistas: entra al negocio de la segunda mano. Con Zara\" \/>\n<meta property=\"og:url\" content=\"https:\/\/graziamagazine.com\/es\/articles\/asi-es-zara-pre-owned-el-nuevo-servicio-de-reventa-de-prendas\/\" \/>\n<meta property=\"og:site_name\" content=\"Grazia\" \/>\n<meta property=\"article:modified_time\" content=\"2022-10-31T11:52:45+00:00\" \/>\n<meta property=\"og:image\" content=\"https:\/\/graziamagazine.com\/es\/wp-content\/uploads\/sites\/12\/2022\/10\/Zara-estrena-su-propia-plataforma-de-reventa-Zara-Pre-Owned.jpeg\" \/>\n\t<meta property=\"og:image:width\" content=\"1024\" \/>\n\t<meta property=\"og:image:height\" content=\"576\" \/>\n\t<meta property=\"og:image:type\" content=\"image\/jpeg\" \/>\n<meta name=\"twitter:card\" content=\"summary_large_image\" \/>\n<meta name=\"twitter:label1\" content=\"Est. reading time\" \/>\n\t<meta name=\"twitter:data1\" content=\"2 minutos\" \/>\n<script type=\"application\/ld+json\" class=\"yoast-schema-graph\">{\"@context\":\"https:\/\/schema.org\",\"@graph\":[{\"@type\":\"WebPage\",\"@id\":\"https:\/\/graziamagazine.com\/es\/articles\/asi-es-zara-pre-owned-el-nuevo-servicio-de-reventa-de-prendas\/\",\"url\":\"https:\/\/graziamagazine.com\/es\/articles\/asi-es-zara-pre-owned-el-nuevo-servicio-de-reventa-de-prendas\/\",\"name\":\"As\u00ed es Zara Pre-Owned, el nuevo servicio de reventa de prendas\",\"isPartOf\":{\"@id\":\"https:\/\/graziamagazine.com\/es\/#website\"},\"datePublished\":\"2022-10-31T11:50:29+00:00\",\"dateModified\":\"2022-10-31T11:52:45+00:00\",\"description\":\"Zara ha dado una noticia que entusiasma a los fans de la marca, y tambi\u00e9n a los medioambientalistas: entra al negocio de la segunda mano. Con Zara\",\"breadcrumb\":{\"@id\":\"https:\/\/graziamagazine.com\/es\/articles\/asi-es-zara-pre-owned-el-nuevo-servicio-de-reventa-de-prendas\/#breadcrumb\"},\"inLanguage\":\"es\",\"potentialAction\":[{\"@type\":\"ReadAction\",\"target\":[\"https:\/\/graziamagazine.com\/es\/articles\/asi-es-zara-pre-owned-el-nuevo-servicio-de-reventa-de-prendas\/\"]}]},{\"@type\":\"BreadcrumbList\",\"@id\":\"https:\/\/graziamagazine.com\/es\/articles\/asi-es-zara-pre-owned-el-nuevo-servicio-de-reventa-de-prendas\/#breadcrumb\",\"itemListElement\":[{\"@type\":\"ListItem\",\"position\":1,\"name\":\"Portada\",\"item\":\"https:\/\/graziamagazine.com\/es\/\"},{\"@type\":\"ListItem\",\"position\":2,\"name\":\"As\u00ed es Zara Pre-Owned, el nuevo servicio de reventa de prendas\"}]},{\"@type\":\"WebSite\",\"@id\":\"https:\/\/graziamagazine.com\/es\/#website\",\"url\":\"https:\/\/graziamagazine.com\/es\/\",\"name\":\"Grazia\",\"description\":\"Moda, belleza, celebrities, estilo de vida...\",\"potentialAction\":[{\"@type\":\"SearchAction\",\"target\":{\"@type\":\"EntryPoint\",\"urlTemplate\":\"https:\/\/graziamagazine.com\/es\/?s={search_term_string}\"},\"query-input\":\"required name=search_term_string\"}],\"inLanguage\":\"es\"}]}<\/script>\n<!-- \/ Yoast SEO Premium plugin. -->","yoast_head_json":{"title":"As\u00ed es Zara Pre-Owned, el nuevo servicio de reventa de prendas","description":"Zara ha dado una noticia que entusiasma a los fans de la marca, y tambi\u00e9n a los medioambientalistas: entra al negocio de la segunda mano. Con Zara","robots":{"index":"index","follow":"follow","max-snippet":"max-snippet:-1","max-image-preview":"max-image-preview:large","max-video-preview":"max-video-preview:-1"},"canonical":"https:\/\/graziamagazine.com\/es\/articles\/asi-es-zara-pre-owned-el-nuevo-servicio-de-reventa-de-prendas\/","og_locale":"es_ES","og_type":"article","og_title":"As\u00ed es Zara Pre-Owned, el nuevo servicio de reventa de prendas","og_description":"Zara ha dado una noticia que entusiasma a los fans de la marca, y tambi\u00e9n a los medioambientalistas: entra al negocio de la segunda mano. Con Zara","og_url":"https:\/\/graziamagazine.com\/es\/articles\/asi-es-zara-pre-owned-el-nuevo-servicio-de-reventa-de-prendas\/","og_site_name":"Grazia","article_modified_time":"2022-10-31T11:52:45+00:00","og_image":[{"width":1024,"height":576,"url":"https:\/\/graziamagazine.com\/es\/wp-content\/uploads\/sites\/12\/2022\/10\/Zara-estrena-su-propia-plataforma-de-reventa-Zara-Pre-Owned.jpeg","type":"image\/jpeg"}],"twitter_card":"summary_large_image","twitter_misc":{"Est. reading time":"2 minutos"},"schema":{"@context":"https:\/\/schema.org","@graph":[{"@type":"WebPage","@id":"https:\/\/graziamagazine.com\/es\/articles\/asi-es-zara-pre-owned-el-nuevo-servicio-de-reventa-de-prendas\/","url":"https:\/\/graziamagazine.com\/es\/articles\/asi-es-zara-pre-owned-el-nuevo-servicio-de-reventa-de-prendas\/","name":"As\u00ed es Zara Pre-Owned, el nuevo servicio de reventa de prendas","isPartOf":{"@id":"https:\/\/graziamagazine.com\/es\/#website"},"datePublished":"2022-10-31T11:50:29+00:00","dateModified":"2022-10-31T11:52:45+00:00","description":"Zara ha dado una noticia que entusiasma a los fans de la marca, y tambi\u00e9n a los medioambientalistas: entra al negocio de la segunda mano. Con Zara","breadcrumb":{"@id":"https:\/\/graziamagazine.com\/es\/articles\/asi-es-zara-pre-owned-el-nuevo-servicio-de-reventa-de-prendas\/#breadcrumb"},"inLanguage":"es","potentialAction":[{"@type":"ReadAction","target":["https:\/\/graziamagazine.com\/es\/articles\/asi-es-zara-pre-owned-el-nuevo-servicio-de-reventa-de-prendas\/"]}]},{"@type":"BreadcrumbList","@id":"https:\/\/graziamagazine.com\/es\/articles\/asi-es-zara-pre-owned-el-nuevo-servicio-de-reventa-de-prendas\/#breadcrumb","itemListElement":[{"@type":"ListItem","position":1,"name":"Portada","item":"https:\/\/graziamagazine.com\/es\/"},{"@type":"ListItem","position":2,"name":"As\u00ed es Zara Pre-Owned, el nuevo servicio de reventa de prendas"}]},{"@type":"WebSite","@id":"https:\/\/graziamagazine.com\/es\/#website","url":"https:\/\/graziamagazine.com\/es\/","name":"Grazia","description":"Moda, belleza, celebrities, estilo de vida...","potentialAction":[{"@type":"SearchAction","target":{"@type":"EntryPoint","urlTemplate":"https:\/\/graziamagazine.com\/es\/?s={search_term_string}"},"query-input":"required name=search_term_string"}],"inLanguage":"es"}]}},"jetpack_sharing_enabled":true,"distributor_meta":false,"distributor_terms":false,"distributor_media":false,"distributor_original_site_name":"Grazia","distributor_original_site_url":"https:\/\/graziamagazine.com\/es","push-errors":false,"_links":{"self":[{"href":"https:\/\/graziamagazine.com\/es\/wp-json\/wp\/v2\/articles\/166467"}],"collection":[{"href":"https:\/\/graziamagazine.com\/es\/wp-json\/wp\/v2\/articles"}],"about":[{"href":"https:\/\/graziamagazine.com\/es\/wp-json\/wp\/v2\/types\/articles"}],"author":[{"embeddable":true,"href":"https:\/\/graziamagazine.com\/es\/wp-json\/wp\/v2\/users\/11653"}],"wp:featuredmedia":[{"embeddable":true,"href":"https:\/\/graziamagazine.com\/es\/wp-json\/wp\/v2\/media\/166511"}],"wp:attachment":[{"href":"https:\/\/graziamagazine.com\/es\/wp-json\/wp\/v2\/media?parent=166467"}],"wp:term":[{"taxonomy":"category","embeddable":true,"href":"https:\/\/graziamagazine.com\/es\/wp-json\/wp\/v2\/categories?post=166467"}],"curies":[{"name":"wp","href":"https:\/\/api.w.org\/{rel}","templated":true}]}}