{"id":166142,"date":"2022-10-06T15:05:31","date_gmt":"2022-10-06T13:05:31","guid":{"rendered":"https:\/\/graziamagazine.com\/es\/?post_type=articles&#038;p=166142"},"modified":"2022-10-06T15:06:17","modified_gmt":"2022-10-06T13:06:17","slug":"8-grandes-momentos-de-la-semana-de-la-moda-de-paris","status":"publish","type":"articles","link":"https:\/\/graziamagazine.com\/es\/articles\/8-grandes-momentos-de-la-semana-de-la-moda-de-paris\/","title":{"rendered":"8 grandes momentos de la Semana de la Moda de Par\u00eds"},"content":{"rendered":"<p>Es una realidad que, el simple hecho de pensar en <strong>Par\u00eds<\/strong> nos transporta al lugar del amor, comida deliciosa, y el mundo de la moda.<\/p>\n<p>Desde hace mucho tiempo la moda francesa ha sido la est\u00e9tica que los dise\u00f1adores intentan reproducir gracias a su estilo peculiar y su <strong>elegancia natural<\/strong>. Y por eso te dejamos los mejores momentos, hasta ahora, de la Semana de la Moda en Par\u00eds, una de las m\u00e1s importantes de toda la <strong>temporada<\/strong>.<\/p>\n<h3>Bella Hadid y el vestido en &#8216;spray&#8217;<\/h3>\n<p>Ha sido sin duda uno de los grandes momentazos sobre la pasarela y en las pasarelas de los \u00faltimos a\u00f1os. El show de Coperni no dej\u00f3 una Bella Hadid semidesnuda sobre la pasarela, y sobre ella con un spray creado con una tecnolog\u00eda detr\u00e1s de la que est\u00e1 un espa\u00f1ol, terminar\u00edamos vi\u00e9ndola con un mini vestido blanco de escote Bardot.<\/p>\n<blockquote class=\"instagram-media\" data-instgrm-captioned data-instgrm-permalink=\"https:\/\/www.instagram.com\/tv\/CjKhOTej5Tu\/?utm_source=ig_embed&amp;utm_campaign=loading\" data-instgrm-version=\"14\" style=\" background:#FFF; border:0; border-radius:3px; box-shadow:0 0 1px 0 rgba(0,0,0,0.5),0 1px 10px 0 rgba(0,0,0,0.15); margin: 1px; max-width:500px; min-width:326px; padding:0; width:99.375%; width:-webkit-calc(100% - 2px); width:calc(100% - 2px);\">\n<div style=\"padding:16px;\"> <a href=\"https:\/\/www.instagram.com\/tv\/CjKhOTej5Tu\/?utm_source=ig_embed&amp;utm_campaign=loading\" style=\" background:#FFFFFF; line-height:0; padding:0 0; text-align:center; text-decoration:none; width:100%;\" target=\"_blank\"> <\/p>\n<div style=\" display: flex; flex-direction: row; align-items: center;\">\n<div style=\"background-color: #F4F4F4; border-radius: 50%; flex-grow: 0; height: 40px; margin-right: 14px; width: 40px;\"><\/div>\n<div style=\"display: flex; flex-direction: column; flex-grow: 1; justify-content: center;\">\n<div style=\" background-color: #F4F4F4; border-radius: 4px; flex-grow: 0; height: 14px; margin-bottom: 6px; width: 100px;\"><\/div>\n<div style=\" background-color: #F4F4F4; border-radius: 4px; flex-grow: 0; height: 14px; width: 60px;\"><\/div>\n<\/div>\n<\/div>\n<div style=\"padding: 19% 0;\"><\/div>\n<div style=\"display:block; height:50px; margin:0 auto 12px; width:50px;\"><svg width=\"50px\" height=\"50px\" viewBox=\"0 0 60 60\" version=\"1.1\" xmlns=\"https:\/\/www.w3.org\/2000\/svg\" xmlns:xlink=\"https:\/\/www.w3.org\/1999\/xlink\"><g stroke=\"none\" stroke-width=\"1\" fill=\"none\" fill-rule=\"evenodd\"><g transform=\"translate(-511.000000, -20.000000)\" fill=\"#000000\"><g><path d=\"M556.869,30.41 C554.814,30.41 553.148,32.076 553.148,34.131 C553.148,36.186 554.814,37.852 556.869,37.852 C558.924,37.852 560.59,36.186 560.59,34.131 C560.59,32.076 558.924,30.41 556.869,30.41 M541,60.657 C535.114,60.657 530.342,55.887 530.342,50 C530.342,44.114 535.114,39.342 541,39.342 C546.887,39.342 551.658,44.114 551.658,50 C551.658,55.887 546.887,60.657 541,60.657 M541,33.886 C532.1,33.886 524.886,41.1 524.886,50 C524.886,58.899 532.1,66.113 541,66.113 C549.9,66.113 557.115,58.899 557.115,50 C557.115,41.1 549.9,33.886 541,33.886 M565.378,62.101 C565.244,65.022 564.756,66.606 564.346,67.663 C563.803,69.06 563.154,70.057 562.106,71.106 C561.058,72.155 560.06,72.803 558.662,73.347 C557.607,73.757 556.021,74.244 553.102,74.378 C549.944,74.521 548.997,74.552 541,74.552 C533.003,74.552 532.056,74.521 528.898,74.378 C525.979,74.244 524.393,73.757 523.338,73.347 C521.94,72.803 520.942,72.155 519.894,71.106 C518.846,70.057 518.197,69.06 517.654,67.663 C517.244,66.606 516.755,65.022 516.623,62.101 C516.479,58.943 516.448,57.996 516.448,50 C516.448,42.003 516.479,41.056 516.623,37.899 C516.755,34.978 517.244,33.391 517.654,32.338 C518.197,30.938 518.846,29.942 519.894,28.894 C520.942,27.846 521.94,27.196 523.338,26.654 C524.393,26.244 525.979,25.756 528.898,25.623 C532.057,25.479 533.004,25.448 541,25.448 C548.997,25.448 549.943,25.479 553.102,25.623 C556.021,25.756 557.607,26.244 558.662,26.654 C560.06,27.196 561.058,27.846 562.106,28.894 C563.154,29.942 563.803,30.938 564.346,32.338 C564.756,33.391 565.244,34.978 565.378,37.899 C565.522,41.056 565.552,42.003 565.552,50 C565.552,57.996 565.522,58.943 565.378,62.101 M570.82,37.631 C570.674,34.438 570.167,32.258 569.425,30.349 C568.659,28.377 567.633,26.702 565.965,25.035 C564.297,23.368 562.623,22.342 560.652,21.575 C558.743,20.834 556.562,20.326 553.369,20.18 C550.169,20.033 549.148,20 541,20 C532.853,20 531.831,20.033 528.631,20.18 C525.438,20.326 523.257,20.834 521.349,21.575 C519.376,22.342 517.703,23.368 516.035,25.035 C514.368,26.702 513.342,28.377 512.574,30.349 C511.834,32.258 511.326,34.438 511.181,37.631 C511.035,40.831 511,41.851 511,50 C511,58.147 511.035,59.17 511.181,62.369 C511.326,65.562 511.834,67.743 512.574,69.651 C513.342,71.625 514.368,73.296 516.035,74.965 C517.703,76.634 519.376,77.658 521.349,78.425 C523.257,79.167 525.438,79.673 528.631,79.82 C531.831,79.965 532.853,80.001 541,80.001 C549.148,80.001 550.169,79.965 553.369,79.82 C556.562,79.673 558.743,79.167 560.652,78.425 C562.623,77.658 564.297,76.634 565.965,74.965 C567.633,73.296 568.659,71.625 569.425,69.651 C570.167,67.743 570.674,65.562 570.82,62.369 C570.966,59.17 571,58.147 571,50 C571,41.851 570.966,40.831 570.82,37.631\"><\/path><\/g><\/g><\/g><\/svg><\/div>\n<div style=\"padding-top: 8px;\">\n<div style=\" color:#3897f0; font-family:Arial,sans-serif; font-size:14px; font-style:normal; font-weight:550; line-height:18px;\">View this post on Instagram<\/div>\n<\/div>\n<div style=\"padding: 12.5% 0;\"><\/div>\n<div style=\"display: flex; flex-direction: row; margin-bottom: 14px; align-items: center;\">\n<div>\n<div style=\"background-color: #F4F4F4; border-radius: 50%; height: 12.5px; width: 12.5px; transform: translateX(0px) translateY(7px);\"><\/div>\n<div style=\"background-color: #F4F4F4; height: 12.5px; transform: rotate(-45deg) translateX(3px) translateY(1px); width: 12.5px; flex-grow: 0; margin-right: 14px; margin-left: 2px;\"><\/div>\n<div style=\"background-color: #F4F4F4; border-radius: 50%; height: 12.5px; width: 12.5px; transform: translateX(9px) translateY(-18px);\"><\/div>\n<\/div>\n<div style=\"margin-left: 8px;\">\n<div style=\" background-color: #F4F4F4; border-radius: 50%; flex-grow: 0; height: 20px; width: 20px;\"><\/div>\n<div style=\" width: 0; height: 0; border-top: 2px solid transparent; border-left: 6px solid #f4f4f4; border-bottom: 2px solid transparent; transform: translateX(16px) translateY(-4px) rotate(30deg)\"><\/div>\n<\/div>\n<div style=\"margin-left: auto;\">\n<div style=\" width: 0px; border-top: 8px solid #F4F4F4; border-right: 8px solid transparent; transform: translateY(16px);\"><\/div>\n<div style=\" background-color: #F4F4F4; flex-grow: 0; height: 12px; width: 16px; transform: translateY(-4px);\"><\/div>\n<div style=\" width: 0; height: 0; border-top: 8px solid #F4F4F4; border-left: 8px solid transparent; transform: translateY(-4px) translateX(8px);\"><\/div>\n<\/div>\n<\/div>\n<div style=\"display: flex; flex-direction: column; flex-grow: 1; justify-content: center; margin-bottom: 24px;\">\n<div style=\" background-color: #F4F4F4; border-radius: 4px; flex-grow: 0; height: 14px; margin-bottom: 6px; width: 224px;\"><\/div>\n<div style=\" background-color: #F4F4F4; border-radius: 4px; flex-grow: 0; height: 14px; width: 144px;\"><\/div>\n<\/div>\n<p><\/a><\/p>\n<p style=\" color:#c9c8cd; font-family:Arial,sans-serif; font-size:14px; line-height:17px; margin-bottom:0; margin-top:8px; overflow:hidden; padding:8px 0 7px; text-align:center; text-overflow:ellipsis; white-space:nowrap;\"><a href=\"https:\/\/www.instagram.com\/tv\/CjKhOTej5Tu\/?utm_source=ig_embed&amp;utm_campaign=loading\" style=\" color:#c9c8cd; font-family:Arial,sans-serif; font-size:14px; font-style:normal; font-weight:normal; line-height:17px; text-decoration:none;\" target=\"_blank\" target=\"_blank\">A post shared by Grazia Espan\u0303a \ud83d\ude4b\ud83c\udffb\u200d\u2640\ufe0f\ud83d\ude37 (@grazia_es)<\/a><\/p>\n<\/div>\n<\/blockquote>\n<p><script async src=\"\/\/platform.instagram.com\/en_US\/embeds.js\"><\/script><\/p>\n<h3>Una mirada al pasado<\/h3>\n<p>Dior se inspir\u00f3 en el siglo XVI para protagonizar por todo lo alto, en la semana de la moda de Par\u00eds. <strong>Maria Grazia Chiuri<\/strong>, la directora creativa de Dior sabe muy bien que despu\u00e9s de cinco a\u00f1os en la lujosa maison francesa, est\u00e1 lista para navegar en la tensi\u00f3n entre los estilos europeos con una cl\u00e1sica cintura ce\u00f1ida de Dior y voluminosas faldas de corte renacentista. Nunca lo antiguo fue tan aclamado.<\/p>\n<figure id=\"attachment_117811\" class=\"wp-caption alignnone\" style=\"width: 678px\" aria-describedby=\"caption-attachment-117811\"><img loading=\"lazy\" decoding=\"async\" class=\"wp-image-117811 size-large\" src=\"https:\/\/graziamagazine.com\/mx\/wp-content\/uploads\/sites\/13\/2022\/10\/WhatsApp-Image-2022-10-03-at-8.10.42-PM.jpeg?w=678&amp;resize=678%2C1024\" alt=\"\" width=\"678\" height=\"1024\" data-recalc-dims=\"1\" \/><\/figure>\n<h3>Saint Laurent y los ochenta<\/h3>\n<p>Su colecci\u00f3n de alta costura inspirada <strong>en los a\u00f1os 80<\/strong>, cre\u00f3 el precedente de la f\u00f3rmula para el verano: un vestido con <strong><em>capucha<\/em><\/strong>\u00a0fruncido ce\u00f1ido a la piel y una chaqueta aviador de cuero.<\/p>\n<figure id=\"attachment_117810\" class=\"wp-caption alignnone\" style=\"width: 680px\" aria-describedby=\"caption-attachment-117810\"><img loading=\"lazy\" decoding=\"async\" class=\"wp-image-117810 size-large\" src=\"https:\/\/graziamagazine.com\/mx\/wp-content\/uploads\/sites\/13\/2022\/10\/WhatsApp-Image-2022-10-03-at-8.10.43-PM.jpeg?w=680&amp;resize=680%2C1024\" alt=\"\" width=\"680\" height=\"1024\" data-recalc-dims=\"1\" \/><\/figure>\n<h3>Botter de l\u00e1tex<\/h3>\n<p>La marca holandesa de ropa masculina nos puso a vibrar con su ic\u00f3nico accesorio inspirado en l\u00e1tex. Se inspiraron en la \u00e9poca COVID cuando los guantes se convirtieron en el centro de atenci\u00f3n para combatir al virus. La marca busca <strong>recontextualizar<\/strong> el guante envolviendo las manos de los modelos en un tanque en miniatura de inspiraci\u00f3n acu\u00e1tica.<\/p>\n<figure id=\"attachment_117812\" class=\"wp-caption alignnone\" style=\"width: 824px\" aria-describedby=\"caption-attachment-117812\"><img loading=\"lazy\" decoding=\"async\" class=\"wp-image-117812 size-large\" src=\"https:\/\/graziamagazine.com\/mx\/wp-content\/uploads\/sites\/13\/2022\/10\/WhatsApp-Image-2022-10-03-at-8.39.44-PM.jpeg?w=824&amp;resize=824%2C1024\" alt=\"\" width=\"824\" height=\"1024\" data-recalc-dims=\"1\" \/><\/figure>\n<h3>Cher<\/h3>\n<p>El cierre de <strong>Cher<\/strong> en el desfile primavera\/verano 2023 de Balmain.<\/p>\n<figure id=\"attachment_117809\" class=\"wp-caption alignnone\" style=\"width: 681px\" aria-describedby=\"caption-attachment-117809\"><img loading=\"lazy\" decoding=\"async\" class=\"wp-image-117809 size-large\" src=\"https:\/\/graziamagazine.com\/mx\/wp-content\/uploads\/sites\/13\/2022\/10\/WhatsApp-Image-2022-10-03-at-8.10.43-PM-1.jpeg?w=681&amp;resize=681%2C1024\" alt=\"\" width=\"681\" height=\"1024\" data-recalc-dims=\"1\" \/><\/figure>\n<h3>Kanye West abriendo Balenciaga<\/h3>\n<p>El rapero sorprendi\u00f3 abriendo uno de los desfiles que comenz\u00f3 con pol\u00e9mica desde el env\u00edo de sus invitaciones en formato carteras perdidas que deb\u00edan devolverse, o los nuevos bolsos en forma de bolsa de patatas fritas.<\/p>\n<p><img loading=\"lazy\" decoding=\"async\" class=\"size-full wp-image-166189 alignnone\" src=\"https:\/\/graziamagazine.com\/es\/wp-content\/uploads\/sites\/12\/2022\/10\/392cdf38-a155-4672-a758-10e2f334818c.jpg\" alt=\"\" width=\"600\" height=\"850\" \/><\/p>\n<h3>Eva Longoria encima de la pasarela<\/h3>\n<p>La actriz no quiso perderse el desfile de Victoria Beckham y tampoco dejar de desfilar para la marca que es imagen de belleza, L&#8217;Or\u00e9al, donde estuvo acompa\u00f1ada por otros nombres como Andie MacDowell o Cindy Bruna.<\/p>\n<p><img loading=\"lazy\" decoding=\"async\" class=\"size-full wp-image-166190 alignnone\" src=\"https:\/\/graziamagazine.com\/es\/wp-content\/uploads\/sites\/12\/2022\/10\/53603de2-a09e-4167-ab6a-90bbe2c1e228.jpg\" alt=\"\" width=\"600\" height=\"850\" \/><\/p>\n<h3>Victoria Beckham debuta en Par\u00eds<\/h3>\n<p><span style=\"color: #444444;font-family: -apple-system, BlinkMacSystemFont, 'Segoe UI', Roboto, Oxygen-Sans, Ubuntu, Cantarell, 'Helvetica Neue', sans-serif;font-size: 16px;font-weight: normal\">Las \u00faltimas temporadas las colecciones de Victoria Beckham se han mostrado en la capital brit\u00e1nica, pero el sue\u00f1o de Victoria era dar el salto a\u00a0 en la Semana de la Moda de Par\u00eds y la dise\u00f1adora ha conseguido lograr su sue\u00f1o. Emocionada, estuvo acompa\u00f1ada por David Beckham, sus cuatro hijos y sus padres.\u00a0<\/span><\/p>\n<p><img loading=\"lazy\" decoding=\"async\" class=\"size-full wp-image-166191 alignnone\" src=\"https:\/\/graziamagazine.com\/es\/wp-content\/uploads\/sites\/12\/2022\/10\/6641dbca-70e4-48ce-9d38-def1e8398cbe.jpg\" alt=\"\" width=\"600\" height=\"850\" \/><\/p>\n<p>&nbsp;<\/p>\n<p>&nbsp;<\/p>\n","protected":false},"author":16349,"featured_media":166192,"template":"","format":"standard","categories":[2971,1],"acf":{"banner":null},"yoast_head":"<!-- This site is optimized with the Yoast SEO Premium plugin v18.5 (Yoast SEO v20.4) - https:\/\/yoast.com\/wordpress\/plugins\/seo\/ -->\n<title>8 grandes momentos de la Semana de la Moda de Par\u00eds | Grazia<\/title>\n<meta name=\"description\" content=\"La Paris Fashion Week adelant\u00f3 la primavera 2023 y nos dej\u00f3 varios momentazos para el recuerdo.\" \/>\n<meta name=\"robots\" content=\"index, follow, max-snippet:-1, max-image-preview:large, max-video-preview:-1\" \/>\n<link rel=\"canonical\" href=\"https:\/\/graziamagazine.com\/es\/articles\/8-grandes-momentos-de-la-semana-de-la-moda-de-paris\/\" \/>\n<meta property=\"og:locale\" content=\"es_ES\" \/>\n<meta property=\"og:type\" content=\"article\" \/>\n<meta property=\"og:title\" content=\"8 grandes momentos de la Semana de la Moda de Par\u00eds\" \/>\n<meta property=\"og:description\" content=\"La Paris Fashion Week adelant\u00f3 la primavera 2023 y nos dej\u00f3 varios momentazos para el recuerdo.\" \/>\n<meta property=\"og:url\" content=\"https:\/\/graziamagazine.com\/es\/articles\/8-grandes-momentos-de-la-semana-de-la-moda-de-paris\/\" \/>\n<meta property=\"og:site_name\" content=\"Grazia\" \/>\n<meta property=\"article:modified_time\" content=\"2022-10-06T13:06:17+00:00\" \/>\n<meta property=\"og:image\" content=\"https:\/\/graziamagazine.com\/es\/wp-content\/uploads\/sites\/12\/2022\/10\/bella-hadid-vestido-pintura-coperni-paris-fashion-week-copia.jpg\" \/>\n\t<meta property=\"og:image:width\" content=\"1600\" \/>\n\t<meta property=\"og:image:height\" content=\"1067\" \/>\n\t<meta property=\"og:image:type\" content=\"image\/jpeg\" \/>\n<meta name=\"twitter:card\" content=\"summary_large_image\" \/>\n<meta name=\"twitter:label1\" content=\"Est. reading time\" \/>\n\t<meta name=\"twitter:data1\" content=\"3 minutos\" \/>\n<script type=\"application\/ld+json\" class=\"yoast-schema-graph\">{\"@context\":\"https:\/\/schema.org\",\"@graph\":[{\"@type\":\"WebPage\",\"@id\":\"https:\/\/graziamagazine.com\/es\/articles\/8-grandes-momentos-de-la-semana-de-la-moda-de-paris\/\",\"url\":\"https:\/\/graziamagazine.com\/es\/articles\/8-grandes-momentos-de-la-semana-de-la-moda-de-paris\/\",\"name\":\"8 grandes momentos de la Semana de la Moda de Par\u00eds | Grazia\",\"isPartOf\":{\"@id\":\"https:\/\/graziamagazine.com\/es\/#website\"},\"datePublished\":\"2022-10-06T13:05:31+00:00\",\"dateModified\":\"2022-10-06T13:06:17+00:00\",\"description\":\"La Paris Fashion Week adelant\u00f3 la primavera 2023 y nos dej\u00f3 varios momentazos para el recuerdo.\",\"breadcrumb\":{\"@id\":\"https:\/\/graziamagazine.com\/es\/articles\/8-grandes-momentos-de-la-semana-de-la-moda-de-paris\/#breadcrumb\"},\"inLanguage\":\"es\",\"potentialAction\":[{\"@type\":\"ReadAction\",\"target\":[\"https:\/\/graziamagazine.com\/es\/articles\/8-grandes-momentos-de-la-semana-de-la-moda-de-paris\/\"]}]},{\"@type\":\"BreadcrumbList\",\"@id\":\"https:\/\/graziamagazine.com\/es\/articles\/8-grandes-momentos-de-la-semana-de-la-moda-de-paris\/#breadcrumb\",\"itemListElement\":[{\"@type\":\"ListItem\",\"position\":1,\"name\":\"Portada\",\"item\":\"https:\/\/graziamagazine.com\/es\/\"},{\"@type\":\"ListItem\",\"position\":2,\"name\":\"8 grandes momentos de la Semana de la Moda de Par\u00eds\"}]},{\"@type\":\"WebSite\",\"@id\":\"https:\/\/graziamagazine.com\/es\/#website\",\"url\":\"https:\/\/graziamagazine.com\/es\/\",\"name\":\"Grazia\",\"description\":\"Moda, belleza, celebrities, estilo de vida...\",\"potentialAction\":[{\"@type\":\"SearchAction\",\"target\":{\"@type\":\"EntryPoint\",\"urlTemplate\":\"https:\/\/graziamagazine.com\/es\/?s={search_term_string}\"},\"query-input\":\"required name=search_term_string\"}],\"inLanguage\":\"es\"}]}<\/script>\n<!-- \/ Yoast SEO Premium plugin. -->","yoast_head_json":{"title":"8 grandes momentos de la Semana de la Moda de Par\u00eds | Grazia","description":"La Paris Fashion Week adelant\u00f3 la primavera 2023 y nos dej\u00f3 varios momentazos para el recuerdo.","robots":{"index":"index","follow":"follow","max-snippet":"max-snippet:-1","max-image-preview":"max-image-preview:large","max-video-preview":"max-video-preview:-1"},"canonical":"https:\/\/graziamagazine.com\/es\/articles\/8-grandes-momentos-de-la-semana-de-la-moda-de-paris\/","og_locale":"es_ES","og_type":"article","og_title":"8 grandes momentos de la Semana de la Moda de Par\u00eds","og_description":"La Paris Fashion Week adelant\u00f3 la primavera 2023 y nos dej\u00f3 varios momentazos para el recuerdo.","og_url":"https:\/\/graziamagazine.com\/es\/articles\/8-grandes-momentos-de-la-semana-de-la-moda-de-paris\/","og_site_name":"Grazia","article_modified_time":"2022-10-06T13:06:17+00:00","og_image":[{"width":1600,"height":1067,"url":"https:\/\/graziamagazine.com\/es\/wp-content\/uploads\/sites\/12\/2022\/10\/bella-hadid-vestido-pintura-coperni-paris-fashion-week-copia.jpg","type":"image\/jpeg"}],"twitter_card":"summary_large_image","twitter_misc":{"Est. reading time":"3 minutos"},"schema":{"@context":"https:\/\/schema.org","@graph":[{"@type":"WebPage","@id":"https:\/\/graziamagazine.com\/es\/articles\/8-grandes-momentos-de-la-semana-de-la-moda-de-paris\/","url":"https:\/\/graziamagazine.com\/es\/articles\/8-grandes-momentos-de-la-semana-de-la-moda-de-paris\/","name":"8 grandes momentos de la Semana de la Moda de Par\u00eds | Grazia","isPartOf":{"@id":"https:\/\/graziamagazine.com\/es\/#website"},"datePublished":"2022-10-06T13:05:31+00:00","dateModified":"2022-10-06T13:06:17+00:00","description":"La Paris Fashion Week adelant\u00f3 la primavera 2023 y nos dej\u00f3 varios momentazos para el recuerdo.","breadcrumb":{"@id":"https:\/\/graziamagazine.com\/es\/articles\/8-grandes-momentos-de-la-semana-de-la-moda-de-paris\/#breadcrumb"},"inLanguage":"es","potentialAction":[{"@type":"ReadAction","target":["https:\/\/graziamagazine.com\/es\/articles\/8-grandes-momentos-de-la-semana-de-la-moda-de-paris\/"]}]},{"@type":"BreadcrumbList","@id":"https:\/\/graziamagazine.com\/es\/articles\/8-grandes-momentos-de-la-semana-de-la-moda-de-paris\/#breadcrumb","itemListElement":[{"@type":"ListItem","position":1,"name":"Portada","item":"https:\/\/graziamagazine.com\/es\/"},{"@type":"ListItem","position":2,"name":"8 grandes momentos de la Semana de la Moda de Par\u00eds"}]},{"@type":"WebSite","@id":"https:\/\/graziamagazine.com\/es\/#website","url":"https:\/\/graziamagazine.com\/es\/","name":"Grazia","description":"Moda, belleza, celebrities, estilo de vida...","potentialAction":[{"@type":"SearchAction","target":{"@type":"EntryPoint","urlTemplate":"https:\/\/graziamagazine.com\/es\/?s={search_term_string}"},"query-input":"required name=search_term_string"}],"inLanguage":"es"}]}},"jetpack_sharing_enabled":true,"distributor_meta":false,"distributor_terms":false,"distributor_media":false,"distributor_original_site_name":"Grazia","distributor_original_site_url":"https:\/\/graziamagazine.com\/es","push-errors":false,"_links":{"self":[{"href":"https:\/\/graziamagazine.com\/es\/wp-json\/wp\/v2\/articles\/166142"}],"collection":[{"href":"https:\/\/graziamagazine.com\/es\/wp-json\/wp\/v2\/articles"}],"about":[{"href":"https:\/\/graziamagazine.com\/es\/wp-json\/wp\/v2\/types\/articles"}],"author":[{"embeddable":true,"href":"https:\/\/graziamagazine.com\/es\/wp-json\/wp\/v2\/users\/16349"}],"wp:featuredmedia":[{"embeddable":true,"href":"https:\/\/graziamagazine.com\/es\/wp-json\/wp\/v2\/media\/166192"}],"wp:attachment":[{"href":"https:\/\/graziamagazine.com\/es\/wp-json\/wp\/v2\/media?parent=166142"}],"wp:term":[{"taxonomy":"category","embeddable":true,"href":"https:\/\/graziamagazine.com\/es\/wp-json\/wp\/v2\/categories?post=166142"}],"curies":[{"name":"wp","href":"https:\/\/api.w.org\/{rel}","templated":true}]}}