{"id":166098,"date":"2023-10-19T11:30:57","date_gmt":"2023-10-19T09:30:57","guid":{"rendered":"https:\/\/graziamagazine.com\/es\/?post_type=articles&#038;p=166098"},"modified":"2023-10-19T11:35:45","modified_gmt":"2023-10-19T09:35:45","slug":"octubre-el-mes-rosa-en-la-lucha-contra-el-cancer-de-mama","status":"publish","type":"articles","link":"https:\/\/graziamagazine.com\/es\/articles\/octubre-el-mes-rosa-en-la-lucha-contra-el-cancer-de-mama\/","title":{"rendered":"Octubre: El mes rosa en la lucha contra el c\u00e1ncer de mama"},"content":{"rendered":"<p><span style=\"font-weight: 400\">El 19 de octubre de cada a\u00f1o se conmemora el D\u00eda Internacional <\/span><span style=\"font-weight: 400\">de lucha contra el c\u00e1ncer de mama. <\/span><span style=\"font-weight: 400\">El objetivo de esta conmemoraci\u00f3n es sensibilizar a la poblaci\u00f3n con un mensaje clave: la importancia de la detecci\u00f3n precoz, a fin de mejorar el pron\u00f3stico y la supervivencia de los casos de c\u00e1ncer de mama.<\/span><\/p>\n<p><span style=\"font-weight: 400\">Con respecto a las cifras, durante el 2020, este padecimiento fue el de mayor incidencia en el mundo. En Espa\u00f1a se estiman 132 casos por cada 100.000 habitantes, una cifra que nos lleva a reflexionar sobre el tema. <\/span><span style=\"font-weight: 400\">Es por eso que te dejamos algunos datos que debes saber para conmemorar y prevenir <\/span><span style=\"font-weight: 400\">este padecimiento.<\/span><\/p>\n<h3><strong>\u00bfQu\u00e9 es?<\/strong><\/h3>\n<figure id=\"attachment_117701\" class=\"wp-caption alignnone\" style=\"width: 356px\" aria-describedby=\"caption-attachment-117701\"><img loading=\"lazy\" decoding=\"async\" class=\"wp-image-117701 size-large\" src=\"https:\/\/graziamagazine.com\/mx\/wp-content\/uploads\/sites\/13\/2022\/09\/sintomas-cancer-mama.png?w=356&amp;resize=356%2C541\" alt=\"Octubre: El mes rosa, la lucha contra el c\u00e1ncer de mama\" width=\"356\" height=\"541\" data-recalc-dims=\"1\" \/><\/figure>\n<p><span style=\"font-weight: 400\">El <\/span><b>c\u00e1ncer de mama<\/b><span style=\"font-weight: 400\"> es una enfermedad de la gl\u00e1ndula mamaria que ocurre cuando las c\u00e9lulas crecen y se multiplican de forma anormal. Como resultado, crecen descontroladamente y forman el tumor. Es el c\u00e1ncer m\u00e1s frecuente en las mujeres aunque tambi\u00e9n puede aparecer en hombres.<\/span><\/p>\n<h3><strong>\u00bfCu\u00e1les son los s\u00edntomas?<\/strong><\/h3>\n<ul>\n<li style=\"font-weight: 400\"><span style=\"font-weight: 400\">Un bulto que se palpa como un nudo firme o un engrosamiento de la mama o debajo del brazo. Es importante palpar la misma zona de la otra mama para asegurarse de que el cambio no sea parte del tejido mamario sano de esa \u00e1rea.<\/span><\/li>\n<li style=\"font-weight: 400\"><span style=\"font-weight: 400\">Cualquier cambio en el tama\u00f1o o la forma de la mama.<\/span><\/li>\n<li style=\"font-weight: 400\"><span style=\"font-weight: 400\">Secreci\u00f3n del pez\u00f3n que se produce de forma repentina, contiene sangre o se produce solo en una mama.<\/span><\/li>\n<li style=\"font-weight: 400\"><span style=\"font-weight: 400\">Cambios f\u00edsicos, como pez\u00f3n invertido hacia dentro o una llaga en la zona del pez\u00f3n.<\/span><\/li>\n<li style=\"font-weight: 400\"><span style=\"font-weight: 400\">Irritaci\u00f3n de la piel o cambios en esta, como rugosidades, hoyuelos, escamosidad o pliegues nuevos.<\/span><\/li>\n<li style=\"font-weight: 400\"><span style=\"font-weight: 400\">Mamas tibias, enrojecidas e hinchadas, con o sin erupci\u00f3n cut\u00e1nea con rugosidad que se asemeja a la piel de una naranja, llamada \u201cpeau d\u2019orange\u201d<\/span><\/li>\n<li style=\"font-weight: 400\"><span style=\"font-weight: 400\">Dolor en la mama; particularmente, dolor en la mama que no desaparece. El dolor generalmente no es un s\u00edntoma de c\u00e1ncer de mama, pero debe comunicarse al m\u00e9dico.<\/span><\/li>\n<\/ul>\n<h3><strong>Factores de Riesgo<\/strong><\/h3>\n<figure id=\"attachment_117702\" class=\"wp-caption alignnone\" style=\"width: 972px\" aria-describedby=\"caption-attachment-117702\"><img loading=\"lazy\" decoding=\"async\" class=\"wp-image-117702 size-large\" src=\"https:\/\/graziamagazine.com\/mx\/wp-content\/uploads\/sites\/13\/2022\/09\/pasos-xplorate.jpg?w=972&amp;resize=972%2C591\" alt=\"Octubre: El mes rosa, la lucha contra el c\u00e1ncer de mama\" width=\"972\" height=\"591\" data-recalc-dims=\"1\" \/><\/figure>\n<ul>\n<li style=\"font-weight: 400\"><span style=\"font-weight: 400\">Sexo (siendo mujer las probabilidades aumentan)<\/span><\/li>\n<li style=\"font-weight: 400\"><span style=\"font-weight: 400\">Edad<\/span><\/li>\n<li style=\"font-weight: 400\"><span style=\"font-weight: 400\">Antecedentes<\/span><\/li>\n<li style=\"font-weight: 400\"><span style=\"font-weight: 400\">Factores hormonales y reproductivos<\/span><\/li>\n<li style=\"font-weight: 400\"><span style=\"font-weight: 400\">Estilo de vida<\/span><\/li>\n<li style=\"font-weight: 400\"><span style=\"font-weight: 400\">Cirug\u00eda mamaria previa<\/span><\/li>\n<li style=\"font-weight: 400\"><span style=\"font-weight: 400\">Tratamiento hormonal<\/span><\/li>\n<li style=\"font-weight: 400\"><span style=\"font-weight: 400\">Exposici\u00f3n a radiaciones ionizantes<\/span><\/li>\n<\/ul>\n<h3><strong>\u00bfc\u00f3mo reducir el riesgo?<\/strong><\/h3>\n<ul>\n<li style=\"font-weight: 400\"><span style=\"font-weight: 400\">Limitar consumo de alcohol<\/span><\/li>\n<li style=\"font-weight: 400\"><span style=\"font-weight: 400\">Mantener un peso saludable<\/span><\/li>\n<li style=\"font-weight: 400\"><span style=\"font-weight: 400\">Actividades f\u00edsicas<\/span><\/li>\n<li style=\"font-weight: 400\"><span style=\"font-weight: 400\">Amamantar<\/span><\/li>\n<li style=\"font-weight: 400\"><span style=\"font-weight: 400\">Limita la terapia hormonal posmenop\u00e1usica<\/span><\/li>\n<li style=\"font-weight: 400\"><span style=\"font-weight: 400\">No fumar<\/span><\/li>\n<\/ul>\n<h3><strong>Consulta a tu m\u00e9dico<\/strong><\/h3>\n<figure id=\"attachment_117700\" class=\"wp-caption alignnone\" style=\"width: 1024px\" aria-describedby=\"caption-attachment-117700\"><img loading=\"lazy\" decoding=\"async\" class=\"wp-image-117700 size-large\" src=\"https:\/\/graziamagazine.com\/mx\/wp-content\/uploads\/sites\/13\/2022\/09\/o-resultado-da-mamografia-esta-sempre-certo.jpg?w=1024&amp;resize=1024%2C624\" alt=\"Octubre: El mes rosa, la lucha contra el c\u00e1ncer de mama\" width=\"1024\" height=\"624\" data-recalc-dims=\"1\" \/><\/figure>\n<p><span style=\"font-weight: 400\">\u00a1No dejes de revisarte! Si en tu exploraci\u00f3n percibes un bulto u otro cambio en las mamas o si tuviste resultados normales en una mamograf\u00eda reciente, pide una consulta con el m\u00e9dico.<\/span><\/p>\n<p><span style=\"font-weight: 400\">Habla con tu doctor de confianza sobre cu\u00e1ndo y c\u00f3mo comenzar las pruebas y ex\u00e1menes cl\u00ednicos. Recuerda que una detecci\u00f3n temprana puede salvar tu vida.<\/span><\/p>\n<p><em>*Im\u00e1genes: Google Images<\/em><\/p>\n<p>&nbsp;<\/p>\n","protected":false},"author":16349,"featured_media":166099,"template":"","format":"standard","categories":[3],"acf":[],"yoast_head":"<!-- This site is optimized with the Yoast SEO Premium plugin v18.5 (Yoast SEO v20.4) - https:\/\/yoast.com\/wordpress\/plugins\/seo\/ -->\n<title>Octubre: El mes rosa, la lucha contra el c\u00e1ncer de mama<\/title>\n<meta name=\"description\" content=\"Detecta, previene, diagnostica, trata y controla el c\u00e1ncer de mama. Una prioridad de salud en todo el mundo.\" \/>\n<meta name=\"robots\" content=\"index, follow, max-snippet:-1, max-image-preview:large, max-video-preview:-1\" \/>\n<link rel=\"canonical\" href=\"https:\/\/graziamagazine.com\/es\/articles\/octubre-el-mes-rosa-en-la-lucha-contra-el-cancer-de-mama\/\" \/>\n<meta property=\"og:locale\" content=\"es_ES\" \/>\n<meta property=\"og:type\" content=\"article\" \/>\n<meta property=\"og:title\" content=\"Octubre: El mes rosa en la lucha contra el c\u00e1ncer de mama\" \/>\n<meta property=\"og:description\" content=\"Detecta, previene, diagnostica, trata y controla el c\u00e1ncer de mama. Una prioridad de salud en todo el mundo.\" \/>\n<meta property=\"og:url\" content=\"https:\/\/graziamagazine.com\/es\/articles\/octubre-el-mes-rosa-en-la-lucha-contra-el-cancer-de-mama\/\" \/>\n<meta property=\"og:site_name\" content=\"Grazia\" \/>\n<meta property=\"article:modified_time\" content=\"2023-10-19T09:35:45+00:00\" \/>\n<meta property=\"og:image\" content=\"https:\/\/graziamagazine.com\/es\/wp-content\/uploads\/sites\/12\/2022\/10\/900x600-blog-alicante-CANCER-MAMA.jpg\" \/>\n\t<meta property=\"og:image:width\" content=\"900\" \/>\n\t<meta property=\"og:image:height\" content=\"600\" \/>\n\t<meta property=\"og:image:type\" content=\"image\/jpeg\" \/>\n<meta name=\"twitter:card\" content=\"summary_large_image\" \/>\n<meta name=\"twitter:label1\" content=\"Est. reading time\" \/>\n\t<meta name=\"twitter:data1\" content=\"3 minutos\" \/>\n<script type=\"application\/ld+json\" class=\"yoast-schema-graph\">{\"@context\":\"https:\/\/schema.org\",\"@graph\":[{\"@type\":\"WebPage\",\"@id\":\"https:\/\/graziamagazine.com\/es\/articles\/octubre-el-mes-rosa-en-la-lucha-contra-el-cancer-de-mama\/\",\"url\":\"https:\/\/graziamagazine.com\/es\/articles\/octubre-el-mes-rosa-en-la-lucha-contra-el-cancer-de-mama\/\",\"name\":\"Octubre: El mes rosa, la lucha contra el c\u00e1ncer de mama\",\"isPartOf\":{\"@id\":\"https:\/\/graziamagazine.com\/es\/#website\"},\"datePublished\":\"2023-10-19T09:30:57+00:00\",\"dateModified\":\"2023-10-19T09:35:45+00:00\",\"description\":\"Detecta, previene, diagnostica, trata y controla el c\u00e1ncer de mama. Una prioridad de salud en todo el mundo.\",\"breadcrumb\":{\"@id\":\"https:\/\/graziamagazine.com\/es\/articles\/octubre-el-mes-rosa-en-la-lucha-contra-el-cancer-de-mama\/#breadcrumb\"},\"inLanguage\":\"es\",\"potentialAction\":[{\"@type\":\"ReadAction\",\"target\":[\"https:\/\/graziamagazine.com\/es\/articles\/octubre-el-mes-rosa-en-la-lucha-contra-el-cancer-de-mama\/\"]}]},{\"@type\":\"BreadcrumbList\",\"@id\":\"https:\/\/graziamagazine.com\/es\/articles\/octubre-el-mes-rosa-en-la-lucha-contra-el-cancer-de-mama\/#breadcrumb\",\"itemListElement\":[{\"@type\":\"ListItem\",\"position\":1,\"name\":\"Portada\",\"item\":\"https:\/\/graziamagazine.com\/es\/\"},{\"@type\":\"ListItem\",\"position\":2,\"name\":\"Octubre: El mes rosa en la lucha contra el c\u00e1ncer de mama\"}]},{\"@type\":\"WebSite\",\"@id\":\"https:\/\/graziamagazine.com\/es\/#website\",\"url\":\"https:\/\/graziamagazine.com\/es\/\",\"name\":\"Grazia\",\"description\":\"Moda, belleza, celebrities, estilo de vida...\",\"potentialAction\":[{\"@type\":\"SearchAction\",\"target\":{\"@type\":\"EntryPoint\",\"urlTemplate\":\"https:\/\/graziamagazine.com\/es\/?s={search_term_string}\"},\"query-input\":\"required name=search_term_string\"}],\"inLanguage\":\"es\"}]}<\/script>\n<!-- \/ Yoast SEO Premium plugin. -->","yoast_head_json":{"title":"Octubre: El mes rosa, la lucha contra el c\u00e1ncer de mama","description":"Detecta, previene, diagnostica, trata y controla el c\u00e1ncer de mama. Una prioridad de salud en todo el mundo.","robots":{"index":"index","follow":"follow","max-snippet":"max-snippet:-1","max-image-preview":"max-image-preview:large","max-video-preview":"max-video-preview:-1"},"canonical":"https:\/\/graziamagazine.com\/es\/articles\/octubre-el-mes-rosa-en-la-lucha-contra-el-cancer-de-mama\/","og_locale":"es_ES","og_type":"article","og_title":"Octubre: El mes rosa en la lucha contra el c\u00e1ncer de mama","og_description":"Detecta, previene, diagnostica, trata y controla el c\u00e1ncer de mama. Una prioridad de salud en todo el mundo.","og_url":"https:\/\/graziamagazine.com\/es\/articles\/octubre-el-mes-rosa-en-la-lucha-contra-el-cancer-de-mama\/","og_site_name":"Grazia","article_modified_time":"2023-10-19T09:35:45+00:00","og_image":[{"width":900,"height":600,"url":"https:\/\/graziamagazine.com\/es\/wp-content\/uploads\/sites\/12\/2022\/10\/900x600-blog-alicante-CANCER-MAMA.jpg","type":"image\/jpeg"}],"twitter_card":"summary_large_image","twitter_misc":{"Est. reading time":"3 minutos"},"schema":{"@context":"https:\/\/schema.org","@graph":[{"@type":"WebPage","@id":"https:\/\/graziamagazine.com\/es\/articles\/octubre-el-mes-rosa-en-la-lucha-contra-el-cancer-de-mama\/","url":"https:\/\/graziamagazine.com\/es\/articles\/octubre-el-mes-rosa-en-la-lucha-contra-el-cancer-de-mama\/","name":"Octubre: El mes rosa, la lucha contra el c\u00e1ncer de mama","isPartOf":{"@id":"https:\/\/graziamagazine.com\/es\/#website"},"datePublished":"2023-10-19T09:30:57+00:00","dateModified":"2023-10-19T09:35:45+00:00","description":"Detecta, previene, diagnostica, trata y controla el c\u00e1ncer de mama. Una prioridad de salud en todo el mundo.","breadcrumb":{"@id":"https:\/\/graziamagazine.com\/es\/articles\/octubre-el-mes-rosa-en-la-lucha-contra-el-cancer-de-mama\/#breadcrumb"},"inLanguage":"es","potentialAction":[{"@type":"ReadAction","target":["https:\/\/graziamagazine.com\/es\/articles\/octubre-el-mes-rosa-en-la-lucha-contra-el-cancer-de-mama\/"]}]},{"@type":"BreadcrumbList","@id":"https:\/\/graziamagazine.com\/es\/articles\/octubre-el-mes-rosa-en-la-lucha-contra-el-cancer-de-mama\/#breadcrumb","itemListElement":[{"@type":"ListItem","position":1,"name":"Portada","item":"https:\/\/graziamagazine.com\/es\/"},{"@type":"ListItem","position":2,"name":"Octubre: El mes rosa en la lucha contra el c\u00e1ncer de mama"}]},{"@type":"WebSite","@id":"https:\/\/graziamagazine.com\/es\/#website","url":"https:\/\/graziamagazine.com\/es\/","name":"Grazia","description":"Moda, belleza, celebrities, estilo de vida...","potentialAction":[{"@type":"SearchAction","target":{"@type":"EntryPoint","urlTemplate":"https:\/\/graziamagazine.com\/es\/?s={search_term_string}"},"query-input":"required name=search_term_string"}],"inLanguage":"es"}]}},"jetpack_sharing_enabled":true,"distributor_meta":false,"distributor_terms":false,"distributor_media":false,"distributor_original_site_name":"Grazia","distributor_original_site_url":"https:\/\/graziamagazine.com\/es","push-errors":false,"_links":{"self":[{"href":"https:\/\/graziamagazine.com\/es\/wp-json\/wp\/v2\/articles\/166098"}],"collection":[{"href":"https:\/\/graziamagazine.com\/es\/wp-json\/wp\/v2\/articles"}],"about":[{"href":"https:\/\/graziamagazine.com\/es\/wp-json\/wp\/v2\/types\/articles"}],"author":[{"embeddable":true,"href":"https:\/\/graziamagazine.com\/es\/wp-json\/wp\/v2\/users\/16349"}],"wp:featuredmedia":[{"embeddable":true,"href":"https:\/\/graziamagazine.com\/es\/wp-json\/wp\/v2\/media\/166099"}],"wp:attachment":[{"href":"https:\/\/graziamagazine.com\/es\/wp-json\/wp\/v2\/media?parent=166098"}],"wp:term":[{"taxonomy":"category","embeddable":true,"href":"https:\/\/graziamagazine.com\/es\/wp-json\/wp\/v2\/categories?post=166098"}],"curies":[{"name":"wp","href":"https:\/\/api.w.org\/{rel}","templated":true}]}}