{"id":165985,"date":"2022-09-28T17:56:17","date_gmt":"2022-09-28T15:56:17","guid":{"rendered":"https:\/\/graziamagazine.com\/es\/?post_type=articles&#038;p=165985"},"modified":"2022-09-28T17:56:17","modified_gmt":"2022-09-28T15:56:17","slug":"5-tendencias-de-la-semana-de-la-moda-en-milan-que-tienes-que-seguir","status":"publish","type":"articles","link":"https:\/\/graziamagazine.com\/es\/articles\/5-tendencias-de-la-semana-de-la-moda-en-milan-que-tienes-que-seguir\/","title":{"rendered":"7 tendencias de la Semana de la Moda en Mil\u00e1n que tienes que seguir"},"content":{"rendered":"<p><span style=\"font-weight: 400\">La Semana de la Moda en Mil\u00e1n ha llegado a su fin con un extraordinario cierre en el que hemos recuperado lo mejor de las pasarelas y dise\u00f1adores que se han presentado.\u00a0<\/span><\/p>\n<p><span style=\"font-weight: 400\">Las novedades para la pr\u00f3xima temporada Primavera\/Verano 2023 han marcado un antes y un despu\u00e9s, desde apariciones como las de Kate Moss, Kim Kardashian o Paris Hilton se han convertido en un parteaguas de la industria de la moda.<\/span><\/p>\n<p><span style=\"font-weight: 400\">Es por esto que te contamos lo mejor de las tendencias para actualizarte durante la temporada de verano 2023.<\/span><\/p>\n<h3><strong>Missoni<\/strong><\/h3>\n<div class=\"content-gallery\">\n<div id=\"gallery-1\" class=\"gallery galleryid- gallery-columns- gallery-size-\">\n<figure class=\"gallery-item\">\n<div class=\"gallery-icon landscape\"><img loading=\"lazy\" decoding=\"async\" class=\"lazy\" src=\"https:\/\/graziamagazine.com\/mx\/wp-content\/uploads\/sites\/13\/2022\/09\/missoni-milan-mujer-primavera-verano-2023_2.jpg?resize=683%2C1024\" alt=\"\" width=\"683\" height=\"1024\" data-recalc-dims=\"1\" \/><\/div>\n<\/figure>\n<figure class=\"gallery-item\">\n<div class=\"gallery-icon landscape\"><img loading=\"lazy\" decoding=\"async\" class=\"lazy\" src=\"https:\/\/graziamagazine.com\/mx\/wp-content\/uploads\/sites\/13\/2022\/09\/Captura-de-Pantalla-2022-09-27-a-las-12.36.48.png?resize=780%2C1178\" alt=\"\" width=\"780\" height=\"1178\" data-recalc-dims=\"1\" \/><\/div>\n<\/figure>\n<figure class=\"gallery-item\">\n<div class=\"gallery-icon landscape\"><img loading=\"lazy\" decoding=\"async\" class=\"lazy\" src=\"https:\/\/graziamagazine.com\/mx\/wp-content\/uploads\/sites\/13\/2022\/09\/Captura-de-Pantalla-2022-09-27-a-las-12.36.25.png?resize=766%2C1178\" alt=\"\" width=\"766\" height=\"1178\" data-recalc-dims=\"1\" \/><\/div>\n<\/figure>\n<\/div>\n<\/div>\n<p><span style=\"font-weight: 400\">El debut de Filippo Grazioli al frente de la marca italiana, enfoca su visi\u00f3n a una audiencia rejuvenecida. Los tonos tierra y paletas ricas que definen la firma se han desvanecido entre una austeridad crom\u00e1tica que se centra en el blanco y negro.\u00a0<\/span><\/p>\n<p><span style=\"font-weight: 400\">Tambi\u00e9n aparecen siluetas ce\u00f1idas al cuerpo <\/span><span style=\"font-weight: 400\">\u00a0con aperturas a la cadera y transparentes <\/span><span style=\"font-weight: 400\">\u00a0que se mueven al ritmo de las caderas acompa\u00f1adas del grafismo, el cual se convierte en el protagonista junto a colores en combo como el blanco con amarillo y azul.<\/span><\/p>\n<h3><strong>Sportmax<\/strong><\/h3>\n<div class=\"content-gallery\">\n<div id=\"gallery-2\" class=\"gallery galleryid- gallery-columns- gallery-size-\">\n<figure class=\"gallery-item\">\n<div class=\"gallery-icon landscape\"><img loading=\"lazy\" decoding=\"async\" class=\"lazy\" src=\"https:\/\/graziamagazine.com\/mx\/wp-content\/uploads\/sites\/13\/2022\/09\/sportmax-milan-mujer-primavera-verano-2023_1.jpg?resize=683%2C1024\" alt=\"\" width=\"683\" height=\"1024\" data-recalc-dims=\"1\" \/><\/div>\n<\/figure>\n<figure class=\"gallery-item\">\n<div class=\"gallery-icon landscape\"><img loading=\"lazy\" decoding=\"async\" class=\"lazy\" src=\"https:\/\/graziamagazine.com\/mx\/wp-content\/uploads\/sites\/13\/2022\/09\/sportmax-milan-mujer-primavera-verano-2023_3.jpg?resize=683%2C1024\" alt=\"\" width=\"683\" height=\"1024\" data-recalc-dims=\"1\" \/><\/div>\n<\/figure>\n<figure class=\"gallery-item\">\n<div class=\"gallery-icon landscape\"><img loading=\"lazy\" decoding=\"async\" class=\"lazy\" src=\"https:\/\/graziamagazine.com\/mx\/wp-content\/uploads\/sites\/13\/2022\/09\/sportmax-milan-mujer-primavera-verano-2023_4.jpg?resize=683%2C1024\" alt=\"\" width=\"683\" height=\"1024\" data-recalc-dims=\"1\" \/><\/div>\n<\/figure>\n<\/div>\n<\/div>\n<p><span style=\"font-weight: 400\">\u00a1Un concepto de deconstrucci\u00f3n a la perfecci\u00f3n! La combinaci\u00f3n de seda con encaje y piezas voluminosas adquieren un aspecto poco familiar, sin embargo cada uno de los looks funcionan de manera magistral.\u00a0<\/span><\/p>\n<p><span style=\"font-weight: 400\">Las prendas de punto transparentes con pinchos en el pecho, monos mini ajustados, chaquetas entalladas que inevitablemente dejan ver el ombligo. La tendencia para este 2023 tambi\u00e9n incluye tops de manga hasta la rodilla, vestidos manta y conjuntos con estampados \u00f3pticos.<\/span><\/p>\n<p><span style=\"font-weight: 400\">Los accesorios complementan los looks, con botas planas en terciopelo y zapatos de gran plataforma que dan un toque <em>groovy chic.\u00a0<\/em><\/span><\/p>\n<h3><strong>Gucci<\/strong><\/h3>\n<div class=\"content-gallery\">\n<div id=\"gallery-3\" class=\"gallery galleryid- gallery-columns- gallery-size-\">\n<figure class=\"gallery-item\">\n<div class=\"gallery-icon landscape\"><img loading=\"lazy\" decoding=\"async\" class=\"lazy\" src=\"https:\/\/graziamagazine.com\/mx\/wp-content\/uploads\/sites\/13\/2022\/09\/Captura-de-Pantalla-2022-09-27-a-las-11.49.20.png?resize=786%2C1184\" alt=\"\" width=\"786\" height=\"1184\" data-recalc-dims=\"1\" \/><\/div>\n<\/figure>\n<figure class=\"gallery-item\">\n<div class=\"gallery-icon landscape\"><img loading=\"lazy\" decoding=\"async\" class=\"lazy\" src=\"https:\/\/graziamagazine.com\/mx\/wp-content\/uploads\/sites\/13\/2022\/09\/Captura-de-Pantalla-2022-09-27-a-las-11.48.30.png?resize=1024%2C1548\" alt=\"\" width=\"1024\" height=\"1548\" data-recalc-dims=\"1\" \/><\/div>\n<\/figure>\n<figure class=\"gallery-item\">\n<div class=\"gallery-icon landscape\"><img loading=\"lazy\" decoding=\"async\" class=\"lazy\" src=\"https:\/\/graziamagazine.com\/mx\/wp-content\/uploads\/sites\/13\/2022\/09\/Captura-de-Pantalla-2022-09-27-a-las-11.49.09.png?resize=784%2C1176\" alt=\"\" width=\"784\" height=\"1176\" data-recalc-dims=\"1\" \/><\/div>\n<\/figure>\n<\/div>\n<\/div>\n<p><span style=\"font-weight: 400\">Uno de los desfiles que quedar\u00e1n en la historia. Gucci presenta piezas alternativas como chamarras holgadas de piel y vestidos con logiman\u00eda; conjuntos de piel sumamente elegantes, donde los estampados modernos y las faldas con olanes ornamentan la figura, pantalones cortos, aquellos que ser\u00e1n clave en estilismos sin g\u00e9nero y lucir\u00e1n incre\u00edbles con tu par favorito.<\/span><\/p>\n<p><span style=\"font-weight: 400\">Los mocasines tradicionales quedaron en el pasado, ahora la propuesta son estructuras con plataforma de suela dentada, punta semicuadrada y la ic\u00f3nica cinta con la hebilla dorada.<\/span><\/p>\n<h3><strong>Ferragamo<\/strong><\/h3>\n<div class=\"content-gallery\">\n<div id=\"gallery-4\" class=\"gallery galleryid- gallery-columns- gallery-size-\">\n<figure class=\"gallery-item\">\n<div class=\"gallery-icon landscape\"><img loading=\"lazy\" decoding=\"async\" class=\"lazy\" src=\"https:\/\/graziamagazine.com\/mx\/wp-content\/uploads\/sites\/13\/2022\/09\/Captura-de-Pantalla-2022-09-27-a-las-11.50.37.png?resize=786%2C1180\" alt=\"\" width=\"786\" height=\"1180\" data-recalc-dims=\"1\" \/><\/div>\n<\/figure>\n<figure class=\"gallery-item\">\n<div class=\"gallery-icon landscape\"><img loading=\"lazy\" decoding=\"async\" class=\"lazy\" src=\"https:\/\/graziamagazine.com\/mx\/wp-content\/uploads\/sites\/13\/2022\/09\/Captura-de-Pantalla-2022-09-27-a-las-11.50.46.png?resize=794%2C1178\" alt=\"\" width=\"794\" height=\"1178\" data-recalc-dims=\"1\" \/><\/div>\n<\/figure>\n<figure class=\"gallery-item\">\n<div class=\"gallery-icon landscape\"><img loading=\"lazy\" decoding=\"async\" class=\"lazy\" src=\"https:\/\/graziamagazine.com\/mx\/wp-content\/uploads\/sites\/13\/2022\/09\/Captura-de-Pantalla-2022-09-27-a-las-11.50.53.png?resize=786%2C1188\" alt=\"\" width=\"786\" height=\"1188\" data-recalc-dims=\"1\" \/><\/div>\n<\/figure>\n<\/div>\n<\/div>\n<p><span style=\"font-weight: 400\">Despu\u00e9s del gran debut de Maximilian Davis, la ropa deja de tener g\u00e9nero para la casa italiana. Un nuevo cap\u00edtulo comienza para Ferragamo, con una est\u00e9tica minimalista, sensual y atrevida, las tendencias que marca la l\u00ednea se ven reflejadas en piezas transparentes, vaporosas, simples y elegantes.<\/span><\/p>\n<p><span style=\"font-weight: 400\">En una triada de colores negro, rojo y caqui, los conjuntos monocromaticos se convierten en la tendencia para la proxima temporada.<\/span><\/p>\n<h3><strong>Dolce &amp; Gabbana<\/strong><\/h3>\n<div class=\"content-gallery\">\n<div id=\"gallery-5\" class=\"gallery galleryid- gallery-columns- gallery-size-\">\n<figure class=\"gallery-item\">\n<div class=\"gallery-icon landscape\"><img loading=\"lazy\" decoding=\"async\" class=\"lazy\" src=\"https:\/\/graziamagazine.com\/mx\/wp-content\/uploads\/sites\/13\/2022\/09\/Captura-de-Pantalla-2022-09-27-a-las-12.23.49.png?resize=1024%2C1281\" alt=\"\" width=\"1024\" height=\"1281\" data-recalc-dims=\"1\" \/><\/div>\n<\/figure>\n<figure class=\"gallery-item\">\n<div class=\"gallery-icon landscape\"><img loading=\"lazy\" decoding=\"async\" class=\"lazy\" src=\"https:\/\/graziamagazine.com\/mx\/wp-content\/uploads\/sites\/13\/2022\/09\/Captura-de-Pantalla-2022-09-27-a-las-12.24.04.png?resize=1024%2C1291\" alt=\"\" width=\"1024\" height=\"1291\" data-recalc-dims=\"1\" \/><\/div>\n<\/figure>\n<figure class=\"gallery-item\">\n<div class=\"gallery-icon landscape\"><img loading=\"lazy\" decoding=\"async\" class=\"lazy\" src=\"https:\/\/graziamagazine.com\/mx\/wp-content\/uploads\/sites\/13\/2022\/09\/Captura-de-Pantalla-2022-09-27-a-las-12.25.29.png?resize=1008%2C1536\" alt=\"\" width=\"1008\" height=\"1536\" data-recalc-dims=\"1\" \/><\/div>\n<\/figure>\n<\/div>\n<\/div>\n<p><span style=\"font-weight: 400\">El archivo vintage vuelve a casa. Una nueva era para lo \u00edntimo y fr\u00edvolo que se exhibe p\u00fablicamente como ropa de d\u00eda. Los <\/span><span style=\"font-weight: 400\">vestidos con detalles de corsage junto a bustiers, tirantes, bra tops, mucha transparencia y braguitas bordadas asomando por encima de la cinturilla de los jeans formar\u00e1n parte de estas tendencias.<\/span><\/p>\n<p><span style=\"font-weight: 400\">Por otro lado los cuellos\u00a0 y pu\u00f1os blancos recatados estar\u00e1n acompa\u00f1ados de estampados de leopardo.<\/span><\/p>\n<h3><strong>Versace<\/strong><\/h3>\n<div class=\"content-gallery\">\n<div id=\"gallery-6\" class=\"gallery galleryid- gallery-columns- gallery-size-\">\n<figure class=\"gallery-item\">\n<div class=\"gallery-icon landscape\"><img loading=\"lazy\" decoding=\"async\" class=\"lazy\" src=\"https:\/\/graziamagazine.com\/mx\/wp-content\/uploads\/sites\/13\/2022\/09\/Captura-de-Pantalla-2022-09-27-a-las-12.43.45.png?resize=968%2C1512\" alt=\"\" width=\"968\" height=\"1512\" data-recalc-dims=\"1\" \/><\/div>\n<\/figure>\n<figure class=\"gallery-item\">\n<div class=\"gallery-icon landscape\"><img loading=\"lazy\" decoding=\"async\" class=\"lazy\" src=\"https:\/\/graziamagazine.com\/mx\/wp-content\/uploads\/sites\/13\/2022\/09\/Captura-de-Pantalla-2022-09-27-a-las-12.43.50.png?resize=994%2C1526\" alt=\"\" width=\"994\" height=\"1526\" data-recalc-dims=\"1\" \/><\/div>\n<\/figure>\n<figure class=\"gallery-item\">\n<div class=\"gallery-icon landscape\"><img loading=\"lazy\" decoding=\"async\" class=\"lazy\" src=\"https:\/\/graziamagazine.com\/mx\/wp-content\/uploads\/sites\/13\/2022\/09\/Captura-de-Pantalla-2022-09-27-a-las-12.43.55.png?resize=982%2C1518\" alt=\"\" width=\"982\" height=\"1518\" data-recalc-dims=\"1\" \/><\/div>\n<\/figure>\n<\/div>\n<\/div>\n<p><span style=\"font-weight: 400\">Presentado como una experiencia g\u00f3tica, Versace propone <\/span><span style=\"font-weight: 400\">abrigos de cuero negro que se convierten en chaquetas de motorista con flecos y en pantalones del armario del<\/span><i><span style=\"font-weight: 400\"> rock and roll<\/span><\/i><span style=\"font-weight: 400\">, que se transformaron en tops de los 90 con minifaldas cortadas a la altura de las caderas y en pantalones del a\u00f1o 2000.<\/span><\/p>\n<p><span style=\"font-weight: 400\">Una serie de vestidos p\u00farpura rindieron homenaje a trav\u00e9s de vestidos de encaje con estampado de cebra, trajes de cuero flexible de la cabeza a los pies y abrigos peludos reciclados de gasa cortada y encaje que parec\u00edan pieles.<\/span><\/p>\n<h3><strong>Tod\u2019s<\/strong><\/h3>\n<div class=\"content-gallery\">\n<div id=\"gallery-7\" class=\"gallery galleryid- gallery-columns- gallery-size-\">\n<figure class=\"gallery-item\">\n<div class=\"gallery-icon landscape\"><img loading=\"lazy\" decoding=\"async\" class=\"lazy\" src=\"https:\/\/graziamagazine.com\/mx\/wp-content\/uploads\/sites\/13\/2022\/09\/tods-milan-mujer-primavera-verano-2023_3-600.jpg?resize=600%2C899\" alt=\"\" width=\"600\" height=\"899\" data-recalc-dims=\"1\" \/><\/div>\n<\/figure>\n<figure class=\"gallery-item\">\n<div class=\"gallery-icon landscape\"><img loading=\"lazy\" decoding=\"async\" class=\"lazy\" src=\"https:\/\/graziamagazine.com\/mx\/wp-content\/uploads\/sites\/13\/2022\/09\/tods-milan-mujer-primavera-verano-2023_48-600.jpg?resize=600%2C899\" alt=\"\" width=\"600\" height=\"899\" data-recalc-dims=\"1\" \/><\/div>\n<\/figure>\n<figure class=\"gallery-item\">\n<div class=\"gallery-icon landscape\"><img loading=\"lazy\" decoding=\"async\" class=\"lazy\" src=\"https:\/\/graziamagazine.com\/mx\/wp-content\/uploads\/sites\/13\/2022\/09\/16639355625830.jpg?resize=1024%2C1536\" alt=\"\" width=\"1024\" height=\"1536\" data-recalc-dims=\"1\" \/><\/div>\n<\/figure>\n<\/div>\n<\/div>\n<p><span style=\"font-weight: 400\">Ropa pr\u00e1ctica y pulida. Los corsets de punto ser\u00e1n un <\/span><i><span style=\"font-weight: 400\">must have<\/span><\/i><span style=\"font-weight: 400\"> as\u00ed como los vestidos de nylon acolchado en color gris y escote con acabado de fest\u00f3n as\u00ed como los vestidos de c\u00f3ctel sin mangas.<\/span><\/p>\n<p><span style=\"font-weight: 400\">Textiles como el yute y los detalles asim\u00e9tricos de las prendas ser\u00e1n parte de la moda por una larga temporada.<\/span><\/p>\n<p>&nbsp;<\/p>\n","protected":false},"author":28953,"featured_media":165986,"template":"","format":"standard","categories":[1],"acf":[],"yoast_head":"<!-- This site is optimized with the Yoast SEO Premium plugin v18.5 (Yoast SEO v20.4) - https:\/\/yoast.com\/wordpress\/plugins\/seo\/ -->\n<title>Estas son las tendencias de la Semana de la Moda en Mil\u00e1n<\/title>\n<meta name=\"description\" content=\"Te contamos todo lo que debes saber sobre las piezas clave de la pasarela italiana que te mantendr\u00e1n en tendencia durante la pr\u00f3xima temporada\" \/>\n<meta name=\"robots\" content=\"index, follow, max-snippet:-1, max-image-preview:large, max-video-preview:-1\" \/>\n<link rel=\"canonical\" href=\"https:\/\/graziamagazine.com\/es\/articles\/5-tendencias-de-la-semana-de-la-moda-en-milan-que-tienes-que-seguir\/\" \/>\n<meta property=\"og:locale\" content=\"es_ES\" \/>\n<meta property=\"og:type\" content=\"article\" \/>\n<meta property=\"og:title\" content=\"7 tendencias de la Semana de la Moda en Mil\u00e1n que tienes que seguir\" \/>\n<meta property=\"og:description\" content=\"Te contamos todo lo que debes saber sobre las piezas clave de la pasarela italiana que te mantendr\u00e1n en tendencia durante la pr\u00f3xima temporada\" \/>\n<meta property=\"og:url\" content=\"https:\/\/graziamagazine.com\/es\/articles\/5-tendencias-de-la-semana-de-la-moda-en-milan-que-tienes-que-seguir\/\" \/>\n<meta property=\"og:site_name\" content=\"Grazia\" \/>\n<meta name=\"twitter:card\" content=\"summary_large_image\" \/>\n<meta name=\"twitter:label1\" content=\"Est. reading time\" \/>\n\t<meta name=\"twitter:data1\" content=\"3 minutos\" \/>\n<script type=\"application\/ld+json\" class=\"yoast-schema-graph\">{\"@context\":\"https:\/\/schema.org\",\"@graph\":[{\"@type\":\"WebPage\",\"@id\":\"https:\/\/graziamagazine.com\/es\/articles\/5-tendencias-de-la-semana-de-la-moda-en-milan-que-tienes-que-seguir\/\",\"url\":\"https:\/\/graziamagazine.com\/es\/articles\/5-tendencias-de-la-semana-de-la-moda-en-milan-que-tienes-que-seguir\/\",\"name\":\"Estas son las tendencias de la Semana de la Moda en Mil\u00e1n\",\"isPartOf\":{\"@id\":\"https:\/\/graziamagazine.com\/es\/#website\"},\"datePublished\":\"2022-09-28T15:56:17+00:00\",\"dateModified\":\"2022-09-28T15:56:17+00:00\",\"description\":\"Te contamos todo lo que debes saber sobre las piezas clave de la pasarela italiana que te mantendr\u00e1n en tendencia durante la pr\u00f3xima temporada\",\"breadcrumb\":{\"@id\":\"https:\/\/graziamagazine.com\/es\/articles\/5-tendencias-de-la-semana-de-la-moda-en-milan-que-tienes-que-seguir\/#breadcrumb\"},\"inLanguage\":\"es\",\"potentialAction\":[{\"@type\":\"ReadAction\",\"target\":[\"https:\/\/graziamagazine.com\/es\/articles\/5-tendencias-de-la-semana-de-la-moda-en-milan-que-tienes-que-seguir\/\"]}]},{\"@type\":\"BreadcrumbList\",\"@id\":\"https:\/\/graziamagazine.com\/es\/articles\/5-tendencias-de-la-semana-de-la-moda-en-milan-que-tienes-que-seguir\/#breadcrumb\",\"itemListElement\":[{\"@type\":\"ListItem\",\"position\":1,\"name\":\"Portada\",\"item\":\"https:\/\/graziamagazine.com\/es\/\"},{\"@type\":\"ListItem\",\"position\":2,\"name\":\"7 tendencias de la Semana de la Moda en Mil\u00e1n que tienes que seguir\"}]},{\"@type\":\"WebSite\",\"@id\":\"https:\/\/graziamagazine.com\/es\/#website\",\"url\":\"https:\/\/graziamagazine.com\/es\/\",\"name\":\"Grazia\",\"description\":\"Moda, belleza, celebrities, estilo de vida...\",\"potentialAction\":[{\"@type\":\"SearchAction\",\"target\":{\"@type\":\"EntryPoint\",\"urlTemplate\":\"https:\/\/graziamagazine.com\/es\/?s={search_term_string}\"},\"query-input\":\"required name=search_term_string\"}],\"inLanguage\":\"es\"}]}<\/script>\n<!-- \/ Yoast SEO Premium plugin. -->","yoast_head_json":{"title":"Estas son las tendencias de la Semana de la Moda en Mil\u00e1n","description":"Te contamos todo lo que debes saber sobre las piezas clave de la pasarela italiana que te mantendr\u00e1n en tendencia durante la pr\u00f3xima temporada","robots":{"index":"index","follow":"follow","max-snippet":"max-snippet:-1","max-image-preview":"max-image-preview:large","max-video-preview":"max-video-preview:-1"},"canonical":"https:\/\/graziamagazine.com\/es\/articles\/5-tendencias-de-la-semana-de-la-moda-en-milan-que-tienes-que-seguir\/","og_locale":"es_ES","og_type":"article","og_title":"7 tendencias de la Semana de la Moda en Mil\u00e1n que tienes que seguir","og_description":"Te contamos todo lo que debes saber sobre las piezas clave de la pasarela italiana que te mantendr\u00e1n en tendencia durante la pr\u00f3xima temporada","og_url":"https:\/\/graziamagazine.com\/es\/articles\/5-tendencias-de-la-semana-de-la-moda-en-milan-que-tienes-que-seguir\/","og_site_name":"Grazia","twitter_card":"summary_large_image","twitter_misc":{"Est. reading time":"3 minutos"},"schema":{"@context":"https:\/\/schema.org","@graph":[{"@type":"WebPage","@id":"https:\/\/graziamagazine.com\/es\/articles\/5-tendencias-de-la-semana-de-la-moda-en-milan-que-tienes-que-seguir\/","url":"https:\/\/graziamagazine.com\/es\/articles\/5-tendencias-de-la-semana-de-la-moda-en-milan-que-tienes-que-seguir\/","name":"Estas son las tendencias de la Semana de la Moda en Mil\u00e1n","isPartOf":{"@id":"https:\/\/graziamagazine.com\/es\/#website"},"datePublished":"2022-09-28T15:56:17+00:00","dateModified":"2022-09-28T15:56:17+00:00","description":"Te contamos todo lo que debes saber sobre las piezas clave de la pasarela italiana que te mantendr\u00e1n en tendencia durante la pr\u00f3xima temporada","breadcrumb":{"@id":"https:\/\/graziamagazine.com\/es\/articles\/5-tendencias-de-la-semana-de-la-moda-en-milan-que-tienes-que-seguir\/#breadcrumb"},"inLanguage":"es","potentialAction":[{"@type":"ReadAction","target":["https:\/\/graziamagazine.com\/es\/articles\/5-tendencias-de-la-semana-de-la-moda-en-milan-que-tienes-que-seguir\/"]}]},{"@type":"BreadcrumbList","@id":"https:\/\/graziamagazine.com\/es\/articles\/5-tendencias-de-la-semana-de-la-moda-en-milan-que-tienes-que-seguir\/#breadcrumb","itemListElement":[{"@type":"ListItem","position":1,"name":"Portada","item":"https:\/\/graziamagazine.com\/es\/"},{"@type":"ListItem","position":2,"name":"7 tendencias de la Semana de la Moda en Mil\u00e1n que tienes que seguir"}]},{"@type":"WebSite","@id":"https:\/\/graziamagazine.com\/es\/#website","url":"https:\/\/graziamagazine.com\/es\/","name":"Grazia","description":"Moda, belleza, celebrities, estilo de vida...","potentialAction":[{"@type":"SearchAction","target":{"@type":"EntryPoint","urlTemplate":"https:\/\/graziamagazine.com\/es\/?s={search_term_string}"},"query-input":"required name=search_term_string"}],"inLanguage":"es"}]}},"jetpack_sharing_enabled":true,"distributor_meta":false,"distributor_terms":false,"distributor_media":false,"distributor_original_site_name":"Grazia","distributor_original_site_url":"https:\/\/graziamagazine.com\/es","push-errors":false,"_links":{"self":[{"href":"https:\/\/graziamagazine.com\/es\/wp-json\/wp\/v2\/articles\/165985"}],"collection":[{"href":"https:\/\/graziamagazine.com\/es\/wp-json\/wp\/v2\/articles"}],"about":[{"href":"https:\/\/graziamagazine.com\/es\/wp-json\/wp\/v2\/types\/articles"}],"author":[{"embeddable":true,"href":"https:\/\/graziamagazine.com\/es\/wp-json\/wp\/v2\/users\/28953"}],"wp:featuredmedia":[{"embeddable":true,"href":"https:\/\/graziamagazine.com\/es\/wp-json\/wp\/v2\/media\/165986"}],"wp:attachment":[{"href":"https:\/\/graziamagazine.com\/es\/wp-json\/wp\/v2\/media?parent=165985"}],"wp:term":[{"taxonomy":"category","embeddable":true,"href":"https:\/\/graziamagazine.com\/es\/wp-json\/wp\/v2\/categories?post=165985"}],"curies":[{"name":"wp","href":"https:\/\/api.w.org\/{rel}","templated":true}]}}