{"id":165923,"date":"2022-09-23T13:50:30","date_gmt":"2022-09-23T11:50:30","guid":{"rendered":"https:\/\/graziamagazine.com\/es\/?post_type=articles&#038;p=165923"},"modified":"2022-09-23T13:50:30","modified_gmt":"2022-09-23T11:50:30","slug":"le-grand-numero-de-chanel","status":"publish","type":"articles","link":"https:\/\/graziamagazine.com\/es\/articles\/le-grand-numero-de-chanel\/","title":{"rendered":"Un homenaje a las fragancias: Le Grand Num\u00e9ro de Chanel"},"content":{"rendered":"<p><span style=\"font-weight: 400\"><strong>Le Grand Num\u00e9ro de Chanel<\/strong>, una aventura que te sumergir\u00e1 en un deleite de las mejores esencias de la casa de moda francesa.<\/span><\/p>\n<p><span style=\"font-weight: 400\">Sin duda <strong>Chanel<\/strong> ha marcado un antes y despu\u00e9s en el mundo de la perfumer\u00eda. Una emblem\u00e1tica fragancia que se reconocer\u00eda en cualquier rinc\u00f3n del mundo que ha logrado perdurar a trav\u00e9s del tiempo a\u00fan despu\u00e9s de <strong>100 a\u00f1os<\/strong>.<\/span><\/p>\n<p><span style=\"font-weight: 400\">Sus fragancias de lujo se han convertido en un c\u00f3digo de la Maison gracias a su elegancia y seducci\u00f3n discreta. El nombre de <strong>Coco Chanel<\/strong> lleva diversos significados que van m\u00e1s all\u00e1 de la moda, declarando su dedicaci\u00f3n en cada una de sus creaciones, incluso en los perfumes que hoy en d\u00eda se siguen llevando.<\/span><\/p>\n<figure id=\"attachment_117384\" class=\"wp-caption alignnone\" style=\"width: 818px\" aria-describedby=\"caption-attachment-117384\"><img loading=\"lazy\" decoding=\"async\" class=\"wp-image-117384 size-large\" src=\"https:\/\/graziamagazine.com\/mx\/wp-content\/uploads\/sites\/13\/2022\/09\/Captura-de-Pantalla-2022-09-22-a-las-12.52.39.png?w=818&amp;resize=818%2C1024\" alt=\"Le Grand Num\u00e9ro de Chanel\" width=\"818\" height=\"1024\" data-recalc-dims=\"1\" \/><\/figure>\n<p><span style=\"font-weight: 400\">Comenzando desde lo cl\u00e1sico a lo ic\u00f3nico,<\/span><span style=\"font-weight: 400\">\u00a0del minimalismo a la sofisticaci\u00f3n, las fragancias forman parte de nuestros mejores accesorios y en esta celebraci\u00f3n los perfumes de Chanel se manifiestan mediante una visita rica experiencias, descubrimientos y emociones<\/span><span style=\"font-weight: 400\">.<\/span><\/p>\n<p><span style=\"font-weight: 400\">Dando inicio el <strong>15 de diciembre de 2022 al 9 de enero de 2023<\/strong>, Chanel celebra lo mejor de sus perfumes en una excepcional exposici\u00f3n en el <em><strong>Grand Palais \u00c9ph\u00e9m\u00e8re<\/strong><\/em>. En una experiencia inmersiva para expertos y no expertos, el viaje invita a sus espectadores a seguir a su estrella de la suerte quien los acompa\u00f1ar\u00e1 en una gran aventura olfativa.<\/span><\/p>\n<figure id=\"attachment_117386\" class=\"wp-caption alignnone\" style=\"width: 768px\" aria-describedby=\"caption-attachment-117386\"><img loading=\"lazy\" decoding=\"async\" class=\"wp-image-117386 size-large\" src=\"https:\/\/graziamagazine.com\/mx\/wp-content\/uploads\/sites\/13\/2022\/09\/o.ospcX2AolFR.jpg?w=768&amp;resize=768%2C1024\" alt=\"Le Grand Num\u00e9ro de Chanel\" width=\"768\" height=\"1024\" data-recalc-dims=\"1\" \/><\/figure>\n<p><em>*Im\u00e1genes: cortes\u00eda Chanel<\/em><\/p>\n","protected":false},"author":16349,"featured_media":165924,"template":"","format":"standard","categories":[1],"acf":[],"yoast_head":"<!-- This site is optimized with the Yoast SEO Premium plugin v18.5 (Yoast SEO v20.4) - https:\/\/yoast.com\/wordpress\/plugins\/seo\/ -->\n<title>Le Grand Num\u00e9ro de Chanel<\/title>\n<meta name=\"description\" content=\"Chanel hace un homenaje a sus mejores fragancias en una exquisita exposici\u00f3n olfativa en el Grand Palais \u00c9ph\u00e9m\u00e8re\" \/>\n<meta name=\"robots\" content=\"index, follow, max-snippet:-1, max-image-preview:large, max-video-preview:-1\" \/>\n<link rel=\"canonical\" href=\"https:\/\/graziamagazine.com\/es\/articles\/le-grand-numero-de-chanel\/\" \/>\n<meta property=\"og:locale\" content=\"es_ES\" \/>\n<meta property=\"og:type\" content=\"article\" \/>\n<meta property=\"og:title\" content=\"Un homenaje a las fragancias: Le Grand Num\u00e9ro de Chanel\" \/>\n<meta property=\"og:description\" content=\"Chanel hace un homenaje a sus mejores fragancias en una exquisita exposici\u00f3n olfativa en el Grand Palais \u00c9ph\u00e9m\u00e8re\" \/>\n<meta property=\"og:url\" content=\"https:\/\/graziamagazine.com\/es\/articles\/le-grand-numero-de-chanel\/\" \/>\n<meta property=\"og:site_name\" content=\"Grazia\" \/>\n<meta property=\"og:image\" content=\"https:\/\/graziamagazine.com\/es\/wp-content\/uploads\/sites\/12\/2022\/09\/Captura-de-Pantalla-2022-09-22-a-las-13.28.09.png\" \/>\n\t<meta property=\"og:image:width\" content=\"1024\" \/>\n\t<meta property=\"og:image:height\" content=\"760\" \/>\n\t<meta property=\"og:image:type\" content=\"image\/png\" \/>\n<meta name=\"twitter:card\" content=\"summary_large_image\" \/>\n<meta name=\"twitter:label1\" content=\"Est. reading time\" \/>\n\t<meta name=\"twitter:data1\" content=\"2 minutos\" \/>\n<script type=\"application\/ld+json\" class=\"yoast-schema-graph\">{\"@context\":\"https:\/\/schema.org\",\"@graph\":[{\"@type\":\"WebPage\",\"@id\":\"https:\/\/graziamagazine.com\/es\/articles\/le-grand-numero-de-chanel\/\",\"url\":\"https:\/\/graziamagazine.com\/es\/articles\/le-grand-numero-de-chanel\/\",\"name\":\"Le Grand Num\u00e9ro de Chanel\",\"isPartOf\":{\"@id\":\"https:\/\/graziamagazine.com\/es\/#website\"},\"datePublished\":\"2022-09-23T11:50:30+00:00\",\"dateModified\":\"2022-09-23T11:50:30+00:00\",\"description\":\"Chanel hace un homenaje a sus mejores fragancias en una exquisita exposici\u00f3n olfativa en el Grand Palais \u00c9ph\u00e9m\u00e8re\",\"breadcrumb\":{\"@id\":\"https:\/\/graziamagazine.com\/es\/articles\/le-grand-numero-de-chanel\/#breadcrumb\"},\"inLanguage\":\"es\",\"potentialAction\":[{\"@type\":\"ReadAction\",\"target\":[\"https:\/\/graziamagazine.com\/es\/articles\/le-grand-numero-de-chanel\/\"]}]},{\"@type\":\"BreadcrumbList\",\"@id\":\"https:\/\/graziamagazine.com\/es\/articles\/le-grand-numero-de-chanel\/#breadcrumb\",\"itemListElement\":[{\"@type\":\"ListItem\",\"position\":1,\"name\":\"Portada\",\"item\":\"https:\/\/graziamagazine.com\/es\/\"},{\"@type\":\"ListItem\",\"position\":2,\"name\":\"Un homenaje a las fragancias: Le Grand Num\u00e9ro de Chanel\"}]},{\"@type\":\"WebSite\",\"@id\":\"https:\/\/graziamagazine.com\/es\/#website\",\"url\":\"https:\/\/graziamagazine.com\/es\/\",\"name\":\"Grazia\",\"description\":\"Moda, belleza, celebrities, estilo de vida...\",\"potentialAction\":[{\"@type\":\"SearchAction\",\"target\":{\"@type\":\"EntryPoint\",\"urlTemplate\":\"https:\/\/graziamagazine.com\/es\/?s={search_term_string}\"},\"query-input\":\"required name=search_term_string\"}],\"inLanguage\":\"es\"}]}<\/script>\n<!-- \/ Yoast SEO Premium plugin. -->","yoast_head_json":{"title":"Le Grand Num\u00e9ro de Chanel","description":"Chanel hace un homenaje a sus mejores fragancias en una exquisita exposici\u00f3n olfativa en el Grand Palais \u00c9ph\u00e9m\u00e8re","robots":{"index":"index","follow":"follow","max-snippet":"max-snippet:-1","max-image-preview":"max-image-preview:large","max-video-preview":"max-video-preview:-1"},"canonical":"https:\/\/graziamagazine.com\/es\/articles\/le-grand-numero-de-chanel\/","og_locale":"es_ES","og_type":"article","og_title":"Un homenaje a las fragancias: Le Grand Num\u00e9ro de Chanel","og_description":"Chanel hace un homenaje a sus mejores fragancias en una exquisita exposici\u00f3n olfativa en el Grand Palais \u00c9ph\u00e9m\u00e8re","og_url":"https:\/\/graziamagazine.com\/es\/articles\/le-grand-numero-de-chanel\/","og_site_name":"Grazia","og_image":[{"url":"https:\/\/graziamagazine.com\/es\/wp-content\/uploads\/sites\/12\/2022\/09\/Captura-de-Pantalla-2022-09-22-a-las-13.28.09.png","width":1024,"height":760,"type":"image\/png"}],"twitter_card":"summary_large_image","twitter_misc":{"Est. reading time":"2 minutos"},"schema":{"@context":"https:\/\/schema.org","@graph":[{"@type":"WebPage","@id":"https:\/\/graziamagazine.com\/es\/articles\/le-grand-numero-de-chanel\/","url":"https:\/\/graziamagazine.com\/es\/articles\/le-grand-numero-de-chanel\/","name":"Le Grand Num\u00e9ro de Chanel","isPartOf":{"@id":"https:\/\/graziamagazine.com\/es\/#website"},"datePublished":"2022-09-23T11:50:30+00:00","dateModified":"2022-09-23T11:50:30+00:00","description":"Chanel hace un homenaje a sus mejores fragancias en una exquisita exposici\u00f3n olfativa en el Grand Palais \u00c9ph\u00e9m\u00e8re","breadcrumb":{"@id":"https:\/\/graziamagazine.com\/es\/articles\/le-grand-numero-de-chanel\/#breadcrumb"},"inLanguage":"es","potentialAction":[{"@type":"ReadAction","target":["https:\/\/graziamagazine.com\/es\/articles\/le-grand-numero-de-chanel\/"]}]},{"@type":"BreadcrumbList","@id":"https:\/\/graziamagazine.com\/es\/articles\/le-grand-numero-de-chanel\/#breadcrumb","itemListElement":[{"@type":"ListItem","position":1,"name":"Portada","item":"https:\/\/graziamagazine.com\/es\/"},{"@type":"ListItem","position":2,"name":"Un homenaje a las fragancias: Le Grand Num\u00e9ro de Chanel"}]},{"@type":"WebSite","@id":"https:\/\/graziamagazine.com\/es\/#website","url":"https:\/\/graziamagazine.com\/es\/","name":"Grazia","description":"Moda, belleza, celebrities, estilo de vida...","potentialAction":[{"@type":"SearchAction","target":{"@type":"EntryPoint","urlTemplate":"https:\/\/graziamagazine.com\/es\/?s={search_term_string}"},"query-input":"required name=search_term_string"}],"inLanguage":"es"}]}},"jetpack_sharing_enabled":true,"distributor_meta":false,"distributor_terms":false,"distributor_media":false,"distributor_original_site_name":"Grazia","distributor_original_site_url":"https:\/\/graziamagazine.com\/es","push-errors":false,"_links":{"self":[{"href":"https:\/\/graziamagazine.com\/es\/wp-json\/wp\/v2\/articles\/165923"}],"collection":[{"href":"https:\/\/graziamagazine.com\/es\/wp-json\/wp\/v2\/articles"}],"about":[{"href":"https:\/\/graziamagazine.com\/es\/wp-json\/wp\/v2\/types\/articles"}],"author":[{"embeddable":true,"href":"https:\/\/graziamagazine.com\/es\/wp-json\/wp\/v2\/users\/16349"}],"wp:featuredmedia":[{"embeddable":true,"href":"https:\/\/graziamagazine.com\/es\/wp-json\/wp\/v2\/media\/165924"}],"wp:attachment":[{"href":"https:\/\/graziamagazine.com\/es\/wp-json\/wp\/v2\/media?parent=165923"}],"wp:term":[{"taxonomy":"category","embeddable":true,"href":"https:\/\/graziamagazine.com\/es\/wp-json\/wp\/v2\/categories?post=165923"}],"curies":[{"name":"wp","href":"https:\/\/api.w.org\/{rel}","templated":true}]}}