{"id":165579,"date":"2022-09-12T17:26:43","date_gmt":"2022-09-12T15:26:43","guid":{"rendered":"https:\/\/graziamagazine.com\/es\/?post_type=articles&#038;p=165579"},"modified":"2022-09-12T17:26:43","modified_gmt":"2022-09-12T15:26:43","slug":"virtual-garden-la-coleccion-inspirada-en-la-naturaleza-de-tous","status":"publish","type":"articles","link":"https:\/\/graziamagazine.com\/es\/articles\/virtual-garden-la-coleccion-inspirada-en-la-naturaleza-de-tous\/","title":{"rendered":"Virtual Garden, la colecci\u00f3n inspirada en la naturaleza de Tous"},"content":{"rendered":"<p><span style=\"font-weight: 400\">Renacer, es el concepto que define el esp\u00edritu de esta <strong>colecci\u00f3n FW 2022\/23<\/strong> basada en la migraci\u00f3n de centros urbanos a contextos rurales tras el cambio profundo que en 2020 vivimos como sociedad.<\/span><\/p>\n<p><span style=\"font-weight: 400\"><strong>Tous<\/strong> anuncia su nueva colecci\u00f3n <\/span><i><span style=\"font-weight: 400\"><strong>Virtual Garden<\/strong> que <\/span><\/i><span style=\"font-weight: 400\">se inspira en este nuevo estilo de vida que lleva la sofisticaci\u00f3n y cultura al campo, en un movimiento h\u00edbrido entre lo casual y lo creativo, lo real y lo virtual. Explora los cambios de una forma divertida y atrevida, creando piezas contempor\u00e1neas que tambi\u00e9n plasman una conexi\u00f3n con sus or\u00edgenes naturales jugando con materiales, texturas, vol\u00famenes y una\u00a0 gran propuesta de dise\u00f1o.\u00a0<\/span><\/p>\n<p><span style=\"font-weight: 400\">Presentada en cinco colecciones simult\u00e1neas: <i><strong>Virtual Garden, Plump, Lure, Boss Bear y Bent<\/strong>, la colecci\u00f3n se divide en<\/i> cuatro ejes creativos:\u00a0<\/span><\/p>\n<h3><strong>Animalia<\/strong><\/h3>\n<div class=\"content-gallery\">\n<div class=\"gallery-placeholder\">\n<div class=\"spinner\"><\/div>\n<\/div>\n<p>&nbsp;<\/p>\n<div id=\"gallery-1\" class=\"gallery galleryid- gallery-columns- gallery-size-\">\n<figure class=\"gallery-item\">\n<div class=\"gallery-icon landscape\"><img loading=\"lazy\" decoding=\"async\" class=\"lazy\" src=\"https:\/\/graziamagazine.com\/mx\/wp-content\/uploads\/sites\/13\/2022\/09\/211525530.jpg?resize=1024%2C1024\" alt=\"\" width=\"1024\" height=\"1024\" data-recalc-dims=\"1\" \/><\/div>\n<\/figure>\n<figure class=\"gallery-item\">\n<div class=\"gallery-icon landscape\"><img loading=\"lazy\" decoding=\"async\" class=\"lazy\" src=\"https:\/\/graziamagazine.com\/mx\/wp-content\/uploads\/sites\/13\/2022\/09\/211523030.jpg?resize=1024%2C1024\" alt=\"\" width=\"1024\" height=\"1024\" data-recalc-dims=\"1\" \/><\/div>\n<\/figure>\n<figure class=\"gallery-item\">\n<div class=\"gallery-icon landscape\"><img loading=\"lazy\" decoding=\"async\" class=\"lazy\" src=\"https:\/\/graziamagazine.com\/mx\/wp-content\/uploads\/sites\/13\/2022\/09\/211525560_1.jpg?resize=1024%2C1024\" alt=\"\" width=\"1024\" height=\"1024\" data-recalc-dims=\"1\" \/><\/div>\n<\/figure>\n<figure class=\"gallery-item\">\n<div class=\"gallery-icon landscape\"><img loading=\"lazy\" decoding=\"async\" class=\"lazy\" src=\"https:\/\/graziamagazine.com\/mx\/wp-content\/uploads\/sites\/13\/2022\/09\/211525540.jpg?resize=1024%2C1024\" alt=\"\" width=\"1024\" height=\"1024\" data-recalc-dims=\"1\" \/><\/div>\n<\/figure>\n<figure class=\"gallery-item\">\n<div class=\"gallery-icon landscape\"><img loading=\"lazy\" decoding=\"async\" class=\"lazy\" src=\"https:\/\/graziamagazine.com\/mx\/wp-content\/uploads\/sites\/13\/2022\/09\/211524610.jpg?resize=1024%2C1024\" alt=\"\" width=\"1024\" height=\"1024\" data-recalc-dims=\"1\" \/><\/div>\n<\/figure>\n<\/div>\n<\/div>\n<p><span style=\"font-weight: 400\">Comenzando por el primer eje Animalia, surge mediante el <strong>redescubrimiento del entorno rural<\/strong> y la inspiraci\u00f3n que este conlleva. El resultado es una mezcla de elementos sencillos, con otros de<strong> \u201celevado\u201d valor<\/strong>; la belleza que no prescinde de la practicidad representada a trav\u00e9s de insectos, animales y plantas.\u00a0<\/span><\/p>\n<h3><strong>Outillage<\/strong><\/h3>\n<div class=\"content-gallery\">\n<div class=\"gallery-placeholder\">\n<div class=\"spinner\"><\/div>\n<\/div>\n<p>&nbsp;<\/p>\n<div id=\"gallery-2\" class=\"gallery galleryid- gallery-columns- gallery-size-\">\n<figure class=\"gallery-item\">\n<div class=\"gallery-icon landscape\"><img loading=\"lazy\" decoding=\"async\" class=\"lazy\" src=\"https:\/\/graziamagazine.com\/mx\/wp-content\/uploads\/sites\/13\/2022\/09\/211524530.jpg?resize=1024%2C1024\" alt=\"\" width=\"1024\" height=\"1024\" data-recalc-dims=\"1\" \/><\/div>\n<\/figure>\n<figure class=\"gallery-item\">\n<div class=\"gallery-icon landscape\"><img loading=\"lazy\" decoding=\"async\" class=\"lazy\" src=\"https:\/\/graziamagazine.com\/mx\/wp-content\/uploads\/sites\/13\/2022\/09\/211524520.jpg?resize=1024%2C1024\" alt=\"\" width=\"1024\" height=\"1024\" data-recalc-dims=\"1\" \/><\/div>\n<\/figure>\n<figure class=\"gallery-item\">\n<div class=\"gallery-icon landscape\"><img loading=\"lazy\" decoding=\"async\" class=\"lazy\" src=\"https:\/\/graziamagazine.com\/mx\/wp-content\/uploads\/sites\/13\/2022\/09\/211524560_1.jpg?resize=1024%2C1024\" alt=\"\" width=\"1024\" height=\"1024\" data-recalc-dims=\"1\" \/><\/div>\n<\/figure>\n<figure class=\"gallery-item\">\n<div class=\"gallery-icon landscape\"><img loading=\"lazy\" decoding=\"async\" class=\"lazy\" src=\"https:\/\/graziamagazine.com\/mx\/wp-content\/uploads\/sites\/13\/2022\/09\/211523500_3.jpg?resize=1024%2C1024\" alt=\"\" width=\"1024\" height=\"1024\" data-recalc-dims=\"1\" \/><\/div>\n<\/figure>\n<figure class=\"gallery-item\">\n<div class=\"gallery-icon landscape\"><img loading=\"lazy\" decoding=\"async\" class=\"lazy\" src=\"https:\/\/graziamagazine.com\/mx\/wp-content\/uploads\/sites\/13\/2022\/09\/211523530.jpg?resize=1024%2C1024\" alt=\"\" width=\"1024\" height=\"1024\" data-recalc-dims=\"1\" \/><\/div>\n<\/figure>\n<\/div>\n<\/div>\n<p><span style=\"font-weight: 400\">Este segundo eje representa elementos del mundo rural a partir de una visi\u00f3n de <strong>dise\u00f1o vanguardista y contempor\u00e1nea<\/strong> de estos mismos sin desconectar su origen natural.<\/span><\/p>\n<h3><strong>Maravillas<\/strong><\/h3>\n<div class=\"content-gallery\">\n<div class=\"gallery-placeholder\">\n<div class=\"spinner\"><\/div>\n<\/div>\n<p>&nbsp;<\/p>\n<div id=\"gallery-3\" class=\"gallery galleryid- gallery-columns- gallery-size-\">\n<figure class=\"gallery-item\">\n<div class=\"gallery-icon landscape\"><img loading=\"lazy\" decoding=\"async\" class=\"lazy\" src=\"https:\/\/graziamagazine.com\/mx\/wp-content\/uploads\/sites\/13\/2022\/09\/211524590.jpg?resize=1024%2C1024\" alt=\"\" width=\"1024\" height=\"1024\" data-recalc-dims=\"1\" \/><\/div>\n<\/figure>\n<figure class=\"gallery-item\">\n<div class=\"gallery-icon landscape\"><img loading=\"lazy\" decoding=\"async\" class=\"lazy\" src=\"https:\/\/graziamagazine.com\/mx\/wp-content\/uploads\/sites\/13\/2022\/09\/211521520_2.jpg?resize=1024%2C1024\" alt=\"\" width=\"1024\" height=\"1024\" data-recalc-dims=\"1\" \/><\/div>\n<\/figure>\n<figure class=\"gallery-item\">\n<div class=\"gallery-icon landscape\"><img loading=\"lazy\" decoding=\"async\" class=\"lazy\" src=\"https:\/\/graziamagazine.com\/mx\/wp-content\/uploads\/sites\/13\/2022\/09\/211523520.jpg?resize=1024%2C1024\" alt=\"\" width=\"1024\" height=\"1024\" data-recalc-dims=\"1\" \/><\/div>\n<\/figure>\n<\/div>\n<\/div>\n<p><span style=\"font-weight: 400\">Con una \u00fanica <strong>esencia campestre<\/strong>, este tercer eje tiene como <\/span><i><span style=\"font-weight: 400\">plus <\/span><\/i><span style=\"font-weight: 400\">una caracter\u00edstica \u00fanica: l<strong>a tecnolog\u00eda<\/strong>. Se trata de propuestas futuristas, con elementos <strong>met\u00e1licos, colores y aspectos inesperados<\/strong>. Son los accesorios perfectos que necesitar\u00e1s para una fiesta o evento, pero con detalles siempre presentes del mundo natural.\u00a0<\/span><\/p>\n<h3><strong>Sphere<\/strong><\/h3>\n<div class=\"content-gallery\">\n<div class=\"gallery-placeholder\">\n<div class=\"spinner\"><\/div>\n<\/div>\n<p>&nbsp;<\/p>\n<div id=\"gallery-4\" class=\"gallery galleryid- gallery-columns- gallery-size-\">\n<figure class=\"gallery-item\">\n<div class=\"gallery-icon landscape\"><img loading=\"lazy\" decoding=\"async\" class=\"lazy\" src=\"https:\/\/graziamagazine.com\/mx\/wp-content\/uploads\/sites\/13\/2022\/09\/211525610_1.jpg?resize=1024%2C1024\" alt=\"\" width=\"1024\" height=\"1024\" data-recalc-dims=\"1\" \/><\/div>\n<\/figure>\n<figure class=\"gallery-item\">\n<div class=\"gallery-icon landscape\"><img loading=\"lazy\" decoding=\"async\" class=\"lazy\" src=\"https:\/\/graziamagazine.com\/mx\/wp-content\/uploads\/sites\/13\/2022\/09\/211523550.jpg?resize=1024%2C1024\" alt=\"\" width=\"1024\" height=\"1024\" data-recalc-dims=\"1\" \/><\/div>\n<\/figure>\n<figure class=\"gallery-item\">\n<div class=\"gallery-icon landscape\"><img loading=\"lazy\" decoding=\"async\" class=\"lazy\" src=\"https:\/\/graziamagazine.com\/mx\/wp-content\/uploads\/sites\/13\/2022\/09\/211525620.jpg?resize=1024%2C1024\" alt=\"\" width=\"1024\" height=\"1024\" data-recalc-dims=\"1\" \/><\/div>\n<\/figure>\n<\/div>\n<\/div>\n<p><span style=\"font-weight: 400\">La silueta lo dice todo. Una referencia que simboliza la <strong>armon\u00eda eterna, evoluci\u00f3n y movimiento<\/strong>. Hace referencia a <strong>elementos de la naturaleza<\/strong> que dibujan imperfectamente esta silueta, imaginando como si fueran las formas de las frutas.<\/span><\/p>\n<p><em>*Im\u00e1genes: cortes\u00eda de Tous<\/em><\/p>\n","protected":false},"author":16349,"featured_media":165580,"template":"","format":"standard","categories":[1],"acf":[],"yoast_head":"<!-- This site is optimized with the Yoast SEO Premium plugin v18.5 (Yoast SEO v20.4) - https:\/\/yoast.com\/wordpress\/plugins\/seo\/ -->\n<title>Virtual Garden: La nueva colecci\u00f3n Fall Winter 2022\/23 de Tous<\/title>\n<meta name=\"description\" content=\"Tous presenta Virtual Garden, una colecci\u00f3n desarrollada en 5 colecciones paralelas: Virtual Garden, Plump, Lure, Boss Bear y Bent\" \/>\n<meta name=\"robots\" content=\"index, follow, max-snippet:-1, max-image-preview:large, max-video-preview:-1\" \/>\n<link rel=\"canonical\" href=\"https:\/\/graziamagazine.com\/es\/articles\/virtual-garden-la-coleccion-inspirada-en-la-naturaleza-de-tous\/\" \/>\n<meta property=\"og:locale\" content=\"es_ES\" \/>\n<meta property=\"og:type\" content=\"article\" \/>\n<meta property=\"og:title\" content=\"Virtual Garden, la colecci\u00f3n inspirada en la naturaleza de Tous\" \/>\n<meta property=\"og:description\" content=\"Tous presenta Virtual Garden, una colecci\u00f3n desarrollada en 5 colecciones paralelas: Virtual Garden, Plump, Lure, Boss Bear y Bent\" \/>\n<meta property=\"og:url\" content=\"https:\/\/graziamagazine.com\/es\/articles\/virtual-garden-la-coleccion-inspirada-en-la-naturaleza-de-tous\/\" \/>\n<meta property=\"og:site_name\" content=\"Grazia\" \/>\n<meta property=\"og:image\" content=\"https:\/\/graziamagazine.com\/es\/wp-content\/uploads\/sites\/12\/2022\/09\/TOUS_VIRTUAL_GARDEN_BODEGONS_4_55-e1662735178715.jpg\" \/>\n\t<meta property=\"og:image:width\" content=\"1080\" \/>\n\t<meta property=\"og:image:height\" content=\"840\" \/>\n\t<meta property=\"og:image:type\" content=\"image\/jpeg\" \/>\n<meta name=\"twitter:card\" content=\"summary_large_image\" \/>\n<meta name=\"twitter:label1\" content=\"Est. reading time\" \/>\n\t<meta name=\"twitter:data1\" content=\"2 minutos\" \/>\n<script type=\"application\/ld+json\" class=\"yoast-schema-graph\">{\"@context\":\"https:\/\/schema.org\",\"@graph\":[{\"@type\":\"WebPage\",\"@id\":\"https:\/\/graziamagazine.com\/es\/articles\/virtual-garden-la-coleccion-inspirada-en-la-naturaleza-de-tous\/\",\"url\":\"https:\/\/graziamagazine.com\/es\/articles\/virtual-garden-la-coleccion-inspirada-en-la-naturaleza-de-tous\/\",\"name\":\"Virtual Garden: La nueva colecci\u00f3n Fall Winter 2022\/23 de Tous\",\"isPartOf\":{\"@id\":\"https:\/\/graziamagazine.com\/es\/#website\"},\"datePublished\":\"2022-09-12T15:26:43+00:00\",\"dateModified\":\"2022-09-12T15:26:43+00:00\",\"description\":\"Tous presenta Virtual Garden, una colecci\u00f3n desarrollada en 5 colecciones paralelas: Virtual Garden, Plump, Lure, Boss Bear y Bent\",\"breadcrumb\":{\"@id\":\"https:\/\/graziamagazine.com\/es\/articles\/virtual-garden-la-coleccion-inspirada-en-la-naturaleza-de-tous\/#breadcrumb\"},\"inLanguage\":\"es\",\"potentialAction\":[{\"@type\":\"ReadAction\",\"target\":[\"https:\/\/graziamagazine.com\/es\/articles\/virtual-garden-la-coleccion-inspirada-en-la-naturaleza-de-tous\/\"]}]},{\"@type\":\"BreadcrumbList\",\"@id\":\"https:\/\/graziamagazine.com\/es\/articles\/virtual-garden-la-coleccion-inspirada-en-la-naturaleza-de-tous\/#breadcrumb\",\"itemListElement\":[{\"@type\":\"ListItem\",\"position\":1,\"name\":\"Portada\",\"item\":\"https:\/\/graziamagazine.com\/es\/\"},{\"@type\":\"ListItem\",\"position\":2,\"name\":\"Virtual Garden, la colecci\u00f3n inspirada en la naturaleza de Tous\"}]},{\"@type\":\"WebSite\",\"@id\":\"https:\/\/graziamagazine.com\/es\/#website\",\"url\":\"https:\/\/graziamagazine.com\/es\/\",\"name\":\"Grazia\",\"description\":\"Moda, belleza, celebrities, estilo de vida...\",\"potentialAction\":[{\"@type\":\"SearchAction\",\"target\":{\"@type\":\"EntryPoint\",\"urlTemplate\":\"https:\/\/graziamagazine.com\/es\/?s={search_term_string}\"},\"query-input\":\"required name=search_term_string\"}],\"inLanguage\":\"es\"}]}<\/script>\n<!-- \/ Yoast SEO Premium plugin. -->","yoast_head_json":{"title":"Virtual Garden: La nueva colecci\u00f3n Fall Winter 2022\/23 de Tous","description":"Tous presenta Virtual Garden, una colecci\u00f3n desarrollada en 5 colecciones paralelas: Virtual Garden, Plump, Lure, Boss Bear y Bent","robots":{"index":"index","follow":"follow","max-snippet":"max-snippet:-1","max-image-preview":"max-image-preview:large","max-video-preview":"max-video-preview:-1"},"canonical":"https:\/\/graziamagazine.com\/es\/articles\/virtual-garden-la-coleccion-inspirada-en-la-naturaleza-de-tous\/","og_locale":"es_ES","og_type":"article","og_title":"Virtual Garden, la colecci\u00f3n inspirada en la naturaleza de Tous","og_description":"Tous presenta Virtual Garden, una colecci\u00f3n desarrollada en 5 colecciones paralelas: Virtual Garden, Plump, Lure, Boss Bear y Bent","og_url":"https:\/\/graziamagazine.com\/es\/articles\/virtual-garden-la-coleccion-inspirada-en-la-naturaleza-de-tous\/","og_site_name":"Grazia","og_image":[{"width":1080,"height":840,"url":"https:\/\/graziamagazine.com\/es\/wp-content\/uploads\/sites\/12\/2022\/09\/TOUS_VIRTUAL_GARDEN_BODEGONS_4_55-e1662735178715.jpg","type":"image\/jpeg"}],"twitter_card":"summary_large_image","twitter_misc":{"Est. reading time":"2 minutos"},"schema":{"@context":"https:\/\/schema.org","@graph":[{"@type":"WebPage","@id":"https:\/\/graziamagazine.com\/es\/articles\/virtual-garden-la-coleccion-inspirada-en-la-naturaleza-de-tous\/","url":"https:\/\/graziamagazine.com\/es\/articles\/virtual-garden-la-coleccion-inspirada-en-la-naturaleza-de-tous\/","name":"Virtual Garden: La nueva colecci\u00f3n Fall Winter 2022\/23 de Tous","isPartOf":{"@id":"https:\/\/graziamagazine.com\/es\/#website"},"datePublished":"2022-09-12T15:26:43+00:00","dateModified":"2022-09-12T15:26:43+00:00","description":"Tous presenta Virtual Garden, una colecci\u00f3n desarrollada en 5 colecciones paralelas: Virtual Garden, Plump, Lure, Boss Bear y Bent","breadcrumb":{"@id":"https:\/\/graziamagazine.com\/es\/articles\/virtual-garden-la-coleccion-inspirada-en-la-naturaleza-de-tous\/#breadcrumb"},"inLanguage":"es","potentialAction":[{"@type":"ReadAction","target":["https:\/\/graziamagazine.com\/es\/articles\/virtual-garden-la-coleccion-inspirada-en-la-naturaleza-de-tous\/"]}]},{"@type":"BreadcrumbList","@id":"https:\/\/graziamagazine.com\/es\/articles\/virtual-garden-la-coleccion-inspirada-en-la-naturaleza-de-tous\/#breadcrumb","itemListElement":[{"@type":"ListItem","position":1,"name":"Portada","item":"https:\/\/graziamagazine.com\/es\/"},{"@type":"ListItem","position":2,"name":"Virtual Garden, la colecci\u00f3n inspirada en la naturaleza de Tous"}]},{"@type":"WebSite","@id":"https:\/\/graziamagazine.com\/es\/#website","url":"https:\/\/graziamagazine.com\/es\/","name":"Grazia","description":"Moda, belleza, celebrities, estilo de vida...","potentialAction":[{"@type":"SearchAction","target":{"@type":"EntryPoint","urlTemplate":"https:\/\/graziamagazine.com\/es\/?s={search_term_string}"},"query-input":"required name=search_term_string"}],"inLanguage":"es"}]}},"jetpack_sharing_enabled":true,"distributor_meta":false,"distributor_terms":false,"distributor_media":false,"distributor_original_site_name":"Grazia","distributor_original_site_url":"https:\/\/graziamagazine.com\/es","push-errors":false,"_links":{"self":[{"href":"https:\/\/graziamagazine.com\/es\/wp-json\/wp\/v2\/articles\/165579"}],"collection":[{"href":"https:\/\/graziamagazine.com\/es\/wp-json\/wp\/v2\/articles"}],"about":[{"href":"https:\/\/graziamagazine.com\/es\/wp-json\/wp\/v2\/types\/articles"}],"author":[{"embeddable":true,"href":"https:\/\/graziamagazine.com\/es\/wp-json\/wp\/v2\/users\/16349"}],"wp:featuredmedia":[{"embeddable":true,"href":"https:\/\/graziamagazine.com\/es\/wp-json\/wp\/v2\/media\/165580"}],"wp:attachment":[{"href":"https:\/\/graziamagazine.com\/es\/wp-json\/wp\/v2\/media?parent=165579"}],"wp:term":[{"taxonomy":"category","embeddable":true,"href":"https:\/\/graziamagazine.com\/es\/wp-json\/wp\/v2\/categories?post=165579"}],"curies":[{"name":"wp","href":"https:\/\/api.w.org\/{rel}","templated":true}]}}