{"id":165452,"date":"2022-09-08T12:12:29","date_gmt":"2022-09-08T10:12:29","guid":{"rendered":"https:\/\/graziamagazine.com\/es\/?post_type=articles&#038;p=165452"},"modified":"2022-09-08T12:51:16","modified_gmt":"2022-09-08T10:51:16","slug":"iphone-14-y-las-demas-novedades-de-apple","status":"publish","type":"articles","link":"https:\/\/graziamagazine.com\/es\/articles\/iphone-14-y-las-demas-novedades-de-apple\/","title":{"rendered":"iPhone 14 y las dem\u00e1s novedades de Apple"},"content":{"rendered":"<p><strong>Apple<\/strong> no deja de sorprendernos y este a\u00f1o super\u00f3 las expectativas sobre las innovaciones en los productos clave de la marca. El evento se llev\u00f3 a cabo este 9 de septiembre desde el <strong>Teatro Steve Jobs<\/strong> en Cupertino, California.<\/p>\n<h3><strong>iPhone 14 Pro<\/strong><\/h3>\n<p>Pese a lo que muchos cre\u00edan, esta vez el <strong>iPhone 14 Pro<\/strong> deslumbra con una nueva funci\u00f3n: <strong>isla din\u00e1mica<\/strong>.<\/p>\n<p>Es un sistema entre el software y el hardware, que permite que los usuarios puedan navegar por el iPhone sin tener que abandonar la app en la que se encuentren mientras nuevas notificaciones entran. Los nuevos widgets funcionar\u00e1n con la isla din\u00e1mica.<\/p>\n<p>El nuevo dispositivo viene equipado con un procesador A16 Bionic y un sensor 65% mejor que el anterior.<\/p>\n<p>Los colores disponibles son Space black, silver, gold, deep purple.<\/p>\n<p>El 2X Telephoto regresa en iPhone 14 Pro. Y la c\u00e1mara contar\u00e1 con 48 megapixeles.<\/p>\n<figure id=\"attachment_116701\" class=\"wp-caption alignnone\" style=\"width: 1024px\" aria-describedby=\"caption-attachment-116701\"><img loading=\"lazy\" decoding=\"async\" class=\"wp-image-116701 size-large\" src=\"https:\/\/graziamagazine.com\/mx\/wp-content\/uploads\/sites\/13\/2022\/09\/iphone-14-pro-e1662579897394.jpg?w=1024&amp;resize=1024%2C576\" alt=\"\" width=\"1024\" height=\"576\" data-recalc-dims=\"1\" \/><\/figure>\n<h3><strong>iPhone 14 y 14 Plus <\/strong><\/h3>\n<p>Tendr\u00e1n pantalla OLED de 6.1 y 6.7 pulgadas (plus) y el chip A15 con mayor velocidad de procesamiento.<\/p>\n<p>Seg\u00fan Apple, los modelos 14 tienen 49% mejor desempe\u00f1o en luz baja con una nueva c\u00e1mara principal con 12 megapixeles y con f\/1,5 de apertura. Mejora tambi\u00e9n la c\u00e1mara ultra gran angular. La c\u00e1mara frontal es 38% m\u00e1s eficiente con baja luz y auto foco.<\/p>\n<p>Adem\u00e1s, mejora de 2 veces las fotograf\u00edas con poca luz en las c\u00e1maras frontal y ultraancha, y mejora de 2.5 veces con poca luz en la c\u00e1mara principal.<\/p>\n<p>En video incluye un sensor que estabiliza la imagen sin necesidad de usar gadgets adicionales.<\/p>\n<p>Tendr\u00e1n una <strong>eSIM<\/strong> que dejar\u00e1n las sim f\u00edsicas en el pasado. Aunque por ahora, ese servicio solo est\u00e1 disponible en los Estados Unidos.<\/p>\n<p>El lanzamiento ser\u00e1 el 16 de septiembre y el del Plus el pr\u00f3ximo 7 de octubre.<\/p>\n<blockquote><p>Los iPhone 14 parten de 1.009 euros, y los iPhone 14 Pro, de 1.319 euros.<\/p><\/blockquote>\n<figure id=\"attachment_116702\" class=\"wp-caption alignnone\" style=\"width: 1024px\" aria-describedby=\"caption-attachment-116702\"><div id=\"v-FZmNegoP-1\" class=\"video-player\"><iframe title='VideoPress Video Player' aria-label='VideoPress Video Player' width='0' height='0' src='https:\/\/videopress.com\/embed\/FZmNegoP?hd=1&amp;cover=1&amp;loop=0&amp;autoPlay=0&amp;permalink=1&amp;muted=0&amp;controls=1&amp;playsinline=0&amp;useAverageColor=0&amp;preloadContent=metadata' frameborder='0' allowfullscreen data-resize-to-parent=\"true\" allow='clipboard-write'><\/iframe><script src='https:\/\/s0.wp.com\/wp-content\/plugins\/video\/assets\/js\/next\/videopress-iframe.js'><\/script><\/div><\/figure>\n<p>&nbsp;<\/p>\n<h3><strong>Detector de choques y comunicaci\u00f3n satelital<\/strong><\/h3>\n<p>En todos los modelos se incluye el detector de choques y es lo m\u00e1ximo. Tendr\u00e1n un giroscopio y aceler\u00f3metro que ayudar\u00e1 a detectar un choque frontal, de lado, trasero o una volcadura e inmediatamente llamar\u00e1 a los servicios de emergencia, indic\u00e1ndoles la ubicaci\u00f3n exacta del accidente. Este servicio comenzar\u00e1 en Estados Unidos y Canad\u00e1.<\/p>\n<p>Adem\u00e1s, tendr\u00e1n comunicaci\u00f3n satelital. El iPhone buscar\u00e1 la colocaci\u00f3n de un sat\u00e9lite para hacer m\u00e1s eficiente la comunicaci\u00f3n y desplegar\u00e1 preguntas preestablecidas sobre la emergencia que enviar\u00e1 a quien reciba la llamada de auxilio.<\/p>\n<p>Esto optimizar\u00e1 la respuesta, ya que el env\u00edo de un mensaje satelital puede tardar varios minutos, esenciales cuando se trata de una emergencia.<\/p>\n<p>Cuando el servicio de emergencia no pueda recibir mensajes de texto, sino llamadas, el nuevo servicio de asistencia en emergencias de Apple har\u00e1 la llamada por el usuario. De modo que siempre se pueda acudir en auxilio.<\/p>\n<blockquote>\n<p id=\"m337-336-338\" class=\"paragraph \">El iPhone 14 y el iPhone 14 Plus estar\u00e1n disponibles en medianoche, azul, blanco estrella, p\u00farpura y (PRODUCT)RED y el iPhone 14 Pro y el iPhone 14 Pro Max estar\u00e1n disponibles en morado oscuro, plata, oro y negro espacial<\/p>\n<\/blockquote>\n<h3><img loading=\"lazy\" decoding=\"async\" class=\"aligncenter size-full wp-image-165461\" src=\"https:\/\/graziamagazine.com\/es\/wp-content\/uploads\/sites\/12\/2022\/09\/hero_all_colors__dvlwc1u257qu_large.jpeg\" alt=\"iPhone 14 y las dem\u00e1s novedades de Apple\" width=\"1024\" height=\"434\" \/><\/h3>\n<h3><strong>El nuevo Apple Watch Series 8<\/strong><\/h3>\n<p>Esta versi\u00f3n se diferencia much\u00edsimo de las dem\u00e1s, incluye tambi\u00e9n detecci\u00f3n de choques, sensor de temperatura que permitir\u00e1 predecir la ovulaci\u00f3n, que, hasta el momento, solo era posible por test m\u00e9dicos diarios. Se cree que esto ayudar\u00e1 a las mujeres que buscan concebir.<\/p>\n<p>Su precio va desde los $9,999 a los $30,000 pesos, dependiendo la correa que desees comprar. Estar\u00e1 disponible a partir del 16 de septiembre.<\/p>\n<figure id=\"attachment_116703\" class=\"wp-caption alignnone\" style=\"width: 1024px\" aria-describedby=\"caption-attachment-116703\"><img loading=\"lazy\" decoding=\"async\" class=\"wp-image-116703 size-large\" src=\"https:\/\/graziamagazine.com\/mx\/wp-content\/uploads\/sites\/13\/2022\/09\/watch-series-8.jpg?w=1024&amp;resize=1024%2C642\" alt=\"\" width=\"1024\" height=\"642\" data-recalc-dims=\"1\" \/><\/figure>\n<h3><strong>Apple Watch SE<\/strong><\/h3>\n<p>Incluye GPS y celular y es la versi\u00f3n m\u00e1s econ\u00f3mica del Apple Watch y costar\u00e1 entre $249 y $299 d\u00f3lares.<\/p>\n<figure id=\"attachment_116704\" class=\"wp-caption alignnone\" style=\"width: 1024px\" aria-describedby=\"caption-attachment-116704\"><img loading=\"lazy\" decoding=\"async\" class=\"wp-image-116704 size-large\" src=\"https:\/\/graziamagazine.com\/mx\/wp-content\/uploads\/sites\/13\/2022\/09\/watch-SE.jpg?w=1024&amp;resize=1024%2C577\" alt=\"\" width=\"1024\" height=\"577\" data-recalc-dims=\"1\" \/><\/figure>\n<h3><strong>Apple Watch Ultra <\/strong><\/h3>\n<p>Enfocado en deportistas extremos, este modelo fue la gran revelaci\u00f3n. Seg\u00fan Apple, estuvieron trabajando en este proyecto por a\u00f1os y por fin lo presentaron.<\/p>\n<p>Tendr\u00e1 una caja de 49 mm con una pantalla de cristal de zafiro que resistir\u00e1 las peores inclemencias del clima.<\/p>\n<p>Podr\u00e1 ser usado por buzos, pues permite sumergirlo a una profundidad de 100 metros. Tiene una gran precisi\u00f3n en el GPS y una br\u00fajula interna. Tiene una segunda bocina para poder escucharlo en cualquier ambiente, incluido el viento.<\/p>\n<p>La bater\u00eda estar\u00e1 disponible por 36 horas con una sola carga y 60 horas con la optimizaci\u00f3n de bater\u00eda que estar\u00e1 lista en oto\u00f1o+<\/p>\n<p>La pantalla tendr\u00e1 modo nocturno y se tornar\u00e1 roja, para mejorar su visibilidad.<\/p>\n<p>Tendr\u00e1 un precio de $799 d\u00f3lares y estar\u00e1 listo para la venta el 23 de septiembre.<\/p>\n<h3><strong>Airpods Pro<\/strong><\/h3>\n<p>Lo novedoso es el nuevo H2 que mejora funciones de los <strong>AirPods<\/strong> anteriores. Cancelaci\u00f3n de sonido y el Audio Espacial que har\u00e1n los sonidos m\u00e1s reales, como si estuvieras en un escenario mientras tu banda favorita est\u00e1 tocando.<\/p>\n<p>El audio espacial ahora podr\u00e1 ser personalizado. El volumen podr\u00e1 ser ajustado con un toque en los AirPods. Costar\u00e1n 249 d\u00f3lares y estar\u00e1n disponibles el 23 de septiembre.<\/p>\n<figure id=\"attachment_116706\" class=\"wp-caption alignnone\" style=\"width: 1024px\" aria-describedby=\"caption-attachment-116706\"><img loading=\"lazy\" decoding=\"async\" class=\"wp-image-116706 size-large\" src=\"https:\/\/graziamagazine.com\/mx\/wp-content\/uploads\/sites\/13\/2022\/09\/airpodspro.jpg?w=1024&amp;resize=1024%2C577\" alt=\"\" width=\"1024\" height=\"577\" data-recalc-dims=\"1\" \/><\/figure>\n<p><em>*Im\u00e1genes: cortes\u00eda\u00a0<\/em><\/p>\n<p>&nbsp;<\/p>\n<p>&nbsp;<\/p>\n","protected":false},"author":16349,"featured_media":165465,"template":"","format":"standard","categories":[19],"acf":[],"yoast_head":"<!-- This site is optimized with the Yoast SEO Premium plugin v18.5 (Yoast SEO v20.4) - https:\/\/yoast.com\/wordpress\/plugins\/seo\/ -->\n<title>iPhone 14 y las dem\u00e1s novedades de Apple | Grazia<\/title>\n<meta name=\"description\" content=\"Se han presentado las nuevas versiones del iPhone, Apple Watch y AirPods y te contamos los detalles de los nuevos objetos de deseo.\" \/>\n<meta name=\"robots\" content=\"index, follow, max-snippet:-1, max-image-preview:large, max-video-preview:-1\" \/>\n<link rel=\"canonical\" href=\"https:\/\/graziamagazine.com\/es\/articles\/iphone-14-y-las-demas-novedades-de-apple\/\" \/>\n<meta property=\"og:locale\" content=\"es_ES\" \/>\n<meta property=\"og:type\" content=\"article\" \/>\n<meta property=\"og:title\" content=\"iPhone 14 y las dem\u00e1s novedades de Apple\" \/>\n<meta property=\"og:description\" content=\"Se han presentado las nuevas versiones del iPhone, Apple Watch y AirPods y te contamos los detalles de los nuevos objetos de deseo.\" \/>\n<meta property=\"og:url\" content=\"https:\/\/graziamagazine.com\/es\/articles\/iphone-14-y-las-demas-novedades-de-apple\/\" \/>\n<meta property=\"og:site_name\" content=\"Grazia\" \/>\n<meta property=\"article:modified_time\" content=\"2022-09-08T10:51:16+00:00\" \/>\n<meta property=\"og:image\" content=\"https:\/\/graziamagazine.com\/es\/wp-content\/uploads\/sites\/12\/2022\/09\/Apple-iPhone-14-Pro-iPhone-14-Pro-Max-hero-220907_Full-Bleed-Image.jpg.large_.jpg\" \/>\n\t<meta property=\"og:image:width\" content=\"1440\" \/>\n\t<meta property=\"og:image:height\" content=\"810\" \/>\n\t<meta property=\"og:image:type\" content=\"image\/jpeg\" \/>\n<meta name=\"twitter:card\" content=\"summary_large_image\" \/>\n<meta name=\"twitter:label1\" content=\"Est. reading time\" \/>\n\t<meta name=\"twitter:data1\" content=\"5 minutos\" \/>\n<script type=\"application\/ld+json\" class=\"yoast-schema-graph\">{\"@context\":\"https:\/\/schema.org\",\"@graph\":[{\"@type\":\"WebPage\",\"@id\":\"https:\/\/graziamagazine.com\/es\/articles\/iphone-14-y-las-demas-novedades-de-apple\/\",\"url\":\"https:\/\/graziamagazine.com\/es\/articles\/iphone-14-y-las-demas-novedades-de-apple\/\",\"name\":\"iPhone 14 y las dem\u00e1s novedades de Apple | Grazia\",\"isPartOf\":{\"@id\":\"https:\/\/graziamagazine.com\/es\/#website\"},\"datePublished\":\"2022-09-08T10:12:29+00:00\",\"dateModified\":\"2022-09-08T10:51:16+00:00\",\"description\":\"Se han presentado las nuevas versiones del iPhone, Apple Watch y AirPods y te contamos los detalles de los nuevos objetos de deseo.\",\"breadcrumb\":{\"@id\":\"https:\/\/graziamagazine.com\/es\/articles\/iphone-14-y-las-demas-novedades-de-apple\/#breadcrumb\"},\"inLanguage\":\"es\",\"potentialAction\":[{\"@type\":\"ReadAction\",\"target\":[\"https:\/\/graziamagazine.com\/es\/articles\/iphone-14-y-las-demas-novedades-de-apple\/\"]}]},{\"@type\":\"BreadcrumbList\",\"@id\":\"https:\/\/graziamagazine.com\/es\/articles\/iphone-14-y-las-demas-novedades-de-apple\/#breadcrumb\",\"itemListElement\":[{\"@type\":\"ListItem\",\"position\":1,\"name\":\"Portada\",\"item\":\"https:\/\/graziamagazine.com\/es\/\"},{\"@type\":\"ListItem\",\"position\":2,\"name\":\"iPhone 14 y las dem\u00e1s novedades de Apple\"}]},{\"@type\":\"WebSite\",\"@id\":\"https:\/\/graziamagazine.com\/es\/#website\",\"url\":\"https:\/\/graziamagazine.com\/es\/\",\"name\":\"Grazia\",\"description\":\"Moda, belleza, celebrities, estilo de vida...\",\"potentialAction\":[{\"@type\":\"SearchAction\",\"target\":{\"@type\":\"EntryPoint\",\"urlTemplate\":\"https:\/\/graziamagazine.com\/es\/?s={search_term_string}\"},\"query-input\":\"required name=search_term_string\"}],\"inLanguage\":\"es\"}]}<\/script>\n<!-- \/ Yoast SEO Premium plugin. -->","yoast_head_json":{"title":"iPhone 14 y las dem\u00e1s novedades de Apple | Grazia","description":"Se han presentado las nuevas versiones del iPhone, Apple Watch y AirPods y te contamos los detalles de los nuevos objetos de deseo.","robots":{"index":"index","follow":"follow","max-snippet":"max-snippet:-1","max-image-preview":"max-image-preview:large","max-video-preview":"max-video-preview:-1"},"canonical":"https:\/\/graziamagazine.com\/es\/articles\/iphone-14-y-las-demas-novedades-de-apple\/","og_locale":"es_ES","og_type":"article","og_title":"iPhone 14 y las dem\u00e1s novedades de Apple","og_description":"Se han presentado las nuevas versiones del iPhone, Apple Watch y AirPods y te contamos los detalles de los nuevos objetos de deseo.","og_url":"https:\/\/graziamagazine.com\/es\/articles\/iphone-14-y-las-demas-novedades-de-apple\/","og_site_name":"Grazia","article_modified_time":"2022-09-08T10:51:16+00:00","og_image":[{"width":1440,"height":810,"url":"https:\/\/graziamagazine.com\/es\/wp-content\/uploads\/sites\/12\/2022\/09\/Apple-iPhone-14-Pro-iPhone-14-Pro-Max-hero-220907_Full-Bleed-Image.jpg.large_.jpg","type":"image\/jpeg"}],"twitter_card":"summary_large_image","twitter_misc":{"Est. reading time":"5 minutos"},"schema":{"@context":"https:\/\/schema.org","@graph":[{"@type":"WebPage","@id":"https:\/\/graziamagazine.com\/es\/articles\/iphone-14-y-las-demas-novedades-de-apple\/","url":"https:\/\/graziamagazine.com\/es\/articles\/iphone-14-y-las-demas-novedades-de-apple\/","name":"iPhone 14 y las dem\u00e1s novedades de Apple | Grazia","isPartOf":{"@id":"https:\/\/graziamagazine.com\/es\/#website"},"datePublished":"2022-09-08T10:12:29+00:00","dateModified":"2022-09-08T10:51:16+00:00","description":"Se han presentado las nuevas versiones del iPhone, Apple Watch y AirPods y te contamos los detalles de los nuevos objetos de deseo.","breadcrumb":{"@id":"https:\/\/graziamagazine.com\/es\/articles\/iphone-14-y-las-demas-novedades-de-apple\/#breadcrumb"},"inLanguage":"es","potentialAction":[{"@type":"ReadAction","target":["https:\/\/graziamagazine.com\/es\/articles\/iphone-14-y-las-demas-novedades-de-apple\/"]}]},{"@type":"BreadcrumbList","@id":"https:\/\/graziamagazine.com\/es\/articles\/iphone-14-y-las-demas-novedades-de-apple\/#breadcrumb","itemListElement":[{"@type":"ListItem","position":1,"name":"Portada","item":"https:\/\/graziamagazine.com\/es\/"},{"@type":"ListItem","position":2,"name":"iPhone 14 y las dem\u00e1s novedades de Apple"}]},{"@type":"WebSite","@id":"https:\/\/graziamagazine.com\/es\/#website","url":"https:\/\/graziamagazine.com\/es\/","name":"Grazia","description":"Moda, belleza, celebrities, estilo de vida...","potentialAction":[{"@type":"SearchAction","target":{"@type":"EntryPoint","urlTemplate":"https:\/\/graziamagazine.com\/es\/?s={search_term_string}"},"query-input":"required name=search_term_string"}],"inLanguage":"es"}]}},"jetpack_sharing_enabled":true,"distributor_meta":false,"distributor_terms":false,"distributor_media":false,"distributor_original_site_name":"Grazia","distributor_original_site_url":"https:\/\/graziamagazine.com\/es","push-errors":false,"_links":{"self":[{"href":"https:\/\/graziamagazine.com\/es\/wp-json\/wp\/v2\/articles\/165452"}],"collection":[{"href":"https:\/\/graziamagazine.com\/es\/wp-json\/wp\/v2\/articles"}],"about":[{"href":"https:\/\/graziamagazine.com\/es\/wp-json\/wp\/v2\/types\/articles"}],"author":[{"embeddable":true,"href":"https:\/\/graziamagazine.com\/es\/wp-json\/wp\/v2\/users\/16349"}],"wp:featuredmedia":[{"embeddable":true,"href":"https:\/\/graziamagazine.com\/es\/wp-json\/wp\/v2\/media\/165465"}],"wp:attachment":[{"href":"https:\/\/graziamagazine.com\/es\/wp-json\/wp\/v2\/media?parent=165452"}],"wp:term":[{"taxonomy":"category","embeddable":true,"href":"https:\/\/graziamagazine.com\/es\/wp-json\/wp\/v2\/categories?post=165452"}],"curies":[{"name":"wp","href":"https:\/\/api.w.org\/{rel}","templated":true}]}}