{"id":165374,"date":"2022-09-06T13:16:26","date_gmt":"2022-09-06T11:16:26","guid":{"rendered":"https:\/\/graziamagazine.com\/es\/?post_type=articles&#038;p=165374"},"modified":"2022-09-06T14:40:49","modified_gmt":"2022-09-06T12:40:49","slug":"5-mocasines-para-copiar-el-look-de-ana-de-armas-en-venecia","status":"publish","type":"articles","link":"https:\/\/graziamagazine.com\/es\/articles\/5-mocasines-para-copiar-el-look-de-ana-de-armas-en-venecia\/","title":{"rendered":"5 mocasines para copiar el look de Ana de Armas en Venecia"},"content":{"rendered":"<p>Sab\u00edamos ya desde la temporada pasada que los mocasines ser\u00edan de nuevo el zapato estrella del oto\u00f1o, aunque ya pr\u00e1cticamente no tienen temporalidad. Hemos visto como muchas <em>celebrities<\/em> los lucen en cualquier estaci\u00f3n, incluso Ana de Armas ha llegado al Festival de Cine de Venecia con ellos.<\/p>\n<p><img loading=\"lazy\" decoding=\"async\" class=\"aligncenter size-full wp-image-165387\" src=\"https:\/\/graziamagazine.com\/es\/wp-content\/uploads\/sites\/12\/2022\/09\/304996571_3298156537173151_3673510405921062877_n.jpg\" alt=\"5 mocasines para copiar el look de Ana de Armas en Venecia\" width=\"878\" height=\"1333\" \/><\/p>\n<p>Ahora que falta poco para que se termine el buen tiempo y llegue el oto\u00f1o, es un buen momento para que te hagas con los tuyos. Hemos recopilado varias ideas y estilos para que los sumes a tu armario de oto\u00f1o, aunque puedes comenzar a lucirlos desde ya. \u00bfTe apuntas?<\/p>\n<h3>Con suela track, de Prada<\/h3>\n<p>Su precio es de <a href=\"https:\/\/twitter.com\/SpainFBM2022\/status\/1567084047670583296\" target=\"_blank\">880 euros<\/a> en la web de la firma italiana.<\/p>\n<p><img loading=\"lazy\" decoding=\"async\" class=\"aligncenter size-full wp-image-165390\" src=\"https:\/\/graziamagazine.com\/es\/wp-content\/uploads\/sites\/12\/2022\/09\/Captura-de-pantalla-2022-09-06-a-las-13.55.08.png\" alt=\"5 mocasines para copiar el look de Ana de Armas en Venecia\" width=\"1024\" height=\"610\" \/><\/p>\n<h3>Con cadena, de Buffalo<\/h3>\n<p>Los Aspha Loafer Glam son veganos y tienen un precio de <a href=\"https:\/\/www.buffalo-boots.com\/es-es\/p\/aspha_loafer_glam_mocasines_veganos_negro-00016502072504.html\" target=\"_blank\">110 euros<\/a> en la web de la firma.<\/p>\n<p><img loading=\"lazy\" decoding=\"async\" class=\"aligncenter size-full wp-image-165392\" src=\"https:\/\/graziamagazine.com\/es\/wp-content\/uploads\/sites\/12\/2022\/09\/Captura-de-pantalla-2022-09-06-a-las-13.58.01.png\" alt=\"5 mocasines para copiar el look de Ana de Armas en Venecia\" width=\"1024\" height=\"743\" \/><\/p>\n<h3>Con puntera de hierro, de Sandro Paris<\/h3>\n<p>El cl\u00e1sico mocas\u00edn de borla se reinventa, con una placa met\u00e1lica. Su precio es de <a href=\"https:\/\/es.sandro-paris.com\/es\/mujer\/zapatos\/todos-zapatos\/mocasines-de-piel-con-suela-gruesa\/3607171733903.html?adlgid=c|x|||&amp;gclid=Cj0KCQjw39uYBhCLARIsAD_SzMS95bw_xgY7GqUPBIh8lws2IvOlO-OOYlMZTLjTFoIkQxl5KfG21eIaAhgvEALw_wcB\" target=\"_blank\">345 euros<\/a> en la web de la firma.<\/p>\n<p><img loading=\"lazy\" decoding=\"async\" class=\"aligncenter wp-image-165393 size-full\" src=\"https:\/\/graziamagazine.com\/es\/wp-content\/uploads\/sites\/12\/2022\/09\/Sandro_SFACH00621-20_V_3-e1662465725104.jpeg\" alt=\"5 mocasines para copiar el look de Ana de Armas en Venecia\" width=\"796\" height=\"644\" \/><\/p>\n<h3>En charol, de H&amp;M<\/h3>\n<p>Si lo tuyo es el brillo, estos son tus mocasines. Su precio es de <a href=\"https:\/\/www2.hm.com\/es_es\/productpage.1072834002.html?gclid=Cj0KCQjw39uYBhCLARIsAD_SzMTchF3KU2isTNkm6hdZbeUBhBT0OSyFRno7hAhh8X6jO3fvp0HusSsaAj1yEALw_wcB\" target=\"_blank\">29,99 euros<\/a> en su tienda online.<\/p>\n<p><img loading=\"lazy\" decoding=\"async\" class=\"aligncenter size-full wp-image-165394\" src=\"https:\/\/graziamagazine.com\/es\/wp-content\/uploads\/sites\/12\/2022\/09\/hmgoepprod-copia-e1662467869105.jpg\" alt=\"5 mocasines para copiar el look de Ana de Armas en Venecia\" width=\"751\" height=\"607\" \/><\/p>\n<h3>Con extra plataforma, de Roger Vivier<\/h3>\n<p>Los encuentros en My Theresa a un precio de <a href=\"https:\/\/www.mytheresa.com\/euro_es\/roger-vivier-viv-rangers-patent-leather-platform-loafers-2053190.html?lpcr=pdptrecoaff&amp;utm_source=affiliate&amp;utm_medium=affiliate.linkshare.uk&amp;PID=3157217&amp;ranMID=35663&amp;ranEAID=tv2R4u9rImY&amp;ranSiteID=tv2R4u9rImY-YaI969T8uwb46eQs45uWRg&amp;aff=set\" target=\"_blank\">890 euros<\/a>.<\/p>\n<p><img loading=\"lazy\" decoding=\"async\" class=\"aligncenter size-full wp-image-165395\" src=\"https:\/\/graziamagazine.com\/es\/wp-content\/uploads\/sites\/12\/2022\/09\/Captura-de-pantalla-2022-09-05-a-las-13.46.31-copia-e1662468011842.jpg\" alt=\"5 mocasines para copiar el look de Ana de Armas en Venecia\" width=\"1024\" height=\"724\" \/><\/p>\n<p>&nbsp;<\/p>\n<p><em>*Im\u00e1genes: Getty Images y cortes\u00eda\u00a0<\/em><\/p>\n","protected":false},"author":11653,"featured_media":165388,"template":"","format":"standard","categories":[2971,13,1],"acf":{"banner":null},"yoast_head":"<!-- This site is optimized with the Yoast SEO Premium plugin v18.5 (Yoast SEO v20.4) - https:\/\/yoast.com\/wordpress\/plugins\/seo\/ -->\n<title>5 mocasines para copiar el look de Ana de Armas en Venecia | Grazia<\/title>\n<meta name=\"description\" content=\"Si todav\u00eda no tienes unos mocasines en la tu lista de cosas a incluir en tu armario de oto\u00f1o, toma nota porque tenemos varias ideas.\" \/>\n<meta name=\"robots\" content=\"index, follow, max-snippet:-1, max-image-preview:large, max-video-preview:-1\" \/>\n<link rel=\"canonical\" href=\"https:\/\/graziamagazine.com\/es\/articles\/5-mocasines-para-copiar-el-look-de-ana-de-armas-en-venecia\/\" \/>\n<meta property=\"og:locale\" content=\"es_ES\" \/>\n<meta property=\"og:type\" content=\"article\" \/>\n<meta property=\"og:title\" content=\"5 mocasines para copiar el look de Ana de Armas en Venecia\" \/>\n<meta property=\"og:description\" content=\"Si todav\u00eda no tienes unos mocasines en la tu lista de cosas a incluir en tu armario de oto\u00f1o, toma nota porque tenemos varias ideas.\" \/>\n<meta property=\"og:url\" content=\"https:\/\/graziamagazine.com\/es\/articles\/5-mocasines-para-copiar-el-look-de-ana-de-armas-en-venecia\/\" \/>\n<meta property=\"og:site_name\" content=\"Grazia\" \/>\n<meta property=\"article:modified_time\" content=\"2022-09-06T12:40:49+00:00\" \/>\n<meta property=\"og:image\" content=\"https:\/\/graziamagazine.com\/es\/wp-content\/uploads\/sites\/12\/2022\/09\/mono-vaquero-ana-armas-venecia-e1662462976905.jpeg\" \/>\n\t<meta property=\"og:image:width\" content=\"908\" \/>\n\t<meta property=\"og:image:height\" content=\"733\" \/>\n\t<meta property=\"og:image:type\" content=\"image\/jpeg\" \/>\n<meta name=\"twitter:card\" content=\"summary_large_image\" \/>\n<meta name=\"twitter:label1\" content=\"Est. reading time\" \/>\n\t<meta name=\"twitter:data1\" content=\"1 minuto\" \/>\n<script type=\"application\/ld+json\" class=\"yoast-schema-graph\">{\"@context\":\"https:\/\/schema.org\",\"@graph\":[{\"@type\":\"WebPage\",\"@id\":\"https:\/\/graziamagazine.com\/es\/articles\/5-mocasines-para-copiar-el-look-de-ana-de-armas-en-venecia\/\",\"url\":\"https:\/\/graziamagazine.com\/es\/articles\/5-mocasines-para-copiar-el-look-de-ana-de-armas-en-venecia\/\",\"name\":\"5 mocasines para copiar el look de Ana de Armas en Venecia | Grazia\",\"isPartOf\":{\"@id\":\"https:\/\/graziamagazine.com\/es\/#website\"},\"datePublished\":\"2022-09-06T11:16:26+00:00\",\"dateModified\":\"2022-09-06T12:40:49+00:00\",\"description\":\"Si todav\u00eda no tienes unos mocasines en la tu lista de cosas a incluir en tu armario de oto\u00f1o, toma nota porque tenemos varias ideas.\",\"breadcrumb\":{\"@id\":\"https:\/\/graziamagazine.com\/es\/articles\/5-mocasines-para-copiar-el-look-de-ana-de-armas-en-venecia\/#breadcrumb\"},\"inLanguage\":\"es\",\"potentialAction\":[{\"@type\":\"ReadAction\",\"target\":[\"https:\/\/graziamagazine.com\/es\/articles\/5-mocasines-para-copiar-el-look-de-ana-de-armas-en-venecia\/\"]}]},{\"@type\":\"BreadcrumbList\",\"@id\":\"https:\/\/graziamagazine.com\/es\/articles\/5-mocasines-para-copiar-el-look-de-ana-de-armas-en-venecia\/#breadcrumb\",\"itemListElement\":[{\"@type\":\"ListItem\",\"position\":1,\"name\":\"Portada\",\"item\":\"https:\/\/graziamagazine.com\/es\/\"},{\"@type\":\"ListItem\",\"position\":2,\"name\":\"5 mocasines para copiar el look de Ana de Armas en Venecia\"}]},{\"@type\":\"WebSite\",\"@id\":\"https:\/\/graziamagazine.com\/es\/#website\",\"url\":\"https:\/\/graziamagazine.com\/es\/\",\"name\":\"Grazia\",\"description\":\"Moda, belleza, celebrities, estilo de vida...\",\"potentialAction\":[{\"@type\":\"SearchAction\",\"target\":{\"@type\":\"EntryPoint\",\"urlTemplate\":\"https:\/\/graziamagazine.com\/es\/?s={search_term_string}\"},\"query-input\":\"required name=search_term_string\"}],\"inLanguage\":\"es\"}]}<\/script>\n<!-- \/ Yoast SEO Premium plugin. -->","yoast_head_json":{"title":"5 mocasines para copiar el look de Ana de Armas en Venecia | Grazia","description":"Si todav\u00eda no tienes unos mocasines en la tu lista de cosas a incluir en tu armario de oto\u00f1o, toma nota porque tenemos varias ideas.","robots":{"index":"index","follow":"follow","max-snippet":"max-snippet:-1","max-image-preview":"max-image-preview:large","max-video-preview":"max-video-preview:-1"},"canonical":"https:\/\/graziamagazine.com\/es\/articles\/5-mocasines-para-copiar-el-look-de-ana-de-armas-en-venecia\/","og_locale":"es_ES","og_type":"article","og_title":"5 mocasines para copiar el look de Ana de Armas en Venecia","og_description":"Si todav\u00eda no tienes unos mocasines en la tu lista de cosas a incluir en tu armario de oto\u00f1o, toma nota porque tenemos varias ideas.","og_url":"https:\/\/graziamagazine.com\/es\/articles\/5-mocasines-para-copiar-el-look-de-ana-de-armas-en-venecia\/","og_site_name":"Grazia","article_modified_time":"2022-09-06T12:40:49+00:00","og_image":[{"width":908,"height":733,"url":"https:\/\/graziamagazine.com\/es\/wp-content\/uploads\/sites\/12\/2022\/09\/mono-vaquero-ana-armas-venecia-e1662462976905.jpeg","type":"image\/jpeg"}],"twitter_card":"summary_large_image","twitter_misc":{"Est. reading time":"1 minuto"},"schema":{"@context":"https:\/\/schema.org","@graph":[{"@type":"WebPage","@id":"https:\/\/graziamagazine.com\/es\/articles\/5-mocasines-para-copiar-el-look-de-ana-de-armas-en-venecia\/","url":"https:\/\/graziamagazine.com\/es\/articles\/5-mocasines-para-copiar-el-look-de-ana-de-armas-en-venecia\/","name":"5 mocasines para copiar el look de Ana de Armas en Venecia | Grazia","isPartOf":{"@id":"https:\/\/graziamagazine.com\/es\/#website"},"datePublished":"2022-09-06T11:16:26+00:00","dateModified":"2022-09-06T12:40:49+00:00","description":"Si todav\u00eda no tienes unos mocasines en la tu lista de cosas a incluir en tu armario de oto\u00f1o, toma nota porque tenemos varias ideas.","breadcrumb":{"@id":"https:\/\/graziamagazine.com\/es\/articles\/5-mocasines-para-copiar-el-look-de-ana-de-armas-en-venecia\/#breadcrumb"},"inLanguage":"es","potentialAction":[{"@type":"ReadAction","target":["https:\/\/graziamagazine.com\/es\/articles\/5-mocasines-para-copiar-el-look-de-ana-de-armas-en-venecia\/"]}]},{"@type":"BreadcrumbList","@id":"https:\/\/graziamagazine.com\/es\/articles\/5-mocasines-para-copiar-el-look-de-ana-de-armas-en-venecia\/#breadcrumb","itemListElement":[{"@type":"ListItem","position":1,"name":"Portada","item":"https:\/\/graziamagazine.com\/es\/"},{"@type":"ListItem","position":2,"name":"5 mocasines para copiar el look de Ana de Armas en Venecia"}]},{"@type":"WebSite","@id":"https:\/\/graziamagazine.com\/es\/#website","url":"https:\/\/graziamagazine.com\/es\/","name":"Grazia","description":"Moda, belleza, celebrities, estilo de vida...","potentialAction":[{"@type":"SearchAction","target":{"@type":"EntryPoint","urlTemplate":"https:\/\/graziamagazine.com\/es\/?s={search_term_string}"},"query-input":"required name=search_term_string"}],"inLanguage":"es"}]}},"jetpack_sharing_enabled":true,"distributor_meta":false,"distributor_terms":false,"distributor_media":false,"distributor_original_site_name":"Grazia","distributor_original_site_url":"https:\/\/graziamagazine.com\/es","push-errors":false,"_links":{"self":[{"href":"https:\/\/graziamagazine.com\/es\/wp-json\/wp\/v2\/articles\/165374"}],"collection":[{"href":"https:\/\/graziamagazine.com\/es\/wp-json\/wp\/v2\/articles"}],"about":[{"href":"https:\/\/graziamagazine.com\/es\/wp-json\/wp\/v2\/types\/articles"}],"author":[{"embeddable":true,"href":"https:\/\/graziamagazine.com\/es\/wp-json\/wp\/v2\/users\/11653"}],"wp:featuredmedia":[{"embeddable":true,"href":"https:\/\/graziamagazine.com\/es\/wp-json\/wp\/v2\/media\/165388"}],"wp:attachment":[{"href":"https:\/\/graziamagazine.com\/es\/wp-json\/wp\/v2\/media?parent=165374"}],"wp:term":[{"taxonomy":"category","embeddable":true,"href":"https:\/\/graziamagazine.com\/es\/wp-json\/wp\/v2\/categories?post=165374"}],"curies":[{"name":"wp","href":"https:\/\/api.w.org\/{rel}","templated":true}]}}