{"id":165307,"date":"2022-09-02T11:06:25","date_gmt":"2022-09-02T09:06:25","guid":{"rendered":"https:\/\/graziamagazine.com\/es\/?post_type=articles&#038;p=165307"},"modified":"2022-09-02T11:50:09","modified_gmt":"2022-09-02T09:50:09","slug":"el-otono-segun-christian-lacroix-y-desigual","status":"publish","type":"articles","link":"https:\/\/graziamagazine.com\/es\/articles\/el-otono-segun-christian-lacroix-y-desigual\/","title":{"rendered":"El oto\u00f1o seg\u00fan Christian Lacroix y Desigual"},"content":{"rendered":"<p>En Desigual, el arranque de la temporada FW22 est\u00e1 marcado por la nueva c\u00e1psula dise\u00f1ada por el genial Monsieur Christian Lacroix. El maestro franc\u00e9s vuelve a colaborar con la firma espa\u00f1ola y propone una amplia y sugerente colecci\u00f3n de prendas y accesorios.<\/p>\n<p>La inspiraci\u00f3n de la que emanan estas creaciones fusiona el universo de Monsieur Christian Lacroix con el ADN de Desigual. De hecho, el <strong>vestido estrella de la colecci\u00f3n<\/strong> -una pieza confeccionada en tejido de punto que sienta como un guante y lleva botones en la parte delantera- presenta un print digital muy caracter\u00edstico (arriba).<\/p>\n<p>Se trata de un<strong> patchwork de elementos en contraste.<\/strong> Juntos conforman un motivo on\u00edrico, repleto de detalles. Por un lado, parece un collage de tapices antiguos, con escenas de caza y elementos naturales, como un caballo, plumas de pavo real\u2026 Por otro, adivinamos diferentes estilos art\u00edsticos y hasta las texturas de tapete de ganchillo. Por \u00faltimo, entre tanta diversidad, afloran unos seres juguetones, como <strong>duendecillos animados<\/strong>. Esos mismos personajes <strong>aparecen en otros estampados de la colecci\u00f3n y son los protagonistas absolutos de camisetas, sudaderas y charms de algunos accesorios.\u00a0<\/strong><\/p>\n<div class=\"content-gallery\"><div class=\"gallery-placeholder\"><div class=\"spinner\"><\/div><\/div><span class=\"gallery-pagination\"><\/span><div id=\"gallery-1\" class=\"gallery galleryid-165307 gallery-columns- gallery-size-\"><figure class=\"gallery-item\"><div class=\"gallery-icon landscape\"><img loading=\"lazy\" decoding=\"async\" width=\"1772\" height=\"2362\" src=\"https:\/\/graziamagazine.com\/es\/wp-content\/uploads\/sites\/12\/2022\/09\/Desigual-x-Mr-Christian-Lacroix-FW22-8.jpg\" class=\"lazy\" alt=\"El oto\u00f1o seg\u00fan Christian Lacroix y Desigual\" \/><\/div><\/figure><figure class=\"gallery-item\"><div class=\"gallery-icon landscape\"><img loading=\"lazy\" decoding=\"async\" width=\"1756\" height=\"2362\" src=\"https:\/\/graziamagazine.com\/es\/wp-content\/uploads\/sites\/12\/2022\/09\/Desigual-x-Mr-Christian-Lacroix-FW22-5.jpg\" class=\"lazy\" alt=\"El oto\u00f1o seg\u00fan Christian Lacroix y Desigual\" \/><\/div><\/figure><figure class=\"gallery-item\"><div class=\"gallery-icon landscape\"><img loading=\"lazy\" decoding=\"async\" width=\"1772\" height=\"2362\" src=\"https:\/\/graziamagazine.com\/es\/wp-content\/uploads\/sites\/12\/2022\/09\/Desigual-x-Mr-Christian-Lacroix-FW22-1.jpg\" class=\"lazy\" alt=\"El oto\u00f1o seg\u00fan Christian Lacroix y Desigual\" \/><\/div><\/figure><\/div><\/div>\n<p>Con esa misma t\u00e9cnica, que experimenta con el reflejo y la deconstrucci\u00f3n, el genio franc\u00e9s ha trabajado otro de nuestros motivos favoritos de la colecci\u00f3n: los lunares caleidosc\u00f3picos. Se presentan en dos gamas de colores -una c\u00e1lida con tonos tierra, otra fr\u00eda y vibrante- y se alternan con elementos vegetales, que los conectan con la inspiraci\u00f3n tapestry de toda la colecci\u00f3n.<\/p>\n<p>El propio Monsieur Christian Lacroix lo ha confesado en m\u00e1s de una ocasi\u00f3n. \u201cMe enamor\u00e9 de Desigual -dice- hace m\u00e1s de diez a\u00f1os por su forma de ser, con temas comunes a los m\u00edos y nuestra pasi\u00f3n por el color, los prints y el patchwork\u00bb.<\/p>\n<p><em>*Im\u00e1genes: cortes\u00eda\u00a0<\/em><\/p>\n","protected":false},"author":11653,"featured_media":165320,"template":"","format":"standard","categories":[1],"acf":[],"yoast_head":"<!-- This site is optimized with the Yoast SEO Premium plugin v18.5 (Yoast SEO v20.4) - https:\/\/yoast.com\/wordpress\/plugins\/seo\/ -->\n<title>El oto\u00f1o seg\u00fan Christian Lacroix y Desigual | Grazia<\/title>\n<meta name=\"description\" content=\"En Desigual, el arranque de la temporada FW22 est\u00e1 marcado por la nueva c\u00e1psula dise\u00f1ada por el genial Monsieur Christian Lacroix. El maestro franc\u00e9s\" \/>\n<meta name=\"robots\" content=\"index, follow, max-snippet:-1, max-image-preview:large, max-video-preview:-1\" \/>\n<link rel=\"canonical\" href=\"https:\/\/graziamagazine.com\/es\/articles\/el-otono-segun-christian-lacroix-y-desigual\/\" \/>\n<meta property=\"og:locale\" content=\"es_ES\" \/>\n<meta property=\"og:type\" content=\"article\" \/>\n<meta property=\"og:title\" content=\"El oto\u00f1o seg\u00fan Christian Lacroix y Desigual\" \/>\n<meta property=\"og:description\" content=\"En Desigual, el arranque de la temporada FW22 est\u00e1 marcado por la nueva c\u00e1psula dise\u00f1ada por el genial Monsieur Christian Lacroix. El maestro franc\u00e9s\" \/>\n<meta property=\"og:url\" content=\"https:\/\/graziamagazine.com\/es\/articles\/el-otono-segun-christian-lacroix-y-desigual\/\" \/>\n<meta property=\"og:site_name\" content=\"Grazia\" \/>\n<meta property=\"article:modified_time\" content=\"2022-09-02T09:50:09+00:00\" \/>\n<meta property=\"og:image\" content=\"https:\/\/graziamagazine.com\/es\/wp-content\/uploads\/sites\/12\/2022\/09\/Desigual-x-Mr-Christian-Lacroix-FW22-6.jpg\" \/>\n\t<meta property=\"og:image:width\" content=\"2362\" \/>\n\t<meta property=\"og:image:height\" content=\"1752\" \/>\n\t<meta property=\"og:image:type\" content=\"image\/jpeg\" \/>\n<meta name=\"twitter:card\" content=\"summary_large_image\" \/>\n<meta name=\"twitter:label1\" content=\"Est. reading time\" \/>\n\t<meta name=\"twitter:data1\" content=\"2 minutos\" \/>\n<script type=\"application\/ld+json\" class=\"yoast-schema-graph\">{\"@context\":\"https:\/\/schema.org\",\"@graph\":[{\"@type\":\"WebPage\",\"@id\":\"https:\/\/graziamagazine.com\/es\/articles\/el-otono-segun-christian-lacroix-y-desigual\/\",\"url\":\"https:\/\/graziamagazine.com\/es\/articles\/el-otono-segun-christian-lacroix-y-desigual\/\",\"name\":\"El oto\u00f1o seg\u00fan Christian Lacroix y Desigual | Grazia\",\"isPartOf\":{\"@id\":\"https:\/\/graziamagazine.com\/es\/#website\"},\"datePublished\":\"2022-09-02T09:06:25+00:00\",\"dateModified\":\"2022-09-02T09:50:09+00:00\",\"description\":\"En Desigual, el arranque de la temporada FW22 est\u00e1 marcado por la nueva c\u00e1psula dise\u00f1ada por el genial Monsieur Christian Lacroix. El maestro franc\u00e9s\",\"breadcrumb\":{\"@id\":\"https:\/\/graziamagazine.com\/es\/articles\/el-otono-segun-christian-lacroix-y-desigual\/#breadcrumb\"},\"inLanguage\":\"es\",\"potentialAction\":[{\"@type\":\"ReadAction\",\"target\":[\"https:\/\/graziamagazine.com\/es\/articles\/el-otono-segun-christian-lacroix-y-desigual\/\"]}]},{\"@type\":\"BreadcrumbList\",\"@id\":\"https:\/\/graziamagazine.com\/es\/articles\/el-otono-segun-christian-lacroix-y-desigual\/#breadcrumb\",\"itemListElement\":[{\"@type\":\"ListItem\",\"position\":1,\"name\":\"Portada\",\"item\":\"https:\/\/graziamagazine.com\/es\/\"},{\"@type\":\"ListItem\",\"position\":2,\"name\":\"El oto\u00f1o seg\u00fan Christian Lacroix y Desigual\"}]},{\"@type\":\"WebSite\",\"@id\":\"https:\/\/graziamagazine.com\/es\/#website\",\"url\":\"https:\/\/graziamagazine.com\/es\/\",\"name\":\"Grazia\",\"description\":\"Moda, belleza, celebrities, estilo de vida...\",\"potentialAction\":[{\"@type\":\"SearchAction\",\"target\":{\"@type\":\"EntryPoint\",\"urlTemplate\":\"https:\/\/graziamagazine.com\/es\/?s={search_term_string}\"},\"query-input\":\"required name=search_term_string\"}],\"inLanguage\":\"es\"}]}<\/script>\n<!-- \/ Yoast SEO Premium plugin. -->","yoast_head_json":{"title":"El oto\u00f1o seg\u00fan Christian Lacroix y Desigual | Grazia","description":"En Desigual, el arranque de la temporada FW22 est\u00e1 marcado por la nueva c\u00e1psula dise\u00f1ada por el genial Monsieur Christian Lacroix. El maestro franc\u00e9s","robots":{"index":"index","follow":"follow","max-snippet":"max-snippet:-1","max-image-preview":"max-image-preview:large","max-video-preview":"max-video-preview:-1"},"canonical":"https:\/\/graziamagazine.com\/es\/articles\/el-otono-segun-christian-lacroix-y-desigual\/","og_locale":"es_ES","og_type":"article","og_title":"El oto\u00f1o seg\u00fan Christian Lacroix y Desigual","og_description":"En Desigual, el arranque de la temporada FW22 est\u00e1 marcado por la nueva c\u00e1psula dise\u00f1ada por el genial Monsieur Christian Lacroix. El maestro franc\u00e9s","og_url":"https:\/\/graziamagazine.com\/es\/articles\/el-otono-segun-christian-lacroix-y-desigual\/","og_site_name":"Grazia","article_modified_time":"2022-09-02T09:50:09+00:00","og_image":[{"width":2362,"height":1752,"url":"https:\/\/graziamagazine.com\/es\/wp-content\/uploads\/sites\/12\/2022\/09\/Desigual-x-Mr-Christian-Lacroix-FW22-6.jpg","type":"image\/jpeg"}],"twitter_card":"summary_large_image","twitter_misc":{"Est. reading time":"2 minutos"},"schema":{"@context":"https:\/\/schema.org","@graph":[{"@type":"WebPage","@id":"https:\/\/graziamagazine.com\/es\/articles\/el-otono-segun-christian-lacroix-y-desigual\/","url":"https:\/\/graziamagazine.com\/es\/articles\/el-otono-segun-christian-lacroix-y-desigual\/","name":"El oto\u00f1o seg\u00fan Christian Lacroix y Desigual | Grazia","isPartOf":{"@id":"https:\/\/graziamagazine.com\/es\/#website"},"datePublished":"2022-09-02T09:06:25+00:00","dateModified":"2022-09-02T09:50:09+00:00","description":"En Desigual, el arranque de la temporada FW22 est\u00e1 marcado por la nueva c\u00e1psula dise\u00f1ada por el genial Monsieur Christian Lacroix. El maestro franc\u00e9s","breadcrumb":{"@id":"https:\/\/graziamagazine.com\/es\/articles\/el-otono-segun-christian-lacroix-y-desigual\/#breadcrumb"},"inLanguage":"es","potentialAction":[{"@type":"ReadAction","target":["https:\/\/graziamagazine.com\/es\/articles\/el-otono-segun-christian-lacroix-y-desigual\/"]}]},{"@type":"BreadcrumbList","@id":"https:\/\/graziamagazine.com\/es\/articles\/el-otono-segun-christian-lacroix-y-desigual\/#breadcrumb","itemListElement":[{"@type":"ListItem","position":1,"name":"Portada","item":"https:\/\/graziamagazine.com\/es\/"},{"@type":"ListItem","position":2,"name":"El oto\u00f1o seg\u00fan Christian Lacroix y Desigual"}]},{"@type":"WebSite","@id":"https:\/\/graziamagazine.com\/es\/#website","url":"https:\/\/graziamagazine.com\/es\/","name":"Grazia","description":"Moda, belleza, celebrities, estilo de vida...","potentialAction":[{"@type":"SearchAction","target":{"@type":"EntryPoint","urlTemplate":"https:\/\/graziamagazine.com\/es\/?s={search_term_string}"},"query-input":"required name=search_term_string"}],"inLanguage":"es"}]}},"jetpack_sharing_enabled":true,"distributor_meta":false,"distributor_terms":false,"distributor_media":false,"distributor_original_site_name":"Grazia","distributor_original_site_url":"https:\/\/graziamagazine.com\/es","push-errors":false,"_links":{"self":[{"href":"https:\/\/graziamagazine.com\/es\/wp-json\/wp\/v2\/articles\/165307"}],"collection":[{"href":"https:\/\/graziamagazine.com\/es\/wp-json\/wp\/v2\/articles"}],"about":[{"href":"https:\/\/graziamagazine.com\/es\/wp-json\/wp\/v2\/types\/articles"}],"author":[{"embeddable":true,"href":"https:\/\/graziamagazine.com\/es\/wp-json\/wp\/v2\/users\/11653"}],"wp:featuredmedia":[{"embeddable":true,"href":"https:\/\/graziamagazine.com\/es\/wp-json\/wp\/v2\/media\/165320"}],"wp:attachment":[{"href":"https:\/\/graziamagazine.com\/es\/wp-json\/wp\/v2\/media?parent=165307"}],"wp:term":[{"taxonomy":"category","embeddable":true,"href":"https:\/\/graziamagazine.com\/es\/wp-json\/wp\/v2\/categories?post=165307"}],"curies":[{"name":"wp","href":"https:\/\/api.w.org\/{rel}","templated":true}]}}