{"id":165259,"date":"2022-08-31T11:00:37","date_gmt":"2022-08-31T09:00:37","guid":{"rendered":"https:\/\/graziamagazine.com\/es\/?post_type=articles&#038;p=165259"},"modified":"2022-09-12T18:46:51","modified_gmt":"2022-09-12T16:46:51","slug":"festival-de-venecia-2022-los-mejores-looks-de-la-alfombra-roja","status":"publish","type":"articles","link":"https:\/\/graziamagazine.com\/es\/articles\/festival-de-venecia-2022-los-mejores-looks-de-la-alfombra-roja\/","title":{"rendered":"Festival de Venecia 2022: Los mejores looks de la alfombra roja"},"content":{"rendered":"<p>La Mostra de Venecia ha regresado. Convertida en una de las citas con m\u00e1s glamour del final del verano, marca el regreso a la rutina y tambi\u00e9n de las alfombras rojas. La edici\u00f3n de este a\u00f1o, la n\u00famero 79, celebra tambi\u00e9n los 90 a\u00f1os de uno de los momentos m\u00e1s importantes del a\u00f1o en la agenda cinematogr\u00e1fica internacional. Venecia se convierte en un ir y venir durante 10 d\u00edas, donde actores y actrices nos regalan grandes momentos dentro y fuera de la alfombra roja, adem\u00e1s de grandes looks que traspasan la Alta Costura para dejarnos tambi\u00e9n un sinf\u00edn de ideas para el d\u00eda, cuando llegan surcando las aguas de sus m\u00edticos canales.<\/p>\n<p>Nombre se\u00f1alados en esta ocasi\u00f3n a los que no perderemos de vista, como Julianne Moore que esta edici\u00f3n se convierte en presidenta del jurado; Catherine Deneuve, premio Le\u00f3n de Oro a toda una vida dedicada al cine; la presencia de Ana de Armas convertida en Marilyn Monroe para presentar la esperada &#8216;Blonde&#8217;, tambi\u00e9n estar\u00e1 Pen\u00e9lope Cruz, que estamos seguros que nos dejar\u00e1 grandes momentos, pero por Venecia pasar\u00e1n muchos rostros conocidos de Hollywood.<\/p>\n<p>Este a\u00f1o, la presencia espa\u00f1ola est\u00e1 representada tambi\u00e9n por Rodrigo Sorogoyen, quien forma parte del jurado, Juan Diego Botto que estar\u00e1 presente fuera de concurso y Carla Sim\u00f3n, directora de la premiada &#8216;Alcarr\u00e0s&#8217;. Adem\u00e1s, la gala de inauguraci\u00f3n ha contado una maestra de ceremonias espa\u00f1ola que triunfa en Italia: Roci\u0301o Mun\u0303oz Morales<\/p>\n<p>Aqu\u00ed te dejamos d\u00eda a d\u00eda los mejores looks que nos deja el Festival de Cine de Venecia 2022.<\/p>\n<h3>La \u00faltima alfombra roja<\/h3>\n<h4>Julianne Moore, de Dior Cruise 2023<\/h4>\n<p><img loading=\"lazy\" decoding=\"async\" class=\"aligncenter size-full wp-image-165600\" src=\"https:\/\/graziamagazine.com\/es\/wp-content\/uploads\/sites\/12\/2022\/08\/1cd0b07f-e7aa-42e4-a036-206e25348818.jpg\" alt=\"\" width=\"853\" height=\"1280\" \/><\/p>\n<h4>Cate Blanchett, de Louis Vuitton<\/h4>\n<p><img loading=\"lazy\" decoding=\"async\" class=\"aligncenter size-full wp-image-165598\" src=\"https:\/\/graziamagazine.com\/es\/wp-content\/uploads\/sites\/12\/2022\/08\/Cate-Blanchett-en-el-Festival-de-Cine-de-Venecia-2022-GettyImages-1422552355-copia.jpg\" alt=\"\" width=\"1024\" height=\"1536\" \/><\/p>\n<h4>Roc\u00edo Mu\u00f1oz Morales, de Armani Priv\u00e9<\/h4>\n<p><img loading=\"lazy\" decoding=\"async\" class=\"size-full wp-image-165599 alignnone\" src=\"https:\/\/graziamagazine.com\/es\/wp-content\/uploads\/sites\/12\/2022\/08\/c6aad74d-14cb-4a79-8af7-a3cbc4f24f0b.jpg\" alt=\"Festival de Venecia 2022: Los mejores looks de la alfombra roja\" width=\"570\" height=\"850\" \/><\/p>\n<h4>Elsa Hosk, de helsa studio<\/h4>\n<p><img loading=\"lazy\" decoding=\"async\" class=\"aligncenter size-full wp-image-165601\" src=\"https:\/\/graziamagazine.com\/es\/wp-content\/uploads\/sites\/12\/2022\/08\/7bf83411-cba1-4640-9121-43ed85a19fed.jpg\" alt=\"\" width=\"853\" height=\"1280\" \/><\/p>\n<h4 class=\"BaseWrap-sc-UABmB BaseText-fETRLB GallerySlideCaptionHed-lfILZt hkSZSE eJpEpP gzYkIM\"><span class=\"GallerySlideCaptionHedText-damVxM jvjhBP\">Tessa Thompson, de Schiaparelli<\/span><\/h4>\n<h2 class=\"BaseWrap-sc-UABmB BaseText-fETRLB GallerySlideCaptionHed-lfILZt hkSZSE eJpEpP gzYkIM\"><span class=\"GallerySlideCaptionHedText-damVxM jvjhBP\"><img loading=\"lazy\" decoding=\"async\" class=\"aligncenter size-full wp-image-165602\" src=\"https:\/\/graziamagazine.com\/es\/wp-content\/uploads\/sites\/12\/2022\/08\/ea2706fb-c81b-47b1-9b64-a81522603a29.jpg\" alt=\"Festival de Venecia 2022: Los mejores looks de la alfombra roja\" width=\"853\" height=\"1280\" \/><\/span><\/h2>\n<h4>Taylor Russell, de Ralph laurent<\/h4>\n<p><img loading=\"lazy\" decoding=\"async\" class=\"aligncenter size-full wp-image-165603\" src=\"https:\/\/graziamagazine.com\/es\/wp-content\/uploads\/sites\/12\/2022\/08\/de7f69e5-6f68-410d-a685-a73a39e1ac75.jpg\" alt=\"Festival de Venecia 2022: Los mejores looks de la alfombra roja\" width=\"853\" height=\"1280\" \/><\/p>\n<div class=\"GallerySlideCaptionDekContainer-fAktEZ eRcugi\" data-testid=\"GallerySlideCaptionDekContainer\">\n<div class=\"GallerySlideCaptionDek-dhOVnO fptWbW\">\n<div><\/div>\n<\/div>\n<\/div>\n<h3>El festival por d\u00edas<\/h3>\n<h4>Ana de Armas, de Louis Vuitton<\/h4>\n<p><img loading=\"lazy\" decoding=\"async\" class=\"size-full wp-image-165531 alignnone\" src=\"https:\/\/graziamagazine.com\/es\/wp-content\/uploads\/sites\/12\/2022\/08\/fd0158d9-62c3-4d45-9197-63115fe26e72.jpg\" alt=\"Festival de Venecia 2022: Los mejores looks de la alfombra roja\" width=\"683\" height=\"1024\" \/><\/p>\n<h4>Brad Pitt con Ana de Armas<\/h4>\n<div class=\"content-gallery\"><div class=\"gallery-placeholder\"><div class=\"spinner\"><\/div><\/div><span class=\"gallery-pagination\"><\/span><div id=\"gallery-1\" class=\"gallery galleryid-165259 gallery-columns- gallery-size-\"><figure class=\"gallery-item\"><div class=\"gallery-icon landscape\"><img loading=\"lazy\" decoding=\"async\" width=\"682\" height=\"975\" src=\"https:\/\/graziamagazine.com\/es\/wp-content\/uploads\/sites\/12\/2022\/08\/2984f751-24ea-460a-b80e-927bd06eba3a.jpg\" class=\"lazy\" alt=\"Festival de Venecia 2022: Los mejores looks de la alfombra roja\" \/><\/div><\/figure><figure class=\"gallery-item\"><div class=\"gallery-icon landscape\"><img loading=\"lazy\" decoding=\"async\" width=\"411\" height=\"612\" src=\"https:\/\/graziamagazine.com\/es\/wp-content\/uploads\/sites\/12\/2022\/08\/7d22395f-58ce-48ef-bf9f-293b046d5a0f.jpg\" class=\"lazy\" alt=\"Festival de Venecia 2022: Los mejores looks de la alfombra roja\" \/><\/div><\/figure><\/div><\/div>\n<h4>Jodie Turner-Smith<\/h4>\n<p><img loading=\"lazy\" decoding=\"async\" class=\"aligncenter size-full wp-image-165535\" src=\"https:\/\/graziamagazine.com\/es\/wp-content\/uploads\/sites\/12\/2022\/08\/jodie-turner-smith-attends-the-amfar-venice-gala-2022-news-photo-1662633390.jpeg\" alt=\"Festival de Venecia 2022: Los mejores looks de la alfombra roja\" width=\"980\" height=\"1470\" \/><\/p>\n<h4>Zooey Deschanel<\/h4>\n<p><img loading=\"lazy\" decoding=\"async\" class=\"size-full wp-image-165536 alignnone\" src=\"https:\/\/graziamagazine.com\/es\/wp-content\/uploads\/sites\/12\/2022\/08\/zooey-deschanel-attends-the-dreamin-wild-red-carpet-at-the-news-photo-1662633467.jpeg\" alt=\"Festival de Venecia 2022: Los mejores looks de la alfombra roja\" width=\"683\" height=\"1024\" \/><\/p>\n<h4>Laura Dern<\/h4>\n<p><img loading=\"lazy\" decoding=\"async\" class=\"size-full wp-image-165537 alignnone\" src=\"https:\/\/graziamagazine.com\/es\/wp-content\/uploads\/sites\/12\/2022\/08\/actress-laura-dern-arrives-on-september-7-2022-for-the-news-photo-1662570845.jpeg\" alt=\"Festival de Venecia 2022: Los mejores looks de la alfombra roja\" width=\"683\" height=\"1024\" \/><\/p>\n<h4>Sara Sampaio<\/h4>\n<p><img loading=\"lazy\" decoding=\"async\" class=\"aligncenter size-full wp-image-165538\" src=\"https:\/\/graziamagazine.com\/es\/wp-content\/uploads\/sites\/12\/2022\/08\/sara-sampaio-attends-the-son-red-carpet-at-the-79th-venice-news-photo-1662570237.jpeg\" alt=\"Festival de Venecia 2022: Los mejores looks de la alfombra roja\" width=\"980\" height=\"1491\" \/><\/p>\n<h4>Tilda Swinton<\/h4>\n<p><img loading=\"lazy\" decoding=\"async\" class=\"aligncenter size-full wp-image-165539\" src=\"https:\/\/graziamagazine.com\/es\/wp-content\/uploads\/sites\/12\/2022\/08\/tilda-swinton-attends-the-saint-omer-red-carpet-at-the-79th-news-photo-1662570635.jpeg\" alt=\"Festival de Venecia 2022: Los mejores looks de la alfombra roja\" width=\"980\" height=\"1470\" \/><\/p>\n<h4>Pen\u00e9lope Cruz, de Chanel Alta Costura<\/h4>\n<p><img loading=\"lazy\" decoding=\"async\" class=\"aligncenter size-full wp-image-165414\" src=\"https:\/\/graziamagazine.com\/es\/wp-content\/uploads\/sites\/12\/2022\/08\/penelope-cruz-festival-de-venecia-2022-GettyImages-1421322619-copia.jpg\" alt=\"Festival de Venecia 2022: Los mejores looks de la alfombra roja\" width=\"1024\" height=\"1536\" \/><\/p>\n<h4 class=\"BaseWrap-sc-UABmB BaseText-fETRLB GallerySlideCaptionHed-lfILZt hkSZSE eJpEpP gzYkIM\"><span class=\"GallerySlideCaptionHedText-damVxM jvjhBP\">Tilda Swinton, de\u00a0<\/span>Haider Ackermann<\/h4>\n<h4><img loading=\"lazy\" decoding=\"async\" class=\"size-full wp-image-165415 alignleft\" src=\"https:\/\/graziamagazine.com\/es\/wp-content\/uploads\/sites\/12\/2022\/08\/tilda-swinton-attends-the-eternal-daughter-red-carpet-at-news-photo-1662484001.jpeg\" alt=\"Festival de Venecia 2022: Los mejores looks de la alfombra roja\" width=\"683\" height=\"1024\" \/><\/h4>\n<h4>Julianne Moore<\/h4>\n<p><img loading=\"lazy\" decoding=\"async\" class=\"aligncenter size-full wp-image-165413\" src=\"https:\/\/graziamagazine.com\/es\/wp-content\/uploads\/sites\/12\/2022\/08\/julianne-moore-festival-de-venecia-2022-GettyImages-1421323404-copia.jpg\" alt=\"Festival de Venecia 2022: Los mejores looks de la alfombra roja\" width=\"1024\" height=\"1536\" \/><\/p>\n<div class=\"slide-container \" data-slide-type=\"default\">\n<div id=\"slide-3\" class=\"slideshow-slide slideshow-slide-portrait slideshow-slide-image loaded active current-slide\" data-id=\"3\">\n<div class=\"slideshow-slide-content\">\n<h4 class=\"slideshow-slide-hed\">Leonie Hanne<\/h4>\n<\/div>\n<\/div>\n<\/div>\n<p><img loading=\"lazy\" decoding=\"async\" class=\"size-full wp-image-165447 alignnone\" src=\"https:\/\/graziamagazine.com\/es\/wp-content\/uploads\/sites\/12\/2022\/08\/leonie-hanne-attends-the-il-signore-delle-formiche-red-news-photo-1662482958-1.jpeg\" alt=\"\" width=\"683\" height=\"1024\" \/><\/p>\n<h4>Amanda Lear<\/h4>\n<p><img loading=\"lazy\" decoding=\"async\" class=\"size-full wp-image-165446 alignnone\" src=\"https:\/\/graziamagazine.com\/es\/wp-content\/uploads\/sites\/12\/2022\/08\/amanda-lear-attends-the-il-signore-delle-formiche-red-news-photo-1662484304-1.jpeg\" alt=\"\" width=\"683\" height=\"1024\" \/><\/p>\n<h4>Olivia Wilde, de Gucci<\/h4>\n<p><img loading=\"lazy\" decoding=\"async\" class=\"aligncenter size-full wp-image-165364\" src=\"https:\/\/graziamagazine.com\/es\/wp-content\/uploads\/sites\/12\/2022\/08\/304925750_611760547241696_8475671399626409541_n.jpg\" alt=\"Festival de Venecia 2022: Los mejores looks de la alfombra roja\" width=\"1024\" height=\"1280\" \/><\/p>\n<h4>Harry Styles, de Gucci<\/h4>\n<p><img loading=\"lazy\" decoding=\"async\" class=\"aligncenter size-full wp-image-165363\" src=\"https:\/\/graziamagazine.com\/es\/wp-content\/uploads\/sites\/12\/2022\/08\/305038247_625812102327304_5413984326438632161_n.jpg\" alt=\"Festival de Venecia 2022: Los mejores looks de la alfombra roja\" width=\"876\" height=\"1337\" \/><\/p>\n<h4>Florence Pug, de Maison Valentino<\/h4>\n<p><img loading=\"lazy\" decoding=\"async\" class=\"size-full wp-image-165359 alignnone\" src=\"https:\/\/graziamagazine.com\/es\/wp-content\/uploads\/sites\/12\/2022\/08\/florence-pugh-attends-the-dont-worry-darling-red-carpet-at-news-photo-1662398150.jpeg\" alt=\"Festival de Venecia 2022: Los mejores looks de la alfombra roja\" width=\"683\" height=\"1024\" \/><\/p>\n<h4>Gemma Chan, de Louis Vuitton<\/h4>\n<p><img loading=\"lazy\" decoding=\"async\" class=\"aligncenter size-full wp-image-165373\" src=\"https:\/\/graziamagazine.com\/es\/wp-content\/uploads\/sites\/12\/2022\/08\/305420233_590334235906143_3572284243243406260_n-1.jpg\" alt=\"Festival de Venecia 2022: Los mejores looks de la alfombra roja\" width=\"1024\" height=\"1281\" \/><\/p>\n<h4>Sydney Chandler, de YSL<\/h4>\n<p><img loading=\"lazy\" decoding=\"async\" class=\"aligncenter size-full wp-image-165365\" src=\"https:\/\/graziamagazine.com\/es\/wp-content\/uploads\/sites\/12\/2022\/08\/sydney-chandler-attends-the-dont-worry-darling-red-carpet-news-photo-1662399029.jpeg\" alt=\"Festival de Venecia 2022: Los mejores looks de la alfombra roja\" width=\"980\" height=\"1469\" \/><\/p>\n<h4>Pen\u00e9lope Cruz, de Chanel<\/h4>\n<p>Noche<\/p>\n<p><img loading=\"lazy\" decoding=\"async\" class=\"size-full wp-image-165353 alignnone\" src=\"https:\/\/graziamagazine.com\/es\/wp-content\/uploads\/sites\/12\/2022\/09\/gettyimages-1662315218.jpeg\" alt=\"Pen\u00e9lope Cruz, deslumbra en el Festival de Cine de Venecia\" width=\"683\" height=\"1024\" \/><\/p>\n<p>D\u00eda<\/p>\n<p><img loading=\"lazy\" decoding=\"async\" class=\"size-full wp-image-165354 alignnone\" src=\"https:\/\/graziamagazine.com\/es\/wp-content\/uploads\/sites\/12\/2022\/09\/gettyimages-1662295956.jpeg\" alt=\"Pen\u00e9lope Cruz, deslumbra en el Festival de Cine de Venecia\" width=\"683\" height=\"1024\" \/><\/p>\n<h4>Nieves \u00c1lvares, de Alberta Ferretti<\/h4>\n<p><img loading=\"lazy\" decoding=\"async\" class=\"size-full wp-image-165367 alignnone\" src=\"https:\/\/graziamagazine.com\/es\/wp-content\/uploads\/sites\/12\/2022\/08\/nieves-c3-a1lvarez-attends-the-limmensit-c3-a0-red-carpet-at-the-news-photo-1662315792.jpeg\" alt=\"Festival de Venecia 2022: Los mejores looks de la alfombra roja\" width=\"683\" height=\"1024\" \/><\/p>\n<h4>Najwa Nimri, de ACT N\u00ba1<\/h4>\n<p><img loading=\"lazy\" decoding=\"async\" class=\"size-full wp-image-165366 alignnone\" src=\"https:\/\/graziamagazine.com\/es\/wp-content\/uploads\/sites\/12\/2022\/08\/najwa-nimri-venecia-1662371575.jpeg\" alt=\"Festival de Venecia 2022: Los mejores looks de la alfombra roja\" width=\"683\" height=\"1024\" \/><\/p>\n<h4>Irina Shayk, de Armani<\/h4>\n<p><img loading=\"lazy\" decoding=\"async\" class=\"size-full wp-image-165368 aligncenter\" src=\"https:\/\/graziamagazine.com\/es\/wp-content\/uploads\/sites\/12\/2022\/08\/irina-shayk-attends-the-limmensit-c3-a0-red-carpet-at-the-79th-news-photo-1662317321.jpeg\" alt=\"Festival de Venecia 2022: Los mejores looks de la alfombra roja\" width=\"980\" height=\"1470\" \/><\/p>\n<h4>Mar\u00eda Pedraza, de Armani<\/h4>\n<p><img loading=\"lazy\" decoding=\"async\" class=\"size-full wp-image-165371 alignnone\" src=\"https:\/\/graziamagazine.com\/es\/wp-content\/uploads\/sites\/12\/2022\/08\/maria-pedraza-attends-the-bones-and-all-red-carpet-at-the-news-photo-1662138878.jpeg\" alt=\"Festival de Venecia 2022: Los mejores looks de la alfombra roja\" width=\"683\" height=\"1024\" \/><\/p>\n<h4>Eugenia Silva, de Armani<\/h4>\n<p><img loading=\"lazy\" decoding=\"async\" class=\"aligncenter size-full wp-image-165372\" src=\"https:\/\/graziamagazine.com\/es\/wp-content\/uploads\/sites\/12\/2022\/08\/eugenia-silva-attends-the-bones-and-all-red-carpet-at-the-news-photo-1662138967.jpeg\" alt=\"Festival de Venecia 2022: Los mejores looks de la alfombra roja\" width=\"980\" height=\"1470\" \/><\/p>\n<h4>Sigourney Weaver, de Valentino<\/h4>\n<p><img loading=\"lazy\" decoding=\"async\" class=\"size-full wp-image-165369 alignnone\" src=\"https:\/\/graziamagazine.com\/es\/wp-content\/uploads\/sites\/12\/2022\/08\/sigourney-weaver-attends-the-master-gardner-red-carpet-at-news-photo-1662234870.jpeg\" alt=\"Festival de Venecia 2022: Los mejores looks de la alfombra roja\" width=\"768\" height=\"1152\" \/><\/p>\n<h4>Roc\u00edo Mu\u00f1oz Morales, de Dior<\/h4>\n<p><img loading=\"lazy\" decoding=\"async\" class=\"aligncenter size-full wp-image-165370\" src=\"https:\/\/graziamagazine.com\/es\/wp-content\/uploads\/sites\/12\/2022\/08\/rocio-munoz-morales-attends-the-argentina-1985-red-carpet-news-photo-1662236266.jpeg\" alt=\"Festival de Venecia 2022: Los mejores looks de la alfombra roja\" width=\"980\" height=\"1470\" \/><\/p>\n<h4 class=\"BaseWrap-sc-UABmB BaseText-fETRLB GallerySlideCaptionHed-lfILZt hkSZSE eJpEpP gzYkIM\"><span class=\"GallerySlideCaptionHedText-damVxM jvjhBP\">Alessandra Ambrosio, de Alberta Ferretti\u00a0<\/span><\/h4>\n<div class=\"GallerySlideCaptionDekContainer-fAktEZ eRcugi\" data-testid=\"GallerySlideCaptionDekContainer\">\n<div class=\"GallerySlideCaptionDek-dhOVnO fptWbW\">\n<p><img loading=\"lazy\" decoding=\"async\" class=\"aligncenter size-full wp-image-165316\" src=\"https:\/\/graziamagazine.com\/es\/wp-content\/uploads\/sites\/12\/2022\/09\/alessandra-ambrosio-festival-de-venecia-2022-GettyImages-1419980688-copia.jpg\" alt=\"Festival de Venecia 2022: Los mejores looks de la alfombra roja\" width=\"1024\" height=\"1536\" \/><\/p>\n<\/div>\n<\/div>\n<h4>Cate Blanchett, de Schiaparelli<\/h4>\n<p><img loading=\"lazy\" decoding=\"async\" class=\"aligncenter size-full wp-image-165310\" src=\"https:\/\/graziamagazine.com\/es\/wp-content\/uploads\/sites\/12\/2022\/09\/cate-blanchett-attends-the-tar-red-carpet-at-the-79th-news-photo-1662051233.jpeg\" alt=\"Festival de Venecia 2022: Los mejores looks de la alfombra roja\" width=\"980\" height=\"1470\" \/><\/p>\n<h4>Julianne Moore, de Armani Priv\u00e9<\/h4>\n<p><img loading=\"lazy\" decoding=\"async\" class=\"aligncenter size-full wp-image-165312\" src=\"https:\/\/graziamagazine.com\/es\/wp-content\/uploads\/sites\/12\/2022\/09\/julianne-moore-attends-the-tar-red-carpet-at-the-79th-news-photo-1662051204.jpeg\" alt=\"Festival de Venecia 2022: Los mejores looks de la alfombra roja\" width=\"980\" height=\"1470\" \/><\/p>\n<h4>Roc\u00edo Mu\u00f1oz Morales, de Dolce &amp; Gabbana<\/h4>\n<p><img loading=\"lazy\" decoding=\"async\" class=\"aligncenter size-full wp-image-165309\" src=\"https:\/\/graziamagazine.com\/es\/wp-content\/uploads\/sites\/12\/2022\/09\/thumbnail_IMG_1364.jpg\" alt=\"Festival de Venecia 2022: Los mejores looks de la alfombra roja\" width=\"853\" height=\"1280\" \/><\/p>\n<h4>Tessa-Thompson, de Elie Saab<\/h4>\n<p><img loading=\"lazy\" decoding=\"async\" class=\"aligncenter size-full wp-image-165318\" src=\"https:\/\/graziamagazine.com\/es\/wp-content\/uploads\/sites\/12\/2022\/09\/Tessa-Thompson-festival-de-venecia-2022-GettyImages-1419988947-copia.jpg\" alt=\"Festival de Venecia 2022: Los mejores looks de la alfombra roja\" width=\"1024\" height=\"1536\" \/><\/p>\n<h4 class=\"BaseWrap-sc-UABmB BaseText-fETRLB GallerySlideCaptionHed-lfILZt hkSZSE eJpEpP gzYkIM\"><span class=\"GallerySlideCaptionHedText-damVxM jvjhBP\">Jodie Turner-Smith, de\u00a0<\/span>Christopher John Rogers<\/h4>\n<p><img loading=\"lazy\" decoding=\"async\" class=\"aligncenter size-full wp-image-165319\" src=\"https:\/\/graziamagazine.com\/es\/wp-content\/uploads\/sites\/12\/2022\/09\/jodie-turner-smith-festical-de-venecia-2022-GettyImages-1419979405-copia.jpg\" alt=\"Festival de Venecia 2022: Los mejores looks de la alfombra roja\" width=\"1024\" height=\"1505\" \/><\/p>\n<h4>Georgina Rodr\u00edguez<\/h4>\n<p><img loading=\"lazy\" decoding=\"async\" class=\"size-full wp-image-165311 alignleft\" src=\"https:\/\/graziamagazine.com\/es\/wp-content\/uploads\/sites\/12\/2022\/09\/georgina-rodriguez-attends-the-tar-red-carpet-at-the-79th-news-photo-1662051144.jpeg\" alt=\"Festival de Venecia 2022: Los mejores looks de la alfombra roja\" width=\"980\" height=\"1470\" \/><\/p>\n<h4 class=\"BaseWrap-sc-UABmB BaseText-fETRLB GallerySlideCaptionHed-lfILZt hkSZSE eJpEpP gzYkIM\"><span class=\"GallerySlideCaptionHedText-damVxM jvjhBP\">Ximena Lamadrid, de Fendi Couture\u00a0<\/span><\/h4>\n<div class=\"GallerySlideCaptionDekContainer-fAktEZ eRcugi\" data-testid=\"GallerySlideCaptionDekContainer\">\n<div class=\"GallerySlideCaptionDek-dhOVnO fptWbW\">\n<p><img loading=\"lazy\" decoding=\"async\" class=\"aligncenter size-full wp-image-165317\" src=\"https:\/\/graziamagazine.com\/es\/wp-content\/uploads\/sites\/12\/2022\/09\/Ximena-Lamadrid-festival-de-cine-2022-GettyImages-1419981623-copia.jpg\" alt=\"Festival de Venecia 2022: Los mejores looks de la alfombra roja\" width=\"1024\" height=\"1535\" \/><\/p>\n<\/div>\n<\/div>\n<h4>Elisa Maino<\/h4>\n<p><img loading=\"lazy\" decoding=\"async\" class=\"size-full wp-image-165315 alignleft\" src=\"https:\/\/graziamagazine.com\/es\/wp-content\/uploads\/sites\/12\/2022\/09\/elisa-maino-attends-the-tar-red-carpet-at-the-79th-venice-news-photo-1662051424.jpeg\" alt=\"Festival de Venecia 2022: Los mejores looks de la alfombra roja\" width=\"683\" height=\"1024\" \/><\/p>\n<h4 class=\"BaseWrap-sc-UABmB BaseText-fETRLB GallerySlideCaptionHed-lfILZt hkSZSE eJpEpP gzYkIM\"><span class=\"GallerySlideCaptionHedText-damVxM jvjhBP\">Kelsey Merritt, de Rami Al Ali<\/span><\/h4>\n<p><img loading=\"lazy\" decoding=\"async\" class=\"size-full wp-image-165314 alignleft\" src=\"https:\/\/graziamagazine.com\/es\/wp-content\/uploads\/sites\/12\/2022\/09\/kelsey-merritt-attends-the-tar-red-carpet-at-the-79th-news-photo-1662052163.jpeg\" alt=\"Festival de Venecia 2022: Los mejores looks de la alfombra roja\" width=\"683\" height=\"1024\" \/><\/p>\n<h4>Ilona Matsour<\/h4>\n<p><img loading=\"lazy\" decoding=\"async\" class=\"size-full wp-image-165313 alignleft\" src=\"https:\/\/graziamagazine.com\/es\/wp-content\/uploads\/sites\/12\/2022\/09\/ilona-matsour-attends-the-tar-red-carpet-at-the-79th-venice-news-photo-1662052132.jpeg\" alt=\"Festival de Venecia 2022: Los mejores looks de la alfombra roja\" width=\"683\" height=\"1024\" \/><\/p>\n<div class=\"GallerySlideCaptionDekContainer-fAktEZ eRcugi\" data-testid=\"GallerySlideCaptionDekContainer\">\n<div class=\"GallerySlideCaptionDek-dhOVnO fptWbW\">\n<p>&nbsp;<\/p>\n<\/div>\n<\/div>\n<h3>NOche de inauguraci\u00f3n<\/h3>\n<h4>Julianne More, de Valentino<\/h4>\n<p><img loading=\"lazy\" decoding=\"async\" class=\"size-full wp-image-165266 alignleft\" src=\"https:\/\/graziamagazine.com\/es\/wp-content\/uploads\/sites\/12\/2022\/09\/GettyImages-1419654152.jpg\" alt=\"Festival de Venecia 2022: Los mejores looks de la alfombra roja\" width=\"683\" height=\"1024\" \/><\/p>\n<h4>Catherine Deneuve, de Yves Saint Laurent<\/h4>\n<p><img loading=\"lazy\" decoding=\"async\" class=\"size-full wp-image-165268\" src=\"https:\/\/graziamagazine.com\/es\/wp-content\/uploads\/sites\/12\/2022\/09\/GettyImages-1419659658.jpg\" alt=\"Festival de Venecia 2022: Los mejores looks de la alfombra roja\" width=\"683\" height=\"1024\" \/><\/p>\n<h4>Andam Driver, de Burberry<\/h4>\n<div class=\"GallerySlideCaptionDekContainer-fAktEZ eRcugi\" data-testid=\"GallerySlideCaptionDekContainer\">\n<div class=\"GallerySlideCaptionDek-dhOVnO fptWbW\">\n<div><\/div>\n<\/div>\n<\/div>\n<p><img loading=\"lazy\" decoding=\"async\" class=\"size-full wp-image-165263 alignnone\" src=\"https:\/\/graziamagazine.com\/es\/wp-content\/uploads\/sites\/12\/2022\/09\/a425c76d-7fcc-48a1-9fd1-2b15d0dc3cbf.jpg\" alt=\"Festival de Venecia 2022: Los mejores looks de la alfombra roja\" width=\"683\" height=\"1024\" \/><\/p>\n<h4>Rodrigo Sorogoyen junto a Audrey Diwan, ambos miembros del jurado oficial y vestidos de DIOR<\/h4>\n<p><img loading=\"lazy\" decoding=\"async\" class=\"aligncenter size-full wp-image-165276\" src=\"https:\/\/graziamagazine.com\/es\/wp-content\/uploads\/sites\/12\/2022\/09\/GettyImages-1419668798.jpg\" alt=\"Festival de Venecia 2022: Los mejores looks de la alfombra roja\" width=\"1024\" height=\"683\" \/><\/p>\n<h4 class=\"slideshow-slide-hed\">Emma Chamberlain, de <strong style=\"font-family: -apple-system, BlinkMacSystemFont, 'Segoe UI', Roboto, Oxygen-Sans, Ubuntu, Cantarell, 'Helvetica Neue', sans-serif\">Valentino<\/strong><\/h4>\n<div><img loading=\"lazy\" decoding=\"async\" class=\"size-full wp-image-165270 alignleft\" src=\"https:\/\/graziamagazine.com\/es\/wp-content\/uploads\/sites\/12\/2022\/09\/emma-chamberlain-attends-the-white-noise-and-opening-news-photo-1661966622.jpeg\" alt=\"Festival de Venecia 2022: Los mejores looks de la alfombra roja\" width=\"700\" height=\"1024\" \/><\/div>\n<div><\/div>\n<div>\n<h4 class=\"BaseWrap-sc-UABmB BaseText-fETRLB GallerySlideCaptionHed-lfILZt hkSZSE eJpEpP gzYkIM\"><span class=\"GallerySlideCaptionHedText-damVxM jvjhBP\">Jodie Turner-Smith, de Gucci\u00a0<\/span><\/h4>\n<p><img loading=\"lazy\" decoding=\"async\" class=\"size-full wp-image-165271 alignleft\" src=\"https:\/\/graziamagazine.com\/es\/wp-content\/uploads\/sites\/12\/2022\/09\/jodie-turner-smith-attends-the-white-noise-and-opening-news-photo-1661966655.jpeg\" alt=\"Festival de Venecia 2022: Los mejores looks de la alfombra roja\" width=\"683\" height=\"1024\" \/><\/p>\n<h4>Roc\u00edo Mu\u00f1oz Morales, en blanco y negro<\/h4>\n<p><img loading=\"lazy\" decoding=\"async\" class=\"aligncenter size-full wp-image-165265\" src=\"https:\/\/graziamagazine.com\/es\/wp-content\/uploads\/sites\/12\/2022\/09\/GettyImages-1419630473.jpg\" alt=\"Festival de Venecia 2022: Los mejores looks de la alfombra roja\" width=\"1024\" height=\"683\" \/><\/p>\n<h4 class=\"slideshow-slide-hed\">Tessa Thompson, de<span style=\"font-family: -apple-system, BlinkMacSystemFont, 'Segoe UI', Roboto, Oxygen-Sans, Ubuntu, Cantarell, 'Helvetica Neue', sans-serif\">\u00a0<\/span><strong style=\"font-family: -apple-system, BlinkMacSystemFont, 'Segoe UI', Roboto, Oxygen-Sans, Ubuntu, Cantarell, 'Helvetica Neue', sans-serif\">Armani<\/strong><\/h4>\n<p><img loading=\"lazy\" decoding=\"async\" class=\"aligncenter size-full wp-image-165273\" src=\"https:\/\/graziamagazine.com\/es\/wp-content\/uploads\/sites\/12\/2022\/09\/tessa-thompson-attends-the-white-noise-and-opening-ceremony-news-photo-1662014327.jpeg\" alt=\"Festival de Venecia 2022: Los mejores looks de la alfombra roja\" width=\"980\" height=\"1470\" \/><\/p>\n<h4 class=\"slideshow-slide-hed\">Alessandra Ambrosio, de <strong style=\"font-family: -apple-system, BlinkMacSystemFont, 'Segoe UI', Roboto, Oxygen-Sans, Ubuntu, Cantarell, 'Helvetica Neue', sans-serif\">Ermanno Scervino<\/strong><\/h4>\n<div class=\"slideshow-slide-dek\">\n<p><img loading=\"lazy\" decoding=\"async\" class=\"aligncenter size-full wp-image-165262\" src=\"https:\/\/graziamagazine.com\/es\/wp-content\/uploads\/sites\/12\/2022\/09\/45758606-2514-4fbd-800a-1b1b72abd7ee.jpg\" alt=\"Festival de Venecia 2022: Los mejores looks de la alfombra roja\" width=\"1024\" height=\"1537\" \/><\/p>\n<h4 class=\"slideshow-slide-hed\">Valentina Sampaio, de Armani Priv\u00e9<\/h4>\n<p><img loading=\"lazy\" decoding=\"async\" class=\"aligncenter size-full wp-image-165274\" src=\"https:\/\/graziamagazine.com\/es\/wp-content\/uploads\/sites\/12\/2022\/09\/valentina-sampaio-attends-the-white-noise-and-opening-news-photo-1661966741.jpeg\" alt=\"Festival de Venecia 2022: Los mejores looks de la alfombra roja\" width=\"980\" height=\"1470\" \/><\/p>\n<h4 class=\"BaseWrap-sc-UABmB BaseText-fETRLB GallerySlideCaptionHed-lfILZt hkSZSE eJpEpP gzYkIM\"><span class=\"GallerySlideCaptionHedText-damVxM jvjhBP\">Barbara Palvin, de <\/span>Armani Priv\u00e9<\/h4>\n<p><img loading=\"lazy\" decoding=\"async\" class=\"size-full wp-image-165260 alignleft\" src=\"https:\/\/graziamagazine.com\/es\/wp-content\/uploads\/sites\/12\/2022\/09\/807ac018-ecb5-41af-8193-39a8f993846a.jpg\" alt=\"Festival de Venecia 2022: Los mejores looks de la alfombra roja\" width=\"683\" height=\"1024\" \/><\/p>\n<h4 class=\"slideshow-slide-hed\">Grace Elizabeth, de Alberta Ferretti<\/h4>\n<p><img loading=\"lazy\" decoding=\"async\" class=\"aligncenter size-full wp-image-165275\" src=\"https:\/\/graziamagazine.com\/es\/wp-content\/uploads\/sites\/12\/2022\/09\/grace-elizabeth-attends-the-white-noise-and-opening-news-photo-1661967189.jpeg\" alt=\"Festival de Venecia 2022: Los mejores looks de la alfombra roja\" width=\"980\" height=\"1470\" \/><\/p>\n<\/div>\n<h4>Reg\u00e9-Jean Page<\/h4>\n<p><img loading=\"lazy\" decoding=\"async\" class=\"size-full wp-image-165264 alignleft\" src=\"https:\/\/graziamagazine.com\/es\/wp-content\/uploads\/sites\/12\/2022\/09\/cc48c70a-25df-4b84-8722-49c1c5424935.jpg\" alt=\"Festival de Venecia 2022: Los mejores looks de la alfombra roja\" width=\"683\" height=\"1024\" \/><\/p>\n<h4 class=\"slideshow-slide-hed\">Bianca Brandolini, de<span style=\"font-family: -apple-system, BlinkMacSystemFont, 'Segoe UI', Roboto, Oxygen-Sans, Ubuntu, Cantarell, 'Helvetica Neue', sans-serif\">\u00a0<\/span>Giambattista Valli<\/h4>\n<p><img loading=\"lazy\" decoding=\"async\" class=\"aligncenter size-full wp-image-165277\" src=\"https:\/\/graziamagazine.com\/es\/wp-content\/uploads\/sites\/12\/2022\/09\/bianca-brandolini-dadda-attends-the-white-noise-and-opening-news-photo-1661967083.jpeg\" alt=\"Festival de Venecia 2022: Los mejores looks de la alfombra roja\" width=\"980\" height=\"1470\" \/><\/p>\n<\/div>\n<div>\n<h4 class=\"slideshow-slide-hed\">Isabeli Fontana, de<span style=\"font-family: -apple-system, BlinkMacSystemFont, 'Segoe UI', Roboto, Oxygen-Sans, Ubuntu, Cantarell, 'Helvetica Neue', sans-serif\"> Rene Caovilla<\/span><\/h4>\n<\/div>\n<div><img loading=\"lazy\" decoding=\"async\" class=\"aligncenter size-full wp-image-165278\" src=\"https:\/\/graziamagazine.com\/es\/wp-content\/uploads\/sites\/12\/2022\/09\/isabeli-fontana-attends-the-white-noise-and-opening-news-photo-1661967046.jpeg\" alt=\"Festival de Venecia 2022: Los mejores looks de la alfombra roja\" width=\"980\" height=\"1387\" \/><\/div>\n<div>\n<h4><\/h4>\n<h4 class=\"slideshow-slide-hed\">Raffey Cassidy, de <strong style=\"font-family: inherit\">Valentino<\/strong><\/h4>\n<p><img loading=\"lazy\" decoding=\"async\" class=\"size-full wp-image-165279 alignleft\" src=\"https:\/\/graziamagazine.com\/es\/wp-content\/uploads\/sites\/12\/2022\/09\/raffey-cassidy-attends-the-white-noise-and-opening-ceremony-news-photo-1661966583.jpeg\" alt=\"Festival de Venecia 2022: Los mejores looks de la alfombra roja\" width=\"683\" height=\"1024\" \/><\/p>\n<\/div>\n<div><em>*Im\u00e1genes: Getty Images<\/em><\/div>\n<div><\/div>\n","protected":false},"author":11653,"featured_media":165596,"template":"","format":"standard","categories":[2971,1],"acf":{"banner":null},"yoast_head":"<!-- This site is optimized with the Yoast SEO Premium plugin v18.5 (Yoast SEO v20.4) - https:\/\/yoast.com\/wordpress\/plugins\/seo\/ -->\n<title>Festival de Venecia 2022: Los mejores looks de la alfombra roja | Grazia<\/title>\n<meta name=\"description\" content=\"La Mostra cumple 90 a\u00f1os y elegimos d\u00eda a d\u00eda los vestidos favoritos de las famosas que traen el glamour a Venecia un a\u00f1o m\u00e1s.\" \/>\n<meta name=\"robots\" content=\"index, follow, max-snippet:-1, max-image-preview:large, max-video-preview:-1\" \/>\n<link rel=\"canonical\" href=\"https:\/\/graziamagazine.com\/es\/articles\/festival-de-venecia-2022-los-mejores-looks-de-la-alfombra-roja\/\" \/>\n<meta property=\"og:locale\" content=\"es_ES\" \/>\n<meta property=\"og:type\" content=\"article\" \/>\n<meta property=\"og:title\" content=\"Festival de Venecia 2022: Los mejores looks de la alfombra roja\" \/>\n<meta property=\"og:description\" content=\"La Mostra cumple 90 a\u00f1os y elegimos d\u00eda a d\u00eda los vestidos favoritos de las famosas que traen el glamour a Venecia un a\u00f1o m\u00e1s.\" \/>\n<meta property=\"og:url\" content=\"https:\/\/graziamagazine.com\/es\/articles\/festival-de-venecia-2022-los-mejores-looks-de-la-alfombra-roja\/\" \/>\n<meta property=\"og:site_name\" content=\"Grazia\" \/>\n<meta property=\"article:modified_time\" content=\"2022-09-12T16:46:51+00:00\" \/>\n<meta property=\"og:image\" content=\"https:\/\/graziamagazine.com\/es\/wp-content\/uploads\/sites\/12\/2022\/08\/ana-de-armas-festival-venecia-2022-GettyImages-1421978307-copia.jpg\" \/>\n\t<meta property=\"og:image:width\" content=\"2175\" \/>\n\t<meta property=\"og:image:height\" content=\"1223\" \/>\n\t<meta property=\"og:image:type\" content=\"image\/jpeg\" \/>\n<meta name=\"twitter:card\" content=\"summary_large_image\" \/>\n<meta name=\"twitter:image\" content=\"https:\/\/graziamagazine.com\/es\/wp-content\/uploads\/sites\/12\/2022\/08\/ana-de-armas-festival-venecia-2022-GettyImages-1421978307-copia.jpg\" \/>\n<meta name=\"twitter:label1\" content=\"Est. reading time\" \/>\n\t<meta name=\"twitter:data1\" content=\"3 minutos\" \/>\n<script type=\"application\/ld+json\" class=\"yoast-schema-graph\">{\"@context\":\"https:\/\/schema.org\",\"@graph\":[{\"@type\":\"WebPage\",\"@id\":\"https:\/\/graziamagazine.com\/es\/articles\/festival-de-venecia-2022-los-mejores-looks-de-la-alfombra-roja\/\",\"url\":\"https:\/\/graziamagazine.com\/es\/articles\/festival-de-venecia-2022-los-mejores-looks-de-la-alfombra-roja\/\",\"name\":\"Festival de Venecia 2022: Los mejores looks de la alfombra roja | Grazia\",\"isPartOf\":{\"@id\":\"https:\/\/graziamagazine.com\/es\/#website\"},\"datePublished\":\"2022-08-31T09:00:37+00:00\",\"dateModified\":\"2022-09-12T16:46:51+00:00\",\"description\":\"La Mostra cumple 90 a\u00f1os y elegimos d\u00eda a d\u00eda los vestidos favoritos de las famosas que traen el glamour a Venecia un a\u00f1o m\u00e1s.\",\"breadcrumb\":{\"@id\":\"https:\/\/graziamagazine.com\/es\/articles\/festival-de-venecia-2022-los-mejores-looks-de-la-alfombra-roja\/#breadcrumb\"},\"inLanguage\":\"es\",\"potentialAction\":[{\"@type\":\"ReadAction\",\"target\":[\"https:\/\/graziamagazine.com\/es\/articles\/festival-de-venecia-2022-los-mejores-looks-de-la-alfombra-roja\/\"]}]},{\"@type\":\"BreadcrumbList\",\"@id\":\"https:\/\/graziamagazine.com\/es\/articles\/festival-de-venecia-2022-los-mejores-looks-de-la-alfombra-roja\/#breadcrumb\",\"itemListElement\":[{\"@type\":\"ListItem\",\"position\":1,\"name\":\"Portada\",\"item\":\"https:\/\/graziamagazine.com\/es\/\"},{\"@type\":\"ListItem\",\"position\":2,\"name\":\"Festival de Venecia 2022: Los mejores looks de la alfombra roja\"}]},{\"@type\":\"WebSite\",\"@id\":\"https:\/\/graziamagazine.com\/es\/#website\",\"url\":\"https:\/\/graziamagazine.com\/es\/\",\"name\":\"Grazia\",\"description\":\"Moda, belleza, celebrities, estilo de vida...\",\"potentialAction\":[{\"@type\":\"SearchAction\",\"target\":{\"@type\":\"EntryPoint\",\"urlTemplate\":\"https:\/\/graziamagazine.com\/es\/?s={search_term_string}\"},\"query-input\":\"required name=search_term_string\"}],\"inLanguage\":\"es\"}]}<\/script>\n<!-- \/ Yoast SEO Premium plugin. -->","yoast_head_json":{"title":"Festival de Venecia 2022: Los mejores looks de la alfombra roja | Grazia","description":"La Mostra cumple 90 a\u00f1os y elegimos d\u00eda a d\u00eda los vestidos favoritos de las famosas que traen el glamour a Venecia un a\u00f1o m\u00e1s.","robots":{"index":"index","follow":"follow","max-snippet":"max-snippet:-1","max-image-preview":"max-image-preview:large","max-video-preview":"max-video-preview:-1"},"canonical":"https:\/\/graziamagazine.com\/es\/articles\/festival-de-venecia-2022-los-mejores-looks-de-la-alfombra-roja\/","og_locale":"es_ES","og_type":"article","og_title":"Festival de Venecia 2022: Los mejores looks de la alfombra roja","og_description":"La Mostra cumple 90 a\u00f1os y elegimos d\u00eda a d\u00eda los vestidos favoritos de las famosas que traen el glamour a Venecia un a\u00f1o m\u00e1s.","og_url":"https:\/\/graziamagazine.com\/es\/articles\/festival-de-venecia-2022-los-mejores-looks-de-la-alfombra-roja\/","og_site_name":"Grazia","article_modified_time":"2022-09-12T16:46:51+00:00","og_image":[{"width":2175,"height":1223,"url":"https:\/\/graziamagazine.com\/es\/wp-content\/uploads\/sites\/12\/2022\/08\/ana-de-armas-festival-venecia-2022-GettyImages-1421978307-copia.jpg","type":"image\/jpeg"}],"twitter_card":"summary_large_image","twitter_image":"https:\/\/graziamagazine.com\/es\/wp-content\/uploads\/sites\/12\/2022\/08\/ana-de-armas-festival-venecia-2022-GettyImages-1421978307-copia.jpg","twitter_misc":{"Est. reading time":"3 minutos"},"schema":{"@context":"https:\/\/schema.org","@graph":[{"@type":"WebPage","@id":"https:\/\/graziamagazine.com\/es\/articles\/festival-de-venecia-2022-los-mejores-looks-de-la-alfombra-roja\/","url":"https:\/\/graziamagazine.com\/es\/articles\/festival-de-venecia-2022-los-mejores-looks-de-la-alfombra-roja\/","name":"Festival de Venecia 2022: Los mejores looks de la alfombra roja | Grazia","isPartOf":{"@id":"https:\/\/graziamagazine.com\/es\/#website"},"datePublished":"2022-08-31T09:00:37+00:00","dateModified":"2022-09-12T16:46:51+00:00","description":"La Mostra cumple 90 a\u00f1os y elegimos d\u00eda a d\u00eda los vestidos favoritos de las famosas que traen el glamour a Venecia un a\u00f1o m\u00e1s.","breadcrumb":{"@id":"https:\/\/graziamagazine.com\/es\/articles\/festival-de-venecia-2022-los-mejores-looks-de-la-alfombra-roja\/#breadcrumb"},"inLanguage":"es","potentialAction":[{"@type":"ReadAction","target":["https:\/\/graziamagazine.com\/es\/articles\/festival-de-venecia-2022-los-mejores-looks-de-la-alfombra-roja\/"]}]},{"@type":"BreadcrumbList","@id":"https:\/\/graziamagazine.com\/es\/articles\/festival-de-venecia-2022-los-mejores-looks-de-la-alfombra-roja\/#breadcrumb","itemListElement":[{"@type":"ListItem","position":1,"name":"Portada","item":"https:\/\/graziamagazine.com\/es\/"},{"@type":"ListItem","position":2,"name":"Festival de Venecia 2022: Los mejores looks de la alfombra roja"}]},{"@type":"WebSite","@id":"https:\/\/graziamagazine.com\/es\/#website","url":"https:\/\/graziamagazine.com\/es\/","name":"Grazia","description":"Moda, belleza, celebrities, estilo de vida...","potentialAction":[{"@type":"SearchAction","target":{"@type":"EntryPoint","urlTemplate":"https:\/\/graziamagazine.com\/es\/?s={search_term_string}"},"query-input":"required name=search_term_string"}],"inLanguage":"es"}]}},"jetpack_sharing_enabled":true,"distributor_meta":false,"distributor_terms":false,"distributor_media":false,"distributor_original_site_name":"Grazia","distributor_original_site_url":"https:\/\/graziamagazine.com\/es","push-errors":false,"_links":{"self":[{"href":"https:\/\/graziamagazine.com\/es\/wp-json\/wp\/v2\/articles\/165259"}],"collection":[{"href":"https:\/\/graziamagazine.com\/es\/wp-json\/wp\/v2\/articles"}],"about":[{"href":"https:\/\/graziamagazine.com\/es\/wp-json\/wp\/v2\/types\/articles"}],"author":[{"embeddable":true,"href":"https:\/\/graziamagazine.com\/es\/wp-json\/wp\/v2\/users\/11653"}],"wp:featuredmedia":[{"embeddable":true,"href":"https:\/\/graziamagazine.com\/es\/wp-json\/wp\/v2\/media\/165596"}],"wp:attachment":[{"href":"https:\/\/graziamagazine.com\/es\/wp-json\/wp\/v2\/media?parent=165259"}],"wp:term":[{"taxonomy":"category","embeddable":true,"href":"https:\/\/graziamagazine.com\/es\/wp-json\/wp\/v2\/categories?post=165259"}],"curies":[{"name":"wp","href":"https:\/\/api.w.org\/{rel}","templated":true}]}}