{"id":165187,"date":"2022-08-25T14:10:02","date_gmt":"2022-08-25T12:10:02","guid":{"rendered":"https:\/\/graziamagazine.com\/es\/?post_type=articles&#038;p=165187"},"modified":"2022-08-25T14:10:02","modified_gmt":"2022-08-25T12:10:02","slug":"alcarras-cinco-lobitos-y-as-bestas-competiran-para-representar-a-espana-en-los-oscar-2023","status":"publish","type":"articles","link":"https:\/\/graziamagazine.com\/es\/articles\/alcarras-cinco-lobitos-y-as-bestas-competiran-para-representar-a-espana-en-los-oscar-2023\/","title":{"rendered":"&#8216;Alcarr\u00e0s&#8217;, &#8216;Cinco Lobitos&#8217; y &#8216;As bestas&#8217; competir\u00e1n para representar a Espa\u00f1a en los Oscar 2023"},"content":{"rendered":"<p>En un acto celebrado esta ma\u00f1ana en la Academia de Cine, la actriz <strong>Mar\u00eda Pedraza<\/strong>\u00a0ha desvelado los t\u00edtulos preseleccionados, acompa\u00f1ada por <strong>Fernando M\u00e9ndez-Leite<\/strong>, presidente de la instituci\u00f3n, y la notaria\u00a0<strong>Eva Fern\u00e1ndez Medina<\/strong>.<\/p>\n<p><iframe loading=\"lazy\" title=\"Alcarr\u00e0s de Carla Sim\u00f3n | Tr\u00e1iler espa\u00f1ol | Avalon\" width=\"500\" height=\"281\" src=\"https:\/\/www.youtube.com\/embed\/XacARMle0ZY?feature=oembed\" frameborder=\"0\" allow=\"accelerometer; autoplay; clipboard-write; encrypted-media; gyroscope; picture-in-picture\" allowfullscreen><\/iframe><\/p>\n<p>Las pel\u00edculas<em> Alcarr\u00e0s<\/em>, de <strong>Carla Sim\u00f3n<\/strong>, <em>As bestas<\/em>, de <strong>Rodrigo Sorogoyen<\/strong>, y <em>Cinco lobitos<\/em>, de <strong>Alauda Ruiz de Az\u00faa<\/strong>, son las tres cintas preseleccionadas para representar a Espa\u00f1a en la 95 edici\u00f3n de los Premios Oscar, que se celebrar\u00e1 el 12 de marzo de 2023. El pr\u00f3ximo 13 de septiembre se conocer\u00e1 la decisi\u00f3n final de las acad\u00e9micas y acad\u00e9micos, que elegir\u00e1n entre estas tres historias.<\/p>\n<p><iframe loading=\"lazy\" title=\"As bestas - Trailer\" width=\"500\" height=\"281\" src=\"https:\/\/www.youtube.com\/embed\/rPrDLo31cp4?feature=oembed\" frameborder=\"0\" allow=\"accelerometer; autoplay; clipboard-write; encrypted-media; gyroscope; picture-in-picture\" allowfullscreen><\/iframe><\/p>\n<p>Ganadora del Oso de Oro en el Festival de Berl\u00edn, <em>Alcarr\u00e0s<\/em> es la segunda cinta de Carla Sim\u00f3n, que con su debut <em>Verano 1993<\/em> se hizo con el Goya a Mejor Direcci\u00f3n Novel. Quinto largometraje de su carrera, el ganador de tres goyas Rodrigo Sorogoyen estuvo presente en Cannes con <em>As bestas<\/em>, que tambi\u00e9n se ver\u00e1 en San Sebasti\u00e1n. Completa la terna el debut de Alauda Ruiz de Az\u00faa, <em>Cinco lobitos<\/em>, que arras\u00f3 en el \u00faltimo Festival de M\u00e1laga con cinco premios, entre ellos Mejor Pel\u00edcula y Gui\u00f3n.<\/p>\n<p><iframe loading=\"lazy\" title=\"Cinco lobitos   Trailer\" width=\"500\" height=\"281\" src=\"https:\/\/www.youtube.com\/embed\/xBuqdeNtXp4?feature=oembed\" frameborder=\"0\" allow=\"accelerometer; autoplay; clipboard-write; encrypted-media; gyroscope; picture-in-picture\" allowfullscreen><\/iframe><\/p>\n<p><em>*Imagen: Alcarr\u00e0s<\/em><\/p>\n","protected":false},"author":11653,"featured_media":165188,"template":"","format":"standard","categories":[2971],"acf":{"banner":null},"yoast_head":"<!-- This site is optimized with the Yoast SEO Premium plugin v18.5 (Yoast SEO v20.4) - https:\/\/yoast.com\/wordpress\/plugins\/seo\/ -->\n<title>&#039;Alcarr\u00e0s&#039;, &#039;Cinco Lobitos&#039; y &#039;As bestas&#039; competir\u00e1n para representar a Espa\u00f1a en los Oscar 2023 | Grazia<\/title>\n<meta name=\"description\" content=\"En un acto celebrado esta ma\u00f1ana en la Academia de Cine, la actriz Mar\u00eda Pedraza\u00a0ha desvelado los t\u00edtulos preseleccionados, acompa\u00f1ada por Fernando\" \/>\n<meta name=\"robots\" content=\"index, follow, max-snippet:-1, max-image-preview:large, max-video-preview:-1\" \/>\n<link rel=\"canonical\" href=\"https:\/\/graziamagazine.com\/es\/articles\/alcarras-cinco-lobitos-y-as-bestas-competiran-para-representar-a-espana-en-los-oscar-2023\/\" \/>\n<meta property=\"og:locale\" content=\"es_ES\" \/>\n<meta property=\"og:type\" content=\"article\" \/>\n<meta property=\"og:title\" content=\"&#039;Alcarr\u00e0s&#039;, &#039;Cinco Lobitos&#039; y &#039;As bestas&#039; competir\u00e1n para representar a Espa\u00f1a en los Oscar 2023\" \/>\n<meta property=\"og:description\" content=\"En un acto celebrado esta ma\u00f1ana en la Academia de Cine, la actriz Mar\u00eda Pedraza\u00a0ha desvelado los t\u00edtulos preseleccionados, acompa\u00f1ada por Fernando\" \/>\n<meta property=\"og:url\" content=\"https:\/\/graziamagazine.com\/es\/articles\/alcarras-cinco-lobitos-y-as-bestas-competiran-para-representar-a-espana-en-los-oscar-2023\/\" \/>\n<meta property=\"og:site_name\" content=\"Grazia\" \/>\n<meta property=\"og:image\" content=\"https:\/\/graziamagazine.com\/es\/wp-content\/uploads\/sites\/12\/2022\/08\/Alcarr_s-572193330-large.jpeg\" \/>\n\t<meta property=\"og:image:width\" content=\"1800\" \/>\n\t<meta property=\"og:image:height\" content=\"1200\" \/>\n\t<meta property=\"og:image:type\" content=\"image\/jpeg\" \/>\n<meta name=\"twitter:card\" content=\"summary_large_image\" \/>\n<meta name=\"twitter:label1\" content=\"Est. reading time\" \/>\n\t<meta name=\"twitter:data1\" content=\"1 minuto\" \/>\n<script type=\"application\/ld+json\" class=\"yoast-schema-graph\">{\"@context\":\"https:\/\/schema.org\",\"@graph\":[{\"@type\":\"WebPage\",\"@id\":\"https:\/\/graziamagazine.com\/es\/articles\/alcarras-cinco-lobitos-y-as-bestas-competiran-para-representar-a-espana-en-los-oscar-2023\/\",\"url\":\"https:\/\/graziamagazine.com\/es\/articles\/alcarras-cinco-lobitos-y-as-bestas-competiran-para-representar-a-espana-en-los-oscar-2023\/\",\"name\":\"'Alcarr\u00e0s', 'Cinco Lobitos' y 'As bestas' competir\u00e1n para representar a Espa\u00f1a en los Oscar 2023 | Grazia\",\"isPartOf\":{\"@id\":\"https:\/\/graziamagazine.com\/es\/#website\"},\"datePublished\":\"2022-08-25T12:10:02+00:00\",\"dateModified\":\"2022-08-25T12:10:02+00:00\",\"description\":\"En un acto celebrado esta ma\u00f1ana en la Academia de Cine, la actriz Mar\u00eda Pedraza\u00a0ha desvelado los t\u00edtulos preseleccionados, acompa\u00f1ada por Fernando\",\"breadcrumb\":{\"@id\":\"https:\/\/graziamagazine.com\/es\/articles\/alcarras-cinco-lobitos-y-as-bestas-competiran-para-representar-a-espana-en-los-oscar-2023\/#breadcrumb\"},\"inLanguage\":\"es\",\"potentialAction\":[{\"@type\":\"ReadAction\",\"target\":[\"https:\/\/graziamagazine.com\/es\/articles\/alcarras-cinco-lobitos-y-as-bestas-competiran-para-representar-a-espana-en-los-oscar-2023\/\"]}]},{\"@type\":\"BreadcrumbList\",\"@id\":\"https:\/\/graziamagazine.com\/es\/articles\/alcarras-cinco-lobitos-y-as-bestas-competiran-para-representar-a-espana-en-los-oscar-2023\/#breadcrumb\",\"itemListElement\":[{\"@type\":\"ListItem\",\"position\":1,\"name\":\"Portada\",\"item\":\"https:\/\/graziamagazine.com\/es\/\"},{\"@type\":\"ListItem\",\"position\":2,\"name\":\"&#8216;Alcarr\u00e0s&#8217;, &#8216;Cinco Lobitos&#8217; y &#8216;As bestas&#8217; competir\u00e1n para representar a Espa\u00f1a en los Oscar 2023\"}]},{\"@type\":\"WebSite\",\"@id\":\"https:\/\/graziamagazine.com\/es\/#website\",\"url\":\"https:\/\/graziamagazine.com\/es\/\",\"name\":\"Grazia\",\"description\":\"Moda, belleza, celebrities, estilo de vida...\",\"potentialAction\":[{\"@type\":\"SearchAction\",\"target\":{\"@type\":\"EntryPoint\",\"urlTemplate\":\"https:\/\/graziamagazine.com\/es\/?s={search_term_string}\"},\"query-input\":\"required name=search_term_string\"}],\"inLanguage\":\"es\"}]}<\/script>\n<!-- \/ Yoast SEO Premium plugin. -->","yoast_head_json":{"title":"'Alcarr\u00e0s', 'Cinco Lobitos' y 'As bestas' competir\u00e1n para representar a Espa\u00f1a en los Oscar 2023 | Grazia","description":"En un acto celebrado esta ma\u00f1ana en la Academia de Cine, la actriz Mar\u00eda Pedraza\u00a0ha desvelado los t\u00edtulos preseleccionados, acompa\u00f1ada por Fernando","robots":{"index":"index","follow":"follow","max-snippet":"max-snippet:-1","max-image-preview":"max-image-preview:large","max-video-preview":"max-video-preview:-1"},"canonical":"https:\/\/graziamagazine.com\/es\/articles\/alcarras-cinco-lobitos-y-as-bestas-competiran-para-representar-a-espana-en-los-oscar-2023\/","og_locale":"es_ES","og_type":"article","og_title":"'Alcarr\u00e0s', 'Cinco Lobitos' y 'As bestas' competir\u00e1n para representar a Espa\u00f1a en los Oscar 2023","og_description":"En un acto celebrado esta ma\u00f1ana en la Academia de Cine, la actriz Mar\u00eda Pedraza\u00a0ha desvelado los t\u00edtulos preseleccionados, acompa\u00f1ada por Fernando","og_url":"https:\/\/graziamagazine.com\/es\/articles\/alcarras-cinco-lobitos-y-as-bestas-competiran-para-representar-a-espana-en-los-oscar-2023\/","og_site_name":"Grazia","og_image":[{"width":1800,"height":1200,"url":"https:\/\/graziamagazine.com\/es\/wp-content\/uploads\/sites\/12\/2022\/08\/Alcarr_s-572193330-large.jpeg","type":"image\/jpeg"}],"twitter_card":"summary_large_image","twitter_misc":{"Est. reading time":"1 minuto"},"schema":{"@context":"https:\/\/schema.org","@graph":[{"@type":"WebPage","@id":"https:\/\/graziamagazine.com\/es\/articles\/alcarras-cinco-lobitos-y-as-bestas-competiran-para-representar-a-espana-en-los-oscar-2023\/","url":"https:\/\/graziamagazine.com\/es\/articles\/alcarras-cinco-lobitos-y-as-bestas-competiran-para-representar-a-espana-en-los-oscar-2023\/","name":"'Alcarr\u00e0s', 'Cinco Lobitos' y 'As bestas' competir\u00e1n para representar a Espa\u00f1a en los Oscar 2023 | Grazia","isPartOf":{"@id":"https:\/\/graziamagazine.com\/es\/#website"},"datePublished":"2022-08-25T12:10:02+00:00","dateModified":"2022-08-25T12:10:02+00:00","description":"En un acto celebrado esta ma\u00f1ana en la Academia de Cine, la actriz Mar\u00eda Pedraza\u00a0ha desvelado los t\u00edtulos preseleccionados, acompa\u00f1ada por Fernando","breadcrumb":{"@id":"https:\/\/graziamagazine.com\/es\/articles\/alcarras-cinco-lobitos-y-as-bestas-competiran-para-representar-a-espana-en-los-oscar-2023\/#breadcrumb"},"inLanguage":"es","potentialAction":[{"@type":"ReadAction","target":["https:\/\/graziamagazine.com\/es\/articles\/alcarras-cinco-lobitos-y-as-bestas-competiran-para-representar-a-espana-en-los-oscar-2023\/"]}]},{"@type":"BreadcrumbList","@id":"https:\/\/graziamagazine.com\/es\/articles\/alcarras-cinco-lobitos-y-as-bestas-competiran-para-representar-a-espana-en-los-oscar-2023\/#breadcrumb","itemListElement":[{"@type":"ListItem","position":1,"name":"Portada","item":"https:\/\/graziamagazine.com\/es\/"},{"@type":"ListItem","position":2,"name":"&#8216;Alcarr\u00e0s&#8217;, &#8216;Cinco Lobitos&#8217; y &#8216;As bestas&#8217; competir\u00e1n para representar a Espa\u00f1a en los Oscar 2023"}]},{"@type":"WebSite","@id":"https:\/\/graziamagazine.com\/es\/#website","url":"https:\/\/graziamagazine.com\/es\/","name":"Grazia","description":"Moda, belleza, celebrities, estilo de vida...","potentialAction":[{"@type":"SearchAction","target":{"@type":"EntryPoint","urlTemplate":"https:\/\/graziamagazine.com\/es\/?s={search_term_string}"},"query-input":"required name=search_term_string"}],"inLanguage":"es"}]}},"jetpack_sharing_enabled":true,"distributor_meta":false,"distributor_terms":false,"distributor_media":false,"distributor_original_site_name":"Grazia","distributor_original_site_url":"https:\/\/graziamagazine.com\/es","push-errors":false,"_links":{"self":[{"href":"https:\/\/graziamagazine.com\/es\/wp-json\/wp\/v2\/articles\/165187"}],"collection":[{"href":"https:\/\/graziamagazine.com\/es\/wp-json\/wp\/v2\/articles"}],"about":[{"href":"https:\/\/graziamagazine.com\/es\/wp-json\/wp\/v2\/types\/articles"}],"author":[{"embeddable":true,"href":"https:\/\/graziamagazine.com\/es\/wp-json\/wp\/v2\/users\/11653"}],"wp:featuredmedia":[{"embeddable":true,"href":"https:\/\/graziamagazine.com\/es\/wp-json\/wp\/v2\/media\/165188"}],"wp:attachment":[{"href":"https:\/\/graziamagazine.com\/es\/wp-json\/wp\/v2\/media?parent=165187"}],"wp:term":[{"taxonomy":"category","embeddable":true,"href":"https:\/\/graziamagazine.com\/es\/wp-json\/wp\/v2\/categories?post=165187"}],"curies":[{"name":"wp","href":"https:\/\/api.w.org\/{rel}","templated":true}]}}