{"id":165079,"date":"2022-08-23T09:30:36","date_gmt":"2022-08-23T07:30:36","guid":{"rendered":"https:\/\/graziamagazine.com\/es\/?post_type=articles&#038;p=165079"},"modified":"2022-08-22T23:52:38","modified_gmt":"2022-08-22T21:52:38","slug":"este-es-el-after-sun-de-aloe-vera-perfecto-para-despues-del-sol","status":"publish","type":"articles","link":"https:\/\/graziamagazine.com\/es\/articles\/este-es-el-after-sun-de-aloe-vera-perfecto-para-despues-del-sol\/","title":{"rendered":"Este es el after sun de aloe vera perfecto para despu\u00e9s del sol"},"content":{"rendered":"<p>Con la llegada del buen tiempo y los meses estivales la protecci\u00f3n solar es indispensable: los paseos bajo el sol o los ba\u00f1os solares en playas y piscinas requieren un producto que restaure y recupere la piel tras ellos. Seguro que lo sabes, pero el aloe vera cuenta grandes propiedades para la piel que lo convierten en uno de los mejores productos after sun que existen. Entre ellas destacan cuatro:<br aria-hidden=\"true\" \/><br aria-hidden=\"true\" \/><strong>1-\u00a0 Hidratante:<\/strong>\u00a0al poseer una base acuosa humecta la piel de forma efectiva, devolvi\u00e9ndole as\u00ed su elasticidad y suavidad natural.<br aria-hidden=\"true\" \/><br aria-hidden=\"true\" \/><strong>2-\u00a0 Regeneradora:<\/strong>\u00a0el Aloe Barbadensis contiene enzimas, sales minerales, oligoelementos, amino\u00e1cidos esenciales y vitaminas. Su acci\u00f3n estimula la producci\u00f3n de col\u00e1geno y favorece la regeneraci\u00f3n epid\u00e9rmica. Adem\u00e1s, acelera el proceso de cicatrizaci\u00f3n, por lo que se convierte en el producto perfecto para utilizar tras los ba\u00f1os solares.<br aria-hidden=\"true\" \/><br aria-hidden=\"true\" \/><strong>3-\u00a0 Refrescante:<\/strong>\u00a0proporciona una sensaci\u00f3n de frescor y se absorbe r\u00e1pidamente gracias a una textura no grasa.<br aria-hidden=\"true\" \/><br aria-hidden=\"true\" \/><strong>4- Calmante:\u00a0<\/strong>su efecto calmante sobre la piel es inmediato, adem\u00e1s ayuda a que disminuyan las rojeces, al mismo tiempo que proporciona una sensaci\u00f3n de confort absoluto sobre la piel.<\/p>\n<p>Al mercado ha llegado un nuevo producto, el <em>Gel Dermatol\u00f3gico Aloe Vera 100% Barbadensis.+ de Saluvital,<\/em> laboratorios Unidex-Farma. Este nuevo after sun, que mantiene el color verde de la planta sin colorantes, est\u00e1 indicado, por sus propiedades naturales, para el cuidado de la piel y para mantener su hidrataci\u00f3n, previniendo la sequedad cut\u00e1nea e irritaciones y sus consiguientes molestias. Adem\u00e1s favorece la cicatrizaci\u00f3n, regeneraci\u00f3n e hidrataci\u00f3n de la piel, y es perfecto para quemaduras leves e irritaciones despu\u00e9s del afeitado y la depilaci\u00f3n.<\/p>\n<div>\n<div>\n<div><\/div>\n<div><img loading=\"lazy\" decoding=\"async\" class=\"aligncenter size-full wp-image-165080\" src=\"https:\/\/graziamagazine.com\/es\/wp-content\/uploads\/sites\/12\/2022\/08\/4623f50d-23d3-c598-bd63-d55f804900da.jpeg\" alt=\"Este es el after sun de aloe vera perfecto para despu\u00e9s del sol\" width=\"1024\" height=\"1024\" \/><\/div>\n<\/div>\n<\/div>\n<div><\/div>\n<div><\/div>\n<h3>3 consejos para cuidar la piel despu\u00e9s de los rayos solares<\/h3>\n<div><strong>1- Es recomendable ducharse con agua fr\u00eda o tibia y utilizar un gel dermoprotector que respete la barrera hidrolip\u00eddica de la piel,<\/strong>\u00a0ya que es fundamental eliminar los restos del protector solar, cloro, salitre, suciedad e impurezas sin agredirla.<br aria-hidden=\"true\" \/><br aria-hidden=\"true\" \/><strong>2- Beber agua para compensar la deshidrataci\u00f3n<\/strong>. \u00a1Durante los meses estivales la deshidrataci\u00f3n es m\u00e1s frecuente que nunca! \u00bfLa cantidad ideal? De 2 a 2,5 litros de agua diaria.<br aria-hidden=\"true\" \/><br aria-hidden=\"true\" \/><strong>3- Aplicar un producto que refresque y calme la inflamaci\u00f3n tras las exposiciones solares,\u00a0<\/strong>como el\u00a0<strong>Gel Dermatol\u00f3gico Aloe Vera 100%\u00a0<\/strong><strong>Barbadensis.<\/strong><\/div>\n<div><\/div>\n<div><br aria-hidden=\"true\" \/><strong>*Modo de empleo: <\/strong>Aplicar sobre la piel y con un ligero masaje las veces que se requiera. El precio de Saluvital Gel Dermatol\u00f3gico Aloe Vera 100% es de 6,95 euros (250ml) y 10,95 euros (500ml).<\/div>\n<div>\n<div><\/div>\n<\/div>\n<div><\/div>\n<div><\/div>\n","protected":false},"author":11653,"featured_media":165081,"template":"","format":"standard","categories":[7,3054],"acf":[],"yoast_head":"<!-- This site is optimized with the Yoast SEO Premium plugin v18.5 (Yoast SEO v20.4) - https:\/\/yoast.com\/wordpress\/plugins\/seo\/ -->\n<title>Este es el after sun de aloe vera perfecto para despu\u00e9s del sol | Grazia<\/title>\n<meta name=\"description\" content=\"Con la llegada del buen tiempo y los meses estivales la protecci\u00f3n solar es indispensable: los paseos bajo el sol o los ba\u00f1os solares en playas y piscinas\" \/>\n<meta name=\"robots\" content=\"index, follow, max-snippet:-1, max-image-preview:large, max-video-preview:-1\" \/>\n<link rel=\"canonical\" href=\"https:\/\/graziamagazine.com\/es\/articles\/este-es-el-after-sun-de-aloe-vera-perfecto-para-despues-del-sol\/\" \/>\n<meta property=\"og:locale\" content=\"es_ES\" \/>\n<meta property=\"og:type\" content=\"article\" \/>\n<meta property=\"og:title\" content=\"Este es el after sun de aloe vera perfecto para despu\u00e9s del sol\" \/>\n<meta property=\"og:description\" content=\"Con la llegada del buen tiempo y los meses estivales la protecci\u00f3n solar es indispensable: los paseos bajo el sol o los ba\u00f1os solares en playas y piscinas\" \/>\n<meta property=\"og:url\" content=\"https:\/\/graziamagazine.com\/es\/articles\/este-es-el-after-sun-de-aloe-vera-perfecto-para-despues-del-sol\/\" \/>\n<meta property=\"og:site_name\" content=\"Grazia\" \/>\n<meta property=\"article:modified_time\" content=\"2022-08-22T21:52:38+00:00\" \/>\n<meta property=\"og:image\" content=\"https:\/\/graziamagazine.com\/es\/wp-content\/uploads\/sites\/12\/2022\/08\/aloe-vera.jpeg?fit=1200%2C675\" \/>\n\t<meta property=\"og:image:width\" content=\"1200\" \/>\n\t<meta property=\"og:image:height\" content=\"675\" \/>\n\t<meta property=\"og:image:type\" content=\"image\/jpeg\" \/>\n<meta name=\"twitter:card\" content=\"summary_large_image\" \/>\n<meta name=\"twitter:label1\" content=\"Est. reading time\" \/>\n\t<meta name=\"twitter:data1\" content=\"2 minutos\" \/>\n<script type=\"application\/ld+json\" class=\"yoast-schema-graph\">{\"@context\":\"https:\/\/schema.org\",\"@graph\":[{\"@type\":\"WebPage\",\"@id\":\"https:\/\/graziamagazine.com\/es\/articles\/este-es-el-after-sun-de-aloe-vera-perfecto-para-despues-del-sol\/\",\"url\":\"https:\/\/graziamagazine.com\/es\/articles\/este-es-el-after-sun-de-aloe-vera-perfecto-para-despues-del-sol\/\",\"name\":\"Este es el after sun de aloe vera perfecto para despu\u00e9s del sol | Grazia\",\"isPartOf\":{\"@id\":\"https:\/\/graziamagazine.com\/es\/#website\"},\"datePublished\":\"2022-08-23T07:30:36+00:00\",\"dateModified\":\"2022-08-22T21:52:38+00:00\",\"description\":\"Con la llegada del buen tiempo y los meses estivales la protecci\u00f3n solar es indispensable: los paseos bajo el sol o los ba\u00f1os solares en playas y piscinas\",\"breadcrumb\":{\"@id\":\"https:\/\/graziamagazine.com\/es\/articles\/este-es-el-after-sun-de-aloe-vera-perfecto-para-despues-del-sol\/#breadcrumb\"},\"inLanguage\":\"es\",\"potentialAction\":[{\"@type\":\"ReadAction\",\"target\":[\"https:\/\/graziamagazine.com\/es\/articles\/este-es-el-after-sun-de-aloe-vera-perfecto-para-despues-del-sol\/\"]}]},{\"@type\":\"BreadcrumbList\",\"@id\":\"https:\/\/graziamagazine.com\/es\/articles\/este-es-el-after-sun-de-aloe-vera-perfecto-para-despues-del-sol\/#breadcrumb\",\"itemListElement\":[{\"@type\":\"ListItem\",\"position\":1,\"name\":\"Portada\",\"item\":\"https:\/\/graziamagazine.com\/es\/\"},{\"@type\":\"ListItem\",\"position\":2,\"name\":\"Este es el after sun de aloe vera perfecto para despu\u00e9s del sol\"}]},{\"@type\":\"WebSite\",\"@id\":\"https:\/\/graziamagazine.com\/es\/#website\",\"url\":\"https:\/\/graziamagazine.com\/es\/\",\"name\":\"Grazia\",\"description\":\"Moda, belleza, celebrities, estilo de vida...\",\"potentialAction\":[{\"@type\":\"SearchAction\",\"target\":{\"@type\":\"EntryPoint\",\"urlTemplate\":\"https:\/\/graziamagazine.com\/es\/?s={search_term_string}\"},\"query-input\":\"required name=search_term_string\"}],\"inLanguage\":\"es\"}]}<\/script>\n<!-- \/ Yoast SEO Premium plugin. -->","yoast_head_json":{"title":"Este es el after sun de aloe vera perfecto para despu\u00e9s del sol | Grazia","description":"Con la llegada del buen tiempo y los meses estivales la protecci\u00f3n solar es indispensable: los paseos bajo el sol o los ba\u00f1os solares en playas y piscinas","robots":{"index":"index","follow":"follow","max-snippet":"max-snippet:-1","max-image-preview":"max-image-preview:large","max-video-preview":"max-video-preview:-1"},"canonical":"https:\/\/graziamagazine.com\/es\/articles\/este-es-el-after-sun-de-aloe-vera-perfecto-para-despues-del-sol\/","og_locale":"es_ES","og_type":"article","og_title":"Este es el after sun de aloe vera perfecto para despu\u00e9s del sol","og_description":"Con la llegada del buen tiempo y los meses estivales la protecci\u00f3n solar es indispensable: los paseos bajo el sol o los ba\u00f1os solares en playas y piscinas","og_url":"https:\/\/graziamagazine.com\/es\/articles\/este-es-el-after-sun-de-aloe-vera-perfecto-para-despues-del-sol\/","og_site_name":"Grazia","article_modified_time":"2022-08-22T21:52:38+00:00","og_image":[{"width":1200,"height":675,"url":"https:\/\/graziamagazine.com\/es\/wp-content\/uploads\/sites\/12\/2022\/08\/aloe-vera.jpeg?fit=1200%2C675","type":"image\/jpeg"}],"twitter_card":"summary_large_image","twitter_misc":{"Est. reading time":"2 minutos"},"schema":{"@context":"https:\/\/schema.org","@graph":[{"@type":"WebPage","@id":"https:\/\/graziamagazine.com\/es\/articles\/este-es-el-after-sun-de-aloe-vera-perfecto-para-despues-del-sol\/","url":"https:\/\/graziamagazine.com\/es\/articles\/este-es-el-after-sun-de-aloe-vera-perfecto-para-despues-del-sol\/","name":"Este es el after sun de aloe vera perfecto para despu\u00e9s del sol | Grazia","isPartOf":{"@id":"https:\/\/graziamagazine.com\/es\/#website"},"datePublished":"2022-08-23T07:30:36+00:00","dateModified":"2022-08-22T21:52:38+00:00","description":"Con la llegada del buen tiempo y los meses estivales la protecci\u00f3n solar es indispensable: los paseos bajo el sol o los ba\u00f1os solares en playas y piscinas","breadcrumb":{"@id":"https:\/\/graziamagazine.com\/es\/articles\/este-es-el-after-sun-de-aloe-vera-perfecto-para-despues-del-sol\/#breadcrumb"},"inLanguage":"es","potentialAction":[{"@type":"ReadAction","target":["https:\/\/graziamagazine.com\/es\/articles\/este-es-el-after-sun-de-aloe-vera-perfecto-para-despues-del-sol\/"]}]},{"@type":"BreadcrumbList","@id":"https:\/\/graziamagazine.com\/es\/articles\/este-es-el-after-sun-de-aloe-vera-perfecto-para-despues-del-sol\/#breadcrumb","itemListElement":[{"@type":"ListItem","position":1,"name":"Portada","item":"https:\/\/graziamagazine.com\/es\/"},{"@type":"ListItem","position":2,"name":"Este es el after sun de aloe vera perfecto para despu\u00e9s del sol"}]},{"@type":"WebSite","@id":"https:\/\/graziamagazine.com\/es\/#website","url":"https:\/\/graziamagazine.com\/es\/","name":"Grazia","description":"Moda, belleza, celebrities, estilo de vida...","potentialAction":[{"@type":"SearchAction","target":{"@type":"EntryPoint","urlTemplate":"https:\/\/graziamagazine.com\/es\/?s={search_term_string}"},"query-input":"required name=search_term_string"}],"inLanguage":"es"}]}},"jetpack_sharing_enabled":true,"distributor_meta":false,"distributor_terms":false,"distributor_media":false,"distributor_original_site_name":"Grazia","distributor_original_site_url":"https:\/\/graziamagazine.com\/es","push-errors":false,"_links":{"self":[{"href":"https:\/\/graziamagazine.com\/es\/wp-json\/wp\/v2\/articles\/165079"}],"collection":[{"href":"https:\/\/graziamagazine.com\/es\/wp-json\/wp\/v2\/articles"}],"about":[{"href":"https:\/\/graziamagazine.com\/es\/wp-json\/wp\/v2\/types\/articles"}],"author":[{"embeddable":true,"href":"https:\/\/graziamagazine.com\/es\/wp-json\/wp\/v2\/users\/11653"}],"wp:featuredmedia":[{"embeddable":true,"href":"https:\/\/graziamagazine.com\/es\/wp-json\/wp\/v2\/media\/165081"}],"wp:attachment":[{"href":"https:\/\/graziamagazine.com\/es\/wp-json\/wp\/v2\/media?parent=165079"}],"wp:term":[{"taxonomy":"category","embeddable":true,"href":"https:\/\/graziamagazine.com\/es\/wp-json\/wp\/v2\/categories?post=165079"}],"curies":[{"name":"wp","href":"https:\/\/api.w.org\/{rel}","templated":true}]}}