{"id":165036,"date":"2022-08-18T12:41:10","date_gmt":"2022-08-18T10:41:10","guid":{"rendered":"https:\/\/graziamagazine.com\/es\/?post_type=articles&#038;p=165036"},"modified":"2022-08-18T12:41:10","modified_gmt":"2022-08-18T10:41:10","slug":"netflix-lanza-el-trailer-de-miercoles-el-regreso-de-la-familia-adams","status":"publish","type":"articles","link":"https:\/\/graziamagazine.com\/es\/articles\/netflix-lanza-el-trailer-de-miercoles-el-regreso-de-la-familia-adams\/","title":{"rendered":"Netflix lanza el tr\u00e1iler de &#8216;Mi\u00e9rcoles&#8217;, el regreso de la familia Adams"},"content":{"rendered":"<p>\u00a1La familia Adams est\u00e1 de regreso! Pero esta vez en un spin-off completamente enfocado en <strong>Mi\u00e9rcoles<\/strong>, la hija desadaptada, oscura y genial de la familia. La serie ser\u00e1 estrenada en <strong>oto\u00f1o.<\/strong><\/p>\n<p>El primer avance se hizo p\u00fablico el mi\u00e9rcoles, un d\u00eda despu\u00e9s de que Netflix publicara una fotograf\u00eda de <strong>Catherine Zeta-Jones<\/strong> caracterizada como Morticia, la madre de Mi\u00e9rcoles, que es interpretada por <strong>Jenna Ortega<\/strong>. Y si la serie estar\u00e1 como el avance, podemos anticipar un \u00e9xito rotundo. En \u00e9l se puede ser como la protagonista camina por los pasillos de su escuela, luego se acerca a una alberca llena de jugadores de waterpolo que aparentemente han tratado mal a su hermanito.<\/p>\n<p><img loading=\"lazy\" decoding=\"async\" class=\"aligncenter size-full wp-image-165037\" src=\"https:\/\/graziamagazine.com\/es\/wp-content\/uploads\/sites\/12\/2022\/08\/WhatsApp-Image-2022-08-17-at-11.29.13-AM-e1660766132728.jpeg\" alt=\"Netflix lanza el tr\u00e1iler de 'Mi\u00e9rcoles', el regreso de la familia Adams\" width=\"1024\" height=\"593\" \/><\/p>\n<blockquote><p>\u201cLa \u00fanica que puede torturar a mi hermano soy yo\u201d, les dice con dos bolsas de pira\u00f1as en las manos, que despu\u00e9s suelta para que hagan su trabajo.<\/p><\/blockquote>\n<p><iframe loading=\"lazy\" title=\"Mi\u00e9rcoles (EN ESPA\u00d1OL) | Avance oficial | Netflix\" width=\"500\" height=\"281\" src=\"https:\/\/www.youtube.com\/embed\/MHyw15vsYWU?feature=oembed\" frameborder=\"0\" allow=\"accelerometer; autoplay; clipboard-write; encrypted-media; gyroscope; picture-in-picture\" allowfullscreen><\/iframe><\/p>\n<p>Es por eso que llevan a Mi\u00e9rcoles a <strong>Nevermore<\/strong>, el lugar donde se conocieron sus padres y que tambi\u00e9n ser\u00e1 su nueva escuela. \u201cFinalmente estar\u00e1s entre compa\u00f1eros que te entienden\u2026 Tal vez incluso hagas algunos amigos\u201d, le dice Morticia a su hija cuando le presentan su nueva escuela. Entonces se le acerca una nueva compa\u00f1era para preguntarle si le gustar\u00eda intentar ser sociable.<\/p>\n<blockquote><p>\u201cMe gusta apu\u00f1alar\u2026\u201d, contesta Merlina decidida.<\/p><\/blockquote>\n<p>Al final del avance parece que la protagonista se encuentra mucho mejor con la decisi\u00f3n de estar en un lugar como Nevermore, despu\u00e9s de darse cuenta que existen cabos sueltos, misterios y asesinatos sin resolver. Durante los <strong>8 episodios<\/strong>, Mi\u00e9rcoles intentar\u00e1 frustrar asesinatos que aterrorizan a la ciudad local, resolver el misterio que envolvi\u00f3 a sus padres hace 25 a\u00f1os, dominar su habilidad ps\u00edquica y lidiar con sus nuevas relaciones en Nevermore.<\/p>\n<p>En junio, Jenna dijo a ET en la alfombra roja de los <strong>MTV Movie &amp; TV Awards, <\/strong>lo que represent\u00f3 para ella hacer la serie. \u201cMe siento muy afortunada de haber podido retratar a Merlina Addams cuando era adolescente y verla irse a un internado e insertarse en un lugar lleno de marginados donde todav\u00eda sigue siendo una marginada en un mundo de marginados\u201d, dijo a ET.<\/p>\n<p><em>*Im\u00e1genes: cortes\u00eda<\/em><\/p>\n","protected":false},"author":16349,"featured_media":165039,"template":"","format":"standard","categories":[3],"acf":[],"yoast_head":"<!-- This site is optimized with the Yoast SEO Premium plugin v18.5 (Yoast SEO v20.4) - https:\/\/yoast.com\/wordpress\/plugins\/seo\/ -->\n<title>Netflix lanza el tr\u00e1iler de &#039;Mi\u00e9rcoles&#039;, el regreso de la familia Adams | Grazia<\/title>\n<meta name=\"description\" content=\"En este spin-off veremos a Catherine Zeta-Jones como Morticia y una historia centrada en el personaje lleno de misterio. \u00a1Nos encanta!\" \/>\n<meta name=\"robots\" content=\"index, follow, max-snippet:-1, max-image-preview:large, max-video-preview:-1\" \/>\n<link rel=\"canonical\" href=\"https:\/\/graziamagazine.com\/es\/articles\/netflix-lanza-el-trailer-de-miercoles-el-regreso-de-la-familia-adams\/\" \/>\n<meta property=\"og:locale\" content=\"es_ES\" \/>\n<meta property=\"og:type\" content=\"article\" \/>\n<meta property=\"og:title\" content=\"Netflix lanza el tr\u00e1iler de &#039;Mi\u00e9rcoles&#039;, el regreso de la familia Adams\" \/>\n<meta property=\"og:description\" content=\"En este spin-off veremos a Catherine Zeta-Jones como Morticia y una historia centrada en el personaje lleno de misterio. \u00a1Nos encanta!\" \/>\n<meta property=\"og:url\" content=\"https:\/\/graziamagazine.com\/es\/articles\/netflix-lanza-el-trailer-de-miercoles-el-regreso-de-la-familia-adams\/\" \/>\n<meta property=\"og:site_name\" content=\"Grazia\" \/>\n<meta property=\"og:image\" content=\"https:\/\/graziamagazine.com\/es\/wp-content\/uploads\/sites\/12\/2022\/08\/16607518273545.jpeg\" \/>\n\t<meta property=\"og:image:width\" content=\"1320\" \/>\n\t<meta property=\"og:image:height\" content=\"880\" \/>\n\t<meta property=\"og:image:type\" content=\"image\/jpeg\" \/>\n<meta name=\"twitter:card\" content=\"summary_large_image\" \/>\n<meta name=\"twitter:label1\" content=\"Est. reading time\" \/>\n\t<meta name=\"twitter:data1\" content=\"3 minutos\" \/>\n<script type=\"application\/ld+json\" class=\"yoast-schema-graph\">{\"@context\":\"https:\/\/schema.org\",\"@graph\":[{\"@type\":\"WebPage\",\"@id\":\"https:\/\/graziamagazine.com\/es\/articles\/netflix-lanza-el-trailer-de-miercoles-el-regreso-de-la-familia-adams\/\",\"url\":\"https:\/\/graziamagazine.com\/es\/articles\/netflix-lanza-el-trailer-de-miercoles-el-regreso-de-la-familia-adams\/\",\"name\":\"Netflix lanza el tr\u00e1iler de 'Mi\u00e9rcoles', el regreso de la familia Adams | Grazia\",\"isPartOf\":{\"@id\":\"https:\/\/graziamagazine.com\/es\/#website\"},\"datePublished\":\"2022-08-18T10:41:10+00:00\",\"dateModified\":\"2022-08-18T10:41:10+00:00\",\"description\":\"En este spin-off veremos a Catherine Zeta-Jones como Morticia y una historia centrada en el personaje lleno de misterio. \u00a1Nos encanta!\",\"breadcrumb\":{\"@id\":\"https:\/\/graziamagazine.com\/es\/articles\/netflix-lanza-el-trailer-de-miercoles-el-regreso-de-la-familia-adams\/#breadcrumb\"},\"inLanguage\":\"es\",\"potentialAction\":[{\"@type\":\"ReadAction\",\"target\":[\"https:\/\/graziamagazine.com\/es\/articles\/netflix-lanza-el-trailer-de-miercoles-el-regreso-de-la-familia-adams\/\"]}]},{\"@type\":\"BreadcrumbList\",\"@id\":\"https:\/\/graziamagazine.com\/es\/articles\/netflix-lanza-el-trailer-de-miercoles-el-regreso-de-la-familia-adams\/#breadcrumb\",\"itemListElement\":[{\"@type\":\"ListItem\",\"position\":1,\"name\":\"Portada\",\"item\":\"https:\/\/graziamagazine.com\/es\/\"},{\"@type\":\"ListItem\",\"position\":2,\"name\":\"Netflix lanza el tr\u00e1iler de &#8216;Mi\u00e9rcoles&#8217;, el regreso de la familia Adams\"}]},{\"@type\":\"WebSite\",\"@id\":\"https:\/\/graziamagazine.com\/es\/#website\",\"url\":\"https:\/\/graziamagazine.com\/es\/\",\"name\":\"Grazia\",\"description\":\"Moda, belleza, celebrities, estilo de vida...\",\"potentialAction\":[{\"@type\":\"SearchAction\",\"target\":{\"@type\":\"EntryPoint\",\"urlTemplate\":\"https:\/\/graziamagazine.com\/es\/?s={search_term_string}\"},\"query-input\":\"required name=search_term_string\"}],\"inLanguage\":\"es\"}]}<\/script>\n<!-- \/ Yoast SEO Premium plugin. -->","yoast_head_json":{"title":"Netflix lanza el tr\u00e1iler de 'Mi\u00e9rcoles', el regreso de la familia Adams | Grazia","description":"En este spin-off veremos a Catherine Zeta-Jones como Morticia y una historia centrada en el personaje lleno de misterio. \u00a1Nos encanta!","robots":{"index":"index","follow":"follow","max-snippet":"max-snippet:-1","max-image-preview":"max-image-preview:large","max-video-preview":"max-video-preview:-1"},"canonical":"https:\/\/graziamagazine.com\/es\/articles\/netflix-lanza-el-trailer-de-miercoles-el-regreso-de-la-familia-adams\/","og_locale":"es_ES","og_type":"article","og_title":"Netflix lanza el tr\u00e1iler de 'Mi\u00e9rcoles', el regreso de la familia Adams","og_description":"En este spin-off veremos a Catherine Zeta-Jones como Morticia y una historia centrada en el personaje lleno de misterio. \u00a1Nos encanta!","og_url":"https:\/\/graziamagazine.com\/es\/articles\/netflix-lanza-el-trailer-de-miercoles-el-regreso-de-la-familia-adams\/","og_site_name":"Grazia","og_image":[{"width":1320,"height":880,"url":"https:\/\/graziamagazine.com\/es\/wp-content\/uploads\/sites\/12\/2022\/08\/16607518273545.jpeg","type":"image\/jpeg"}],"twitter_card":"summary_large_image","twitter_misc":{"Est. reading time":"3 minutos"},"schema":{"@context":"https:\/\/schema.org","@graph":[{"@type":"WebPage","@id":"https:\/\/graziamagazine.com\/es\/articles\/netflix-lanza-el-trailer-de-miercoles-el-regreso-de-la-familia-adams\/","url":"https:\/\/graziamagazine.com\/es\/articles\/netflix-lanza-el-trailer-de-miercoles-el-regreso-de-la-familia-adams\/","name":"Netflix lanza el tr\u00e1iler de 'Mi\u00e9rcoles', el regreso de la familia Adams | Grazia","isPartOf":{"@id":"https:\/\/graziamagazine.com\/es\/#website"},"datePublished":"2022-08-18T10:41:10+00:00","dateModified":"2022-08-18T10:41:10+00:00","description":"En este spin-off veremos a Catherine Zeta-Jones como Morticia y una historia centrada en el personaje lleno de misterio. \u00a1Nos encanta!","breadcrumb":{"@id":"https:\/\/graziamagazine.com\/es\/articles\/netflix-lanza-el-trailer-de-miercoles-el-regreso-de-la-familia-adams\/#breadcrumb"},"inLanguage":"es","potentialAction":[{"@type":"ReadAction","target":["https:\/\/graziamagazine.com\/es\/articles\/netflix-lanza-el-trailer-de-miercoles-el-regreso-de-la-familia-adams\/"]}]},{"@type":"BreadcrumbList","@id":"https:\/\/graziamagazine.com\/es\/articles\/netflix-lanza-el-trailer-de-miercoles-el-regreso-de-la-familia-adams\/#breadcrumb","itemListElement":[{"@type":"ListItem","position":1,"name":"Portada","item":"https:\/\/graziamagazine.com\/es\/"},{"@type":"ListItem","position":2,"name":"Netflix lanza el tr\u00e1iler de &#8216;Mi\u00e9rcoles&#8217;, el regreso de la familia Adams"}]},{"@type":"WebSite","@id":"https:\/\/graziamagazine.com\/es\/#website","url":"https:\/\/graziamagazine.com\/es\/","name":"Grazia","description":"Moda, belleza, celebrities, estilo de vida...","potentialAction":[{"@type":"SearchAction","target":{"@type":"EntryPoint","urlTemplate":"https:\/\/graziamagazine.com\/es\/?s={search_term_string}"},"query-input":"required name=search_term_string"}],"inLanguage":"es"}]}},"jetpack_sharing_enabled":true,"distributor_meta":false,"distributor_terms":false,"distributor_media":false,"distributor_original_site_name":"Grazia","distributor_original_site_url":"https:\/\/graziamagazine.com\/es","push-errors":false,"_links":{"self":[{"href":"https:\/\/graziamagazine.com\/es\/wp-json\/wp\/v2\/articles\/165036"}],"collection":[{"href":"https:\/\/graziamagazine.com\/es\/wp-json\/wp\/v2\/articles"}],"about":[{"href":"https:\/\/graziamagazine.com\/es\/wp-json\/wp\/v2\/types\/articles"}],"author":[{"embeddable":true,"href":"https:\/\/graziamagazine.com\/es\/wp-json\/wp\/v2\/users\/16349"}],"wp:featuredmedia":[{"embeddable":true,"href":"https:\/\/graziamagazine.com\/es\/wp-json\/wp\/v2\/media\/165039"}],"wp:attachment":[{"href":"https:\/\/graziamagazine.com\/es\/wp-json\/wp\/v2\/media?parent=165036"}],"wp:term":[{"taxonomy":"category","embeddable":true,"href":"https:\/\/graziamagazine.com\/es\/wp-json\/wp\/v2\/categories?post=165036"}],"curies":[{"name":"wp","href":"https:\/\/api.w.org\/{rel}","templated":true}]}}