{"id":164923,"date":"2022-08-09T15:17:50","date_gmt":"2022-08-09T13:17:50","guid":{"rendered":"https:\/\/graziamagazine.com\/es\/?post_type=articles&#038;p=164923"},"modified":"2022-08-09T15:17:50","modified_gmt":"2022-08-09T13:17:50","slug":"muere-el-disenador-issey-miyake-a-los-84-anos","status":"publish","type":"articles","link":"https:\/\/graziamagazine.com\/es\/articles\/muere-el-disenador-issey-miyake-a-los-84-anos\/","title":{"rendered":"Muere el dise\u00f1ador Issey Miyake a los 84 a\u00f1os"},"content":{"rendered":"<p class=\"p3\"><span class=\"s2\">Muere el inigualable dise\u00f1ador japon\u00e9s Issey Miyake a los 84 a\u00f1os perdiendo la batalla en contra el c\u00e1ncer. <\/span><\/p>\n<p class=\"p3\"><span class=\"s2\"><img loading=\"lazy\" decoding=\"async\" class=\"aligncenter wp-image-116008 size-large\" src=\"https:\/\/graziamagazine.com\/mx\/wp-content\/uploads\/sites\/13\/2022\/08\/84694ABA-96F9-4E94-8A07-4A41F65ACB50.jpeg?w=1024&amp;resize=1024%2C1024\" alt=\"\" width=\"1024\" height=\"1024\" data-recalc-dims=\"1\" \/>Miyake nos deja un gran legado en el mundo de la moda como su famoso plisado en la tela que nunca se arruga y creando as\u00ed la l\u00ednea \u201cPleats, Please\u201d. El dise\u00f1ador, creo m\u00e1s de una docena de l\u00edneas de moda que van desde su Issey Miyake principal para hombres y mujeres hasta bolsos, relojes y fragancias antes de jubilarse esencialmente en 1997 para dedicarse a la investigaci\u00f3n.<\/span><\/p>\n<p class=\"p3\"><span class=\"s2\">El dise\u00f1ador japon\u00e9s Issey Miyake, famoso por su estilo de ropa plisada que nunca se arruga y que produjo el cuello de tortuga negro caracter\u00edstico de su amigo y fundador de Apple Inc, Steve Jobs, ha fallecido a los 84 a\u00f1os. Tras una batalla contra el C\u00e1ncer de h\u00edgado. <\/span><\/p>\n<p class=\"p3\"><span class=\"s2\">El dise\u00f1ador deja un legado important\u00edsimo en el mundo de la moda desde la creaci\u00f3n de t\u00e9cnicas de tratamiento en la tela as\u00ed como una creatividad espectacular mostrada en cada colecci\u00f3n y maestro del origami.<\/span><\/p>\n<div id=\"v-Vh95vHmU-1\" class=\"video-player\"><\/div>\n<p class=\"p3\"><span class=\"s2\">Despu\u00e9s de estudiar dise\u00f1o gr\u00e1fico en una universidad de arte de Tokio, aprendi\u00f3 dise\u00f1o de ropa en Par\u00eds, donde trabaj\u00f3 con los famosos dise\u00f1adores de moda Guy Laroche y Hubert de Givenchy, antes de trasladarse a Nueva York. En 1970 regres\u00f3 a Tokio y fund\u00f3 Miyake Design Studio.<\/span><\/p>\n<p class=\"p3\"><span class=\"s2\">A finales de la d\u00e9cada de los 80, desarroll\u00f3 esa nueva forma de plisar la tela que nunca se arruga, envolviendo telas entre capas de papel y coloc\u00e1ndolas en una prensa t\u00e9rmica, con las prendas manteniendo su forma plisada. Probado por su libertad de movimiento en los bailarines, esto condujo al desarrollo de su l\u00ednea caracter\u00edstica \u201cPleats, Please\u201d.<\/span><\/p>\n<div id=\"v-3VGvlWDM-1\" class=\"video-player\"><\/div>\n<p class=\"p3\"><span class=\"s2\">Miyake desarroll\u00f3 m\u00e1s de una docena de l\u00edneas de moda que van desde su Issey Miyake principal para hombres y mujeres hasta bolsos, relojes y fragancias antes de jubilarse esencialmente en 1997 para dedicarse a la investigaci\u00f3n.<\/span><\/p>\n<p class=\"p3\"><span class=\"s2\"><img loading=\"lazy\" decoding=\"async\" class=\"aligncenter wp-image-116015 size-large\" src=\"https:\/\/graziamagazine.com\/mx\/wp-content\/uploads\/sites\/13\/2022\/08\/6FB24FBD-965B-4483-93C6-0F6768973011.jpeg?w=1024&amp;resize=1024%2C1024\" alt=\"\" width=\"1024\" height=\"1024\" data-recalc-dims=\"1\" \/>Gracias a mentes creativas como la de Miyake existen creaciones maravillosas que no deben pasar a la ligera. <\/span><\/p>\n<p class=\"p3\"><span class=\"s2\">Su genialidad es y ser\u00e1 inmortal.<\/span><\/p>\n<p><img loading=\"lazy\" decoding=\"async\" class=\"aligncenter wp-image-116016 size-large\" src=\"https:\/\/graziamagazine.com\/mx\/wp-content\/uploads\/sites\/13\/2022\/08\/67DCA472-9D91-49B9-AE1B-AADE0DAD7A63.jpeg?w=1024&amp;resize=1024%2C1024\" alt=\"\" width=\"1024\" height=\"1024\" data-recalc-dims=\"1\" \/> <img loading=\"lazy\" decoding=\"async\" class=\"aligncenter wp-image-116017 size-large\" src=\"https:\/\/graziamagazine.com\/mx\/wp-content\/uploads\/sites\/13\/2022\/08\/C6DBFD9D-2B1C-4032-9B91-25B43E59AB7B.jpeg?w=1024&amp;resize=1024%2C1024\" alt=\"\" width=\"1024\" height=\"1024\" data-recalc-dims=\"1\" \/><\/p>\n<p><em>*Im\u00e1genes: Getty Images<\/em><\/p>\n","protected":false},"author":16349,"featured_media":164927,"template":"","format":"standard","categories":[3,1],"acf":[],"yoast_head":"<!-- This site is optimized with the Yoast SEO Premium plugin v18.5 (Yoast SEO v20.4) - https:\/\/yoast.com\/wordpress\/plugins\/seo\/ -->\n<title>Muere el dise\u00f1ador Issey Miyake a los 84 a\u00f1os | Grazia<\/title>\n<meta name=\"description\" content=\"Muere el inigualable dise\u00f1ador japon\u00e9s Issey Miyake a los 84 a\u00f1os perdiendo la batalla en contra el c\u00e1ncer. Miyake nos deja un gran legado en el mundo de\" \/>\n<meta name=\"robots\" content=\"index, follow, max-snippet:-1, max-image-preview:large, max-video-preview:-1\" \/>\n<link rel=\"canonical\" href=\"https:\/\/graziamagazine.com\/es\/articles\/muere-el-disenador-issey-miyake-a-los-84-anos\/\" \/>\n<meta property=\"og:locale\" content=\"es_ES\" \/>\n<meta property=\"og:type\" content=\"article\" \/>\n<meta property=\"og:title\" content=\"Muere el dise\u00f1ador Issey Miyake a los 84 a\u00f1os\" \/>\n<meta property=\"og:description\" content=\"Muere el inigualable dise\u00f1ador japon\u00e9s Issey Miyake a los 84 a\u00f1os perdiendo la batalla en contra el c\u00e1ncer. Miyake nos deja un gran legado en el mundo de\" \/>\n<meta property=\"og:url\" content=\"https:\/\/graziamagazine.com\/es\/articles\/muere-el-disenador-issey-miyake-a-los-84-anos\/\" \/>\n<meta property=\"og:site_name\" content=\"Grazia\" \/>\n<meta property=\"og:image\" content=\"https:\/\/graziamagazine.com\/es\/wp-content\/uploads\/sites\/12\/2022\/08\/skynews-issey-miyake-fashion_5859240.jpeg\" \/>\n\t<meta property=\"og:image:width\" content=\"2048\" \/>\n\t<meta property=\"og:image:height\" content=\"1152\" \/>\n\t<meta property=\"og:image:type\" content=\"image\/jpeg\" \/>\n<meta name=\"twitter:card\" content=\"summary_large_image\" \/>\n<meta name=\"twitter:label1\" content=\"Est. reading time\" \/>\n\t<meta name=\"twitter:data1\" content=\"3 minutos\" \/>\n<script type=\"application\/ld+json\" class=\"yoast-schema-graph\">{\"@context\":\"https:\/\/schema.org\",\"@graph\":[{\"@type\":\"WebPage\",\"@id\":\"https:\/\/graziamagazine.com\/es\/articles\/muere-el-disenador-issey-miyake-a-los-84-anos\/\",\"url\":\"https:\/\/graziamagazine.com\/es\/articles\/muere-el-disenador-issey-miyake-a-los-84-anos\/\",\"name\":\"Muere el dise\u00f1ador Issey Miyake a los 84 a\u00f1os | Grazia\",\"isPartOf\":{\"@id\":\"https:\/\/graziamagazine.com\/es\/#website\"},\"datePublished\":\"2022-08-09T13:17:50+00:00\",\"dateModified\":\"2022-08-09T13:17:50+00:00\",\"description\":\"Muere el inigualable dise\u00f1ador japon\u00e9s Issey Miyake a los 84 a\u00f1os perdiendo la batalla en contra el c\u00e1ncer. Miyake nos deja un gran legado en el mundo de\",\"breadcrumb\":{\"@id\":\"https:\/\/graziamagazine.com\/es\/articles\/muere-el-disenador-issey-miyake-a-los-84-anos\/#breadcrumb\"},\"inLanguage\":\"es\",\"potentialAction\":[{\"@type\":\"ReadAction\",\"target\":[\"https:\/\/graziamagazine.com\/es\/articles\/muere-el-disenador-issey-miyake-a-los-84-anos\/\"]}]},{\"@type\":\"BreadcrumbList\",\"@id\":\"https:\/\/graziamagazine.com\/es\/articles\/muere-el-disenador-issey-miyake-a-los-84-anos\/#breadcrumb\",\"itemListElement\":[{\"@type\":\"ListItem\",\"position\":1,\"name\":\"Portada\",\"item\":\"https:\/\/graziamagazine.com\/es\/\"},{\"@type\":\"ListItem\",\"position\":2,\"name\":\"Muere el dise\u00f1ador Issey Miyake a los 84 a\u00f1os\"}]},{\"@type\":\"WebSite\",\"@id\":\"https:\/\/graziamagazine.com\/es\/#website\",\"url\":\"https:\/\/graziamagazine.com\/es\/\",\"name\":\"Grazia\",\"description\":\"Moda, belleza, celebrities, estilo de vida...\",\"potentialAction\":[{\"@type\":\"SearchAction\",\"target\":{\"@type\":\"EntryPoint\",\"urlTemplate\":\"https:\/\/graziamagazine.com\/es\/?s={search_term_string}\"},\"query-input\":\"required name=search_term_string\"}],\"inLanguage\":\"es\"}]}<\/script>\n<!-- \/ Yoast SEO Premium plugin. -->","yoast_head_json":{"title":"Muere el dise\u00f1ador Issey Miyake a los 84 a\u00f1os | Grazia","description":"Muere el inigualable dise\u00f1ador japon\u00e9s Issey Miyake a los 84 a\u00f1os perdiendo la batalla en contra el c\u00e1ncer. Miyake nos deja un gran legado en el mundo de","robots":{"index":"index","follow":"follow","max-snippet":"max-snippet:-1","max-image-preview":"max-image-preview:large","max-video-preview":"max-video-preview:-1"},"canonical":"https:\/\/graziamagazine.com\/es\/articles\/muere-el-disenador-issey-miyake-a-los-84-anos\/","og_locale":"es_ES","og_type":"article","og_title":"Muere el dise\u00f1ador Issey Miyake a los 84 a\u00f1os","og_description":"Muere el inigualable dise\u00f1ador japon\u00e9s Issey Miyake a los 84 a\u00f1os perdiendo la batalla en contra el c\u00e1ncer. Miyake nos deja un gran legado en el mundo de","og_url":"https:\/\/graziamagazine.com\/es\/articles\/muere-el-disenador-issey-miyake-a-los-84-anos\/","og_site_name":"Grazia","og_image":[{"width":2048,"height":1152,"url":"https:\/\/graziamagazine.com\/es\/wp-content\/uploads\/sites\/12\/2022\/08\/skynews-issey-miyake-fashion_5859240.jpeg","type":"image\/jpeg"}],"twitter_card":"summary_large_image","twitter_misc":{"Est. reading time":"3 minutos"},"schema":{"@context":"https:\/\/schema.org","@graph":[{"@type":"WebPage","@id":"https:\/\/graziamagazine.com\/es\/articles\/muere-el-disenador-issey-miyake-a-los-84-anos\/","url":"https:\/\/graziamagazine.com\/es\/articles\/muere-el-disenador-issey-miyake-a-los-84-anos\/","name":"Muere el dise\u00f1ador Issey Miyake a los 84 a\u00f1os | Grazia","isPartOf":{"@id":"https:\/\/graziamagazine.com\/es\/#website"},"datePublished":"2022-08-09T13:17:50+00:00","dateModified":"2022-08-09T13:17:50+00:00","description":"Muere el inigualable dise\u00f1ador japon\u00e9s Issey Miyake a los 84 a\u00f1os perdiendo la batalla en contra el c\u00e1ncer. Miyake nos deja un gran legado en el mundo de","breadcrumb":{"@id":"https:\/\/graziamagazine.com\/es\/articles\/muere-el-disenador-issey-miyake-a-los-84-anos\/#breadcrumb"},"inLanguage":"es","potentialAction":[{"@type":"ReadAction","target":["https:\/\/graziamagazine.com\/es\/articles\/muere-el-disenador-issey-miyake-a-los-84-anos\/"]}]},{"@type":"BreadcrumbList","@id":"https:\/\/graziamagazine.com\/es\/articles\/muere-el-disenador-issey-miyake-a-los-84-anos\/#breadcrumb","itemListElement":[{"@type":"ListItem","position":1,"name":"Portada","item":"https:\/\/graziamagazine.com\/es\/"},{"@type":"ListItem","position":2,"name":"Muere el dise\u00f1ador Issey Miyake a los 84 a\u00f1os"}]},{"@type":"WebSite","@id":"https:\/\/graziamagazine.com\/es\/#website","url":"https:\/\/graziamagazine.com\/es\/","name":"Grazia","description":"Moda, belleza, celebrities, estilo de vida...","potentialAction":[{"@type":"SearchAction","target":{"@type":"EntryPoint","urlTemplate":"https:\/\/graziamagazine.com\/es\/?s={search_term_string}"},"query-input":"required name=search_term_string"}],"inLanguage":"es"}]}},"jetpack_sharing_enabled":true,"distributor_meta":false,"distributor_terms":false,"distributor_media":false,"distributor_original_site_name":"Grazia","distributor_original_site_url":"https:\/\/graziamagazine.com\/es","push-errors":false,"_links":{"self":[{"href":"https:\/\/graziamagazine.com\/es\/wp-json\/wp\/v2\/articles\/164923"}],"collection":[{"href":"https:\/\/graziamagazine.com\/es\/wp-json\/wp\/v2\/articles"}],"about":[{"href":"https:\/\/graziamagazine.com\/es\/wp-json\/wp\/v2\/types\/articles"}],"author":[{"embeddable":true,"href":"https:\/\/graziamagazine.com\/es\/wp-json\/wp\/v2\/users\/16349"}],"wp:featuredmedia":[{"embeddable":true,"href":"https:\/\/graziamagazine.com\/es\/wp-json\/wp\/v2\/media\/164927"}],"wp:attachment":[{"href":"https:\/\/graziamagazine.com\/es\/wp-json\/wp\/v2\/media?parent=164923"}],"wp:term":[{"taxonomy":"category","embeddable":true,"href":"https:\/\/graziamagazine.com\/es\/wp-json\/wp\/v2\/categories?post=164923"}],"curies":[{"name":"wp","href":"https:\/\/api.w.org\/{rel}","templated":true}]}}