{"id":164871,"date":"2022-08-08T11:00:30","date_gmt":"2022-08-08T09:00:30","guid":{"rendered":"https:\/\/graziamagazine.com\/es\/?post_type=articles&#038;p=164871"},"modified":"2022-08-08T11:00:30","modified_gmt":"2022-08-08T09:00:30","slug":"gucci-decor-se-inspira-en-la-naturalidad-de-los-detalles","status":"publish","type":"articles","link":"https:\/\/graziamagazine.com\/es\/articles\/gucci-decor-se-inspira-en-la-naturalidad-de-los-detalles\/","title":{"rendered":"Gucci D\u00e9cor se inspira en la naturalidad de los detalles"},"content":{"rendered":"<p><span style=\"font-weight: 400\">El estilo personal que damos a nuestros espacios dice mucho de nosotros, pues dentro de ellos dejamos un cachito de nuestra propia esencia y en esta ocasi\u00f3n, Gucci D\u00e9cor presenta su nueva colecci\u00f3n de art\u00edculos para vestir tu hogar y personalizar tus espacios habitables.<\/span><\/p>\n<p><span style=\"font-weight: 400\">Inspirados en la belleza f\u00edsica y espiritual, la colecci\u00f3n Gucci D\u00e9cor, presenta una serie de objetos caracterizados que remiten al estilo \u00fanico y rom\u00e1ntico de la Maison. Los estampados florales y t\u00f3tems de animales forman parte del gran archivo de la casa de moda florentina que ofrecen una visi\u00f3n contempor\u00e1nea y est\u00e9tica.<\/span><\/p>\n<div class=\"content-gallery\">\n<div class=\"gallery-placeholder\">\n<div class=\"spinner\"><\/div>\n<\/div>\n<p>&nbsp;<\/p>\n<div id=\"gallery-1\" class=\"gallery galleryid- gallery-columns- gallery-size-\">\n<figure class=\"gallery-item\">\n<div class=\"gallery-icon landscape\"><img loading=\"lazy\" decoding=\"async\" class=\"lazy\" src=\"https:\/\/graziamagazine.com\/mx\/wp-content\/uploads\/sites\/13\/2022\/08\/562727_ZAJEI_3652_001_Light.jpg?resize=1024%2C1365\" alt=\"Gucci D\u00e9cor inspirado en la naturalidad de los detalles\" width=\"1024\" height=\"1365\" data-recalc-dims=\"1\" \/><\/div>\n<\/figure>\n<figure class=\"gallery-item\">\n<div class=\"gallery-icon landscape\"><img loading=\"lazy\" decoding=\"async\" class=\"lazy\" src=\"https:\/\/graziamagazine.com\/mx\/wp-content\/uploads\/sites\/13\/2022\/08\/696569_ZAGYL_5059_001_Light.jpg?resize=1024%2C1365\" alt=\"\" width=\"1024\" height=\"1365\" data-recalc-dims=\"1\" \/><\/div>\n<\/figure>\n<figure class=\"gallery-item\">\n<div class=\"gallery-icon landscape\"><img loading=\"lazy\" decoding=\"async\" class=\"lazy\" src=\"https:\/\/graziamagazine.com\/mx\/wp-content\/uploads\/sites\/13\/2022\/08\/696569_ZAGYM_1036_001_Light.jpg?resize=1024%2C1365\" alt=\"\" width=\"1024\" height=\"1365\" data-recalc-dims=\"1\" \/><\/div>\n<\/figure>\n<figure class=\"gallery-item\">\n<div class=\"gallery-icon landscape\"><img loading=\"lazy\" decoding=\"async\" class=\"lazy\" src=\"https:\/\/graziamagazine.com\/mx\/wp-content\/uploads\/sites\/13\/2022\/08\/696569_ZAJDM_1152_001_Light.jpg?resize=1024%2C1365\" alt=\"\" width=\"1024\" height=\"1365\" data-recalc-dims=\"1\" \/><\/div>\n<\/figure>\n<figure class=\"gallery-item\">\n<div class=\"gallery-icon landscape\"><img loading=\"lazy\" decoding=\"async\" class=\"lazy\" src=\"https:\/\/graziamagazine.com\/mx\/wp-content\/uploads\/sites\/13\/2022\/08\/696569_ZAJDN_1131_001_Light.jpg?resize=1024%2C1365\" alt=\"\" width=\"1024\" height=\"1365\" data-recalc-dims=\"1\" \/><\/div><figcaption id=\"gallery-1-115762\" class=\"wp-caption-text gallery-caption\"><\/figcaption><\/figure>\n<figure class=\"gallery-item\">\n<div class=\"gallery-icon landscape\"><img loading=\"lazy\" decoding=\"async\" class=\"lazy\" src=\"https:\/\/graziamagazine.com\/mx\/wp-content\/uploads\/sites\/13\/2022\/08\/629017_ZAJD9_9207_001_Light.jpg?resize=1024%2C1365\" alt=\"\" width=\"1024\" height=\"1365\" data-recalc-dims=\"1\" \/><\/div>\n<\/figure>\n<figure class=\"gallery-item\">\n<div class=\"gallery-icon landscape\"><img loading=\"lazy\" decoding=\"async\" class=\"lazy\" src=\"https:\/\/graziamagazine.com\/mx\/wp-content\/uploads\/sites\/13\/2022\/08\/629015_ZAJEG_1152__Light.jpg?resize=1024%2C1365\" alt=\"\" width=\"1024\" height=\"1365\" data-recalc-dims=\"1\" \/><\/div>\n<\/figure>\n<figure class=\"gallery-item\">\n<div class=\"gallery-icon landscape\"><img loading=\"lazy\" decoding=\"async\" class=\"lazy\" src=\"https:\/\/graziamagazine.com\/mx\/wp-content\/uploads\/sites\/13\/2022\/08\/629015_ZAJEG_1152_001_Light.jpg?resize=1024%2C1365\" alt=\"\" width=\"1024\" height=\"1365\" data-recalc-dims=\"1\" \/><\/div>\n<\/figure>\n<figure class=\"gallery-item\">\n<div class=\"gallery-icon landscape\"><img loading=\"lazy\" decoding=\"async\" class=\"lazy\" src=\"https:\/\/graziamagazine.com\/mx\/wp-content\/uploads\/sites\/13\/2022\/08\/629015_ZAJEG_1152_002_Light.jpg?resize=1024%2C1365\" alt=\"\" width=\"1024\" height=\"1365\" data-recalc-dims=\"1\" \/><\/div>\n<\/figure>\n<\/div>\n<\/div>\n<p><span style=\"font-weight: 400\">La fusi\u00f3n entre la fantas\u00eda y el romanticismo lograr\u00e1n envolverte en un escenario a trav\u00e9s de sus piezas \u00fanicas, dise\u00f1adas para darle ese toque a cada espacio adapt\u00e1ndose a tu gusto y personalidad.<\/span> <span style=\"font-weight: 400\">Los patrones y tonos alegres juegan junto a una\u00a0 yuxtaposicio\u0301n sorprendente, formando nuevas conexiones opuestas entre los estampados, formas, siluetas y colores.<\/span><\/p>\n<p><span style=\"font-weight: 400\">La colecci\u00f3n dirigida por el director creativo, Alessandro Michele y el director de Arte Max Siedentopf, lograron capturar la esencia mediante una presentaci\u00f3n que sit\u00faa los elementos de Gucci D\u00e9cor en el entorno pri\u0301stino de un jardi\u0301n ornamental. Cada una de las piezas minuciosamente talladas en los setos son reflejadas, mientras que el tono verde, estrella de la l\u00ednea, se convierte en una oda que provoca la naturalidad de toda la colecci\u00f3n.<\/span><\/p>\n<div class=\"content-gallery\">\n<div class=\"gallery-placeholder\">\n<div class=\"spinner\"><\/div>\n<\/div>\n<p>&nbsp;<\/p>\n<div id=\"gallery-2\" class=\"gallery galleryid- gallery-columns- gallery-size-\">\n<figure class=\"gallery-item\">\n<div class=\"gallery-icon landscape\"><img loading=\"lazy\" decoding=\"async\" class=\"lazy\" src=\"https:\/\/graziamagazine.com\/mx\/wp-content\/uploads\/sites\/13\/2022\/08\/696764_ZAJD5_3601_001_Light.jpg?resize=1024%2C1365\" alt=\"\" width=\"1024\" height=\"1365\" data-recalc-dims=\"1\" \/><\/div>\n<\/figure>\n<figure class=\"gallery-item\">\n<div class=\"gallery-icon landscape\"><img loading=\"lazy\" decoding=\"async\" class=\"lazy\" src=\"https:\/\/graziamagazine.com\/mx\/wp-content\/uploads\/sites\/13\/2022\/08\/696764_ZAJD0_4817_001_Light.jpg?resize=1024%2C1365\" alt=\"\" width=\"1024\" height=\"1365\" data-recalc-dims=\"1\" \/><\/div>\n<\/figure>\n<figure class=\"gallery-item\">\n<div class=\"gallery-icon landscape\"><img loading=\"lazy\" decoding=\"async\" class=\"lazy\" src=\"https:\/\/graziamagazine.com\/mx\/wp-content\/uploads\/sites\/13\/2022\/08\/696693_ZAJD4_3601_001_Light.jpg?resize=1024%2C1365\" alt=\"\" width=\"1024\" height=\"1365\" data-recalc-dims=\"1\" \/><\/div>\n<\/figure>\n<figure class=\"gallery-item\">\n<div class=\"gallery-icon landscape\"><img loading=\"lazy\" decoding=\"async\" class=\"lazy\" src=\"https:\/\/graziamagazine.com\/mx\/wp-content\/uploads\/sites\/13\/2022\/08\/696693_ZAJDX_4817_001_Light.jpg?resize=1024%2C1365\" alt=\"\" width=\"1024\" height=\"1365\" data-recalc-dims=\"1\" \/><\/div>\n<\/figure>\n<figure class=\"gallery-item\">\n<div class=\"gallery-icon landscape\"><img loading=\"lazy\" decoding=\"async\" class=\"lazy\" src=\"https:\/\/graziamagazine.com\/mx\/wp-content\/uploads\/sites\/13\/2022\/08\/696605_ZAJEC_9207_001_Light.jpg?resize=1024%2C1365\" alt=\"\" width=\"1024\" height=\"1365\" data-recalc-dims=\"1\" \/><\/div>\n<\/figure>\n<figure class=\"gallery-item\">\n<div class=\"gallery-icon landscape\"><img loading=\"lazy\" decoding=\"async\" class=\"lazy\" src=\"https:\/\/graziamagazine.com\/mx\/wp-content\/uploads\/sites\/13\/2022\/08\/696605_ZAJEC_9207__Light.jpg?resize=1024%2C1365\" alt=\"\" width=\"1024\" height=\"1365\" data-recalc-dims=\"1\" \/><\/div>\n<\/figure>\n<figure class=\"gallery-item\">\n<div class=\"gallery-icon landscape\"><img loading=\"lazy\" decoding=\"async\" class=\"lazy\" src=\"https:\/\/graziamagazine.com\/mx\/wp-content\/uploads\/sites\/13\/2022\/08\/696698_ZAJDZ_4817_001_Light.jpg?resize=1024%2C1365\" alt=\"\" width=\"1024\" height=\"1365\" data-recalc-dims=\"1\" \/><\/div>\n<\/figure>\n<figure class=\"gallery-item\">\n<div class=\"gallery-icon landscape\"><img loading=\"lazy\" decoding=\"async\" class=\"lazy\" src=\"https:\/\/graziamagazine.com\/mx\/wp-content\/uploads\/sites\/13\/2022\/08\/696698_ZAJD3_3601_001_Light.jpg?resize=1024%2C1365\" alt=\"\" width=\"1024\" height=\"1365\" data-recalc-dims=\"1\" \/><\/div>\n<\/figure>\n<figure class=\"gallery-item\">\n<div class=\"gallery-icon landscape\"><img loading=\"lazy\" decoding=\"async\" class=\"lazy\" src=\"https:\/\/graziamagazine.com\/mx\/wp-content\/uploads\/sites\/13\/2022\/08\/696695_ZAJD2_3601_001_Light.jpg?resize=1024%2C1365\" alt=\"\" width=\"1024\" height=\"1365\" data-recalc-dims=\"1\" \/><\/div>\n<\/figure>\n<figure class=\"gallery-item\">\n<div class=\"gallery-icon landscape\"><img loading=\"lazy\" decoding=\"async\" class=\"lazy\" src=\"https:\/\/graziamagazine.com\/mx\/wp-content\/uploads\/sites\/13\/2022\/08\/696605_ZAJEB_3652_002_Light.jpg?resize=1024%2C1365\" alt=\"\" width=\"1024\" height=\"1365\" data-recalc-dims=\"1\" \/><\/div>\n<\/figure>\n<figure class=\"gallery-item\">\n<div class=\"gallery-icon landscape\"><img loading=\"lazy\" decoding=\"async\" class=\"lazy\" src=\"https:\/\/graziamagazine.com\/mx\/wp-content\/uploads\/sites\/13\/2022\/08\/696605_ZAJEB_3652_001_Light.jpg?resize=1024%2C1365\" alt=\"\" width=\"1024\" height=\"1365\" data-recalc-dims=\"1\" \/><\/div>\n<\/figure>\n<\/div>\n<\/div>\n<p><span style=\"font-weight: 400\">Dentro de la colecci\u00f3n podr\u00e1s encontrar piezas como velas met\u00e1licas que se incorporan a la colecci\u00f3n para 2022 en 4 diversos dise\u00f1os y acompa\u00f1adas de 4 fragancias que le dar\u00e1n todo un toque de glamour, calidez y estilo a tu hogar: Mehen, Esotericum, Herbosum y Freesia. La seleccio\u0301n tambie\u0301n cuenta con velas y portavelas de porcelana y cera\u0301mica, asi\u0301 como con bandejas y cajitas con disen\u0303os emblema\u0301ticos.<\/span><\/p>\n<p><span style=\"font-weight: 400\">Los sof\u00e1s est\u00e1n dise\u00f1ados con patas en forma de pezun\u0303a de caballo de madera de haya, un frente capitonado hecho de telas muare\u0301 y un respaldo en elaborados <\/span><i><span style=\"font-weight: 400\">jacquards <\/span><\/i><span style=\"font-weight: 400\">florales de algodo\u0301n. Los adornos meta\u0301licos y las borlas en color dorado completan el look inspirado en el siglo XVIII combinados combinan con cojines que dan un car\u00e1cter divertido con el\u00a0 monograma GG, elaborados con una mezcla de seda o de algodo\u0301n en la parte delantera y una mezcla de lino en la parte trasera, mientras que los disen\u0303os de parches gra\u0301ficos esta\u0301n hechos con lana en la parte delantera y muare\u0301 en la parte trasera. Las mantas encarnan au\u0301n ma\u0301s un enfoque vi\u0301vido con una manta de lino con monograma G, edredones florales coloridos en mezcla de seda o mezcla de lino, y una manta de lana con patro\u0301n GG con un parche de corazo\u0301n anato\u0301mico bordado.<\/span><\/p>\n<div class=\"content-gallery\">\n<div class=\"gallery-placeholder\">\n<div class=\"spinner\"><\/div>\n<\/div>\n<p>&nbsp;<\/p>\n<div id=\"gallery-3\" class=\"gallery galleryid- gallery-columns- gallery-size-\">\n<figure class=\"gallery-item\">\n<div class=\"gallery-icon landscape\"><img loading=\"lazy\" decoding=\"async\" class=\"lazy\" src=\"https:\/\/graziamagazine.com\/mx\/wp-content\/uploads\/sites\/13\/2022\/08\/696592_ZAJY2_6417_001_Light.jpg?resize=1024%2C1365\" alt=\"\" width=\"1024\" height=\"1365\" data-recalc-dims=\"1\" \/><\/div>\n<\/figure>\n<figure class=\"gallery-item\">\n<div class=\"gallery-icon landscape\"><img loading=\"lazy\" decoding=\"async\" class=\"lazy\" src=\"https:\/\/graziamagazine.com\/mx\/wp-content\/uploads\/sites\/13\/2022\/08\/696592_ZAJY1_5237__Light.jpg?resize=1024%2C1365\" alt=\"\" width=\"1024\" height=\"1365\" data-recalc-dims=\"1\" \/><\/div>\n<\/figure>\n<figure class=\"gallery-item\">\n<div class=\"gallery-icon landscape\"><img loading=\"lazy\" decoding=\"async\" class=\"lazy\" src=\"https:\/\/graziamagazine.com\/mx\/wp-content\/uploads\/sites\/13\/2022\/08\/696592_ZAJY0_3515_001_Light.jpg?resize=1024%2C1365\" alt=\"\" width=\"1024\" height=\"1365\" data-recalc-dims=\"1\" \/><\/div>\n<\/figure>\n<figure class=\"gallery-item\">\n<div class=\"gallery-icon landscape\"><img loading=\"lazy\" decoding=\"async\" class=\"lazy\" src=\"https:\/\/graziamagazine.com\/mx\/wp-content\/uploads\/sites\/13\/2022\/08\/696592_ZAJDO_4670_001_100_0000_Light.jpg?resize=1024%2C1365\" alt=\"\" width=\"1024\" height=\"1365\" data-recalc-dims=\"1\" \/><\/div>\n<\/figure>\n<figure class=\"gallery-item\">\n<div class=\"gallery-icon landscape\"><img loading=\"lazy\" decoding=\"async\" class=\"lazy\" src=\"https:\/\/graziamagazine.com\/mx\/wp-content\/uploads\/sites\/13\/2022\/08\/698020_ZAJIE_1057_001_Light.jpg?resize=1024%2C1365\" alt=\"\" width=\"1024\" height=\"1365\" data-recalc-dims=\"1\" \/><\/div>\n<\/figure>\n<figure class=\"gallery-item\">\n<div class=\"gallery-icon landscape\"><img loading=\"lazy\" decoding=\"async\" class=\"lazy\" src=\"https:\/\/graziamagazine.com\/mx\/wp-content\/uploads\/sites\/13\/2022\/08\/698022_ZAJIG_5537_001_Light.jpg?resize=1024%2C1365\" alt=\"\" width=\"1024\" height=\"1365\" data-recalc-dims=\"1\" \/><\/div>\n<\/figure>\n<figure class=\"gallery-item\">\n<div class=\"gallery-icon landscape\"><img loading=\"lazy\" decoding=\"async\" class=\"lazy\" src=\"https:\/\/graziamagazine.com\/mx\/wp-content\/uploads\/sites\/13\/2022\/08\/696787_ZAJE3_8003_001_Light.jpg?resize=1024%2C1365\" alt=\"\" width=\"1024\" height=\"1365\" data-recalc-dims=\"1\" \/><\/div>\n<\/figure>\n<figure class=\"gallery-item\">\n<div class=\"gallery-icon landscape\"><img loading=\"lazy\" decoding=\"async\" class=\"lazy\" src=\"https:\/\/graziamagazine.com\/mx\/wp-content\/uploads\/sites\/13\/2022\/08\/698003_ZAJIA_2048_001_Light.jpg?resize=1024%2C1365\" alt=\"\" width=\"1024\" height=\"1365\" data-recalc-dims=\"1\" \/><\/div>\n<\/figure>\n<figure class=\"gallery-item\">\n<div class=\"gallery-icon landscape\"><img loading=\"lazy\" decoding=\"async\" class=\"lazy\" src=\"https:\/\/graziamagazine.com\/mx\/wp-content\/uploads\/sites\/13\/2022\/08\/696555_ZAJDC_2480_001_Light.jpg?resize=1024%2C1365\" alt=\"\" width=\"1024\" height=\"1365\" data-recalc-dims=\"1\" \/><\/div>\n<\/figure>\n<figure class=\"gallery-item\">\n<div class=\"gallery-icon landscape\"><img loading=\"lazy\" decoding=\"async\" class=\"lazy\" src=\"https:\/\/graziamagazine.com\/mx\/wp-content\/uploads\/sites\/13\/2022\/08\/696555_ZAJDC_2068_001_Light.jpg?resize=1024%2C1365\" alt=\"\" width=\"1024\" height=\"1365\" data-recalc-dims=\"1\" \/><\/div>\n<\/figure>\n<figure class=\"gallery-item\">\n<div class=\"gallery-icon landscape\"><img loading=\"lazy\" decoding=\"async\" class=\"lazy\" src=\"https:\/\/graziamagazine.com\/mx\/wp-content\/uploads\/sites\/13\/2022\/08\/696552_ZAJDB_7421_001_Light.jpg?resize=1024%2C1365\" alt=\"\" width=\"1024\" height=\"1365\" data-recalc-dims=\"1\" \/><\/div>\n<\/figure>\n<figure class=\"gallery-item\">\n<div class=\"gallery-icon landscape\"><img loading=\"lazy\" decoding=\"async\" class=\"lazy\" src=\"https:\/\/graziamagazine.com\/mx\/wp-content\/uploads\/sites\/13\/2022\/08\/696546_ZAJC1_1036_001_Light.jpg?resize=1024%2C1365\" alt=\"\" width=\"1024\" height=\"1365\" data-recalc-dims=\"1\" \/><\/div>\n<\/figure>\n<\/div>\n<\/div>\n<p><span style=\"font-weight: 400\">Para complementar la colecci\u00f3n y dejar que el hilo conductor de casa sea todo el porte de esta l\u00ednea, la vajilla presenta vasos de cristal y cubiertos de postre de alpaca plateada con to\u0301tems de animales. El poder del simbolismo continu\u0301a con posavasos de metal plateado adornados con grabados de disen\u0303os histo\u0301ricos de la Marca.<\/span><\/p>\n<div class=\"content-gallery\">\n<div class=\"gallery-placeholder\">\n<div class=\"spinner\"><\/div>\n<\/div>\n<p>&nbsp;<\/p>\n<div id=\"gallery-4\" class=\"gallery galleryid- gallery-columns- gallery-size-\">\n<figure class=\"gallery-item\">\n<div class=\"gallery-icon landscape\"><img loading=\"lazy\" decoding=\"async\" class=\"lazy\" src=\"https:\/\/graziamagazine.com\/mx\/wp-content\/uploads\/sites\/13\/2022\/08\/695067_ZAI68_1815_001_Light.jpg?resize=1024%2C1365\" alt=\"\" width=\"1024\" height=\"1365\" data-recalc-dims=\"1\" \/><\/div>\n<\/figure>\n<figure class=\"gallery-item\">\n<div class=\"gallery-icon landscape\"><img loading=\"lazy\" decoding=\"async\" class=\"lazy\" src=\"https:\/\/graziamagazine.com\/mx\/wp-content\/uploads\/sites\/13\/2022\/08\/697914_ZAJH3_1750_001_100_0000_Light.jpg?resize=1024%2C1365\" alt=\"\" width=\"1024\" height=\"1365\" data-recalc-dims=\"1\" \/><\/div>\n<\/figure>\n<figure class=\"gallery-item\">\n<div class=\"gallery-icon landscape\"><img loading=\"lazy\" decoding=\"async\" class=\"lazy\" src=\"https:\/\/graziamagazine.com\/mx\/wp-content\/uploads\/sites\/13\/2022\/08\/697911_ZAJH2_1750_001_100_0000_Light.jpg?resize=1024%2C1365\" alt=\"\" width=\"1024\" height=\"1365\" data-recalc-dims=\"1\" \/><\/div>\n<\/figure>\n<figure class=\"gallery-item\">\n<div class=\"gallery-icon landscape\"><img loading=\"lazy\" decoding=\"async\" class=\"lazy\" src=\"https:\/\/graziamagazine.com\/mx\/wp-content\/uploads\/sites\/13\/2022\/08\/697909_ZAJH1_1750_001_100_0000_Light.jpg?resize=1024%2C1365\" alt=\"\" width=\"1024\" height=\"1365\" data-recalc-dims=\"1\" \/><\/div>\n<\/figure>\n<figure class=\"gallery-item\">\n<div class=\"gallery-icon landscape\"><img loading=\"lazy\" decoding=\"async\" class=\"lazy\" src=\"https:\/\/graziamagazine.com\/mx\/wp-content\/uploads\/sites\/13\/2022\/08\/697933_ZAJH6_9367__Light.jpg?resize=1024%2C1365\" alt=\"\" width=\"1024\" height=\"1365\" data-recalc-dims=\"1\" \/><\/div>\n<\/figure>\n<figure class=\"gallery-item\">\n<div class=\"gallery-icon landscape\"><img loading=\"lazy\" decoding=\"async\" class=\"lazy\" src=\"https:\/\/graziamagazine.com\/mx\/wp-content\/uploads\/sites\/13\/2022\/08\/697939_ZAJH7_9367__Light.jpg?resize=1024%2C1365\" alt=\"\" width=\"1024\" height=\"1365\" data-recalc-dims=\"1\" \/><\/div>\n<\/figure>\n<figure class=\"gallery-item\">\n<div class=\"gallery-icon landscape\"><img loading=\"lazy\" decoding=\"async\" class=\"lazy\" src=\"https:\/\/graziamagazine.com\/mx\/wp-content\/uploads\/sites\/13\/2022\/08\/697878_ZAJHW_9367__Light.jpg?resize=1024%2C1365\" alt=\"\" width=\"1024\" height=\"1365\" data-recalc-dims=\"1\" \/><\/div>\n<\/figure>\n<figure class=\"gallery-item\">\n<div class=\"gallery-icon landscape\"><img loading=\"lazy\" decoding=\"async\" class=\"lazy\" src=\"https:\/\/graziamagazine.com\/mx\/wp-content\/uploads\/sites\/13\/2022\/08\/696680_ZAJER_1750__Light.jpg?resize=1024%2C1365\" alt=\"\" width=\"1024\" height=\"1365\" data-recalc-dims=\"1\" \/><\/div>\n<\/figure>\n<figure class=\"gallery-item\">\n<div class=\"gallery-icon landscape\"><img loading=\"lazy\" decoding=\"async\" class=\"lazy\" src=\"https:\/\/graziamagazine.com\/mx\/wp-content\/uploads\/sites\/13\/2022\/08\/696682_ZAJES_1750__Light.jpg?resize=1024%2C1365\" alt=\"\" width=\"1024\" height=\"1365\" data-recalc-dims=\"1\" \/><\/div>\n<\/figure>\n<figure class=\"gallery-item\">\n<div class=\"gallery-icon landscape\"><img loading=\"lazy\" decoding=\"async\" class=\"lazy\" src=\"https:\/\/graziamagazine.com\/mx\/wp-content\/uploads\/sites\/13\/2022\/08\/696684_ZAJET_1750__Light.jpg?resize=1024%2C1365\" alt=\"\" width=\"1024\" height=\"1365\" data-recalc-dims=\"1\" \/><\/div>\n<\/figure>\n<figure class=\"gallery-item\">\n<div class=\"gallery-icon landscape\"><img loading=\"lazy\" decoding=\"async\" class=\"lazy\" src=\"https:\/\/graziamagazine.com\/mx\/wp-content\/uploads\/sites\/13\/2022\/08\/696686_ZAJEU_1750__Light.jpg?resize=1024%2C1365\" alt=\"\" width=\"1024\" height=\"1365\" data-recalc-dims=\"1\" \/><\/div>\n<\/figure>\n<figure class=\"gallery-item\">\n<div class=\"gallery-icon landscape\"><img loading=\"lazy\" decoding=\"async\" class=\"lazy\" src=\"https:\/\/graziamagazine.com\/mx\/wp-content\/uploads\/sites\/13\/2022\/08\/706172_ZAJEU_1750_001.jpg?resize=1024%2C1365\" alt=\"\" width=\"1024\" height=\"1365\" data-recalc-dims=\"1\" \/><\/div>\n<\/figure>\n<figure class=\"gallery-item\">\n<div class=\"gallery-icon landscape\"><img loading=\"lazy\" decoding=\"async\" class=\"lazy\" src=\"https:\/\/graziamagazine.com\/mx\/wp-content\/uploads\/sites\/13\/2022\/08\/706172_ZAJEU_1750__Light.jpg?resize=1024%2C1365\" alt=\"\" width=\"1024\" height=\"1365\" data-recalc-dims=\"1\" \/><\/div>\n<\/figure>\n<\/div>\n<\/div>\n<p><span style=\"font-weight: 400\">Concluyendo con un tapiz que logra el balance perfecto entre los elementos y el efecto visual de los espacios, los estampados florales exuberantes con est\u00e9tica retro y geom\u00e9tricos aportan frescura y naturalidad al ambiente.<\/span><\/p>\n<p><span style=\"font-weight: 400\">Podr\u00e1s encontrar la seleccio\u0301n completa de productos que se lanzara\u0301 gradualmente en boutiques Gucci seleccionadas de todo el mundo y en <a href=\"https:\/\/www.gucci.com\/es\/es\/\" target=\"_blank\" rel=\"noopener\" target=\"_blank\">Gucci.com<\/a><\/span><\/p>\n<p><em>*Im\u00e1genes: cortes\u00eda de Gucci<\/em><\/p>\n","protected":false},"author":28953,"featured_media":164872,"template":"","format":"standard","categories":[3],"acf":[],"yoast_head":"<!-- This site is optimized with the Yoast SEO Premium plugin v18.5 (Yoast SEO v20.4) - https:\/\/yoast.com\/wordpress\/plugins\/seo\/ -->\n<title>Gucci D\u00e9cor inspirado en la naturalidad de los detalles<\/title>\n<meta name=\"description\" content=\"Gucci presenta su nueva colecci\u00f3n para el hogar Gucci D\u00e9cor, una poes\u00eda que fusiona en romanticismo con la vanguardia\" \/>\n<meta name=\"robots\" content=\"index, follow, max-snippet:-1, max-image-preview:large, max-video-preview:-1\" \/>\n<link rel=\"canonical\" href=\"https:\/\/graziamagazine.com\/es\/articles\/gucci-decor-se-inspira-en-la-naturalidad-de-los-detalles\/\" \/>\n<meta property=\"og:locale\" content=\"es_ES\" \/>\n<meta property=\"og:type\" content=\"article\" \/>\n<meta property=\"og:title\" content=\"Gucci D\u00e9cor se inspira en la naturalidad de los detalles\" \/>\n<meta property=\"og:description\" content=\"Gucci presenta su nueva colecci\u00f3n para el hogar Gucci D\u00e9cor, una poes\u00eda que fusiona en romanticismo con la vanguardia\" \/>\n<meta property=\"og:url\" content=\"https:\/\/graziamagazine.com\/es\/articles\/gucci-decor-se-inspira-en-la-naturalidad-de-los-detalles\/\" \/>\n<meta property=\"og:site_name\" content=\"Grazia\" \/>\n<meta property=\"og:image\" content=\"https:\/\/graziamagazine.com\/es\/wp-content\/uploads\/sites\/12\/2022\/08\/Captura-de-Pantalla-2022-08-01-a-las-13.21.01.png\" \/>\n\t<meta property=\"og:image:width\" content=\"1024\" \/>\n\t<meta property=\"og:image:height\" content=\"500\" \/>\n\t<meta property=\"og:image:type\" content=\"image\/png\" \/>\n<meta name=\"twitter:card\" content=\"summary_large_image\" \/>\n<meta name=\"twitter:label1\" content=\"Est. reading time\" \/>\n\t<meta name=\"twitter:data1\" content=\"3 minutos\" \/>\n<script type=\"application\/ld+json\" class=\"yoast-schema-graph\">{\"@context\":\"https:\/\/schema.org\",\"@graph\":[{\"@type\":\"WebPage\",\"@id\":\"https:\/\/graziamagazine.com\/es\/articles\/gucci-decor-se-inspira-en-la-naturalidad-de-los-detalles\/\",\"url\":\"https:\/\/graziamagazine.com\/es\/articles\/gucci-decor-se-inspira-en-la-naturalidad-de-los-detalles\/\",\"name\":\"Gucci D\u00e9cor inspirado en la naturalidad de los detalles\",\"isPartOf\":{\"@id\":\"https:\/\/graziamagazine.com\/es\/#website\"},\"datePublished\":\"2022-08-08T09:00:30+00:00\",\"dateModified\":\"2022-08-08T09:00:30+00:00\",\"description\":\"Gucci presenta su nueva colecci\u00f3n para el hogar Gucci D\u00e9cor, una poes\u00eda que fusiona en romanticismo con la vanguardia\",\"breadcrumb\":{\"@id\":\"https:\/\/graziamagazine.com\/es\/articles\/gucci-decor-se-inspira-en-la-naturalidad-de-los-detalles\/#breadcrumb\"},\"inLanguage\":\"es\",\"potentialAction\":[{\"@type\":\"ReadAction\",\"target\":[\"https:\/\/graziamagazine.com\/es\/articles\/gucci-decor-se-inspira-en-la-naturalidad-de-los-detalles\/\"]}]},{\"@type\":\"BreadcrumbList\",\"@id\":\"https:\/\/graziamagazine.com\/es\/articles\/gucci-decor-se-inspira-en-la-naturalidad-de-los-detalles\/#breadcrumb\",\"itemListElement\":[{\"@type\":\"ListItem\",\"position\":1,\"name\":\"Portada\",\"item\":\"https:\/\/graziamagazine.com\/es\/\"},{\"@type\":\"ListItem\",\"position\":2,\"name\":\"Gucci D\u00e9cor se inspira en la naturalidad de los detalles\"}]},{\"@type\":\"WebSite\",\"@id\":\"https:\/\/graziamagazine.com\/es\/#website\",\"url\":\"https:\/\/graziamagazine.com\/es\/\",\"name\":\"Grazia\",\"description\":\"Moda, belleza, celebrities, estilo de vida...\",\"potentialAction\":[{\"@type\":\"SearchAction\",\"target\":{\"@type\":\"EntryPoint\",\"urlTemplate\":\"https:\/\/graziamagazine.com\/es\/?s={search_term_string}\"},\"query-input\":\"required name=search_term_string\"}],\"inLanguage\":\"es\"}]}<\/script>\n<!-- \/ Yoast SEO Premium plugin. -->","yoast_head_json":{"title":"Gucci D\u00e9cor inspirado en la naturalidad de los detalles","description":"Gucci presenta su nueva colecci\u00f3n para el hogar Gucci D\u00e9cor, una poes\u00eda que fusiona en romanticismo con la vanguardia","robots":{"index":"index","follow":"follow","max-snippet":"max-snippet:-1","max-image-preview":"max-image-preview:large","max-video-preview":"max-video-preview:-1"},"canonical":"https:\/\/graziamagazine.com\/es\/articles\/gucci-decor-se-inspira-en-la-naturalidad-de-los-detalles\/","og_locale":"es_ES","og_type":"article","og_title":"Gucci D\u00e9cor se inspira en la naturalidad de los detalles","og_description":"Gucci presenta su nueva colecci\u00f3n para el hogar Gucci D\u00e9cor, una poes\u00eda que fusiona en romanticismo con la vanguardia","og_url":"https:\/\/graziamagazine.com\/es\/articles\/gucci-decor-se-inspira-en-la-naturalidad-de-los-detalles\/","og_site_name":"Grazia","og_image":[{"url":"https:\/\/graziamagazine.com\/es\/wp-content\/uploads\/sites\/12\/2022\/08\/Captura-de-Pantalla-2022-08-01-a-las-13.21.01.png","width":1024,"height":500,"type":"image\/png"}],"twitter_card":"summary_large_image","twitter_misc":{"Est. reading time":"3 minutos"},"schema":{"@context":"https:\/\/schema.org","@graph":[{"@type":"WebPage","@id":"https:\/\/graziamagazine.com\/es\/articles\/gucci-decor-se-inspira-en-la-naturalidad-de-los-detalles\/","url":"https:\/\/graziamagazine.com\/es\/articles\/gucci-decor-se-inspira-en-la-naturalidad-de-los-detalles\/","name":"Gucci D\u00e9cor inspirado en la naturalidad de los detalles","isPartOf":{"@id":"https:\/\/graziamagazine.com\/es\/#website"},"datePublished":"2022-08-08T09:00:30+00:00","dateModified":"2022-08-08T09:00:30+00:00","description":"Gucci presenta su nueva colecci\u00f3n para el hogar Gucci D\u00e9cor, una poes\u00eda que fusiona en romanticismo con la vanguardia","breadcrumb":{"@id":"https:\/\/graziamagazine.com\/es\/articles\/gucci-decor-se-inspira-en-la-naturalidad-de-los-detalles\/#breadcrumb"},"inLanguage":"es","potentialAction":[{"@type":"ReadAction","target":["https:\/\/graziamagazine.com\/es\/articles\/gucci-decor-se-inspira-en-la-naturalidad-de-los-detalles\/"]}]},{"@type":"BreadcrumbList","@id":"https:\/\/graziamagazine.com\/es\/articles\/gucci-decor-se-inspira-en-la-naturalidad-de-los-detalles\/#breadcrumb","itemListElement":[{"@type":"ListItem","position":1,"name":"Portada","item":"https:\/\/graziamagazine.com\/es\/"},{"@type":"ListItem","position":2,"name":"Gucci D\u00e9cor se inspira en la naturalidad de los detalles"}]},{"@type":"WebSite","@id":"https:\/\/graziamagazine.com\/es\/#website","url":"https:\/\/graziamagazine.com\/es\/","name":"Grazia","description":"Moda, belleza, celebrities, estilo de vida...","potentialAction":[{"@type":"SearchAction","target":{"@type":"EntryPoint","urlTemplate":"https:\/\/graziamagazine.com\/es\/?s={search_term_string}"},"query-input":"required name=search_term_string"}],"inLanguage":"es"}]}},"jetpack_sharing_enabled":true,"distributor_meta":false,"distributor_terms":false,"distributor_media":false,"distributor_original_site_name":"Grazia","distributor_original_site_url":"https:\/\/graziamagazine.com\/es","push-errors":false,"_links":{"self":[{"href":"https:\/\/graziamagazine.com\/es\/wp-json\/wp\/v2\/articles\/164871"}],"collection":[{"href":"https:\/\/graziamagazine.com\/es\/wp-json\/wp\/v2\/articles"}],"about":[{"href":"https:\/\/graziamagazine.com\/es\/wp-json\/wp\/v2\/types\/articles"}],"author":[{"embeddable":true,"href":"https:\/\/graziamagazine.com\/es\/wp-json\/wp\/v2\/users\/28953"}],"wp:featuredmedia":[{"embeddable":true,"href":"https:\/\/graziamagazine.com\/es\/wp-json\/wp\/v2\/media\/164872"}],"wp:attachment":[{"href":"https:\/\/graziamagazine.com\/es\/wp-json\/wp\/v2\/media?parent=164871"}],"wp:term":[{"taxonomy":"category","embeddable":true,"href":"https:\/\/graziamagazine.com\/es\/wp-json\/wp\/v2\/categories?post=164871"}],"curies":[{"name":"wp","href":"https:\/\/api.w.org\/{rel}","templated":true}]}}