{"id":164612,"date":"2022-07-22T13:00:30","date_gmt":"2022-07-22T11:00:30","guid":{"rendered":"https:\/\/graziamagazine.com\/es\/?post_type=articles&#038;p=164612"},"modified":"2022-07-22T21:49:07","modified_gmt":"2022-07-22T19:49:07","slug":"under-armour-abre-su-primera-brand-house-en-espana","status":"publish","type":"articles","link":"https:\/\/graziamagazine.com\/es\/articles\/under-armour-abre-su-primera-brand-house-en-espana\/","title":{"rendered":"UNDER ARMOUR abre su primera Brand House en Espa\u00f1a"},"content":{"rendered":"<p>Si eres de las que siempre busca conocer nuevos espacios y no se te escapa la apertura de una tienda nueva en tu ciudad, entonces est\u00e1s de enhorabuena porque <strong>la\u00a0nueva Brand House de Under Armour abre hoy, viernes 22 de julio en el centro comercial\u00a0 Westfield La Maquinista, en Barcelona<\/strong>, de la mano de la compa\u00f1\u00eda distribuidora especializada en retail y marcas globales Grup Galceran.<\/p>\n<p>La nueva e innovadora Brand House cuenta con una superficie de 450 m2 y se centra en los productos y el dise\u00f1o de vanguardia de Under Armour, haciendo hincapi\u00e9 en el compromiso de la marca de brindar a sus clientes las herramientas necesarias para mejorar su rendimiento a trav\u00e9s de la \u00faltima tecnolog\u00eda desarrollada y aplicada a sus materiales.<\/p>\n<p><img loading=\"lazy\" decoding=\"async\" class=\"aligncenter size-full wp-image-164616\" src=\"https:\/\/graziamagazine.com\/es\/wp-content\/uploads\/sites\/12\/2022\/07\/UABH-Barcelona-FOTO-1.jpeg\" alt=\"UNDER ARMOUR abre su primera Brand House en Espa\u00f1a\" width=\"1024\" height=\"683\" \/><\/p>\n<p>El nuevo espacio ofrece ropa, calzado y accesorios para hombre y mujer abarcando m\u00faltiples categor\u00edas, tales como el training, el running y el baloncesto y cuenta con personal de Grup Galceran altamente cualificado y experto en los distintos productos para asegurar que todos los clientes reciban consejos y recomendaciones adaptados a sus necesidades de entrenamiento personales y garantizar una extraordinaria experiencia de compra.<\/p>\n<p>\u201cEsta apertura constituye un gran hito para Under Armour en Espa\u00f1a, una regi\u00f3n en la que nuestro crecimiento contin\u00faa su r\u00e1pida expansi\u00f3n\u201d, declar\u00f3 Phil Fox, VP Sales EMEA.<\/p>\n<p><img loading=\"lazy\" decoding=\"async\" class=\"aligncenter size-full wp-image-164617\" src=\"https:\/\/graziamagazine.com\/es\/wp-content\/uploads\/sites\/12\/2022\/07\/UABH-Barcelona-10.jpeg\" alt=\"UNDER ARMOUR abre su primera Brand House en Espa\u00f1a\" width=\"1024\" height=\"739\" \/><\/p>\n<p>Under Armour est\u00e1 presente en las principales cadenas minoristas como El Corte Ingl\u00e9s, Intersport, Base, Forum, adem\u00e1s de tiendas multi-deportes y especializadas.\u00a0En su firme plan de expansi\u00f3n en Espa\u00f1a, la marca tambi\u00e9n inaugur\u00f3 en septiembre de 2021 su mayor shop-in-shop de Europa, en El Corte Ingl\u00e9s de Portal Del Angel (Barcelona) con m\u00e1s de 500m2, as\u00ed como otras muchas shop-in-shop en otros centros El Corte Ingl\u00e9s en Espa\u00f1a.<\/p>\n<p><em>*Im\u00e1genes: cortes\u00eda<\/em><\/p>\n<p>&nbsp;<\/p>\n","protected":false},"author":11653,"featured_media":164618,"template":"","format":"standard","categories":[1],"acf":[],"yoast_head":"<!-- This site is optimized with the Yoast SEO Premium plugin v18.5 (Yoast SEO v20.4) - https:\/\/yoast.com\/wordpress\/plugins\/seo\/ -->\n<title>UNDER ARMOUR abre su primera Brand House en Espa\u00f1a | Grazia<\/title>\n<meta name=\"description\" content=\"La marca global de rendimiento deportivo e innovaci\u00f3n apuesta por el mercado ib\u00e9rico para seguir conquistando mercados.\" \/>\n<meta name=\"robots\" content=\"index, follow, max-snippet:-1, max-image-preview:large, max-video-preview:-1\" \/>\n<link rel=\"canonical\" href=\"https:\/\/graziamagazine.com\/es\/articles\/under-armour-abre-su-primera-brand-house-en-espana\/\" \/>\n<meta property=\"og:locale\" content=\"es_ES\" \/>\n<meta property=\"og:type\" content=\"article\" \/>\n<meta property=\"og:title\" content=\"UNDER ARMOUR abre su primera Brand House en Espa\u00f1a\" \/>\n<meta property=\"og:description\" content=\"La marca global de rendimiento deportivo e innovaci\u00f3n apuesta por el mercado ib\u00e9rico para seguir conquistando mercados.\" \/>\n<meta property=\"og:url\" content=\"https:\/\/graziamagazine.com\/es\/articles\/under-armour-abre-su-primera-brand-house-en-espana\/\" \/>\n<meta property=\"og:site_name\" content=\"Grazia\" \/>\n<meta property=\"article:modified_time\" content=\"2022-07-22T19:49:07+00:00\" \/>\n<meta property=\"og:image\" content=\"https:\/\/graziamagazine.com\/es\/wp-content\/uploads\/sites\/12\/2022\/07\/thumbnail_UABH-Barcelona-4.jpeg\" \/>\n\t<meta property=\"og:image:width\" content=\"1280\" \/>\n\t<meta property=\"og:image:height\" content=\"864\" \/>\n\t<meta property=\"og:image:type\" content=\"image\/jpeg\" \/>\n<meta name=\"twitter:card\" content=\"summary_large_image\" \/>\n<meta name=\"twitter:label1\" content=\"Est. reading time\" \/>\n\t<meta name=\"twitter:data1\" content=\"2 minutos\" \/>\n<script type=\"application\/ld+json\" class=\"yoast-schema-graph\">{\"@context\":\"https:\/\/schema.org\",\"@graph\":[{\"@type\":\"WebPage\",\"@id\":\"https:\/\/graziamagazine.com\/es\/articles\/under-armour-abre-su-primera-brand-house-en-espana\/\",\"url\":\"https:\/\/graziamagazine.com\/es\/articles\/under-armour-abre-su-primera-brand-house-en-espana\/\",\"name\":\"UNDER ARMOUR abre su primera Brand House en Espa\u00f1a | Grazia\",\"isPartOf\":{\"@id\":\"https:\/\/graziamagazine.com\/es\/#website\"},\"datePublished\":\"2022-07-22T11:00:30+00:00\",\"dateModified\":\"2022-07-22T19:49:07+00:00\",\"description\":\"La marca global de rendimiento deportivo e innovaci\u00f3n apuesta por el mercado ib\u00e9rico para seguir conquistando mercados.\",\"breadcrumb\":{\"@id\":\"https:\/\/graziamagazine.com\/es\/articles\/under-armour-abre-su-primera-brand-house-en-espana\/#breadcrumb\"},\"inLanguage\":\"es\",\"potentialAction\":[{\"@type\":\"ReadAction\",\"target\":[\"https:\/\/graziamagazine.com\/es\/articles\/under-armour-abre-su-primera-brand-house-en-espana\/\"]}]},{\"@type\":\"BreadcrumbList\",\"@id\":\"https:\/\/graziamagazine.com\/es\/articles\/under-armour-abre-su-primera-brand-house-en-espana\/#breadcrumb\",\"itemListElement\":[{\"@type\":\"ListItem\",\"position\":1,\"name\":\"Portada\",\"item\":\"https:\/\/graziamagazine.com\/es\/\"},{\"@type\":\"ListItem\",\"position\":2,\"name\":\"UNDER ARMOUR abre su primera Brand House en Espa\u00f1a\"}]},{\"@type\":\"WebSite\",\"@id\":\"https:\/\/graziamagazine.com\/es\/#website\",\"url\":\"https:\/\/graziamagazine.com\/es\/\",\"name\":\"Grazia\",\"description\":\"Moda, belleza, celebrities, estilo de vida...\",\"potentialAction\":[{\"@type\":\"SearchAction\",\"target\":{\"@type\":\"EntryPoint\",\"urlTemplate\":\"https:\/\/graziamagazine.com\/es\/?s={search_term_string}\"},\"query-input\":\"required name=search_term_string\"}],\"inLanguage\":\"es\"}]}<\/script>\n<!-- \/ Yoast SEO Premium plugin. -->","yoast_head_json":{"title":"UNDER ARMOUR abre su primera Brand House en Espa\u00f1a | Grazia","description":"La marca global de rendimiento deportivo e innovaci\u00f3n apuesta por el mercado ib\u00e9rico para seguir conquistando mercados.","robots":{"index":"index","follow":"follow","max-snippet":"max-snippet:-1","max-image-preview":"max-image-preview:large","max-video-preview":"max-video-preview:-1"},"canonical":"https:\/\/graziamagazine.com\/es\/articles\/under-armour-abre-su-primera-brand-house-en-espana\/","og_locale":"es_ES","og_type":"article","og_title":"UNDER ARMOUR abre su primera Brand House en Espa\u00f1a","og_description":"La marca global de rendimiento deportivo e innovaci\u00f3n apuesta por el mercado ib\u00e9rico para seguir conquistando mercados.","og_url":"https:\/\/graziamagazine.com\/es\/articles\/under-armour-abre-su-primera-brand-house-en-espana\/","og_site_name":"Grazia","article_modified_time":"2022-07-22T19:49:07+00:00","og_image":[{"width":1280,"height":864,"url":"https:\/\/graziamagazine.com\/es\/wp-content\/uploads\/sites\/12\/2022\/07\/thumbnail_UABH-Barcelona-4.jpeg","type":"image\/jpeg"}],"twitter_card":"summary_large_image","twitter_misc":{"Est. reading time":"2 minutos"},"schema":{"@context":"https:\/\/schema.org","@graph":[{"@type":"WebPage","@id":"https:\/\/graziamagazine.com\/es\/articles\/under-armour-abre-su-primera-brand-house-en-espana\/","url":"https:\/\/graziamagazine.com\/es\/articles\/under-armour-abre-su-primera-brand-house-en-espana\/","name":"UNDER ARMOUR abre su primera Brand House en Espa\u00f1a | Grazia","isPartOf":{"@id":"https:\/\/graziamagazine.com\/es\/#website"},"datePublished":"2022-07-22T11:00:30+00:00","dateModified":"2022-07-22T19:49:07+00:00","description":"La marca global de rendimiento deportivo e innovaci\u00f3n apuesta por el mercado ib\u00e9rico para seguir conquistando mercados.","breadcrumb":{"@id":"https:\/\/graziamagazine.com\/es\/articles\/under-armour-abre-su-primera-brand-house-en-espana\/#breadcrumb"},"inLanguage":"es","potentialAction":[{"@type":"ReadAction","target":["https:\/\/graziamagazine.com\/es\/articles\/under-armour-abre-su-primera-brand-house-en-espana\/"]}]},{"@type":"BreadcrumbList","@id":"https:\/\/graziamagazine.com\/es\/articles\/under-armour-abre-su-primera-brand-house-en-espana\/#breadcrumb","itemListElement":[{"@type":"ListItem","position":1,"name":"Portada","item":"https:\/\/graziamagazine.com\/es\/"},{"@type":"ListItem","position":2,"name":"UNDER ARMOUR abre su primera Brand House en Espa\u00f1a"}]},{"@type":"WebSite","@id":"https:\/\/graziamagazine.com\/es\/#website","url":"https:\/\/graziamagazine.com\/es\/","name":"Grazia","description":"Moda, belleza, celebrities, estilo de vida...","potentialAction":[{"@type":"SearchAction","target":{"@type":"EntryPoint","urlTemplate":"https:\/\/graziamagazine.com\/es\/?s={search_term_string}"},"query-input":"required name=search_term_string"}],"inLanguage":"es"}]}},"jetpack_sharing_enabled":true,"distributor_meta":false,"distributor_terms":false,"distributor_media":false,"distributor_original_site_name":"Grazia","distributor_original_site_url":"https:\/\/graziamagazine.com\/es","push-errors":false,"_links":{"self":[{"href":"https:\/\/graziamagazine.com\/es\/wp-json\/wp\/v2\/articles\/164612"}],"collection":[{"href":"https:\/\/graziamagazine.com\/es\/wp-json\/wp\/v2\/articles"}],"about":[{"href":"https:\/\/graziamagazine.com\/es\/wp-json\/wp\/v2\/types\/articles"}],"author":[{"embeddable":true,"href":"https:\/\/graziamagazine.com\/es\/wp-json\/wp\/v2\/users\/11653"}],"wp:featuredmedia":[{"embeddable":true,"href":"https:\/\/graziamagazine.com\/es\/wp-json\/wp\/v2\/media\/164618"}],"wp:attachment":[{"href":"https:\/\/graziamagazine.com\/es\/wp-json\/wp\/v2\/media?parent=164612"}],"wp:term":[{"taxonomy":"category","embeddable":true,"href":"https:\/\/graziamagazine.com\/es\/wp-json\/wp\/v2\/categories?post=164612"}],"curies":[{"name":"wp","href":"https:\/\/api.w.org\/{rel}","templated":true}]}}