{"id":164206,"date":"2022-07-01T13:07:37","date_gmt":"2022-07-01T11:07:37","guid":{"rendered":"https:\/\/graziamagazine.com\/es\/?post_type=articles&#038;p=164206"},"modified":"2022-07-01T20:44:17","modified_gmt":"2022-07-01T18:44:17","slug":"cameron-diaz-regresa-de-su-retiro-para-para-volver-a-la-actuacion","status":"publish","type":"articles","link":"https:\/\/graziamagazine.com\/es\/articles\/cameron-diaz-regresa-de-su-retiro-para-para-volver-a-la-actuacion\/","title":{"rendered":"Cameron Diaz regresa de su retiro para para volver a la actuaci\u00f3n"},"content":{"rendered":"<p><span style=\"font-weight: 400;\">S\u00ed, as\u00ed como lo lees: <strong>\u00a1Cameron Diaz est\u00e1 de vuelta en la actuaci\u00f3n!<\/strong> Aunque sea solo para una pel\u00edcula de<strong><a href=\"https:\/\/graziamagazine.com\/mx\/articles\/nicole-kidman-zac-efron-y-joey-king-protagonizaran-nueva-comedia-para-netflix\/\"> Netflix<\/a>.\u00a0<\/strong><\/span><\/p>\n<p><span style=\"font-weight: 400;\">En realidad esperamos que sea la primera de muchas varias pel\u00edculas que la actriz haga como parte de su segundo aire en el mundo de la actuaci\u00f3n, a casi 10 a\u00f1os de haberse retirado de la industria cinematogr\u00e1fica.<\/span><\/p>\n<p><span style=\"font-weight: 400;\">Este gran regreso ser\u00e1 junto a<strong> Jamie Fox<\/strong>, en la cinta <em><strong>Back in action<\/strong><\/em>, un nombre demasiado acertado.<\/span><\/p>\n<p><span style=\"font-weight: 400;\">Fue Foxx quien anunci\u00f3 el gran regreso de Cameron con una publicaci\u00f3n en su cuenta de Twitter, que adem\u00e1s trae a otro participante sorpresa.<\/span><\/p>\n<blockquote class=\"twitter-tweet\" data-width=\"500\" data-dnt=\"true\">\n<p lang=\"en\" dir=\"ltr\">Cameron I hope you aren\u2019t mad I recorded this, but no turning back now. Had to call in the GOAT to bring back another GOAT. <a href=\"https:\/\/twitter.com\/CameronDiaz?ref_src=twsrc%5Etfw\" target=\"_blank\">@CameronDiaz<\/a> and I are BACK IN ACTION &#8211; our new movie with <a href=\"https:\/\/twitter.com\/NetflixFilm?ref_src=twsrc%5Etfw\" target=\"_blank\">@NetflixFilm<\/a>. Production starting later this year!! \ud83e\udd8a\ud83d\udc10 <a href=\"https:\/\/t.co\/vyaGrUmbWb\" target=\"_blank\">pic.twitter.com\/vyaGrUmbWb<\/a><\/p>\n<p>&mdash; Jamie Foxx (@iamjamiefoxx) <a href=\"https:\/\/twitter.com\/iamjamiefoxx\/status\/1542190656386236416?ref_src=twsrc%5Etfw\" target=\"_blank\">June 29, 2022<\/a><\/p><\/blockquote>\n<p><script async src=\"https:\/\/platform.twitter.com\/widgets.js\" charset=\"utf-8\"><\/script><\/p>\n<p><span style=\"font-weight: 400;\">\u201cCameron, espero que no est\u00e9s enojada porque grab\u00e9 esto, pero no hay vuelta atr\u00e1s ahora\u201d, escribi\u00f3 Foxx en su <em>Tweet.\u00a0<\/em><\/span><\/p>\n<p><span style=\"font-weight: 400;\">\u201cTuve que llamar a GOAT para traer otra GOAT. Cameron Diaz y yo estamos <em>Back in action<\/em>: nuestra nueva pel\u00edcula con para Netflix. La producci\u00f3n comenzar\u00e1 m\u00e1s adelante este a\u00f1o\u201d, a\u00f1adi\u00f3.<\/span><\/p>\n<p><span style=\"font-weight: 400;\">Con el <em>Tweet<\/em>, el actor public\u00f3 lo que se supone es el audio de una llamada entre ellos dos y otro famoso que es conocido como GOAT: <strong>Tom Brady.<\/strong><\/span><\/p>\n<p><span style=\"font-weight: 400;\">En la llamada, Cameron expresa sus nervios de regresar a trabajar, y Foxx le dice que tiene un amigo en la l\u00ednea que est\u00e1 familiarizado con el tema del retiro laboral.\u00a0<\/span><\/p>\n<p><span style=\"font-weight: 400;\">\u201cMe siento emocionada pero no s\u00e9 c\u00f3mo hacer esto, \u00bfsabes?\u201d, dijo Cameron a Jamie, quien respondi\u00f3: \u201cTengo a alguien en la otra l\u00ednea que puede ayudarte con esto\u201d.<\/span><\/p>\n<p><span style=\"font-weight: 400;\">Un momento despu\u00e9s, Tom Brady se une a la llamada.<\/span><\/p>\n<p><span style=\"font-weight: 400;\">\u201cSoy relativamente exitoso en no jubilarme\u201d, dijo el futbolista de americano.<\/span><\/p>\n<p><span style=\"font-weight: 400;\">Se dice que <em>Back in action<\/em> ser\u00e1 una comedia de acci\u00f3n.<\/span><\/p>\n<p><span style=\"font-weight: 400;\">Cameron Diaz est\u00e1 casada con Benji Madden, con quien comparte una hija de 2 a\u00f1os, Raddix.<\/span><\/p>\n<p><span style=\"font-weight: 400;\">\u201cRealmente quer\u00eda hacer que mi vida fuera manejable para m\u00ed. Mi rutina en un d\u00eda es literalmente lo que puedo hacer por m\u00ed misma\u201d, le confes\u00f3 a Kevin Hart en su <em>podcast <strong>Hart to Heart<\/strong><\/em><strong>,<\/strong> en relaci\u00f3n a la raz\u00f3n por la que se ha mantenido lejos de los reflectores.<\/span><\/p>\n","protected":false},"author":11628,"featured_media":164213,"template":"","format":"standard","categories":[2797],"acf":[],"yoast_head":"<!-- This site is optimized with the Yoast SEO Premium plugin v18.5 (Yoast SEO v20.4) - https:\/\/yoast.com\/wordpress\/plugins\/seo\/ -->\n<title>Cameron Diaz regresa de su retiro para para volver a la actuaci\u00f3n<\/title>\n<meta name=\"description\" content=\"Cameron Diaz est\u00e1 de vuelta en el mundo de la actuaci\u00f3n con su papel protagonista en la pel\u00edcula de Netflix Back in action, junto a Jamie Fox.\" \/>\n<meta name=\"robots\" content=\"index, follow, max-snippet:-1, max-image-preview:large, max-video-preview:-1\" \/>\n<link rel=\"canonical\" href=\"https:\/\/graziamagazine.com\/es\/articles\/cameron-diaz-regresa-de-su-retiro-para-para-volver-a-la-actuacion\/\" \/>\n<meta property=\"og:locale\" content=\"es_ES\" \/>\n<meta property=\"og:type\" content=\"article\" \/>\n<meta property=\"og:title\" content=\"Cameron Diaz regresa de su retiro para para volver a la actuaci\u00f3n\" \/>\n<meta property=\"og:description\" content=\"Cameron Diaz est\u00e1 de vuelta en el mundo de la actuaci\u00f3n con su papel protagonista en la pel\u00edcula de Netflix Back in action, junto a Jamie Fox.\" \/>\n<meta property=\"og:url\" content=\"https:\/\/graziamagazine.com\/es\/articles\/cameron-diaz-regresa-de-su-retiro-para-para-volver-a-la-actuacion\/\" \/>\n<meta property=\"og:site_name\" content=\"Grazia\" \/>\n<meta property=\"article:modified_time\" content=\"2022-07-01T18:44:17+00:00\" \/>\n<meta property=\"og:image\" content=\"https:\/\/graziamagazine.com\/es\/wp-content\/uploads\/sites\/12\/2022\/07\/YF4RAVPLBBA7JKOJAEL7NGXUQM.jpeg\" \/>\n\t<meta property=\"og:image:width\" content=\"1960\" \/>\n\t<meta property=\"og:image:height\" content=\"1102\" \/>\n\t<meta property=\"og:image:type\" content=\"image\/jpeg\" \/>\n<meta name=\"twitter:card\" content=\"summary_large_image\" \/>\n<meta name=\"twitter:label1\" content=\"Est. reading time\" \/>\n\t<meta name=\"twitter:data1\" content=\"2 minutos\" \/>\n<script type=\"application\/ld+json\" class=\"yoast-schema-graph\">{\"@context\":\"https:\/\/schema.org\",\"@graph\":[{\"@type\":\"WebPage\",\"@id\":\"https:\/\/graziamagazine.com\/es\/articles\/cameron-diaz-regresa-de-su-retiro-para-para-volver-a-la-actuacion\/\",\"url\":\"https:\/\/graziamagazine.com\/es\/articles\/cameron-diaz-regresa-de-su-retiro-para-para-volver-a-la-actuacion\/\",\"name\":\"Cameron Diaz regresa de su retiro para para volver a la actuaci\u00f3n\",\"isPartOf\":{\"@id\":\"https:\/\/graziamagazine.com\/es\/#website\"},\"datePublished\":\"2022-07-01T11:07:37+00:00\",\"dateModified\":\"2022-07-01T18:44:17+00:00\",\"description\":\"Cameron Diaz est\u00e1 de vuelta en el mundo de la actuaci\u00f3n con su papel protagonista en la pel\u00edcula de Netflix Back in action, junto a Jamie Fox.\",\"breadcrumb\":{\"@id\":\"https:\/\/graziamagazine.com\/es\/articles\/cameron-diaz-regresa-de-su-retiro-para-para-volver-a-la-actuacion\/#breadcrumb\"},\"inLanguage\":\"es\",\"potentialAction\":[{\"@type\":\"ReadAction\",\"target\":[\"https:\/\/graziamagazine.com\/es\/articles\/cameron-diaz-regresa-de-su-retiro-para-para-volver-a-la-actuacion\/\"]}]},{\"@type\":\"BreadcrumbList\",\"@id\":\"https:\/\/graziamagazine.com\/es\/articles\/cameron-diaz-regresa-de-su-retiro-para-para-volver-a-la-actuacion\/#breadcrumb\",\"itemListElement\":[{\"@type\":\"ListItem\",\"position\":1,\"name\":\"Portada\",\"item\":\"https:\/\/graziamagazine.com\/es\/\"},{\"@type\":\"ListItem\",\"position\":2,\"name\":\"Cameron Diaz regresa de su retiro para para volver a la actuaci\u00f3n\"}]},{\"@type\":\"WebSite\",\"@id\":\"https:\/\/graziamagazine.com\/es\/#website\",\"url\":\"https:\/\/graziamagazine.com\/es\/\",\"name\":\"Grazia\",\"description\":\"Moda, belleza, celebrities, estilo de vida...\",\"potentialAction\":[{\"@type\":\"SearchAction\",\"target\":{\"@type\":\"EntryPoint\",\"urlTemplate\":\"https:\/\/graziamagazine.com\/es\/?s={search_term_string}\"},\"query-input\":\"required name=search_term_string\"}],\"inLanguage\":\"es\"}]}<\/script>\n<!-- \/ Yoast SEO Premium plugin. -->","yoast_head_json":{"title":"Cameron Diaz regresa de su retiro para para volver a la actuaci\u00f3n","description":"Cameron Diaz est\u00e1 de vuelta en el mundo de la actuaci\u00f3n con su papel protagonista en la pel\u00edcula de Netflix Back in action, junto a Jamie Fox.","robots":{"index":"index","follow":"follow","max-snippet":"max-snippet:-1","max-image-preview":"max-image-preview:large","max-video-preview":"max-video-preview:-1"},"canonical":"https:\/\/graziamagazine.com\/es\/articles\/cameron-diaz-regresa-de-su-retiro-para-para-volver-a-la-actuacion\/","og_locale":"es_ES","og_type":"article","og_title":"Cameron Diaz regresa de su retiro para para volver a la actuaci\u00f3n","og_description":"Cameron Diaz est\u00e1 de vuelta en el mundo de la actuaci\u00f3n con su papel protagonista en la pel\u00edcula de Netflix Back in action, junto a Jamie Fox.","og_url":"https:\/\/graziamagazine.com\/es\/articles\/cameron-diaz-regresa-de-su-retiro-para-para-volver-a-la-actuacion\/","og_site_name":"Grazia","article_modified_time":"2022-07-01T18:44:17+00:00","og_image":[{"width":1960,"height":1102,"url":"https:\/\/graziamagazine.com\/es\/wp-content\/uploads\/sites\/12\/2022\/07\/YF4RAVPLBBA7JKOJAEL7NGXUQM.jpeg","type":"image\/jpeg"}],"twitter_card":"summary_large_image","twitter_misc":{"Est. reading time":"2 minutos"},"schema":{"@context":"https:\/\/schema.org","@graph":[{"@type":"WebPage","@id":"https:\/\/graziamagazine.com\/es\/articles\/cameron-diaz-regresa-de-su-retiro-para-para-volver-a-la-actuacion\/","url":"https:\/\/graziamagazine.com\/es\/articles\/cameron-diaz-regresa-de-su-retiro-para-para-volver-a-la-actuacion\/","name":"Cameron Diaz regresa de su retiro para para volver a la actuaci\u00f3n","isPartOf":{"@id":"https:\/\/graziamagazine.com\/es\/#website"},"datePublished":"2022-07-01T11:07:37+00:00","dateModified":"2022-07-01T18:44:17+00:00","description":"Cameron Diaz est\u00e1 de vuelta en el mundo de la actuaci\u00f3n con su papel protagonista en la pel\u00edcula de Netflix Back in action, junto a Jamie Fox.","breadcrumb":{"@id":"https:\/\/graziamagazine.com\/es\/articles\/cameron-diaz-regresa-de-su-retiro-para-para-volver-a-la-actuacion\/#breadcrumb"},"inLanguage":"es","potentialAction":[{"@type":"ReadAction","target":["https:\/\/graziamagazine.com\/es\/articles\/cameron-diaz-regresa-de-su-retiro-para-para-volver-a-la-actuacion\/"]}]},{"@type":"BreadcrumbList","@id":"https:\/\/graziamagazine.com\/es\/articles\/cameron-diaz-regresa-de-su-retiro-para-para-volver-a-la-actuacion\/#breadcrumb","itemListElement":[{"@type":"ListItem","position":1,"name":"Portada","item":"https:\/\/graziamagazine.com\/es\/"},{"@type":"ListItem","position":2,"name":"Cameron Diaz regresa de su retiro para para volver a la actuaci\u00f3n"}]},{"@type":"WebSite","@id":"https:\/\/graziamagazine.com\/es\/#website","url":"https:\/\/graziamagazine.com\/es\/","name":"Grazia","description":"Moda, belleza, celebrities, estilo de vida...","potentialAction":[{"@type":"SearchAction","target":{"@type":"EntryPoint","urlTemplate":"https:\/\/graziamagazine.com\/es\/?s={search_term_string}"},"query-input":"required name=search_term_string"}],"inLanguage":"es"}]}},"jetpack_sharing_enabled":true,"distributor_meta":false,"distributor_terms":false,"distributor_media":false,"distributor_original_site_name":"Grazia","distributor_original_site_url":"https:\/\/graziamagazine.com\/es","push-errors":false,"_links":{"self":[{"href":"https:\/\/graziamagazine.com\/es\/wp-json\/wp\/v2\/articles\/164206"}],"collection":[{"href":"https:\/\/graziamagazine.com\/es\/wp-json\/wp\/v2\/articles"}],"about":[{"href":"https:\/\/graziamagazine.com\/es\/wp-json\/wp\/v2\/types\/articles"}],"author":[{"embeddable":true,"href":"https:\/\/graziamagazine.com\/es\/wp-json\/wp\/v2\/users\/11628"}],"wp:featuredmedia":[{"embeddable":true,"href":"https:\/\/graziamagazine.com\/es\/wp-json\/wp\/v2\/media\/164213"}],"wp:attachment":[{"href":"https:\/\/graziamagazine.com\/es\/wp-json\/wp\/v2\/media?parent=164206"}],"wp:term":[{"taxonomy":"category","embeddable":true,"href":"https:\/\/graziamagazine.com\/es\/wp-json\/wp\/v2\/categories?post=164206"}],"curies":[{"name":"wp","href":"https:\/\/api.w.org\/{rel}","templated":true}]}}