{"id":163991,"date":"2022-06-21T13:13:58","date_gmt":"2022-06-21T11:13:58","guid":{"rendered":"https:\/\/graziamagazine.com\/es\/?post_type=articles&#038;p=163991"},"modified":"2022-06-23T21:42:57","modified_gmt":"2022-06-23T19:42:57","slug":"desde-el-mediterraneo-chanel-presenta-su-nueva-coleccion-verano-2022","status":"publish","type":"articles","link":"https:\/\/graziamagazine.com\/es\/articles\/desde-el-mediterraneo-chanel-presenta-su-nueva-coleccion-verano-2022\/","title":{"rendered":"Desde el Mediterr\u00e1neo Chanel presenta su nueva Colecci\u00f3n Verano 2022"},"content":{"rendered":"<p><span style=\"font-weight: 400;\">A trav\u00e9s de la lente del fot\u00f3grafo australiano Lachlan Bailey, la visi\u00f3n del nuevo lanzamiento de la campa\u00f1a Chanel Coco Beach 2022 muestra todo el esp\u00edritu alegre del verano, sumergi\u00e9ndonos en toda la perfecci\u00f3n del esp\u00edritu de la <\/span><i><span style=\"font-weight: 400;\">maison.<\/span><\/i><\/p>\n<p><span style=\"font-weight: 400;\">Manteni\u00e9ndose fiel a su car\u00e1cter, la l\u00ednea presentada por primera vez en 2018 por el recordado Director Creativo, <strong>Karl Lagerfeld,<\/strong> dedic\u00f3 una celebraci\u00f3n especial hacia el amor de <strong>Gabrielle Chanel<\/strong> por el mar, el sol, y la libertad.<\/span><\/p>\n<figure id=\"attachment_113632\" class=\"wp-caption alignnone\" style=\"width: 1024px;\" aria-describedby=\"caption-attachment-113632\"><img loading=\"lazy\" decoding=\"async\" class=\"wp-image-113632 size-large\" src=\"https:\/\/graziamagazine.com\/mx\/wp-content\/uploads\/sites\/13\/2022\/06\/chanel_chanel-coco-beach-2022-collection_ad-campaign-by-lachlan-bailey-1-HD.jpg?w=1024&amp;resize=1024%2C668\" alt=\"Desde el Mediterr\u00e1neo Chanel presenta su nueva Colecci\u00f3n Verano 2022\" width=\"1024\" height=\"668\" data-recalc-dims=\"1\" \/><\/figure>\n<p><span style=\"font-weight: 400;\">Cada uno de los elementos de la campa\u00f1a hacen un homenaje extraordinario sobre los elementos esenciales del verano junto a la embajadora de la marca, dejando ver el armario de ensue\u00f1o para esta temporada de verano. Con sede en el Mediterr\u00e1neo , el fot\u00f3grafo encargado de esta maravillosa campa\u00f1a, resalta la sencillez y la divinidad de la luz del sol, el agua cristalina, la espuma blanca y las rocas que hacen un contraste perfecto como el emblem\u00e1tico\u00a0 blanco y negro de Chanel.<\/span><\/p>\n<p><span style=\"font-weight: 400;\"><strong>Margaret Qualley<\/strong> exalta su belleza de pie frente a un muro de piedra y ramas de buganvilla, luciendo un delicado top crudo con volantes as\u00ed como un traje de ba\u00f1o que figura una hermosa silueta con un toque de perlas. Un gran bolso de sat\u00e9n negro entrelazado con una cinta de <em>grosgrain<\/em> con el detalle de la perla que es tan querida por Gabrielle Chanel.<\/span><\/p>\n<p><!-- [if lt IE 9]&gt;document.createElement('video');&lt;![endif]--><\/p>\n<p><span style=\"font-weight: 400;\">Triunfando con gran elegancia y ligereza, Qualley viste unos pantalones fluidos de t<strong>weed en negro con ribete blanco<\/strong>, un elemento esencial dentro de cada colecci\u00f3n de la casa francesa, mostr\u00e1ndose\u00a0 como la firma \u00fanica\u00a0 de Chanel. Logrando interpretar este elemento, en una versi\u00f3n muy ligera que casi podr\u00eda confundirse con una toalla.<\/span><\/p>\n<p><span style=\"font-weight: 400;\">Al igual que un elegante\u00a0 vestido a cuadros en blanco y negro, fusionado con un toque de rosa y coral, combinado junto con una camisa-chaqueta y falda cruzada. El rosa destaca de nuevo con el azul y el crudo en un sensual ba\u00f1ador de punto con estampado tweed.<\/span><\/p>\n<figure id=\"attachment_113633\" class=\"wp-caption alignnone\" style=\"width: 1024px;\" aria-describedby=\"caption-attachment-113633\"><img loading=\"lazy\" decoding=\"async\" class=\"wp-image-113633 size-large\" src=\"https:\/\/graziamagazine.com\/mx\/wp-content\/uploads\/sites\/13\/2022\/06\/chanel_chanel-coco-beach-2022-collection_ad-campaign-by-lachlan-bailey-2-HD.jpg?w=1024&amp;resize=1024%2C668\" alt=\"Desde el Mediterr\u00e1neo Chanel presenta su nueva Colecci\u00f3n Verano 2022\" width=\"1024\" height=\"668\" data-recalc-dims=\"1\" \/><\/figure>\n<p><span style=\"font-weight: 400;\">Honrando elementos b\u00e1sicos\u00a0 del verano, dentro de esta deslumbrante colecci\u00f3n, podr\u00e1s encontrar elementos como shorts de ciclismo negros combinados con un top de bikini simple, el bolso tote que no puede faltar y las sandalias de cuero adornadas con m\u00faltiples CC.<\/span><\/p>\n<p><span style=\"font-weight: 400;\">Margaret responde que su bolso ideal para este verano es el conjunto portado por ella misma al igual que unas zapatillas, protector solar y algunos libros, pues este es el escenario de sus sue\u00f1os.<\/span><\/p>\n<p><span style=\"font-weight: 400;\">\u201cPara m\u00ed, esta colecci\u00f3n es muy divertida porque representa el verano, las vacaciones y la libertad\u201d, comenta la actriz Margaret Qualley. \u201cLas piezas de esta colecci\u00f3n son a la vez fant\u00e1sticamente lujosas y sencillas, una haza\u00f1a aparentemente imposible, \u00bfpero no en manos de <strong>Virginie Viard<\/strong>!\u201d<\/span><\/p>\n<figure id=\"attachment_113635\" class=\"wp-caption alignnone\" style=\"width: 1024px;\" aria-describedby=\"caption-attachment-113635\"><img loading=\"lazy\" decoding=\"async\" class=\"wp-image-113635 size-large\" src=\"https:\/\/graziamagazine.com\/mx\/wp-content\/uploads\/sites\/13\/2022\/06\/chanel_chanel-coco-beach-2022-collection_ad-campaign-by-lachlan-bailey-4-HD.jpg?w=1024&amp;resize=1024%2C668\" alt=\"Desde el Mediterr\u00e1neo Chanel presenta su nueva Colecci\u00f3n Verano 2022\" width=\"1024\" height=\"668\" data-recalc-dims=\"1\" \/><\/figure>\n<p><span style=\"font-weight: 400;\">Margaret Qualley dijo sobre la experiencia: \u201cEsta sesi\u00f3n fue muy divertida para m\u00ed. Para el \u00faltimo tiro, Lachlan Bailey quer\u00eda que saltara al agua muy fr\u00eda. \u00a1Me despert\u00f3 enseguida! fue uno de los lugares m\u00e1s bonitos que he visto.\u201d<\/span><\/p>\n<p><span style=\"font-weight: 400;\">La colecci\u00f3n Chanel Coco Beach 2022 estar\u00e1 disponible en una selecci\u00f3n de boutiques Chanel a mediados de junio.<\/span><\/p>\n<figure id=\"attachment_113636\" class=\"wp-caption alignnone\" style=\"width: 1024px;\" aria-describedby=\"caption-attachment-113636\"><img loading=\"lazy\" decoding=\"async\" class=\"wp-image-113636 size-large\" src=\"https:\/\/graziamagazine.com\/mx\/wp-content\/uploads\/sites\/13\/2022\/06\/chanel_chanel-coco-beach-2022-collection_ad-campaign-by-lachlan-bailey-5-HD.jpg?w=1024&amp;resize=1024%2C668\" alt=\"Desde el Mediterr\u00e1neo Chanel presenta su nueva Colecci\u00f3n Verano 2022\" width=\"1024\" height=\"668\" data-recalc-dims=\"1\" \/><\/figure>\n<p><em>*Im\u00e1genes: cortes\u00eda de Chanel<\/em><\/p>\n","protected":false},"author":16349,"featured_media":163992,"template":"","format":"standard","categories":[1],"acf":[],"yoast_head":"<!-- This site is optimized with the Yoast SEO Premium plugin v18.5 (Yoast SEO v20.4) - https:\/\/yoast.com\/wordpress\/plugins\/seo\/ -->\n<title>Desde el Mediterr\u00e1neo Chanel presenta su nueva Colecci\u00f3n Verano 2022<\/title>\n<meta name=\"description\" content=\"Chanel Coco Beach 2022 presenta su nueva campa\u00f1a a trav\u00e9s de un filme inspirado en toda la esencia del \u201cart de vivre\u201d\" \/>\n<meta name=\"robots\" content=\"index, follow, max-snippet:-1, max-image-preview:large, max-video-preview:-1\" \/>\n<link rel=\"canonical\" href=\"https:\/\/graziamagazine.com\/es\/articles\/desde-el-mediterraneo-chanel-presenta-su-nueva-coleccion-verano-2022\/\" \/>\n<meta property=\"og:locale\" content=\"es_ES\" \/>\n<meta property=\"og:type\" content=\"article\" \/>\n<meta property=\"og:title\" content=\"Desde el Mediterr\u00e1neo Chanel presenta su nueva Colecci\u00f3n Verano 2022\" \/>\n<meta property=\"og:description\" content=\"Chanel Coco Beach 2022 presenta su nueva campa\u00f1a a trav\u00e9s de un filme inspirado en toda la esencia del \u201cart de vivre\u201d\" \/>\n<meta property=\"og:url\" content=\"https:\/\/graziamagazine.com\/es\/articles\/desde-el-mediterraneo-chanel-presenta-su-nueva-coleccion-verano-2022\/\" \/>\n<meta property=\"og:site_name\" content=\"Grazia\" \/>\n<meta property=\"article:modified_time\" content=\"2022-06-23T19:42:57+00:00\" \/>\n<meta property=\"og:image\" content=\"https:\/\/graziamagazine.com\/es\/wp-content\/uploads\/sites\/12\/2022\/06\/chanel_chanel-coco-beach-2022-collection_ad-campaign-by-lachlan-bailey-3-HD.jpg\" \/>\n\t<meta property=\"og:image:width\" content=\"1024\" \/>\n\t<meta property=\"og:image:height\" content=\"668\" \/>\n\t<meta property=\"og:image:type\" content=\"image\/jpeg\" \/>\n<meta name=\"twitter:card\" content=\"summary_large_image\" \/>\n<meta name=\"twitter:label1\" content=\"Est. reading time\" \/>\n\t<meta name=\"twitter:data1\" content=\"3 minutos\" \/>\n<script type=\"application\/ld+json\" class=\"yoast-schema-graph\">{\"@context\":\"https:\/\/schema.org\",\"@graph\":[{\"@type\":\"WebPage\",\"@id\":\"https:\/\/graziamagazine.com\/es\/articles\/desde-el-mediterraneo-chanel-presenta-su-nueva-coleccion-verano-2022\/\",\"url\":\"https:\/\/graziamagazine.com\/es\/articles\/desde-el-mediterraneo-chanel-presenta-su-nueva-coleccion-verano-2022\/\",\"name\":\"Desde el Mediterr\u00e1neo Chanel presenta su nueva Colecci\u00f3n Verano 2022\",\"isPartOf\":{\"@id\":\"https:\/\/graziamagazine.com\/es\/#website\"},\"datePublished\":\"2022-06-21T11:13:58+00:00\",\"dateModified\":\"2022-06-23T19:42:57+00:00\",\"description\":\"Chanel Coco Beach 2022 presenta su nueva campa\u00f1a a trav\u00e9s de un filme inspirado en toda la esencia del \u201cart de vivre\u201d\",\"breadcrumb\":{\"@id\":\"https:\/\/graziamagazine.com\/es\/articles\/desde-el-mediterraneo-chanel-presenta-su-nueva-coleccion-verano-2022\/#breadcrumb\"},\"inLanguage\":\"es\",\"potentialAction\":[{\"@type\":\"ReadAction\",\"target\":[\"https:\/\/graziamagazine.com\/es\/articles\/desde-el-mediterraneo-chanel-presenta-su-nueva-coleccion-verano-2022\/\"]}]},{\"@type\":\"BreadcrumbList\",\"@id\":\"https:\/\/graziamagazine.com\/es\/articles\/desde-el-mediterraneo-chanel-presenta-su-nueva-coleccion-verano-2022\/#breadcrumb\",\"itemListElement\":[{\"@type\":\"ListItem\",\"position\":1,\"name\":\"Portada\",\"item\":\"https:\/\/graziamagazine.com\/es\/\"},{\"@type\":\"ListItem\",\"position\":2,\"name\":\"Desde el Mediterr\u00e1neo Chanel presenta su nueva Colecci\u00f3n Verano 2022\"}]},{\"@type\":\"WebSite\",\"@id\":\"https:\/\/graziamagazine.com\/es\/#website\",\"url\":\"https:\/\/graziamagazine.com\/es\/\",\"name\":\"Grazia\",\"description\":\"Moda, belleza, celebrities, estilo de vida...\",\"potentialAction\":[{\"@type\":\"SearchAction\",\"target\":{\"@type\":\"EntryPoint\",\"urlTemplate\":\"https:\/\/graziamagazine.com\/es\/?s={search_term_string}\"},\"query-input\":\"required name=search_term_string\"}],\"inLanguage\":\"es\"}]}<\/script>\n<!-- \/ Yoast SEO Premium plugin. -->","yoast_head_json":{"title":"Desde el Mediterr\u00e1neo Chanel presenta su nueva Colecci\u00f3n Verano 2022","description":"Chanel Coco Beach 2022 presenta su nueva campa\u00f1a a trav\u00e9s de un filme inspirado en toda la esencia del \u201cart de vivre\u201d","robots":{"index":"index","follow":"follow","max-snippet":"max-snippet:-1","max-image-preview":"max-image-preview:large","max-video-preview":"max-video-preview:-1"},"canonical":"https:\/\/graziamagazine.com\/es\/articles\/desde-el-mediterraneo-chanel-presenta-su-nueva-coleccion-verano-2022\/","og_locale":"es_ES","og_type":"article","og_title":"Desde el Mediterr\u00e1neo Chanel presenta su nueva Colecci\u00f3n Verano 2022","og_description":"Chanel Coco Beach 2022 presenta su nueva campa\u00f1a a trav\u00e9s de un filme inspirado en toda la esencia del \u201cart de vivre\u201d","og_url":"https:\/\/graziamagazine.com\/es\/articles\/desde-el-mediterraneo-chanel-presenta-su-nueva-coleccion-verano-2022\/","og_site_name":"Grazia","article_modified_time":"2022-06-23T19:42:57+00:00","og_image":[{"url":"https:\/\/graziamagazine.com\/es\/wp-content\/uploads\/sites\/12\/2022\/06\/chanel_chanel-coco-beach-2022-collection_ad-campaign-by-lachlan-bailey-3-HD.jpg","width":1024,"height":668,"type":"image\/jpeg"}],"twitter_card":"summary_large_image","twitter_misc":{"Est. reading time":"3 minutos"},"schema":{"@context":"https:\/\/schema.org","@graph":[{"@type":"WebPage","@id":"https:\/\/graziamagazine.com\/es\/articles\/desde-el-mediterraneo-chanel-presenta-su-nueva-coleccion-verano-2022\/","url":"https:\/\/graziamagazine.com\/es\/articles\/desde-el-mediterraneo-chanel-presenta-su-nueva-coleccion-verano-2022\/","name":"Desde el Mediterr\u00e1neo Chanel presenta su nueva Colecci\u00f3n Verano 2022","isPartOf":{"@id":"https:\/\/graziamagazine.com\/es\/#website"},"datePublished":"2022-06-21T11:13:58+00:00","dateModified":"2022-06-23T19:42:57+00:00","description":"Chanel Coco Beach 2022 presenta su nueva campa\u00f1a a trav\u00e9s de un filme inspirado en toda la esencia del \u201cart de vivre\u201d","breadcrumb":{"@id":"https:\/\/graziamagazine.com\/es\/articles\/desde-el-mediterraneo-chanel-presenta-su-nueva-coleccion-verano-2022\/#breadcrumb"},"inLanguage":"es","potentialAction":[{"@type":"ReadAction","target":["https:\/\/graziamagazine.com\/es\/articles\/desde-el-mediterraneo-chanel-presenta-su-nueva-coleccion-verano-2022\/"]}]},{"@type":"BreadcrumbList","@id":"https:\/\/graziamagazine.com\/es\/articles\/desde-el-mediterraneo-chanel-presenta-su-nueva-coleccion-verano-2022\/#breadcrumb","itemListElement":[{"@type":"ListItem","position":1,"name":"Portada","item":"https:\/\/graziamagazine.com\/es\/"},{"@type":"ListItem","position":2,"name":"Desde el Mediterr\u00e1neo Chanel presenta su nueva Colecci\u00f3n Verano 2022"}]},{"@type":"WebSite","@id":"https:\/\/graziamagazine.com\/es\/#website","url":"https:\/\/graziamagazine.com\/es\/","name":"Grazia","description":"Moda, belleza, celebrities, estilo de vida...","potentialAction":[{"@type":"SearchAction","target":{"@type":"EntryPoint","urlTemplate":"https:\/\/graziamagazine.com\/es\/?s={search_term_string}"},"query-input":"required name=search_term_string"}],"inLanguage":"es"}]}},"jetpack_sharing_enabled":true,"distributor_meta":false,"distributor_terms":false,"distributor_media":false,"distributor_original_site_name":"Grazia","distributor_original_site_url":"https:\/\/graziamagazine.com\/es","push-errors":false,"_links":{"self":[{"href":"https:\/\/graziamagazine.com\/es\/wp-json\/wp\/v2\/articles\/163991"}],"collection":[{"href":"https:\/\/graziamagazine.com\/es\/wp-json\/wp\/v2\/articles"}],"about":[{"href":"https:\/\/graziamagazine.com\/es\/wp-json\/wp\/v2\/types\/articles"}],"author":[{"embeddable":true,"href":"https:\/\/graziamagazine.com\/es\/wp-json\/wp\/v2\/users\/16349"}],"wp:featuredmedia":[{"embeddable":true,"href":"https:\/\/graziamagazine.com\/es\/wp-json\/wp\/v2\/media\/163992"}],"wp:attachment":[{"href":"https:\/\/graziamagazine.com\/es\/wp-json\/wp\/v2\/media?parent=163991"}],"wp:term":[{"taxonomy":"category","embeddable":true,"href":"https:\/\/graziamagazine.com\/es\/wp-json\/wp\/v2\/categories?post=163991"}],"curies":[{"name":"wp","href":"https:\/\/api.w.org\/{rel}","templated":true}]}}