{"id":163962,"date":"2022-06-20T17:38:01","date_gmt":"2022-06-20T15:38:01","guid":{"rendered":"https:\/\/graziamagazine.com\/es\/?post_type=articles&#038;p=163962"},"modified":"2022-06-20T17:39:04","modified_gmt":"2022-06-20T15:39:04","slug":"el-bikini-de-crochet-de-paula-echevarria-que-todavia-esta-disponible","status":"publish","type":"articles","link":"https:\/\/graziamagazine.com\/es\/articles\/el-bikini-de-crochet-de-paula-echevarria-que-todavia-esta-disponible\/","title":{"rendered":"El bikini de crochet de Paula Echevarr\u00eda que todav\u00eda est\u00e1 disponible"},"content":{"rendered":"<p>Faltan horas para que comience el verano pero todos sabemos que el verano comienza cuando los famosos comparten sus im\u00e1genes en las piscinas, playas y nos muestran sus nuevos trajes de ba\u00f1o. As\u00ed que, siguiendo esa l\u00f3gica, el verano ya comenz\u00f3 hace unos d\u00edas en la casa de Paula Echevarr\u00eda, quien ya nos ha dejado algunos posados luciendo tipazo y modelitos.<\/p>\n<blockquote class=\"instagram-media\" data-instgrm-captioned data-instgrm-permalink=\"https:\/\/www.instagram.com\/p\/CeyIqokDuTi\/?utm_source=ig_embed&amp;utm_campaign=loading\" data-instgrm-version=\"14\" style=\" background:#FFF; border:0; border-radius:3px; box-shadow:0 0 1px 0 rgba(0,0,0,0.5),0 1px 10px 0 rgba(0,0,0,0.15); margin: 1px; max-width:500px; min-width:326px; padding:0; width:99.375%; width:-webkit-calc(100% - 2px); width:calc(100% - 2px);\">\n<div style=\"padding:16px;\"> <a href=\"https:\/\/www.instagram.com\/p\/CeyIqokDuTi\/?utm_source=ig_embed&amp;utm_campaign=loading\" style=\" background:#FFFFFF; line-height:0; padding:0 0; text-align:center; text-decoration:none; width:100%;\" target=\"_blank\"> <\/p>\n<div style=\" display: flex; flex-direction: row; align-items: center;\">\n<div style=\"background-color: #F4F4F4; border-radius: 50%; flex-grow: 0; height: 40px; margin-right: 14px; width: 40px;\"><\/div>\n<div style=\"display: flex; flex-direction: column; flex-grow: 1; justify-content: center;\">\n<div style=\" background-color: #F4F4F4; border-radius: 4px; flex-grow: 0; height: 14px; margin-bottom: 6px; width: 100px;\"><\/div>\n<div style=\" background-color: #F4F4F4; border-radius: 4px; flex-grow: 0; height: 14px; width: 60px;\"><\/div>\n<\/div>\n<\/div>\n<div style=\"padding: 19% 0;\"><\/div>\n<div style=\"display:block; height:50px; margin:0 auto 12px; width:50px;\"><svg width=\"50px\" height=\"50px\" viewBox=\"0 0 60 60\" version=\"1.1\" xmlns=\"https:\/\/www.w3.org\/2000\/svg\" xmlns:xlink=\"https:\/\/www.w3.org\/1999\/xlink\"><g stroke=\"none\" stroke-width=\"1\" fill=\"none\" fill-rule=\"evenodd\"><g transform=\"translate(-511.000000, -20.000000)\" fill=\"#000000\"><g><path d=\"M556.869,30.41 C554.814,30.41 553.148,32.076 553.148,34.131 C553.148,36.186 554.814,37.852 556.869,37.852 C558.924,37.852 560.59,36.186 560.59,34.131 C560.59,32.076 558.924,30.41 556.869,30.41 M541,60.657 C535.114,60.657 530.342,55.887 530.342,50 C530.342,44.114 535.114,39.342 541,39.342 C546.887,39.342 551.658,44.114 551.658,50 C551.658,55.887 546.887,60.657 541,60.657 M541,33.886 C532.1,33.886 524.886,41.1 524.886,50 C524.886,58.899 532.1,66.113 541,66.113 C549.9,66.113 557.115,58.899 557.115,50 C557.115,41.1 549.9,33.886 541,33.886 M565.378,62.101 C565.244,65.022 564.756,66.606 564.346,67.663 C563.803,69.06 563.154,70.057 562.106,71.106 C561.058,72.155 560.06,72.803 558.662,73.347 C557.607,73.757 556.021,74.244 553.102,74.378 C549.944,74.521 548.997,74.552 541,74.552 C533.003,74.552 532.056,74.521 528.898,74.378 C525.979,74.244 524.393,73.757 523.338,73.347 C521.94,72.803 520.942,72.155 519.894,71.106 C518.846,70.057 518.197,69.06 517.654,67.663 C517.244,66.606 516.755,65.022 516.623,62.101 C516.479,58.943 516.448,57.996 516.448,50 C516.448,42.003 516.479,41.056 516.623,37.899 C516.755,34.978 517.244,33.391 517.654,32.338 C518.197,30.938 518.846,29.942 519.894,28.894 C520.942,27.846 521.94,27.196 523.338,26.654 C524.393,26.244 525.979,25.756 528.898,25.623 C532.057,25.479 533.004,25.448 541,25.448 C548.997,25.448 549.943,25.479 553.102,25.623 C556.021,25.756 557.607,26.244 558.662,26.654 C560.06,27.196 561.058,27.846 562.106,28.894 C563.154,29.942 563.803,30.938 564.346,32.338 C564.756,33.391 565.244,34.978 565.378,37.899 C565.522,41.056 565.552,42.003 565.552,50 C565.552,57.996 565.522,58.943 565.378,62.101 M570.82,37.631 C570.674,34.438 570.167,32.258 569.425,30.349 C568.659,28.377 567.633,26.702 565.965,25.035 C564.297,23.368 562.623,22.342 560.652,21.575 C558.743,20.834 556.562,20.326 553.369,20.18 C550.169,20.033 549.148,20 541,20 C532.853,20 531.831,20.033 528.631,20.18 C525.438,20.326 523.257,20.834 521.349,21.575 C519.376,22.342 517.703,23.368 516.035,25.035 C514.368,26.702 513.342,28.377 512.574,30.349 C511.834,32.258 511.326,34.438 511.181,37.631 C511.035,40.831 511,41.851 511,50 C511,58.147 511.035,59.17 511.181,62.369 C511.326,65.562 511.834,67.743 512.574,69.651 C513.342,71.625 514.368,73.296 516.035,74.965 C517.703,76.634 519.376,77.658 521.349,78.425 C523.257,79.167 525.438,79.673 528.631,79.82 C531.831,79.965 532.853,80.001 541,80.001 C549.148,80.001 550.169,79.965 553.369,79.82 C556.562,79.673 558.743,79.167 560.652,78.425 C562.623,77.658 564.297,76.634 565.965,74.965 C567.633,73.296 568.659,71.625 569.425,69.651 C570.167,67.743 570.674,65.562 570.82,62.369 C570.966,59.17 571,58.147 571,50 C571,41.851 570.966,40.831 570.82,37.631\"><\/path><\/g><\/g><\/g><\/svg><\/div>\n<div style=\"padding-top: 8px;\">\n<div style=\" color:#3897f0; font-family:Arial,sans-serif; font-size:14px; font-style:normal; font-weight:550; line-height:18px;\">View this post on Instagram<\/div>\n<\/div>\n<div style=\"padding: 12.5% 0;\"><\/div>\n<div style=\"display: flex; flex-direction: row; margin-bottom: 14px; align-items: center;\">\n<div>\n<div style=\"background-color: #F4F4F4; border-radius: 50%; height: 12.5px; width: 12.5px; transform: translateX(0px) translateY(7px);\"><\/div>\n<div style=\"background-color: #F4F4F4; height: 12.5px; transform: rotate(-45deg) translateX(3px) translateY(1px); width: 12.5px; flex-grow: 0; margin-right: 14px; margin-left: 2px;\"><\/div>\n<div style=\"background-color: #F4F4F4; border-radius: 50%; height: 12.5px; width: 12.5px; transform: translateX(9px) translateY(-18px);\"><\/div>\n<\/div>\n<div style=\"margin-left: 8px;\">\n<div style=\" background-color: #F4F4F4; border-radius: 50%; flex-grow: 0; height: 20px; width: 20px;\"><\/div>\n<div style=\" width: 0; height: 0; border-top: 2px solid transparent; border-left: 6px solid #f4f4f4; border-bottom: 2px solid transparent; transform: translateX(16px) translateY(-4px) rotate(30deg)\"><\/div>\n<\/div>\n<div style=\"margin-left: auto;\">\n<div style=\" width: 0px; border-top: 8px solid #F4F4F4; border-right: 8px solid transparent; transform: translateY(16px);\"><\/div>\n<div style=\" background-color: #F4F4F4; flex-grow: 0; height: 12px; width: 16px; transform: translateY(-4px);\"><\/div>\n<div style=\" width: 0; height: 0; border-top: 8px solid #F4F4F4; border-left: 8px solid transparent; transform: translateY(-4px) translateX(8px);\"><\/div>\n<\/div>\n<\/div>\n<div style=\"display: flex; flex-direction: column; flex-grow: 1; justify-content: center; margin-bottom: 24px;\">\n<div style=\" background-color: #F4F4F4; border-radius: 4px; flex-grow: 0; height: 14px; margin-bottom: 6px; width: 224px;\"><\/div>\n<div style=\" background-color: #F4F4F4; border-radius: 4px; flex-grow: 0; height: 14px; width: 144px;\"><\/div>\n<\/div>\n<p><\/a><\/p>\n<p style=\" color:#c9c8cd; font-family:Arial,sans-serif; font-size:14px; line-height:17px; margin-bottom:0; margin-top:8px; overflow:hidden; padding:8px 0 7px; text-align:center; text-overflow:ellipsis; white-space:nowrap;\"><a href=\"https:\/\/www.instagram.com\/p\/CeyIqokDuTi\/?utm_source=ig_embed&amp;utm_campaign=loading\" style=\" color:#c9c8cd; font-family:Arial,sans-serif; font-size:14px; font-style:normal; font-weight:normal; line-height:17px; text-decoration:none;\" target=\"_blank\" target=\"_blank\">A post shared by \u1d18\u1d00\u1d1c\u029f\u1d00 \u1d07\u1d04\u029c\u1d07\u1d20\u1d00\u0280\u0280\u026a\u1d00 (@pau_eche)<\/a><\/p>\n<\/div>\n<\/blockquote>\n<p><script async src=\"\/\/platform.instagram.com\/en_US\/embeds.js\"><\/script><\/p>\n<p>Si todav\u00eda no te has decidido por qu\u00e9 nuevo bikini meter\u00e1s en tu bolsa de vacaciones, tenemos la soluci\u00f3n gracias a Paula. Toma nota porque no es una prenda tradicional y sabemos que esta temporada va a estar muy de moda.<\/p>\n<p>Se trate del modelo &#8216;Tel Aviv&#8217; de Calcedonia, cuya parte de arriba en tri\u00e1ngulo est\u00e1 confeccionada en <em>crochet,\u00a0<\/em>una de las tendencias que no dejaremos de ver en las playas y piscinas este verano. El <a href=\"https:\/\/www.calzedonia.com\/es\/product\/triangulo_corredero_bikini_tel_aviv-RT01707.html?dwvar_RT01707__color__470C_Z_COL_MARE=470C\" target=\"_blank\">precio es de 40 euros<\/a>.<\/p>\n<p><img loading=\"lazy\" decoding=\"async\" class=\"aligncenter wp-image-163972 size-full\" src=\"https:\/\/graziamagazine.com\/es\/wp-content\/uploads\/sites\/12\/2022\/06\/1655278216-rt01707470c-f-1655278197-e1655739205299.jpeg\" alt=\"El bikini de crochet de Paula Echevarr\u00eda que todav\u00eda est\u00e1 disponible\" width=\"742\" height=\"536\" \/><\/p>\n<p>Como Paula ha elegido el modelo en color lila -tambi\u00e9n lo hay en tonos naranjas y rosados-, la parte de abajo tambi\u00e9n va a juego. Se trata de la braguita brasile\u00f1as de bikini modelo Tel Aviv con cierre de cordones finos en los laterales para regular el ajuste. <a href=\"https:\/\/www.calzedonia.com\/es\/product\/brasile%C3%B1a_cordones_bikini_tel_aviv-SBR1707.html?dwvar_SBR1707__color__470C_Z_COL_MARE=470C\" target=\"_blank\">Su precio es de 20 euros<\/a>, y est\u00e1 disponible en S, M y L.<\/p>\n<p><img loading=\"lazy\" decoding=\"async\" class=\"aligncenter size-full wp-image-163973\" src=\"https:\/\/graziamagazine.com\/es\/wp-content\/uploads\/sites\/12\/2022\/06\/1655278281-sbr1707470c-f-1655278265-e1655739351812.jpeg\" alt=\"El bikini de crochet de Paula Echevarr\u00eda que todav\u00eda est\u00e1 disponible\" width=\"726\" height=\"457\" \/><\/p>\n<p><em>*Im\u00e1genes: Instagram y cortes\u00eda<\/em><\/p>\n","protected":false},"author":11653,"featured_media":163974,"template":"","format":"standard","categories":[13,1],"acf":[],"yoast_head":"<!-- This site is optimized with the Yoast SEO Premium plugin v18.5 (Yoast SEO v20.4) - https:\/\/yoast.com\/wordpress\/plugins\/seo\/ -->\n<title>El bikini de crochet de Paula Echevarr\u00eda que todav\u00eda est\u00e1 disponible | Grazia<\/title>\n<meta name=\"description\" content=\"Faltan horas para que comience el verano pero todos sabemos que el verano comienza cuando los famosos comparten sus im\u00e1genes en las piscinas, playas y nos\" \/>\n<meta name=\"robots\" content=\"index, follow, max-snippet:-1, max-image-preview:large, max-video-preview:-1\" \/>\n<link rel=\"canonical\" href=\"https:\/\/graziamagazine.com\/es\/articles\/el-bikini-de-crochet-de-paula-echevarria-que-todavia-esta-disponible\/\" \/>\n<meta property=\"og:locale\" content=\"es_ES\" \/>\n<meta property=\"og:type\" content=\"article\" \/>\n<meta property=\"og:title\" content=\"El bikini de crochet de Paula Echevarr\u00eda que todav\u00eda est\u00e1 disponible\" \/>\n<meta property=\"og:description\" content=\"Faltan horas para que comience el verano pero todos sabemos que el verano comienza cuando los famosos comparten sus im\u00e1genes en las piscinas, playas y nos\" \/>\n<meta property=\"og:url\" content=\"https:\/\/graziamagazine.com\/es\/articles\/el-bikini-de-crochet-de-paula-echevarria-que-todavia-esta-disponible\/\" \/>\n<meta property=\"og:site_name\" content=\"Grazia\" \/>\n<meta property=\"article:modified_time\" content=\"2022-06-20T15:39:04+00:00\" \/>\n<meta property=\"og:image\" content=\"https:\/\/graziamagazine.com\/es\/wp-content\/uploads\/sites\/12\/2022\/06\/283432577_610603000430991_4420099439140549395_n-e1655739472677.jpeg\" \/>\n\t<meta property=\"og:image:width\" content=\"1011\" \/>\n\t<meta property=\"og:image:height\" content=\"575\" \/>\n\t<meta property=\"og:image:type\" content=\"image\/jpeg\" \/>\n<meta name=\"twitter:card\" content=\"summary_large_image\" \/>\n<meta name=\"twitter:label1\" content=\"Est. reading time\" \/>\n\t<meta name=\"twitter:data1\" content=\"1 minuto\" \/>\n<script type=\"application\/ld+json\" class=\"yoast-schema-graph\">{\"@context\":\"https:\/\/schema.org\",\"@graph\":[{\"@type\":\"WebPage\",\"@id\":\"https:\/\/graziamagazine.com\/es\/articles\/el-bikini-de-crochet-de-paula-echevarria-que-todavia-esta-disponible\/\",\"url\":\"https:\/\/graziamagazine.com\/es\/articles\/el-bikini-de-crochet-de-paula-echevarria-que-todavia-esta-disponible\/\",\"name\":\"El bikini de crochet de Paula Echevarr\u00eda que todav\u00eda est\u00e1 disponible | Grazia\",\"isPartOf\":{\"@id\":\"https:\/\/graziamagazine.com\/es\/#website\"},\"datePublished\":\"2022-06-20T15:38:01+00:00\",\"dateModified\":\"2022-06-20T15:39:04+00:00\",\"description\":\"Faltan horas para que comience el verano pero todos sabemos que el verano comienza cuando los famosos comparten sus im\u00e1genes en las piscinas, playas y nos\",\"breadcrumb\":{\"@id\":\"https:\/\/graziamagazine.com\/es\/articles\/el-bikini-de-crochet-de-paula-echevarria-que-todavia-esta-disponible\/#breadcrumb\"},\"inLanguage\":\"es\",\"potentialAction\":[{\"@type\":\"ReadAction\",\"target\":[\"https:\/\/graziamagazine.com\/es\/articles\/el-bikini-de-crochet-de-paula-echevarria-que-todavia-esta-disponible\/\"]}]},{\"@type\":\"BreadcrumbList\",\"@id\":\"https:\/\/graziamagazine.com\/es\/articles\/el-bikini-de-crochet-de-paula-echevarria-que-todavia-esta-disponible\/#breadcrumb\",\"itemListElement\":[{\"@type\":\"ListItem\",\"position\":1,\"name\":\"Portada\",\"item\":\"https:\/\/graziamagazine.com\/es\/\"},{\"@type\":\"ListItem\",\"position\":2,\"name\":\"El bikini de crochet de Paula Echevarr\u00eda que todav\u00eda est\u00e1 disponible\"}]},{\"@type\":\"WebSite\",\"@id\":\"https:\/\/graziamagazine.com\/es\/#website\",\"url\":\"https:\/\/graziamagazine.com\/es\/\",\"name\":\"Grazia\",\"description\":\"Moda, belleza, celebrities, estilo de vida...\",\"potentialAction\":[{\"@type\":\"SearchAction\",\"target\":{\"@type\":\"EntryPoint\",\"urlTemplate\":\"https:\/\/graziamagazine.com\/es\/?s={search_term_string}\"},\"query-input\":\"required name=search_term_string\"}],\"inLanguage\":\"es\"}]}<\/script>\n<!-- \/ Yoast SEO Premium plugin. -->","yoast_head_json":{"title":"El bikini de crochet de Paula Echevarr\u00eda que todav\u00eda est\u00e1 disponible | Grazia","description":"Faltan horas para que comience el verano pero todos sabemos que el verano comienza cuando los famosos comparten sus im\u00e1genes en las piscinas, playas y nos","robots":{"index":"index","follow":"follow","max-snippet":"max-snippet:-1","max-image-preview":"max-image-preview:large","max-video-preview":"max-video-preview:-1"},"canonical":"https:\/\/graziamagazine.com\/es\/articles\/el-bikini-de-crochet-de-paula-echevarria-que-todavia-esta-disponible\/","og_locale":"es_ES","og_type":"article","og_title":"El bikini de crochet de Paula Echevarr\u00eda que todav\u00eda est\u00e1 disponible","og_description":"Faltan horas para que comience el verano pero todos sabemos que el verano comienza cuando los famosos comparten sus im\u00e1genes en las piscinas, playas y nos","og_url":"https:\/\/graziamagazine.com\/es\/articles\/el-bikini-de-crochet-de-paula-echevarria-que-todavia-esta-disponible\/","og_site_name":"Grazia","article_modified_time":"2022-06-20T15:39:04+00:00","og_image":[{"width":1011,"height":575,"url":"https:\/\/graziamagazine.com\/es\/wp-content\/uploads\/sites\/12\/2022\/06\/283432577_610603000430991_4420099439140549395_n-e1655739472677.jpeg","type":"image\/jpeg"}],"twitter_card":"summary_large_image","twitter_misc":{"Est. reading time":"1 minuto"},"schema":{"@context":"https:\/\/schema.org","@graph":[{"@type":"WebPage","@id":"https:\/\/graziamagazine.com\/es\/articles\/el-bikini-de-crochet-de-paula-echevarria-que-todavia-esta-disponible\/","url":"https:\/\/graziamagazine.com\/es\/articles\/el-bikini-de-crochet-de-paula-echevarria-que-todavia-esta-disponible\/","name":"El bikini de crochet de Paula Echevarr\u00eda que todav\u00eda est\u00e1 disponible | Grazia","isPartOf":{"@id":"https:\/\/graziamagazine.com\/es\/#website"},"datePublished":"2022-06-20T15:38:01+00:00","dateModified":"2022-06-20T15:39:04+00:00","description":"Faltan horas para que comience el verano pero todos sabemos que el verano comienza cuando los famosos comparten sus im\u00e1genes en las piscinas, playas y nos","breadcrumb":{"@id":"https:\/\/graziamagazine.com\/es\/articles\/el-bikini-de-crochet-de-paula-echevarria-que-todavia-esta-disponible\/#breadcrumb"},"inLanguage":"es","potentialAction":[{"@type":"ReadAction","target":["https:\/\/graziamagazine.com\/es\/articles\/el-bikini-de-crochet-de-paula-echevarria-que-todavia-esta-disponible\/"]}]},{"@type":"BreadcrumbList","@id":"https:\/\/graziamagazine.com\/es\/articles\/el-bikini-de-crochet-de-paula-echevarria-que-todavia-esta-disponible\/#breadcrumb","itemListElement":[{"@type":"ListItem","position":1,"name":"Portada","item":"https:\/\/graziamagazine.com\/es\/"},{"@type":"ListItem","position":2,"name":"El bikini de crochet de Paula Echevarr\u00eda que todav\u00eda est\u00e1 disponible"}]},{"@type":"WebSite","@id":"https:\/\/graziamagazine.com\/es\/#website","url":"https:\/\/graziamagazine.com\/es\/","name":"Grazia","description":"Moda, belleza, celebrities, estilo de vida...","potentialAction":[{"@type":"SearchAction","target":{"@type":"EntryPoint","urlTemplate":"https:\/\/graziamagazine.com\/es\/?s={search_term_string}"},"query-input":"required name=search_term_string"}],"inLanguage":"es"}]}},"jetpack_sharing_enabled":true,"distributor_meta":false,"distributor_terms":false,"distributor_media":false,"distributor_original_site_name":"Grazia","distributor_original_site_url":"https:\/\/graziamagazine.com\/es","push-errors":false,"_links":{"self":[{"href":"https:\/\/graziamagazine.com\/es\/wp-json\/wp\/v2\/articles\/163962"}],"collection":[{"href":"https:\/\/graziamagazine.com\/es\/wp-json\/wp\/v2\/articles"}],"about":[{"href":"https:\/\/graziamagazine.com\/es\/wp-json\/wp\/v2\/types\/articles"}],"author":[{"embeddable":true,"href":"https:\/\/graziamagazine.com\/es\/wp-json\/wp\/v2\/users\/11653"}],"wp:featuredmedia":[{"embeddable":true,"href":"https:\/\/graziamagazine.com\/es\/wp-json\/wp\/v2\/media\/163974"}],"wp:attachment":[{"href":"https:\/\/graziamagazine.com\/es\/wp-json\/wp\/v2\/media?parent=163962"}],"wp:term":[{"taxonomy":"category","embeddable":true,"href":"https:\/\/graziamagazine.com\/es\/wp-json\/wp\/v2\/categories?post=163962"}],"curies":[{"name":"wp","href":"https:\/\/api.w.org\/{rel}","templated":true}]}}