{"id":163942,"date":"2022-06-20T10:00:43","date_gmt":"2022-06-20T08:00:43","guid":{"rendered":"https:\/\/graziamagazine.com\/es\/?post_type=articles&#038;p=163942"},"modified":"2022-06-20T10:48:06","modified_gmt":"2022-06-20T08:48:06","slug":"la-boutique-mas-mediterranea-de-fendi-llega-a-mykonos","status":"publish","type":"articles","link":"https:\/\/graziamagazine.com\/es\/articles\/la-boutique-mas-mediterranea-de-fendi-llega-a-mykonos\/","title":{"rendered":"La boutique m\u00e1s mediterr\u00e1nea de Fendi llega a Mykonos"},"content":{"rendered":"<p>La casa Fendi, establecida desde 1925 por Adele y Edoardo Fendi en Roma, es sin\u00f3nimo de calidad, tradici\u00f3n, experimentaci\u00f3n y creatividad y un reconocimiento internacional.<\/p>\n<p>La apertura de su nueva boutique en la parte sur de la isla griega de Mykonos, en el mar Egeo, dentro de Nammos Village, supone llegar a uno de los destinos de compras y veraneo m\u00e1s importantes del Mediterr\u00e1neo.<\/p>\n<p><img loading=\"lazy\" decoding=\"async\" class=\"aligncenter size-large wp-image-113594\" src=\"https:\/\/graziamagazine.com\/mx\/wp-content\/uploads\/sites\/13\/2022\/06\/DA37ABEB-0002-43D0-83A3-3F24E61F8C84.jpeg?w=1024&amp;resize=1024%2C795\" alt=\"\" width=\"1024\" height=\"795\" data-recalc-dims=\"1\" \/><\/p>\n<p>La tienda de aproximadamente 90 m2 ha sido dise\u00f1ada combinando el concepto de Fendi con el estilo de Mykonos lo que la hace especial y exclusiva. Siguiendo la arquitectura tradicional blanca de las C\u00edcladas, la tienda est\u00e1 distribuida en dos pisos con numerosas ventanas que llenan de sol los espacios elegantes de paredes con arcos en puzol\u00e1nica el cemento que se considera ecomaterial y piedra natural, el techo con vigas blancas y bamb\u00fa y los pisos de madera de roble con inserciones de resina azul claro.<\/p>\n<p>En la planta baja encontramos todo lo que es piel, marroquiner\u00eda, bolsos, zapatos, carteras y subiendo la escalera es el \u00e1rea pr\u00eat-\u00e0-porter tanto de hombres como de mujeres. El mobiliario con m\u00e1rmol travertino, madera y rat\u00e1n.<\/p>\n<p><img loading=\"lazy\" decoding=\"async\" class=\"aligncenter size-large wp-image-113596\" src=\"https:\/\/graziamagazine.com\/mx\/wp-content\/uploads\/sites\/13\/2022\/06\/FA88F389-20F1-402D-B948-9DED134A37A2.jpeg?w=1024&amp;resize=1024%2C783\" alt=\"\" width=\"1024\" height=\"783\" data-recalc-dims=\"1\" \/><\/p>\n<p>La tienda cuenta asimismo con dos terrazas con pisos de resina azul claro y muebles de rafia y bamb\u00fa y unos jarrones de cer\u00e1mica.<\/p>\n<p>Como una exclusiva para Europa se vende un bolso FENDI Peekaboo ISeeU Medium en cocodrilo blanco, con forro de cuero blanco con un acabado brillante con asa de madera con motivo Pequin y accesorios de paladio.<\/p>\n<p>Esta nueva boutique es el lugar ideal para conocer lo que ofrece la ic\u00f3nica casa italiana.<\/p>\n<p>&nbsp;<\/p>\n<p><img loading=\"lazy\" decoding=\"async\" class=\"aligncenter size-large wp-image-113589\" src=\"https:\/\/graziamagazine.com\/mx\/wp-content\/uploads\/sites\/13\/2022\/06\/CCA44138-6E1B-4A9F-8659-D1DEC6159F03.jpeg?w=1024&amp;resize=1024%2C731\" alt=\"\" width=\"1024\" height=\"731\" data-recalc-dims=\"1\" \/><img loading=\"lazy\" decoding=\"async\" class=\"aligncenter size-large wp-image-113590\" src=\"https:\/\/graziamagazine.com\/mx\/wp-content\/uploads\/sites\/13\/2022\/06\/81C47200-3D17-4FB1-836C-1FD101BF9248.png?w=1024&amp;resize=1024%2C575\" alt=\"\" width=\"1024\" height=\"575\" data-recalc-dims=\"1\" \/><br \/>\n<img loading=\"lazy\" decoding=\"async\" class=\"aligncenter size-large wp-image-113587\" src=\"https:\/\/graziamagazine.com\/mx\/wp-content\/uploads\/sites\/13\/2022\/06\/DDFA7631-55D3-4503-BC39-A0148EA4C51F.jpeg?w=683&amp;resize=683%2C1024\" alt=\"\" width=\"683\" height=\"1024\" data-recalc-dims=\"1\" \/><br \/>\n<img loading=\"lazy\" decoding=\"async\" class=\"aligncenter size-large wp-image-113591\" src=\"https:\/\/graziamagazine.com\/mx\/wp-content\/uploads\/sites\/13\/2022\/06\/E67C90C5-0CA5-4321-9D6B-C771D6623900.jpeg?w=683&amp;resize=683%2C1024\" alt=\"\" width=\"683\" height=\"1024\" data-recalc-dims=\"1\" \/><\/p>\n","protected":false},"author":30746,"featured_media":163943,"template":"","format":"standard","categories":[18],"acf":[],"yoast_head":"<!-- This site is optimized with the Yoast SEO Premium plugin v18.5 (Yoast SEO v20.4) - https:\/\/yoast.com\/wordpress\/plugins\/seo\/ -->\n<title>La boutique m\u00e1s mediterr\u00e1nea de Fendi llega a Mykonos | Grazia<\/title>\n<meta name=\"description\" content=\"La casa Fendi, establecida desde 1925 por Adele y Edoardo Fendi en Roma, es sin\u00f3nimo de calidad, tradici\u00f3n, experimentaci\u00f3n y creatividad y un\" \/>\n<meta name=\"robots\" content=\"index, follow, max-snippet:-1, max-image-preview:large, max-video-preview:-1\" \/>\n<link rel=\"canonical\" href=\"https:\/\/graziamagazine.com\/es\/articles\/la-boutique-mas-mediterranea-de-fendi-llega-a-mykonos\/\" \/>\n<meta property=\"og:locale\" content=\"es_ES\" \/>\n<meta property=\"og:type\" content=\"article\" \/>\n<meta property=\"og:title\" content=\"La boutique m\u00e1s mediterr\u00e1nea de Fendi llega a Mykonos\" \/>\n<meta property=\"og:description\" content=\"La casa Fendi, establecida desde 1925 por Adele y Edoardo Fendi en Roma, es sin\u00f3nimo de calidad, tradici\u00f3n, experimentaci\u00f3n y creatividad y un\" \/>\n<meta property=\"og:url\" content=\"https:\/\/graziamagazine.com\/es\/articles\/la-boutique-mas-mediterranea-de-fendi-llega-a-mykonos\/\" \/>\n<meta property=\"og:site_name\" content=\"Grazia\" \/>\n<meta property=\"article:modified_time\" content=\"2022-06-20T08:48:06+00:00\" \/>\n<meta property=\"og:image\" content=\"https:\/\/graziamagazine.com\/es\/wp-content\/uploads\/sites\/12\/2022\/06\/6229E25F-DE1F-4D06-BD42-D6635F48E1A4.jpeg\" \/>\n\t<meta property=\"og:image:width\" content=\"2286\" \/>\n\t<meta property=\"og:image:height\" content=\"1876\" \/>\n\t<meta property=\"og:image:type\" content=\"image\/jpeg\" \/>\n<meta name=\"twitter:card\" content=\"summary_large_image\" \/>\n<meta name=\"twitter:label1\" content=\"Est. reading time\" \/>\n\t<meta name=\"twitter:data1\" content=\"2 minutos\" \/>\n<script type=\"application\/ld+json\" class=\"yoast-schema-graph\">{\"@context\":\"https:\/\/schema.org\",\"@graph\":[{\"@type\":\"WebPage\",\"@id\":\"https:\/\/graziamagazine.com\/es\/articles\/la-boutique-mas-mediterranea-de-fendi-llega-a-mykonos\/\",\"url\":\"https:\/\/graziamagazine.com\/es\/articles\/la-boutique-mas-mediterranea-de-fendi-llega-a-mykonos\/\",\"name\":\"La boutique m\u00e1s mediterr\u00e1nea de Fendi llega a Mykonos | Grazia\",\"isPartOf\":{\"@id\":\"https:\/\/graziamagazine.com\/es\/#website\"},\"datePublished\":\"2022-06-20T08:00:43+00:00\",\"dateModified\":\"2022-06-20T08:48:06+00:00\",\"description\":\"La casa Fendi, establecida desde 1925 por Adele y Edoardo Fendi en Roma, es sin\u00f3nimo de calidad, tradici\u00f3n, experimentaci\u00f3n y creatividad y un\",\"breadcrumb\":{\"@id\":\"https:\/\/graziamagazine.com\/es\/articles\/la-boutique-mas-mediterranea-de-fendi-llega-a-mykonos\/#breadcrumb\"},\"inLanguage\":\"es\",\"potentialAction\":[{\"@type\":\"ReadAction\",\"target\":[\"https:\/\/graziamagazine.com\/es\/articles\/la-boutique-mas-mediterranea-de-fendi-llega-a-mykonos\/\"]}]},{\"@type\":\"BreadcrumbList\",\"@id\":\"https:\/\/graziamagazine.com\/es\/articles\/la-boutique-mas-mediterranea-de-fendi-llega-a-mykonos\/#breadcrumb\",\"itemListElement\":[{\"@type\":\"ListItem\",\"position\":1,\"name\":\"Portada\",\"item\":\"https:\/\/graziamagazine.com\/es\/\"},{\"@type\":\"ListItem\",\"position\":2,\"name\":\"La boutique m\u00e1s mediterr\u00e1nea de Fendi llega a Mykonos\"}]},{\"@type\":\"WebSite\",\"@id\":\"https:\/\/graziamagazine.com\/es\/#website\",\"url\":\"https:\/\/graziamagazine.com\/es\/\",\"name\":\"Grazia\",\"description\":\"Moda, belleza, celebrities, estilo de vida...\",\"potentialAction\":[{\"@type\":\"SearchAction\",\"target\":{\"@type\":\"EntryPoint\",\"urlTemplate\":\"https:\/\/graziamagazine.com\/es\/?s={search_term_string}\"},\"query-input\":\"required name=search_term_string\"}],\"inLanguage\":\"es\"}]}<\/script>\n<!-- \/ Yoast SEO Premium plugin. -->","yoast_head_json":{"title":"La boutique m\u00e1s mediterr\u00e1nea de Fendi llega a Mykonos | Grazia","description":"La casa Fendi, establecida desde 1925 por Adele y Edoardo Fendi en Roma, es sin\u00f3nimo de calidad, tradici\u00f3n, experimentaci\u00f3n y creatividad y un","robots":{"index":"index","follow":"follow","max-snippet":"max-snippet:-1","max-image-preview":"max-image-preview:large","max-video-preview":"max-video-preview:-1"},"canonical":"https:\/\/graziamagazine.com\/es\/articles\/la-boutique-mas-mediterranea-de-fendi-llega-a-mykonos\/","og_locale":"es_ES","og_type":"article","og_title":"La boutique m\u00e1s mediterr\u00e1nea de Fendi llega a Mykonos","og_description":"La casa Fendi, establecida desde 1925 por Adele y Edoardo Fendi en Roma, es sin\u00f3nimo de calidad, tradici\u00f3n, experimentaci\u00f3n y creatividad y un","og_url":"https:\/\/graziamagazine.com\/es\/articles\/la-boutique-mas-mediterranea-de-fendi-llega-a-mykonos\/","og_site_name":"Grazia","article_modified_time":"2022-06-20T08:48:06+00:00","og_image":[{"width":2286,"height":1876,"url":"https:\/\/graziamagazine.com\/es\/wp-content\/uploads\/sites\/12\/2022\/06\/6229E25F-DE1F-4D06-BD42-D6635F48E1A4.jpeg","type":"image\/jpeg"}],"twitter_card":"summary_large_image","twitter_misc":{"Est. reading time":"2 minutos"},"schema":{"@context":"https:\/\/schema.org","@graph":[{"@type":"WebPage","@id":"https:\/\/graziamagazine.com\/es\/articles\/la-boutique-mas-mediterranea-de-fendi-llega-a-mykonos\/","url":"https:\/\/graziamagazine.com\/es\/articles\/la-boutique-mas-mediterranea-de-fendi-llega-a-mykonos\/","name":"La boutique m\u00e1s mediterr\u00e1nea de Fendi llega a Mykonos | Grazia","isPartOf":{"@id":"https:\/\/graziamagazine.com\/es\/#website"},"datePublished":"2022-06-20T08:00:43+00:00","dateModified":"2022-06-20T08:48:06+00:00","description":"La casa Fendi, establecida desde 1925 por Adele y Edoardo Fendi en Roma, es sin\u00f3nimo de calidad, tradici\u00f3n, experimentaci\u00f3n y creatividad y un","breadcrumb":{"@id":"https:\/\/graziamagazine.com\/es\/articles\/la-boutique-mas-mediterranea-de-fendi-llega-a-mykonos\/#breadcrumb"},"inLanguage":"es","potentialAction":[{"@type":"ReadAction","target":["https:\/\/graziamagazine.com\/es\/articles\/la-boutique-mas-mediterranea-de-fendi-llega-a-mykonos\/"]}]},{"@type":"BreadcrumbList","@id":"https:\/\/graziamagazine.com\/es\/articles\/la-boutique-mas-mediterranea-de-fendi-llega-a-mykonos\/#breadcrumb","itemListElement":[{"@type":"ListItem","position":1,"name":"Portada","item":"https:\/\/graziamagazine.com\/es\/"},{"@type":"ListItem","position":2,"name":"La boutique m\u00e1s mediterr\u00e1nea de Fendi llega a Mykonos"}]},{"@type":"WebSite","@id":"https:\/\/graziamagazine.com\/es\/#website","url":"https:\/\/graziamagazine.com\/es\/","name":"Grazia","description":"Moda, belleza, celebrities, estilo de vida...","potentialAction":[{"@type":"SearchAction","target":{"@type":"EntryPoint","urlTemplate":"https:\/\/graziamagazine.com\/es\/?s={search_term_string}"},"query-input":"required name=search_term_string"}],"inLanguage":"es"}]}},"jetpack_sharing_enabled":true,"distributor_meta":false,"distributor_terms":false,"distributor_media":false,"distributor_original_site_name":"Grazia","distributor_original_site_url":"https:\/\/graziamagazine.com\/es","push-errors":false,"_links":{"self":[{"href":"https:\/\/graziamagazine.com\/es\/wp-json\/wp\/v2\/articles\/163942"}],"collection":[{"href":"https:\/\/graziamagazine.com\/es\/wp-json\/wp\/v2\/articles"}],"about":[{"href":"https:\/\/graziamagazine.com\/es\/wp-json\/wp\/v2\/types\/articles"}],"author":[{"embeddable":true,"href":"https:\/\/graziamagazine.com\/es\/wp-json\/wp\/v2\/users\/30746"}],"wp:featuredmedia":[{"embeddable":true,"href":"https:\/\/graziamagazine.com\/es\/wp-json\/wp\/v2\/media\/163943"}],"wp:attachment":[{"href":"https:\/\/graziamagazine.com\/es\/wp-json\/wp\/v2\/media?parent=163942"}],"wp:term":[{"taxonomy":"category","embeddable":true,"href":"https:\/\/graziamagazine.com\/es\/wp-json\/wp\/v2\/categories?post=163942"}],"curies":[{"name":"wp","href":"https:\/\/api.w.org\/{rel}","templated":true}]}}