{"id":163828,"date":"2022-06-15T12:26:14","date_gmt":"2022-06-15T10:26:14","guid":{"rendered":"https:\/\/graziamagazine.com\/es\/?post_type=articles&#038;p=163828"},"modified":"2022-06-15T12:26:24","modified_gmt":"2022-06-15T10:26:24","slug":"fendi-casa-presenta-una-coleccion-llena-de-historias-en-salone-del-mobile-2022","status":"publish","type":"articles","link":"https:\/\/graziamagazine.com\/es\/articles\/fendi-casa-presenta-una-coleccion-llena-de-historias-en-salone-del-mobile-2022\/","title":{"rendered":"Fendi Casa presenta una colecci\u00f3n llena de historias en Salone del Mobile 2022"},"content":{"rendered":"<p><span style=\"font-weight: 400\">Fendi ampl\u00eda sus horizontes presentando su nueva<strong><em> Fendi Casa Collection<\/em> <\/strong>con motivo del <strong><em>Salone del Mobile 2022<\/em><\/strong> a trav\u00e9s de un extraordinario equipo de dise\u00f1adores, quienes han estado al mando de la Directora Creativa de Fendi Casa y directora Art\u00edstica de Accesorios y moda Masculina, <strong>Silvia Venturini<\/strong>.<\/span><\/p>\n<blockquote><p><span style=\"font-weight: 400\">\u201cCreo firmemente que hoy, m\u00e1s que nunca, es fundamental establecer un intercambio continuo de ideas con creativos y visionarios internacionales que puedan contribuir a desarrollar a\u00fan m\u00e1s la est\u00e9tica FENDI. Siento que esta colecci\u00f3n representa todos los mensajes y valores que hemos construido e intensificado a lo largo de los a\u00f1os. Parte del nuevo concepto de FENDI Casa es tambi\u00e9n redescubrir nuestras ra\u00edces para construir nuestro futuro\u201d. coment\u00f3 Venturini<\/span><\/p>\n<figure id=\"attachment_113358\" class=\"wp-caption alignnone\" style=\"width: 768px\" aria-describedby=\"caption-attachment-113358\"><img loading=\"lazy\" decoding=\"async\" class=\"wp-image-113358 size-large\" src=\"https:\/\/graziamagazine.com\/mx\/wp-content\/uploads\/sites\/13\/2022\/06\/02_FENDI-Apartment_Salone-del-Mobile-2022.jpg?w=768&amp;resize=768%2C1024\" alt=\"Fendi Casa presenta una colecci\u00f3n llena de historias en Salone del Mobile 2022\" width=\"768\" height=\"1024\" data-recalc-dims=\"1\" \/><\/figure>\n<\/blockquote>\n<p><span style=\"font-weight: 400\">La Maison ha trabajado en varios proyectos y a lo largo de ellos trajo a Design Miami, el epicentro de exhibici\u00f3n del dise\u00f1o de edici\u00f3n limitada y creatividad internacional, as\u00ed como una infinidad de ideas incluidas en una divisi\u00f3n de dise\u00f1os interiores dentro de la empresa de moda, la cual mostraba el propio ADN creado por <strong>Anna Fendi<\/strong> en 1987, la madre de la directora creativa actual.<\/span><\/p>\n<p><span style=\"font-weight: 400\">El pasado mes de octubre, Fendi mostr\u00f3 un adelanto de la nueva Fendi Casa colecction, eligiendo como destino la emblem\u00e1tica ciudad de Roma en el Palazzo della Civilt\u00e0 Italiana y dentro de sus grandes sorpresas, marc\u00f3 el debut de la asociaci\u00f3n con Design Holding, l\u00edder mundial en el sector del dise\u00f1o de alta gama, lanzando Fashion Furniture Design, FF Design, una nueva empresa dedicada a desarrollar el mundo de FENDI Casa.<\/span><\/p>\n<figure id=\"attachment_113359\" class=\"wp-caption alignnone\" style=\"width: 768px\" aria-describedby=\"caption-attachment-113359\"><img loading=\"lazy\" decoding=\"async\" class=\"wp-image-113359 size-large\" src=\"https:\/\/graziamagazine.com\/mx\/wp-content\/uploads\/sites\/13\/2022\/06\/03_FENDI-Apartment_Salone-del-Mobile-2022.jpg?w=768&amp;resize=768%2C1024\" alt=\"Fendi Casa presenta una colecci\u00f3n llena de historias en Salone del Mobile 2022\" width=\"768\" height=\"1024\" data-recalc-dims=\"1\" \/><\/figure>\n<p><span style=\"font-weight: 400\">Dentro del gran estilo de la casa, los dise\u00f1os se han inspirado en valores, est\u00e9tica y una singularidad que han hecho de esta l\u00ednea algo ic\u00f3nico, aportando una decoraci\u00f3n que enamora a la audiencia para invitarlos a crear un estilo de vida \u00fanico y lleno de matices.<\/span><\/p>\n<p><span style=\"font-weight: 400\">Los detalles ideados a trav\u00e9s del dise\u00f1o muestran el Tome Pequin Logo-no logo, un patr\u00f3n de rayas de la Maison que puede ser fusionado en una alfombra de color solido con un trazo de pincel en amarillo Fendi vivo.<\/span><\/p>\n<figure id=\"attachment_113360\" class=\"wp-caption alignnone\" style=\"width: 1024px\" aria-describedby=\"caption-attachment-113360\"><img loading=\"lazy\" decoding=\"async\" class=\"wp-image-113360 size-large\" src=\"https:\/\/graziamagazine.com\/mx\/wp-content\/uploads\/sites\/13\/2022\/06\/02_FENDI-Bar_Salone-del-Mobile-2022.jpg?w=1024&amp;resize=1024%2C683\" alt=\"Fendi Casa presenta una colecci\u00f3n llena de historias en Salone del Mobile 2022\" width=\"1024\" height=\"683\" data-recalc-dims=\"1\" \/><\/figure>\n<p><span style=\"font-weight: 400\">Llenando cada espacio en el que el espectador se encuentre, el multifac\u00e9tico y evocador estilo de la colecci\u00f3n crea una narrativa armoniosa entre sus elementos de una est\u00e9tica con tres almas y tres estados de \u00e1nimo. Diferente y complementario: The Vibrant Soul, donde el concepto de lujo es m\u00e1s abierto e intransigente, expresado a trav\u00e9s de l\u00edneas claras y colores ricos y saturados; The Crafting Mood, refinada y con un fuerte alma artesanal, inspirada en la belleza de los materiales y su elaboraci\u00f3n, ofreciendo colores m\u00e1s naturales (tonos tierra, oliva y beige); y por \u00faltimo The Family Couch, c\u00e1lido y acogedor: de lo m\u00e1s acogedor y, con sus colores neutros y claros, relajante.<\/span><\/p>\n<figure id=\"attachment_113361\" class=\"wp-caption alignnone\" style=\"width: 1024px\" aria-describedby=\"caption-attachment-113361\"><img loading=\"lazy\" decoding=\"async\" class=\"wp-image-113361 size-large\" src=\"https:\/\/graziamagazine.com\/mx\/wp-content\/uploads\/sites\/13\/2022\/06\/FENDI-OLock-Vide-Poche-FENDI-Accessories-@-FENDI-Bar_01.jpg?w=1024&amp;resize=1024%2C683\" alt=\"Fendi Casa presenta una colecci\u00f3n llena de historias en Salone del Mobile 2022\" width=\"1024\" height=\"683\" data-recalc-dims=\"1\" \/><\/figure>\n<p><span style=\"font-weight: 400\">El objetivo de FENDI Casa es establecer un fuerte v\u00ednculo con los clientes, de modo que la compra de un mueble se convierte, ante todo, en una cuesti\u00f3n de estilo, de cultura y de detalles que revelan una historia.<\/span><\/p>\n<p><span style=\"font-weight: 400\">Como parte del compromiso, Fendi busca establecer v\u00ednculos especiales con cada uno de sus clientes, buscando que en cada compra de un mueble se convierta en el accesorio especial del espacio y sobre todo el toque \u00fanico de estilo, de cultura y de detalle que cuenten una gran historia.<\/span><\/p>\n<p><strong><em>*IMAGEN: Cortes\u00eda Fendi<\/em><\/strong><\/p>\n","protected":false},"author":16349,"featured_media":163829,"template":"","format":"standard","categories":[18],"acf":[],"yoast_head":"<!-- This site is optimized with the Yoast SEO Premium plugin v18.5 (Yoast SEO v20.4) - https:\/\/yoast.com\/wordpress\/plugins\/seo\/ -->\n<title>Fendi Casa presenta una colecci\u00f3n llena de historias en Salone del Mobile 2022 | Grazia Fendi Casa presenta una colecci\u00f3n llena de historias en Salone del Mobile 2022<\/title>\n<meta name=\"description\" content=\"Fendi ampl\u00eda sus horizontes presentando su nueva Fendi Casa Collection con motivo del Salone del Mobile 2022 a trav\u00e9s de un extraordinario equipo de Fendi Casa presenta una colecci\u00f3n llena de historias en Salone del Mobile 2022\" \/>\n<meta name=\"robots\" content=\"index, follow, max-snippet:-1, max-image-preview:large, max-video-preview:-1\" \/>\n<link rel=\"canonical\" href=\"https:\/\/graziamagazine.com\/es\/articles\/fendi-casa-presenta-una-coleccion-llena-de-historias-en-salone-del-mobile-2022\/\" \/>\n<meta property=\"og:locale\" content=\"es_ES\" \/>\n<meta property=\"og:type\" content=\"article\" \/>\n<meta property=\"og:title\" content=\"Fendi Casa presenta una colecci\u00f3n llena de historias en Salone del Mobile 2022\" \/>\n<meta property=\"og:description\" content=\"Fendi ampl\u00eda sus horizontes presentando su nueva Fendi Casa Collection con motivo del Salone del Mobile 2022 a trav\u00e9s de un extraordinario equipo de Fendi Casa presenta una colecci\u00f3n llena de historias en Salone del Mobile 2022\" \/>\n<meta property=\"og:url\" content=\"https:\/\/graziamagazine.com\/es\/articles\/fendi-casa-presenta-una-coleccion-llena-de-historias-en-salone-del-mobile-2022\/\" \/>\n<meta property=\"og:site_name\" content=\"Grazia\" \/>\n<meta property=\"article:modified_time\" content=\"2022-06-15T10:26:24+00:00\" \/>\n<meta property=\"og:image\" content=\"https:\/\/graziamagazine.com\/es\/wp-content\/uploads\/sites\/12\/2022\/06\/01_FENDI-Apartment_Salone-del-Mobile-2022.jpg\" \/>\n\t<meta property=\"og:image:width\" content=\"768\" \/>\n\t<meta property=\"og:image:height\" content=\"1024\" \/>\n\t<meta property=\"og:image:type\" content=\"image\/jpeg\" \/>\n<meta name=\"twitter:card\" content=\"summary_large_image\" \/>\n<meta name=\"twitter:label1\" content=\"Est. reading time\" \/>\n\t<meta name=\"twitter:data1\" content=\"3 minutos\" \/>\n<script type=\"application\/ld+json\" class=\"yoast-schema-graph\">{\"@context\":\"https:\/\/schema.org\",\"@graph\":[{\"@type\":\"WebPage\",\"@id\":\"https:\/\/graziamagazine.com\/es\/articles\/fendi-casa-presenta-una-coleccion-llena-de-historias-en-salone-del-mobile-2022\/\",\"url\":\"https:\/\/graziamagazine.com\/es\/articles\/fendi-casa-presenta-una-coleccion-llena-de-historias-en-salone-del-mobile-2022\/\",\"name\":\"Fendi Casa presenta una colecci\u00f3n llena de historias en Salone del Mobile 2022 | Grazia Fendi Casa presenta una colecci\u00f3n llena de historias en Salone del Mobile 2022\",\"isPartOf\":{\"@id\":\"https:\/\/graziamagazine.com\/es\/#website\"},\"datePublished\":\"2022-06-15T10:26:14+00:00\",\"dateModified\":\"2022-06-15T10:26:24+00:00\",\"description\":\"Fendi ampl\u00eda sus horizontes presentando su nueva Fendi Casa Collection con motivo del Salone del Mobile 2022 a trav\u00e9s de un extraordinario equipo de Fendi Casa presenta una colecci\u00f3n llena de historias en Salone del Mobile 2022\",\"breadcrumb\":{\"@id\":\"https:\/\/graziamagazine.com\/es\/articles\/fendi-casa-presenta-una-coleccion-llena-de-historias-en-salone-del-mobile-2022\/#breadcrumb\"},\"inLanguage\":\"es\",\"potentialAction\":[{\"@type\":\"ReadAction\",\"target\":[\"https:\/\/graziamagazine.com\/es\/articles\/fendi-casa-presenta-una-coleccion-llena-de-historias-en-salone-del-mobile-2022\/\"]}]},{\"@type\":\"BreadcrumbList\",\"@id\":\"https:\/\/graziamagazine.com\/es\/articles\/fendi-casa-presenta-una-coleccion-llena-de-historias-en-salone-del-mobile-2022\/#breadcrumb\",\"itemListElement\":[{\"@type\":\"ListItem\",\"position\":1,\"name\":\"Portada\",\"item\":\"https:\/\/graziamagazine.com\/es\/\"},{\"@type\":\"ListItem\",\"position\":2,\"name\":\"Fendi Casa presenta una colecci\u00f3n llena de historias en Salone del Mobile 2022\"}]},{\"@type\":\"WebSite\",\"@id\":\"https:\/\/graziamagazine.com\/es\/#website\",\"url\":\"https:\/\/graziamagazine.com\/es\/\",\"name\":\"Grazia\",\"description\":\"Moda, belleza, celebrities, estilo de vida...\",\"potentialAction\":[{\"@type\":\"SearchAction\",\"target\":{\"@type\":\"EntryPoint\",\"urlTemplate\":\"https:\/\/graziamagazine.com\/es\/?s={search_term_string}\"},\"query-input\":\"required name=search_term_string\"}],\"inLanguage\":\"es\"}]}<\/script>\n<!-- \/ Yoast SEO Premium plugin. -->","yoast_head_json":{"title":"Fendi Casa presenta una colecci\u00f3n llena de historias en Salone del Mobile 2022 | Grazia Fendi Casa presenta una colecci\u00f3n llena de historias en Salone del Mobile 2022","description":"Fendi ampl\u00eda sus horizontes presentando su nueva Fendi Casa Collection con motivo del Salone del Mobile 2022 a trav\u00e9s de un extraordinario equipo de Fendi Casa presenta una colecci\u00f3n llena de historias en Salone del Mobile 2022","robots":{"index":"index","follow":"follow","max-snippet":"max-snippet:-1","max-image-preview":"max-image-preview:large","max-video-preview":"max-video-preview:-1"},"canonical":"https:\/\/graziamagazine.com\/es\/articles\/fendi-casa-presenta-una-coleccion-llena-de-historias-en-salone-del-mobile-2022\/","og_locale":"es_ES","og_type":"article","og_title":"Fendi Casa presenta una colecci\u00f3n llena de historias en Salone del Mobile 2022","og_description":"Fendi ampl\u00eda sus horizontes presentando su nueva Fendi Casa Collection con motivo del Salone del Mobile 2022 a trav\u00e9s de un extraordinario equipo de Fendi Casa presenta una colecci\u00f3n llena de historias en Salone del Mobile 2022","og_url":"https:\/\/graziamagazine.com\/es\/articles\/fendi-casa-presenta-una-coleccion-llena-de-historias-en-salone-del-mobile-2022\/","og_site_name":"Grazia","article_modified_time":"2022-06-15T10:26:24+00:00","og_image":[{"url":"https:\/\/graziamagazine.com\/es\/wp-content\/uploads\/sites\/12\/2022\/06\/01_FENDI-Apartment_Salone-del-Mobile-2022.jpg","width":768,"height":1024,"type":"image\/jpeg"}],"twitter_card":"summary_large_image","twitter_misc":{"Est. reading time":"3 minutos"},"schema":{"@context":"https:\/\/schema.org","@graph":[{"@type":"WebPage","@id":"https:\/\/graziamagazine.com\/es\/articles\/fendi-casa-presenta-una-coleccion-llena-de-historias-en-salone-del-mobile-2022\/","url":"https:\/\/graziamagazine.com\/es\/articles\/fendi-casa-presenta-una-coleccion-llena-de-historias-en-salone-del-mobile-2022\/","name":"Fendi Casa presenta una colecci\u00f3n llena de historias en Salone del Mobile 2022 | Grazia Fendi Casa presenta una colecci\u00f3n llena de historias en Salone del Mobile 2022","isPartOf":{"@id":"https:\/\/graziamagazine.com\/es\/#website"},"datePublished":"2022-06-15T10:26:14+00:00","dateModified":"2022-06-15T10:26:24+00:00","description":"Fendi ampl\u00eda sus horizontes presentando su nueva Fendi Casa Collection con motivo del Salone del Mobile 2022 a trav\u00e9s de un extraordinario equipo de Fendi Casa presenta una colecci\u00f3n llena de historias en Salone del Mobile 2022","breadcrumb":{"@id":"https:\/\/graziamagazine.com\/es\/articles\/fendi-casa-presenta-una-coleccion-llena-de-historias-en-salone-del-mobile-2022\/#breadcrumb"},"inLanguage":"es","potentialAction":[{"@type":"ReadAction","target":["https:\/\/graziamagazine.com\/es\/articles\/fendi-casa-presenta-una-coleccion-llena-de-historias-en-salone-del-mobile-2022\/"]}]},{"@type":"BreadcrumbList","@id":"https:\/\/graziamagazine.com\/es\/articles\/fendi-casa-presenta-una-coleccion-llena-de-historias-en-salone-del-mobile-2022\/#breadcrumb","itemListElement":[{"@type":"ListItem","position":1,"name":"Portada","item":"https:\/\/graziamagazine.com\/es\/"},{"@type":"ListItem","position":2,"name":"Fendi Casa presenta una colecci\u00f3n llena de historias en Salone del Mobile 2022"}]},{"@type":"WebSite","@id":"https:\/\/graziamagazine.com\/es\/#website","url":"https:\/\/graziamagazine.com\/es\/","name":"Grazia","description":"Moda, belleza, celebrities, estilo de vida...","potentialAction":[{"@type":"SearchAction","target":{"@type":"EntryPoint","urlTemplate":"https:\/\/graziamagazine.com\/es\/?s={search_term_string}"},"query-input":"required name=search_term_string"}],"inLanguage":"es"}]}},"jetpack_sharing_enabled":true,"distributor_meta":false,"distributor_terms":false,"distributor_media":false,"distributor_original_site_name":"Grazia","distributor_original_site_url":"https:\/\/graziamagazine.com\/es","push-errors":false,"_links":{"self":[{"href":"https:\/\/graziamagazine.com\/es\/wp-json\/wp\/v2\/articles\/163828"}],"collection":[{"href":"https:\/\/graziamagazine.com\/es\/wp-json\/wp\/v2\/articles"}],"about":[{"href":"https:\/\/graziamagazine.com\/es\/wp-json\/wp\/v2\/types\/articles"}],"author":[{"embeddable":true,"href":"https:\/\/graziamagazine.com\/es\/wp-json\/wp\/v2\/users\/16349"}],"wp:featuredmedia":[{"embeddable":true,"href":"https:\/\/graziamagazine.com\/es\/wp-json\/wp\/v2\/media\/163829"}],"wp:attachment":[{"href":"https:\/\/graziamagazine.com\/es\/wp-json\/wp\/v2\/media?parent=163828"}],"wp:term":[{"taxonomy":"category","embeddable":true,"href":"https:\/\/graziamagazine.com\/es\/wp-json\/wp\/v2\/categories?post=163828"}],"curies":[{"name":"wp","href":"https:\/\/api.w.org\/{rel}","templated":true}]}}