{"id":163723,"date":"2022-06-08T15:16:26","date_gmt":"2022-06-08T13:16:26","guid":{"rendered":"https:\/\/graziamagazine.com\/es\/?post_type=articles&#038;p=163723"},"modified":"2022-06-08T15:16:26","modified_gmt":"2022-06-08T13:16:26","slug":"sombreros-el-accesorio-para-darle-un-toque-chic-a-tus-looks-de-verano","status":"publish","type":"articles","link":"https:\/\/graziamagazine.com\/es\/articles\/sombreros-el-accesorio-para-darle-un-toque-chic-a-tus-looks-de-verano\/","title":{"rendered":"Sombreros, el accesorio para darle un toque chic a tus looks de verano"},"content":{"rendered":"<p><span style=\"font-weight: 400\">Qu\u00e9 mejor que pasar un verano disfrutando del sol, el aire fresco, el mar y la arena, con una bebida refrescante y deliciosa. Imag\u00ednate todo esto y t\u00fa siendo el centro de atenci\u00f3n, luciendo un look inigualable, c\u00f3modo y fresco.<\/span><\/p>\n<p><span style=\"font-weight: 400\">Esta temporada de verano te contamos el secreto para darle un toque super chic a tu estilo con el accesorio que podr\u00e1s combinar con tus prendas que deber\u00e1n estar en tu armario.<\/span><\/p>\n<figure id=\"attachment_113044\" class=\"wp-caption alignnone\" style=\"width: 850px\" aria-describedby=\"caption-attachment-113044\"><img loading=\"lazy\" decoding=\"async\" class=\"wp-image-113044 size-large\" src=\"https:\/\/graziamagazine.com\/mx\/wp-content\/uploads\/sites\/13\/2022\/06\/best-designer-bucket-hats-300321-1654370114878-main.1200x0c.jpg?w=850&amp;resize=850%2C967\" alt=\"Sesni Studio, Te contamos el secreto para darle un toque chic a tus looks de verano \" width=\"850\" height=\"967\" data-recalc-dims=\"1\" \/><figcaption id=\"caption-attachment-113044\" class=\"wp-caption-text\">Sesni Studio, Te contamos el secreto para darle un toque chic a tus looks de verano<\/figcaption><\/figure>\n<p>&nbsp;<\/p>\n<p><b>El sombrero<\/b><span style=\"font-weight: 400\">. Una forma sencilla y efectiva de darle a tu look el toque de <\/span><b>personalidad<\/b><span style=\"font-weight: 400\"> que necesita para triunfar este verano. Adem\u00e1s de protegerte de los rayos Ultravioleta, los sombreros de esta temporada van desde los bucket hats hasta los sombreros de paja, algunos neutros y otros llenos de colores y estampados divertidos que podr\u00e1s fusionar perfectamente con cualquier tipo de prenda, ya sean vestidos largos, mini faldas, tops, shorts o incluso un lindo traje de ba\u00f1o.<\/span><\/p>\n<figure id=\"attachment_113042\" class=\"wp-caption alignnone\" style=\"width: 905px\" aria-describedby=\"caption-attachment-113042\"><img loading=\"lazy\" decoding=\"async\" class=\"wp-image-113042 size-large\" src=\"https:\/\/graziamagazine.com\/mx\/wp-content\/uploads\/sites\/13\/2022\/06\/P00626387_b1.jpg?w=905&amp;resize=905%2C1024\" alt=\"Jacquemus,Te contamos el secreto para darle un toque chic a tus looks de verano \" width=\"905\" height=\"1024\" data-recalc-dims=\"1\" \/><figcaption id=\"caption-attachment-113042\" class=\"wp-caption-text\">Jacquemus,Te contamos el secreto para darle un toque chic a tus looks de verano<\/figcaption><\/figure>\n<p><span style=\"font-weight: 400\">Tu arma secreta no solo para complementar tu look, sino para cuidar de tu piel, el sombrero ser\u00e1 una muy buena inversi\u00f3n para esta temporada, convirtiendose en ese accesorio principal ademas de poder elegir el que mas se adapte a tu estilo y gusto.<\/span><\/p>\n<p><span style=\"font-weight: 400\">Te dejamos algunos ejemplos de los sombreros de pescador y rafia que podr\u00e1s conseguir este verano 2022 y usarlos en cualquier ocasi\u00f3n bajo el sol o la palmera.<\/span><\/p>\n<figure id=\"attachment_113050\" class=\"wp-caption alignnone\" style=\"width: 683px\" aria-describedby=\"caption-attachment-113050\"><img loading=\"lazy\" decoding=\"async\" class=\"wp-image-113050 size-large\" src=\"https:\/\/graziamagazine.com\/mx\/wp-content\/uploads\/sites\/13\/2022\/06\/best-designer-bucket-hats-300321-1654371146680-main.1200x0c.jpg?w=683&amp;resize=683%2C1024\" alt=\"Max Mara, te contamos el secreto para darle un toque chic a tus looks de verano \" width=\"683\" height=\"1024\" data-recalc-dims=\"1\" \/><figcaption id=\"caption-attachment-113050\" class=\"wp-caption-text\">Max Mara, te contamos el secreto para darle un toque chic a tus looks de verano<\/figcaption><\/figure>\n<p>&nbsp;<\/p>\n<figure id=\"attachment_113047\" class=\"wp-caption alignnone\" style=\"width: 832px\" aria-describedby=\"caption-attachment-113047\"><img loading=\"lazy\" decoding=\"async\" class=\"wp-image-113047 size-large\" src=\"https:\/\/graziamagazine.com\/mx\/wp-content\/uploads\/sites\/13\/2022\/06\/best-designer-bucket-hats-300321-1654369678972-main.1200x0c.jpg?w=832&amp;resize=832%2C1024\" alt=\"MISBHV, Te contamos el secreto para darle un toque chic a tus looks de verano \" width=\"832\" height=\"1024\" data-recalc-dims=\"1\" \/><figcaption id=\"caption-attachment-113047\" class=\"wp-caption-text\">MISBHV, Te contamos el secreto para darle un toque chic a tus looks de verano<\/figcaption><\/figure>\n<figure id=\"attachment_113046\" class=\"wp-caption alignnone\" style=\"width: 683px\" aria-describedby=\"caption-attachment-113046\"><img loading=\"lazy\" decoding=\"async\" class=\"wp-image-113046 size-large\" src=\"https:\/\/graziamagazine.com\/mx\/wp-content\/uploads\/sites\/13\/2022\/06\/best-designer-bucket-hats-300321-1654369604075-main.1200x0c.jpg?w=683&amp;resize=683%2C1024\" alt=\"Apparis, te contamos el secreto para darle un toque chic a tus looks de verano \" width=\"683\" height=\"1024\" data-recalc-dims=\"1\" \/><figcaption id=\"caption-attachment-113046\" class=\"wp-caption-text\">Apparis, te contamos el secreto para darle un toque chic a tus looks de verano<\/figcaption><\/figure>\n<figure id=\"attachment_113045\" class=\"wp-caption alignnone\" style=\"width: 837px\" aria-describedby=\"caption-attachment-113045\"><img loading=\"lazy\" decoding=\"async\" class=\"wp-image-113045 size-large\" src=\"https:\/\/graziamagazine.com\/mx\/wp-content\/uploads\/sites\/13\/2022\/06\/best-designer-bucket-hats-300321-1654370670157-main.1200x0c.jpg?w=837&amp;resize=837%2C1024\" alt=\"CURTIDOR FLETCHER, Te contamos el secreto para darle un toque chic a tus looks de verano \" width=\"837\" height=\"1024\" data-recalc-dims=\"1\" \/><figcaption id=\"caption-attachment-113045\" class=\"wp-caption-text\">CURTIDOR FLETCHER, Te contamos el secreto para darle un toque chic a tus looks de verano<\/figcaption><\/figure>\n<p>&nbsp;<\/p>\n<figure id=\"attachment_113043\" class=\"wp-caption alignnone\" style=\"width: 843px\" aria-describedby=\"caption-attachment-113043\"><img loading=\"lazy\" decoding=\"async\" class=\"wp-image-113043 size-large\" src=\"https:\/\/graziamagazine.com\/mx\/wp-content\/uploads\/sites\/13\/2022\/06\/best-designer-bucket-hats-300321-1654366718704-main.1200x0c.jpg?w=843&amp;resize=843%2C1024\" alt=\"VIVIENNE WESTWOOD, Te contamos el secreto para darle un toque chic a tus looks de verano \" width=\"843\" height=\"1024\" data-recalc-dims=\"1\" \/><figcaption id=\"caption-attachment-113043\" class=\"wp-caption-text\">VIVIENNE WESTWOOD, Te contamos el secreto para darle un toque chic a tus looks de verano<\/figcaption><\/figure>\n<figure id=\"attachment_113053\" class=\"wp-caption alignnone\" style=\"width: 748px\" aria-describedby=\"caption-attachment-113053\"><img loading=\"lazy\" decoding=\"async\" class=\"wp-image-113053 size-large\" src=\"https:\/\/graziamagazine.com\/mx\/wp-content\/uploads\/sites\/13\/2022\/06\/best-designer-bucket-hats-300321-1654370234930-main.1200x0c.jpg?w=748&amp;resize=748%2C1024\" alt=\"FIEL A LA MARCA, Te contamos el secreto para darle un toque chic a tus looks de verano \" width=\"748\" height=\"1024\" data-recalc-dims=\"1\" \/><figcaption id=\"caption-attachment-113053\" class=\"wp-caption-text\">FIEL A LA MARCA, Te contamos el secreto para darle un toque chic a tus looks de verano<\/figcaption><\/figure>\n<figure id=\"attachment_113052\" class=\"wp-caption alignnone\" style=\"width: 683px\" aria-describedby=\"caption-attachment-113052\"><img loading=\"lazy\" decoding=\"async\" class=\"wp-image-113052 size-large\" src=\"https:\/\/graziamagazine.com\/mx\/wp-content\/uploads\/sites\/13\/2022\/06\/best-designer-bucket-hats-300321-1654371557056-main.1200x0c.jpg?w=683&amp;resize=683%2C1024\" alt=\"FENDI, Te contamos el secreto para darle un toque chic a tus looks de verano \" width=\"683\" height=\"1024\" data-recalc-dims=\"1\" \/><figcaption id=\"caption-attachment-113052\" class=\"wp-caption-text\">FENDI, Te contamos el secreto para darle un toque chic a tus looks de verano<\/figcaption><\/figure>\n","protected":false},"author":16349,"featured_media":163732,"template":"","format":"standard","categories":[1],"acf":[],"yoast_head":"<!-- This site is optimized with the Yoast SEO Premium plugin v18.5 (Yoast SEO v20.4) - https:\/\/yoast.com\/wordpress\/plugins\/seo\/ -->\n<title>Sombreros, el accesorio para darle un toque chic a tus looks de verano<\/title>\n<meta name=\"description\" content=\"\u00a1Este verano 2022 atr\u00e9vete a lucir \u00fanica y espectacular con el accesorio estrella que tenemos para ti! Los sombreros vuelven este verano para hacerte lucir fabulosa\" \/>\n<meta name=\"robots\" content=\"index, follow, max-snippet:-1, max-image-preview:large, max-video-preview:-1\" \/>\n<link rel=\"canonical\" href=\"https:\/\/graziamagazine.com\/es\/articles\/sombreros-el-accesorio-para-darle-un-toque-chic-a-tus-looks-de-verano\/\" \/>\n<meta property=\"og:locale\" content=\"es_ES\" \/>\n<meta property=\"og:type\" content=\"article\" \/>\n<meta property=\"og:title\" content=\"Sombreros, el accesorio para darle un toque chic a tus looks de verano\" \/>\n<meta property=\"og:description\" content=\"\u00a1Este verano 2022 atr\u00e9vete a lucir \u00fanica y espectacular con el accesorio estrella que tenemos para ti! Los sombreros vuelven este verano para hacerte lucir fabulosa\" \/>\n<meta property=\"og:url\" content=\"https:\/\/graziamagazine.com\/es\/articles\/sombreros-el-accesorio-para-darle-un-toque-chic-a-tus-looks-de-verano\/\" \/>\n<meta property=\"og:site_name\" content=\"Grazia\" \/>\n<meta property=\"og:image\" content=\"https:\/\/graziamagazine.com\/es\/wp-content\/uploads\/sites\/12\/2022\/06\/vital-sinkevich-p0KnRCo8gQs-unsplash.jpg?fit=1920%2C1282\" \/>\n\t<meta property=\"og:image:width\" content=\"1920\" \/>\n\t<meta property=\"og:image:height\" content=\"1282\" \/>\n\t<meta property=\"og:image:type\" content=\"image\/jpeg\" \/>\n<meta name=\"twitter:card\" content=\"summary_large_image\" \/>\n<meta name=\"twitter:label1\" content=\"Est. reading time\" \/>\n\t<meta name=\"twitter:data1\" content=\"2 minutos\" \/>\n<script type=\"application\/ld+json\" class=\"yoast-schema-graph\">{\"@context\":\"https:\/\/schema.org\",\"@graph\":[{\"@type\":\"WebPage\",\"@id\":\"https:\/\/graziamagazine.com\/es\/articles\/sombreros-el-accesorio-para-darle-un-toque-chic-a-tus-looks-de-verano\/\",\"url\":\"https:\/\/graziamagazine.com\/es\/articles\/sombreros-el-accesorio-para-darle-un-toque-chic-a-tus-looks-de-verano\/\",\"name\":\"Sombreros, el accesorio para darle un toque chic a tus looks de verano\",\"isPartOf\":{\"@id\":\"https:\/\/graziamagazine.com\/es\/#website\"},\"datePublished\":\"2022-06-08T13:16:26+00:00\",\"dateModified\":\"2022-06-08T13:16:26+00:00\",\"description\":\"\u00a1Este verano 2022 atr\u00e9vete a lucir \u00fanica y espectacular con el accesorio estrella que tenemos para ti! Los sombreros vuelven este verano para hacerte lucir fabulosa\",\"breadcrumb\":{\"@id\":\"https:\/\/graziamagazine.com\/es\/articles\/sombreros-el-accesorio-para-darle-un-toque-chic-a-tus-looks-de-verano\/#breadcrumb\"},\"inLanguage\":\"es\",\"potentialAction\":[{\"@type\":\"ReadAction\",\"target\":[\"https:\/\/graziamagazine.com\/es\/articles\/sombreros-el-accesorio-para-darle-un-toque-chic-a-tus-looks-de-verano\/\"]}]},{\"@type\":\"BreadcrumbList\",\"@id\":\"https:\/\/graziamagazine.com\/es\/articles\/sombreros-el-accesorio-para-darle-un-toque-chic-a-tus-looks-de-verano\/#breadcrumb\",\"itemListElement\":[{\"@type\":\"ListItem\",\"position\":1,\"name\":\"Portada\",\"item\":\"https:\/\/graziamagazine.com\/es\/\"},{\"@type\":\"ListItem\",\"position\":2,\"name\":\"Sombreros, el accesorio para darle un toque chic a tus looks de verano\"}]},{\"@type\":\"WebSite\",\"@id\":\"https:\/\/graziamagazine.com\/es\/#website\",\"url\":\"https:\/\/graziamagazine.com\/es\/\",\"name\":\"Grazia\",\"description\":\"Moda, belleza, celebrities, estilo de vida...\",\"potentialAction\":[{\"@type\":\"SearchAction\",\"target\":{\"@type\":\"EntryPoint\",\"urlTemplate\":\"https:\/\/graziamagazine.com\/es\/?s={search_term_string}\"},\"query-input\":\"required name=search_term_string\"}],\"inLanguage\":\"es\"}]}<\/script>\n<!-- \/ Yoast SEO Premium plugin. -->","yoast_head_json":{"title":"Sombreros, el accesorio para darle un toque chic a tus looks de verano","description":"\u00a1Este verano 2022 atr\u00e9vete a lucir \u00fanica y espectacular con el accesorio estrella que tenemos para ti! Los sombreros vuelven este verano para hacerte lucir fabulosa","robots":{"index":"index","follow":"follow","max-snippet":"max-snippet:-1","max-image-preview":"max-image-preview:large","max-video-preview":"max-video-preview:-1"},"canonical":"https:\/\/graziamagazine.com\/es\/articles\/sombreros-el-accesorio-para-darle-un-toque-chic-a-tus-looks-de-verano\/","og_locale":"es_ES","og_type":"article","og_title":"Sombreros, el accesorio para darle un toque chic a tus looks de verano","og_description":"\u00a1Este verano 2022 atr\u00e9vete a lucir \u00fanica y espectacular con el accesorio estrella que tenemos para ti! Los sombreros vuelven este verano para hacerte lucir fabulosa","og_url":"https:\/\/graziamagazine.com\/es\/articles\/sombreros-el-accesorio-para-darle-un-toque-chic-a-tus-looks-de-verano\/","og_site_name":"Grazia","og_image":[{"width":1920,"height":1282,"url":"https:\/\/graziamagazine.com\/es\/wp-content\/uploads\/sites\/12\/2022\/06\/vital-sinkevich-p0KnRCo8gQs-unsplash.jpg?fit=1920%2C1282","type":"image\/jpeg"}],"twitter_card":"summary_large_image","twitter_misc":{"Est. reading time":"2 minutos"},"schema":{"@context":"https:\/\/schema.org","@graph":[{"@type":"WebPage","@id":"https:\/\/graziamagazine.com\/es\/articles\/sombreros-el-accesorio-para-darle-un-toque-chic-a-tus-looks-de-verano\/","url":"https:\/\/graziamagazine.com\/es\/articles\/sombreros-el-accesorio-para-darle-un-toque-chic-a-tus-looks-de-verano\/","name":"Sombreros, el accesorio para darle un toque chic a tus looks de verano","isPartOf":{"@id":"https:\/\/graziamagazine.com\/es\/#website"},"datePublished":"2022-06-08T13:16:26+00:00","dateModified":"2022-06-08T13:16:26+00:00","description":"\u00a1Este verano 2022 atr\u00e9vete a lucir \u00fanica y espectacular con el accesorio estrella que tenemos para ti! Los sombreros vuelven este verano para hacerte lucir fabulosa","breadcrumb":{"@id":"https:\/\/graziamagazine.com\/es\/articles\/sombreros-el-accesorio-para-darle-un-toque-chic-a-tus-looks-de-verano\/#breadcrumb"},"inLanguage":"es","potentialAction":[{"@type":"ReadAction","target":["https:\/\/graziamagazine.com\/es\/articles\/sombreros-el-accesorio-para-darle-un-toque-chic-a-tus-looks-de-verano\/"]}]},{"@type":"BreadcrumbList","@id":"https:\/\/graziamagazine.com\/es\/articles\/sombreros-el-accesorio-para-darle-un-toque-chic-a-tus-looks-de-verano\/#breadcrumb","itemListElement":[{"@type":"ListItem","position":1,"name":"Portada","item":"https:\/\/graziamagazine.com\/es\/"},{"@type":"ListItem","position":2,"name":"Sombreros, el accesorio para darle un toque chic a tus looks de verano"}]},{"@type":"WebSite","@id":"https:\/\/graziamagazine.com\/es\/#website","url":"https:\/\/graziamagazine.com\/es\/","name":"Grazia","description":"Moda, belleza, celebrities, estilo de vida...","potentialAction":[{"@type":"SearchAction","target":{"@type":"EntryPoint","urlTemplate":"https:\/\/graziamagazine.com\/es\/?s={search_term_string}"},"query-input":"required name=search_term_string"}],"inLanguage":"es"}]}},"jetpack_sharing_enabled":true,"distributor_meta":false,"distributor_terms":false,"distributor_media":false,"distributor_original_site_name":"Grazia","distributor_original_site_url":"https:\/\/graziamagazine.com\/es","push-errors":false,"_links":{"self":[{"href":"https:\/\/graziamagazine.com\/es\/wp-json\/wp\/v2\/articles\/163723"}],"collection":[{"href":"https:\/\/graziamagazine.com\/es\/wp-json\/wp\/v2\/articles"}],"about":[{"href":"https:\/\/graziamagazine.com\/es\/wp-json\/wp\/v2\/types\/articles"}],"author":[{"embeddable":true,"href":"https:\/\/graziamagazine.com\/es\/wp-json\/wp\/v2\/users\/16349"}],"wp:featuredmedia":[{"embeddable":true,"href":"https:\/\/graziamagazine.com\/es\/wp-json\/wp\/v2\/media\/163732"}],"wp:attachment":[{"href":"https:\/\/graziamagazine.com\/es\/wp-json\/wp\/v2\/media?parent=163723"}],"wp:term":[{"taxonomy":"category","embeddable":true,"href":"https:\/\/graziamagazine.com\/es\/wp-json\/wp\/v2\/categories?post=163723"}],"curies":[{"name":"wp","href":"https:\/\/api.w.org\/{rel}","templated":true}]}}