{"id":163697,"date":"2022-06-06T16:15:19","date_gmt":"2022-06-06T14:15:19","guid":{"rendered":"https:\/\/graziamagazine.com\/es\/?post_type=articles&#038;p=163697"},"modified":"2022-06-07T14:33:17","modified_gmt":"2022-06-07T12:33:17","slug":"asi-es-la-coleccion-de-louis-vuitton-inspirada-en-un-viaje-musical","status":"publish","type":"articles","link":"https:\/\/graziamagazine.com\/es\/articles\/asi-es-la-coleccion-de-louis-vuitton-inspirada-en-un-viaje-musical\/","title":{"rendered":"As\u00ed es la colecci\u00f3n de Louis Vuitton inspirada en un viaje musical"},"content":{"rendered":"<p><span style=\"font-weight: 400\">Un gran cap\u00edtulo se inaugura con el nombre de The Concert Goer, una colecci\u00f3n de la prestigiosa marca de lujo, Louis Vuitton. Para el desarrollo conceptual y de forma en esta colecci\u00f3n, <\/span><b>Abloh<\/b><span style=\"font-weight: 400\"> parte de la imagen metaf\u00f3rica de una escuela de m\u00fasica, donde una nueva generaci\u00f3n estudia y reimagina la historia de la m\u00fasica. Explorando distintos viajes musicales a nivel personal y al interior de la industria, la colecci\u00f3n se divide en dos cap\u00edtulos: <\/span><i><span style=\"font-weight: 400\">The Concert Goer<\/span><\/i><span style=\"font-weight: 400\"> (el asistente a conciertos) y <\/span><b><i>The Music Student<\/i><\/b><span style=\"font-weight: 400\"> (el estudiante de m\u00fasica) para entonces retratar dos fases en la vida del m\u00fasico.<\/span><\/p>\n<figure id=\"attachment_112971\" class=\"wp-caption alignnone\" style=\"width: 1024px\" aria-describedby=\"caption-attachment-112971\"><img loading=\"lazy\" decoding=\"async\" class=\"wp-image-112971 size-large\" src=\"https:\/\/graziamagazine.com\/mx\/wp-content\/uploads\/sites\/13\/2022\/06\/louis-vuitton-pre-spring-2023-men-hombre-coleccion-looks-look.png?w=1024&amp;resize=1024%2C768\" alt=\"La colecci\u00f3n Masculina Pre-Primavera 2023 inspirada en un viaje musical\" width=\"1024\" height=\"768\" data-recalc-dims=\"1\" \/><figcaption id=\"caption-attachment-112971\" class=\"wp-caption-text\">La colecci\u00f3n Masculina Pre-Primavera 2023 inspirada en un viaje musical<\/figcaption><\/figure>\n<p><span style=\"font-weight: 400\">En este primer cap\u00edtulo la marca se ha inspirado en el tiempo en el que las prendas evolucionan, mostrando una destacada selecci\u00f3n de prendas con la t\u00e9cnica tie-dye con motivos de mariposas y colores vivos en un monograma multicolor. Dentro de este primer cap\u00edtulo podr\u00e1s encontrar prendas oversize como pantalones cargo, camisas y faldas con chaquetas bomber de fil-coup\u00e9<\/span><\/p>\n<div class=\"content-gallery\">\n<div class=\"gallery-placeholder\">\n<div class=\"spinner\"><\/div>\n<\/div>\n<p>&nbsp;<\/p>\n<div id=\"gallery-1\" class=\"gallery galleryid- gallery-columns- gallery-size-\">\n<figure class=\"gallery-item\">\n<div class=\"gallery-icon landscape\"><img loading=\"lazy\" decoding=\"async\" class=\"lazy\" src=\"https:\/\/graziamagazine.com\/mx\/wp-content\/uploads\/sites\/13\/2022\/06\/highxtar-louis-vuitton-pre-fall-2023-21-1-770x1024-1.jpg?resize=770%2C1024\" alt=\"\" width=\"770\" height=\"1024\" data-recalc-dims=\"1\" \/><\/div><figcaption id=\"gallery-1-112968\" class=\"wp-caption-text gallery-caption\">La colecci\u00f3n Masculina Pre-Primavera 2023 inspirada en un viaje musical<\/figcaption><\/figure>\n<figure class=\"gallery-item\">\n<div class=\"gallery-icon landscape\"><img loading=\"lazy\" decoding=\"async\" class=\"lazy\" src=\"https:\/\/graziamagazine.com\/mx\/wp-content\/uploads\/sites\/13\/2022\/06\/louis-vuitton-pre-spring-2023-men-hombre-coleccion-looks-hoodie.png?resize=1024%2C1555\" alt=\"\" width=\"1024\" height=\"1555\" data-recalc-dims=\"1\" \/><\/div>\n<\/figure>\n<figure class=\"gallery-item\">\n<div class=\"gallery-icon landscape\"><img loading=\"lazy\" decoding=\"async\" class=\"lazy\" src=\"https:\/\/graziamagazine.com\/mx\/wp-content\/uploads\/sites\/13\/2022\/06\/highxtar-louis-vuitton-pre-fall-2023-20-1-770x1024-1.jpg?resize=770%2C1024\" alt=\"\" width=\"770\" height=\"1024\" data-recalc-dims=\"1\" \/><\/div>\n<\/figure>\n<figure class=\"gallery-item\">\n<div class=\"gallery-icon landscape\"><img loading=\"lazy\" decoding=\"async\" class=\"lazy\" src=\"https:\/\/graziamagazine.com\/mx\/wp-content\/uploads\/sites\/13\/2022\/06\/https___hypebeast.com_image_2022_05_Louis-Vuitton-Pre-Spring-2023-Collection-1.jpg?resize=800%2C1077\" alt=\"\" width=\"800\" height=\"1077\" data-recalc-dims=\"1\" \/><\/div>\n<\/figure>\n<figure class=\"gallery-item\">\n<div class=\"gallery-icon landscape\"><img loading=\"lazy\" decoding=\"async\" class=\"lazy\" src=\"https:\/\/graziamagazine.com\/mx\/wp-content\/uploads\/sites\/13\/2022\/06\/highxtar-louis-vuitton-pre-fall-2023-9-1-770x1024-1.jpg?resize=770%2C1024\" alt=\"\" width=\"770\" height=\"1024\" data-recalc-dims=\"1\" \/><\/div>\n<\/figure>\n<figure class=\"gallery-item\">\n<div class=\"gallery-icon landscape\"><img loading=\"lazy\" decoding=\"async\" class=\"lazy\" src=\"https:\/\/graziamagazine.com\/mx\/wp-content\/uploads\/sites\/13\/2022\/06\/highxtar-louis-vuitton-pre-fall-2023-14-1-770x1024-1.jpg?resize=770%2C1024\" alt=\"La colecci\u00f3n Masculina Pre-Primavera 2023 inspirada en un viaje musical\" width=\"770\" height=\"1024\" data-recalc-dims=\"1\" \/><\/div>\n<\/figure>\n<\/div>\n<\/div>\n<p><span style=\"font-weight: 400\">\u201cEn el primer cap\u00edtulo de la colecci\u00f3n, <\/span><i><span style=\"font-weight: 400\">The Concert Goer<\/span><\/i><span style=\"font-weight: 400\">, la premisa de la ni\u00f1ez conforma una silueta de gran tama\u00f1o que evoca las l\u00edneas de prendas que a\u00fan no han crecido. Est\u00e1n ligeramente inspiradas en la idea juvenil de los hallazgos adaptados de tiendas de segunda mano. Los trajes se ensamblan a partir de c\u00f3digos nativos de la ropa de trabajo, como pantalones cargo o denim desgastada, mientras que una chaqueta de cuero est\u00e1 imbuida del desvanecimiento y la p\u00e1tina del tiempo. Un patr\u00f3n de letras con curvas que imita el camuflaje adorna un traje de trabajo generacional de camisa y falda, y un traje de pantalones cortos masculinos; as\u00ed como camisas y prendas inspiradas en los armarios militares y deportivos, como una chaqueta bomber de <\/span><i><span style=\"font-weight: 400\">fil-coup\u00e9<\/span><\/i><span style=\"font-weight: 400\"> y un rompevientos con efecto transparente.\u201d Comenta la marca francesa<\/span><\/p>\n<div class=\"content-gallery\">\n<div class=\"gallery-placeholder\">\n<div class=\"spinner\"><\/div>\n<\/div>\n<p>&nbsp;<\/p>\n<div id=\"gallery-2\" class=\"gallery galleryid- gallery-columns- gallery-size-\">\n<figure class=\"gallery-item\">\n<div class=\"gallery-icon landscape\"><img loading=\"lazy\" decoding=\"async\" class=\"lazy\" src=\"https:\/\/graziamagazine.com\/mx\/wp-content\/uploads\/sites\/13\/2022\/06\/highxtar-louis-vuitton-pre-fall-2023-23-1-770x1024-1.jpg?resize=770%2C1024\" alt=\"\" width=\"770\" height=\"1024\" data-recalc-dims=\"1\" \/><\/div><figcaption id=\"gallery-2-112961\" class=\"wp-caption-text gallery-caption\">La colecci\u00f3n Masculina Pre-Primavera 2023 inspirada en un viaje musical<\/figcaption><\/figure>\n<figure class=\"gallery-item\">\n<div class=\"gallery-icon landscape\"><img loading=\"lazy\" decoding=\"async\" class=\"lazy\" src=\"https:\/\/graziamagazine.com\/mx\/wp-content\/uploads\/sites\/13\/2022\/06\/highxtar-louis-vuitton-pre-fall-2023-5-1-770x1024-1.jpg?resize=770%2C1024\" alt=\"\" width=\"770\" height=\"1024\" data-recalc-dims=\"1\" \/><\/div>\n<\/figure>\n<figure class=\"gallery-item\">\n<div class=\"gallery-icon landscape\"><img loading=\"lazy\" decoding=\"async\" class=\"lazy\" src=\"https:\/\/graziamagazine.com\/mx\/wp-content\/uploads\/sites\/13\/2022\/06\/highxtar-louis-vuitton-pre-fall-2023-4-1-770x1024-1.jpg?resize=770%2C1024\" alt=\"\" width=\"770\" height=\"1024\" data-recalc-dims=\"1\" \/><\/div>\n<\/figure>\n<\/div>\n<\/div>\n<p><span style=\"font-weight: 400\">En esta misma colecci\u00f3n se encuentra el segundo cap\u00edtulo titulado The Music Student, mostrando una serie de trajes tradicionales elegantes que llevan meticulosos detalles en lugares estrat\u00e9gicos como en las capas o el patr\u00f3n<\/span><b> Damier\u00a0 de Louis Vuitton<\/b><span style=\"font-weight: 400\">. La chaqueta de cuero negro en monograma se lleva el protagonismo de la colecci\u00f3n, por su gran dise\u00f1o en terciopelo que incluye logotipos de la casa de moda o la colecci\u00f3n de bolsos customizados por graffitis en homenaje a<\/span> <b>Vrigil Abloh <\/b><span style=\"font-weight: 400\">y su mural situado en el exterior de su estudio en<\/span><b> Rue du Pont Neuf<\/b><span style=\"font-weight: 400\">.<\/span><\/p>\n<p><span style=\"font-weight: 400\">Sin duda alguna el inigualable talento de Abloh ha dejado un gran legado para la marca de moda francesa y con una gran fuerza vuelve a resurgir con el eco de Virgil Abloh con un gran equipo que conforma Louis Vuitton.\u00a0<\/span><\/p>\n<p><strong><em>*IMAGEN: Louis Vuitton<\/em><\/strong><\/p>\n","protected":false},"author":16349,"featured_media":163698,"template":"","format":"standard","categories":[1],"acf":[],"yoast_head":"<!-- This site is optimized with the Yoast SEO Premium plugin v18.5 (Yoast SEO v20.4) - https:\/\/yoast.com\/wordpress\/plugins\/seo\/ -->\n<title>As\u00ed es la colecci\u00f3n de Louis Vuitton inspirada en un viaje musical<\/title>\n<meta name=\"description\" content=\"Louis Vuitton presenta su nueva colecci\u00f3n de ropa masculina Pre-Primavera inspirada entre m\u00fasica y un viaje del pasado, presente y futuro.\" \/>\n<meta name=\"robots\" content=\"index, follow, max-snippet:-1, max-image-preview:large, max-video-preview:-1\" \/>\n<link rel=\"canonical\" href=\"https:\/\/graziamagazine.com\/es\/articles\/asi-es-la-coleccion-de-louis-vuitton-inspirada-en-un-viaje-musical\/\" \/>\n<meta property=\"og:locale\" content=\"es_ES\" \/>\n<meta property=\"og:type\" content=\"article\" \/>\n<meta property=\"og:title\" content=\"As\u00ed es la colecci\u00f3n de Louis Vuitton inspirada en un viaje musical\" \/>\n<meta property=\"og:description\" content=\"Louis Vuitton presenta su nueva colecci\u00f3n de ropa masculina Pre-Primavera inspirada entre m\u00fasica y un viaje del pasado, presente y futuro.\" \/>\n<meta property=\"og:url\" content=\"https:\/\/graziamagazine.com\/es\/articles\/asi-es-la-coleccion-de-louis-vuitton-inspirada-en-un-viaje-musical\/\" \/>\n<meta property=\"og:site_name\" content=\"Grazia\" \/>\n<meta property=\"article:modified_time\" content=\"2022-06-07T12:33:17+00:00\" \/>\n<meta property=\"og:image\" content=\"https:\/\/graziamagazine.com\/es\/wp-content\/uploads\/sites\/12\/2022\/06\/thumb-louis-vuitton-pre-fall-2023.jpg?fit=1600%2C1200\" \/>\n\t<meta property=\"og:image:width\" content=\"1600\" \/>\n\t<meta property=\"og:image:height\" content=\"1200\" \/>\n\t<meta property=\"og:image:type\" content=\"image\/jpeg\" \/>\n<meta name=\"twitter:card\" content=\"summary_large_image\" \/>\n<meta name=\"twitter:label1\" content=\"Est. reading time\" \/>\n\t<meta name=\"twitter:data1\" content=\"3 minutos\" \/>\n<script type=\"application\/ld+json\" class=\"yoast-schema-graph\">{\"@context\":\"https:\/\/schema.org\",\"@graph\":[{\"@type\":\"WebPage\",\"@id\":\"https:\/\/graziamagazine.com\/es\/articles\/asi-es-la-coleccion-de-louis-vuitton-inspirada-en-un-viaje-musical\/\",\"url\":\"https:\/\/graziamagazine.com\/es\/articles\/asi-es-la-coleccion-de-louis-vuitton-inspirada-en-un-viaje-musical\/\",\"name\":\"As\u00ed es la colecci\u00f3n de Louis Vuitton inspirada en un viaje musical\",\"isPartOf\":{\"@id\":\"https:\/\/graziamagazine.com\/es\/#website\"},\"datePublished\":\"2022-06-06T14:15:19+00:00\",\"dateModified\":\"2022-06-07T12:33:17+00:00\",\"description\":\"Louis Vuitton presenta su nueva colecci\u00f3n de ropa masculina Pre-Primavera inspirada entre m\u00fasica y un viaje del pasado, presente y futuro.\",\"breadcrumb\":{\"@id\":\"https:\/\/graziamagazine.com\/es\/articles\/asi-es-la-coleccion-de-louis-vuitton-inspirada-en-un-viaje-musical\/#breadcrumb\"},\"inLanguage\":\"es\",\"potentialAction\":[{\"@type\":\"ReadAction\",\"target\":[\"https:\/\/graziamagazine.com\/es\/articles\/asi-es-la-coleccion-de-louis-vuitton-inspirada-en-un-viaje-musical\/\"]}]},{\"@type\":\"BreadcrumbList\",\"@id\":\"https:\/\/graziamagazine.com\/es\/articles\/asi-es-la-coleccion-de-louis-vuitton-inspirada-en-un-viaje-musical\/#breadcrumb\",\"itemListElement\":[{\"@type\":\"ListItem\",\"position\":1,\"name\":\"Portada\",\"item\":\"https:\/\/graziamagazine.com\/es\/\"},{\"@type\":\"ListItem\",\"position\":2,\"name\":\"As\u00ed es la colecci\u00f3n de Louis Vuitton inspirada en un viaje musical\"}]},{\"@type\":\"WebSite\",\"@id\":\"https:\/\/graziamagazine.com\/es\/#website\",\"url\":\"https:\/\/graziamagazine.com\/es\/\",\"name\":\"Grazia\",\"description\":\"Moda, belleza, celebrities, estilo de vida...\",\"potentialAction\":[{\"@type\":\"SearchAction\",\"target\":{\"@type\":\"EntryPoint\",\"urlTemplate\":\"https:\/\/graziamagazine.com\/es\/?s={search_term_string}\"},\"query-input\":\"required name=search_term_string\"}],\"inLanguage\":\"es\"}]}<\/script>\n<!-- \/ Yoast SEO Premium plugin. -->","yoast_head_json":{"title":"As\u00ed es la colecci\u00f3n de Louis Vuitton inspirada en un viaje musical","description":"Louis Vuitton presenta su nueva colecci\u00f3n de ropa masculina Pre-Primavera inspirada entre m\u00fasica y un viaje del pasado, presente y futuro.","robots":{"index":"index","follow":"follow","max-snippet":"max-snippet:-1","max-image-preview":"max-image-preview:large","max-video-preview":"max-video-preview:-1"},"canonical":"https:\/\/graziamagazine.com\/es\/articles\/asi-es-la-coleccion-de-louis-vuitton-inspirada-en-un-viaje-musical\/","og_locale":"es_ES","og_type":"article","og_title":"As\u00ed es la colecci\u00f3n de Louis Vuitton inspirada en un viaje musical","og_description":"Louis Vuitton presenta su nueva colecci\u00f3n de ropa masculina Pre-Primavera inspirada entre m\u00fasica y un viaje del pasado, presente y futuro.","og_url":"https:\/\/graziamagazine.com\/es\/articles\/asi-es-la-coleccion-de-louis-vuitton-inspirada-en-un-viaje-musical\/","og_site_name":"Grazia","article_modified_time":"2022-06-07T12:33:17+00:00","og_image":[{"width":1600,"height":1200,"url":"https:\/\/graziamagazine.com\/es\/wp-content\/uploads\/sites\/12\/2022\/06\/thumb-louis-vuitton-pre-fall-2023.jpg?fit=1600%2C1200","type":"image\/jpeg"}],"twitter_card":"summary_large_image","twitter_misc":{"Est. reading time":"3 minutos"},"schema":{"@context":"https:\/\/schema.org","@graph":[{"@type":"WebPage","@id":"https:\/\/graziamagazine.com\/es\/articles\/asi-es-la-coleccion-de-louis-vuitton-inspirada-en-un-viaje-musical\/","url":"https:\/\/graziamagazine.com\/es\/articles\/asi-es-la-coleccion-de-louis-vuitton-inspirada-en-un-viaje-musical\/","name":"As\u00ed es la colecci\u00f3n de Louis Vuitton inspirada en un viaje musical","isPartOf":{"@id":"https:\/\/graziamagazine.com\/es\/#website"},"datePublished":"2022-06-06T14:15:19+00:00","dateModified":"2022-06-07T12:33:17+00:00","description":"Louis Vuitton presenta su nueva colecci\u00f3n de ropa masculina Pre-Primavera inspirada entre m\u00fasica y un viaje del pasado, presente y futuro.","breadcrumb":{"@id":"https:\/\/graziamagazine.com\/es\/articles\/asi-es-la-coleccion-de-louis-vuitton-inspirada-en-un-viaje-musical\/#breadcrumb"},"inLanguage":"es","potentialAction":[{"@type":"ReadAction","target":["https:\/\/graziamagazine.com\/es\/articles\/asi-es-la-coleccion-de-louis-vuitton-inspirada-en-un-viaje-musical\/"]}]},{"@type":"BreadcrumbList","@id":"https:\/\/graziamagazine.com\/es\/articles\/asi-es-la-coleccion-de-louis-vuitton-inspirada-en-un-viaje-musical\/#breadcrumb","itemListElement":[{"@type":"ListItem","position":1,"name":"Portada","item":"https:\/\/graziamagazine.com\/es\/"},{"@type":"ListItem","position":2,"name":"As\u00ed es la colecci\u00f3n de Louis Vuitton inspirada en un viaje musical"}]},{"@type":"WebSite","@id":"https:\/\/graziamagazine.com\/es\/#website","url":"https:\/\/graziamagazine.com\/es\/","name":"Grazia","description":"Moda, belleza, celebrities, estilo de vida...","potentialAction":[{"@type":"SearchAction","target":{"@type":"EntryPoint","urlTemplate":"https:\/\/graziamagazine.com\/es\/?s={search_term_string}"},"query-input":"required name=search_term_string"}],"inLanguage":"es"}]}},"jetpack_sharing_enabled":true,"distributor_meta":false,"distributor_terms":false,"distributor_media":false,"distributor_original_site_name":"Grazia","distributor_original_site_url":"https:\/\/graziamagazine.com\/es","push-errors":false,"_links":{"self":[{"href":"https:\/\/graziamagazine.com\/es\/wp-json\/wp\/v2\/articles\/163697"}],"collection":[{"href":"https:\/\/graziamagazine.com\/es\/wp-json\/wp\/v2\/articles"}],"about":[{"href":"https:\/\/graziamagazine.com\/es\/wp-json\/wp\/v2\/types\/articles"}],"author":[{"embeddable":true,"href":"https:\/\/graziamagazine.com\/es\/wp-json\/wp\/v2\/users\/16349"}],"wp:featuredmedia":[{"embeddable":true,"href":"https:\/\/graziamagazine.com\/es\/wp-json\/wp\/v2\/media\/163698"}],"wp:attachment":[{"href":"https:\/\/graziamagazine.com\/es\/wp-json\/wp\/v2\/media?parent=163697"}],"wp:term":[{"taxonomy":"category","embeddable":true,"href":"https:\/\/graziamagazine.com\/es\/wp-json\/wp\/v2\/categories?post=163697"}],"curies":[{"name":"wp","href":"https:\/\/api.w.org\/{rel}","templated":true}]}}