{"id":163620,"date":"2022-06-03T09:30:36","date_gmt":"2022-06-03T07:30:36","guid":{"rendered":"https:\/\/graziamagazine.com\/es\/?post_type=articles&#038;p=163620"},"modified":"2022-06-03T08:24:34","modified_gmt":"2022-06-03T06:24:34","slug":"clarins-crea-su-primer-bosque-en-espana","status":"publish","type":"articles","link":"https:\/\/graziamagazine.com\/es\/articles\/clarins-crea-su-primer-bosque-en-espana\/","title":{"rendered":"Clarins crea su primer bosque en Espa\u00f1a"},"content":{"rendered":"<p>En l\u00ednea con los compromisos de protecci\u00f3n del medio ambiente del grupo para transmitir un mundo m\u00e1s bello, la filial espa\u00f1ola de\u00a0<strong>Clarins, en colaboraci\u00f3n con la asociaci\u00f3n Bosquia, ha creado el primer bosque Clarins en Espa\u00f1a.<\/strong><\/p>\n<p>Un bosque de especies aut\u00f3ctonas en un \u00e1rea forestalmente degradada de\u00a0<strong>Miraflores de la Sierra en Madrid.\u00a0<\/strong>Una hect\u00e1rea de terreno en la que se ha llevado a cabo una reforestaci\u00f3n de 1.000 \u00e1rboles aut\u00f3ctonos, roble, encina y pino, conformado un bosque mixto de especies arb\u00f3reas y arbustivas. La zona elegida cuenta con permiso y apoyo por parte del ayuntamiento para hacer la plantaci\u00f3n, as\u00ed como para realizar las labores de mantenimiento para perpetuarla en el tiempo.<\/p>\n<p>En Clarins, el respeto a la biodiversidad est\u00e1 en el coraz\u00f3n de nuestros compromisos por una Belleza Responsable. Trabajamos para proteger las plantas, las poblaciones locales y el equilibrio natural. La acci\u00f3n llevada a cabo en Miraflores de la Sierra est\u00e1 encaminada a la preservaci\u00f3n de los ecosistemas aut\u00f3ctonos. En este sentido, Clarins financia en la actualidad m\u00e1s de 10 proyectos en todo el mundo. Adem\u00e1s, en colaboraci\u00f3n con Pur Project, ha creado un programa de reforestaci\u00f3n,\u00a0<strong>\u201cSemillas de Belleza\u201d<\/strong>, que ayuda a la recuperaci\u00f3n de bosques. S\u00f3lo gracias a este programa se han plantado m\u00e1s de 524.000 \u00e1rboles en todo el mundo.<\/p>\n<p><img loading=\"lazy\" decoding=\"async\" class=\"aligncenter size-full wp-image-163626\" src=\"https:\/\/graziamagazine.com\/es\/wp-content\/uploads\/sites\/12\/2022\/06\/Bosque-Clarins-Miraflores-04-copia.jpg\" alt=\"Clarins crea su primer bosque en Espa\u00f1a\" width=\"1024\" height=\"1368\" \/><\/p>\n<p>Por su parte,\u00a0<strong>Bosquia es una plataforma social espa\u00f1ola con el objetivo de cuidar y proteger nuestros bosques<\/strong>, que son los mayores reguladores y equilibradores del clima: favorecen las lluvias, generan ox\u00edgeno, limpian la atmosfera y son imprescindibles para la vida.\u00a0Como Clarins, tienen la convicci\u00f3n de que naturaleza y progreso humano han de caminar de la mano y que, entre todos, podemos construir un futuro sostenible.<\/p>\n<p>Con esta acci\u00f3n Clarins Espa\u00f1a compensa la emisi\u00f3n de 247,48 toneladas de CO<sub>2<\/sub>\u00a0manteniendo la neutralidad en carbono global alcanzada en 2020 y apoyando el compromiso del grupo de reducir su huella en un 30% en 2025.<\/p>\n","protected":false},"author":11653,"featured_media":163624,"template":"","format":"standard","categories":[2971],"acf":{"banner":null},"yoast_head":"<!-- This site is optimized with the Yoast SEO Premium plugin v18.5 (Yoast SEO v20.4) - https:\/\/yoast.com\/wordpress\/plugins\/seo\/ -->\n<title>Clarins crea su primer bosque en Espa\u00f1a<\/title>\n<meta name=\"description\" content=\"Se trata de un bosque en un \u00e1rea forestalmente degradada de Miraflores de la Sierra en Madrid, en la que se ha llevado a cabo una reforestaci\u00f3n de 1.000 \u00e1rboles aut\u00f3ctonos.\" \/>\n<meta name=\"robots\" content=\"index, follow, max-snippet:-1, max-image-preview:large, max-video-preview:-1\" \/>\n<link rel=\"canonical\" href=\"https:\/\/graziamagazine.com\/es\/articles\/clarins-crea-su-primer-bosque-en-espana\/\" \/>\n<meta property=\"og:locale\" content=\"es_ES\" \/>\n<meta property=\"og:type\" content=\"article\" \/>\n<meta property=\"og:title\" content=\"Clarins crea su primer bosque en Espa\u00f1a\" \/>\n<meta property=\"og:description\" content=\"Se trata de un bosque en un \u00e1rea forestalmente degradada de Miraflores de la Sierra en Madrid, en la que se ha llevado a cabo una reforestaci\u00f3n de 1.000 \u00e1rboles aut\u00f3ctonos.\" \/>\n<meta property=\"og:url\" content=\"https:\/\/graziamagazine.com\/es\/articles\/clarins-crea-su-primer-bosque-en-espana\/\" \/>\n<meta property=\"og:site_name\" content=\"Grazia\" \/>\n<meta property=\"article:modified_time\" content=\"2022-06-03T06:24:34+00:00\" \/>\n<meta property=\"og:image\" content=\"https:\/\/graziamagazine.com\/es\/wp-content\/uploads\/sites\/12\/2022\/06\/clarins220602-copia.jpg?fit=1024%2C768\" \/>\n\t<meta property=\"og:image:width\" content=\"1024\" \/>\n\t<meta property=\"og:image:height\" content=\"768\" \/>\n\t<meta property=\"og:image:type\" content=\"image\/jpeg\" \/>\n<meta name=\"twitter:card\" content=\"summary_large_image\" \/>\n<meta name=\"twitter:label1\" content=\"Est. reading time\" \/>\n\t<meta name=\"twitter:data1\" content=\"2 minutos\" \/>\n<script type=\"application\/ld+json\" class=\"yoast-schema-graph\">{\"@context\":\"https:\/\/schema.org\",\"@graph\":[{\"@type\":\"WebPage\",\"@id\":\"https:\/\/graziamagazine.com\/es\/articles\/clarins-crea-su-primer-bosque-en-espana\/\",\"url\":\"https:\/\/graziamagazine.com\/es\/articles\/clarins-crea-su-primer-bosque-en-espana\/\",\"name\":\"Clarins crea su primer bosque en Espa\u00f1a\",\"isPartOf\":{\"@id\":\"https:\/\/graziamagazine.com\/es\/#website\"},\"datePublished\":\"2022-06-03T07:30:36+00:00\",\"dateModified\":\"2022-06-03T06:24:34+00:00\",\"description\":\"Se trata de un bosque en un \u00e1rea forestalmente degradada de Miraflores de la Sierra en Madrid, en la que se ha llevado a cabo una reforestaci\u00f3n de 1.000 \u00e1rboles aut\u00f3ctonos.\",\"breadcrumb\":{\"@id\":\"https:\/\/graziamagazine.com\/es\/articles\/clarins-crea-su-primer-bosque-en-espana\/#breadcrumb\"},\"inLanguage\":\"es\",\"potentialAction\":[{\"@type\":\"ReadAction\",\"target\":[\"https:\/\/graziamagazine.com\/es\/articles\/clarins-crea-su-primer-bosque-en-espana\/\"]}]},{\"@type\":\"BreadcrumbList\",\"@id\":\"https:\/\/graziamagazine.com\/es\/articles\/clarins-crea-su-primer-bosque-en-espana\/#breadcrumb\",\"itemListElement\":[{\"@type\":\"ListItem\",\"position\":1,\"name\":\"Portada\",\"item\":\"https:\/\/graziamagazine.com\/es\/\"},{\"@type\":\"ListItem\",\"position\":2,\"name\":\"Clarins crea su primer bosque en Espa\u00f1a\"}]},{\"@type\":\"WebSite\",\"@id\":\"https:\/\/graziamagazine.com\/es\/#website\",\"url\":\"https:\/\/graziamagazine.com\/es\/\",\"name\":\"Grazia\",\"description\":\"Moda, belleza, celebrities, estilo de vida...\",\"potentialAction\":[{\"@type\":\"SearchAction\",\"target\":{\"@type\":\"EntryPoint\",\"urlTemplate\":\"https:\/\/graziamagazine.com\/es\/?s={search_term_string}\"},\"query-input\":\"required name=search_term_string\"}],\"inLanguage\":\"es\"}]}<\/script>\n<!-- \/ Yoast SEO Premium plugin. -->","yoast_head_json":{"title":"Clarins crea su primer bosque en Espa\u00f1a","description":"Se trata de un bosque en un \u00e1rea forestalmente degradada de Miraflores de la Sierra en Madrid, en la que se ha llevado a cabo una reforestaci\u00f3n de 1.000 \u00e1rboles aut\u00f3ctonos.","robots":{"index":"index","follow":"follow","max-snippet":"max-snippet:-1","max-image-preview":"max-image-preview:large","max-video-preview":"max-video-preview:-1"},"canonical":"https:\/\/graziamagazine.com\/es\/articles\/clarins-crea-su-primer-bosque-en-espana\/","og_locale":"es_ES","og_type":"article","og_title":"Clarins crea su primer bosque en Espa\u00f1a","og_description":"Se trata de un bosque en un \u00e1rea forestalmente degradada de Miraflores de la Sierra en Madrid, en la que se ha llevado a cabo una reforestaci\u00f3n de 1.000 \u00e1rboles aut\u00f3ctonos.","og_url":"https:\/\/graziamagazine.com\/es\/articles\/clarins-crea-su-primer-bosque-en-espana\/","og_site_name":"Grazia","article_modified_time":"2022-06-03T06:24:34+00:00","og_image":[{"width":1024,"height":768,"url":"https:\/\/graziamagazine.com\/es\/wp-content\/uploads\/sites\/12\/2022\/06\/clarins220602-copia.jpg?fit=1024%2C768","type":"image\/jpeg"}],"twitter_card":"summary_large_image","twitter_misc":{"Est. reading time":"2 minutos"},"schema":{"@context":"https:\/\/schema.org","@graph":[{"@type":"WebPage","@id":"https:\/\/graziamagazine.com\/es\/articles\/clarins-crea-su-primer-bosque-en-espana\/","url":"https:\/\/graziamagazine.com\/es\/articles\/clarins-crea-su-primer-bosque-en-espana\/","name":"Clarins crea su primer bosque en Espa\u00f1a","isPartOf":{"@id":"https:\/\/graziamagazine.com\/es\/#website"},"datePublished":"2022-06-03T07:30:36+00:00","dateModified":"2022-06-03T06:24:34+00:00","description":"Se trata de un bosque en un \u00e1rea forestalmente degradada de Miraflores de la Sierra en Madrid, en la que se ha llevado a cabo una reforestaci\u00f3n de 1.000 \u00e1rboles aut\u00f3ctonos.","breadcrumb":{"@id":"https:\/\/graziamagazine.com\/es\/articles\/clarins-crea-su-primer-bosque-en-espana\/#breadcrumb"},"inLanguage":"es","potentialAction":[{"@type":"ReadAction","target":["https:\/\/graziamagazine.com\/es\/articles\/clarins-crea-su-primer-bosque-en-espana\/"]}]},{"@type":"BreadcrumbList","@id":"https:\/\/graziamagazine.com\/es\/articles\/clarins-crea-su-primer-bosque-en-espana\/#breadcrumb","itemListElement":[{"@type":"ListItem","position":1,"name":"Portada","item":"https:\/\/graziamagazine.com\/es\/"},{"@type":"ListItem","position":2,"name":"Clarins crea su primer bosque en Espa\u00f1a"}]},{"@type":"WebSite","@id":"https:\/\/graziamagazine.com\/es\/#website","url":"https:\/\/graziamagazine.com\/es\/","name":"Grazia","description":"Moda, belleza, celebrities, estilo de vida...","potentialAction":[{"@type":"SearchAction","target":{"@type":"EntryPoint","urlTemplate":"https:\/\/graziamagazine.com\/es\/?s={search_term_string}"},"query-input":"required name=search_term_string"}],"inLanguage":"es"}]}},"jetpack_sharing_enabled":true,"distributor_meta":false,"distributor_terms":false,"distributor_media":false,"distributor_original_site_name":"Grazia","distributor_original_site_url":"https:\/\/graziamagazine.com\/es","push-errors":false,"_links":{"self":[{"href":"https:\/\/graziamagazine.com\/es\/wp-json\/wp\/v2\/articles\/163620"}],"collection":[{"href":"https:\/\/graziamagazine.com\/es\/wp-json\/wp\/v2\/articles"}],"about":[{"href":"https:\/\/graziamagazine.com\/es\/wp-json\/wp\/v2\/types\/articles"}],"author":[{"embeddable":true,"href":"https:\/\/graziamagazine.com\/es\/wp-json\/wp\/v2\/users\/11653"}],"wp:featuredmedia":[{"embeddable":true,"href":"https:\/\/graziamagazine.com\/es\/wp-json\/wp\/v2\/media\/163624"}],"wp:attachment":[{"href":"https:\/\/graziamagazine.com\/es\/wp-json\/wp\/v2\/media?parent=163620"}],"wp:term":[{"taxonomy":"category","embeddable":true,"href":"https:\/\/graziamagazine.com\/es\/wp-json\/wp\/v2\/categories?post=163620"}],"curies":[{"name":"wp","href":"https:\/\/api.w.org\/{rel}","templated":true}]}}