{"id":163611,"date":"2022-06-02T14:00:33","date_gmt":"2022-06-02T12:00:33","guid":{"rendered":"https:\/\/graziamagazine.com\/es\/?post_type=articles&#038;p=163611"},"modified":"2022-06-03T09:50:46","modified_gmt":"2022-06-03T07:50:46","slug":"emily-en-paris-se-inspiro-en-la-historia-real-de-una-periodista","status":"publish","type":"articles","link":"https:\/\/graziamagazine.com\/es\/articles\/emily-en-paris-se-inspiro-en-la-historia-real-de-una-periodista\/","title":{"rendered":"\u2018Emily en Par\u00eds\u2019 se inspir\u00f3 en la historia real de una periodista"},"content":{"rendered":"<p>Una de las comedias rom\u00e1nticas m\u00e1s encantadoras en Netflix es \u201cEmily en Par\u00eds\u201d, creada por el productor Darren Star (s\u00ed, es mismo de Sex &amp; The City) y protagonizada por la bell\u00edsima Lili Collins.<\/p>\n<p>La serie que se estren\u00f3 el a\u00f1o pasado, est\u00e1 inspirada en la vida de una periodista estadounidense llamada Rebecca Leffler, sigue leyendo para saber m\u00e1s\u2026<\/p>\n<h3>Basada en hechos reales<\/h3>\n<p>\u2018Emily en Par\u00eds\u2019 parte de la premisa de una joven y entusiasta publicista norteamericana (Collins) que es enviada por su empresa a trabajar en una filial francesa. All\u00ed, Emily comenzar\u00e1 una nueva vida con nuevas amistades, romances, rivalidades y el choque cultural entre la vida neoyorquina y la parisina.<\/p>\n<p>Algo similar le sucedi\u00f3 a la\u00a0<strong>escritora y periodista Rebecca Leffler<\/strong>. Lleg\u00f3 por primera vez a Par\u00eds como parte de sus estudios en Dartmouth para luego volver y quedarse definitivamente.\u00a0<strong>Trabaj\u00f3 en una empresa de marketing<\/strong>, como corresponsal para <em>The Hollywood Reporter en Francia<\/em> y como cr\u00edtica de cine para la cadena Canal\u00a0antes de dedicarse por completo a su pasi\u00f3n: escribir libros.<\/p>\n<figure id=\"attachment_112795\" class=\"wp-caption alignnone\" style=\"width: 1024px\" aria-describedby=\"caption-attachment-112795\"><img loading=\"lazy\" decoding=\"async\" class=\"wp-image-112795 size-large\" src=\"https:\/\/graziamagazine.com\/mx\/wp-content\/uploads\/sites\/13\/2022\/06\/Rebecca-Leffler-la-vraie-Emily-in-Paris.jpg?w=1024&amp;resize=1024%2C682\" alt=\"\" width=\"1024\" height=\"682\" data-recalc-dims=\"1\" \/><figcaption id=\"caption-attachment-112795\" class=\"wp-caption-text\">Rebecca Leffler.<\/figcaption><\/figure>\n<p>En un viaje de trabajo, conoci\u00f3 a\u00a0un productor que luego le pas\u00f3 su nombre a Darren Star\u00a0cuando este estaba trabajando en la idea de la serie. Star quiso conocerla y aquello le\u00a0sirvi\u00f3 de inspiraci\u00f3n para\u00a0seguir componiendo\u00a0el personaje de Emily.<\/p>\n<p>&nbsp;<\/p>\n<blockquote><p>\u201cLe dije: aqu\u00ed est\u00e1 mi vida, c\u00f3gelo todo, y compart\u00ed todas mis an\u00e9cdotas con \u00e9l.\u00a0<strong>Darren Star cre\u00f3 ese personaje, pero hay mucho de m\u00ed en \u00e9l<\/strong> \u201c.<\/p>\n<p>&nbsp;<\/p><\/blockquote>\n<h2><img loading=\"lazy\" decoding=\"async\" class=\"alignnone wp-image-112799 size-large\" src=\"https:\/\/graziamagazine.com\/mx\/wp-content\/uploads\/sites\/13\/2022\/06\/emily-paris-925x470-1.jpg?w=925&amp;resize=925%2C470\" alt=\"\" width=\"925\" height=\"470\" data-recalc-dims=\"1\" \/><\/h2>\n<h3>La otra Emily<\/h3>\n<p>La treinta\u00f1era\u00a0reconoce muchas de sus propias vivencias en la serie, como cuando a Emily se le rompe la ducha debido a una tuber\u00eda vieja y tiene que buscar un fontanero. Otra situaci\u00f3n que Leffler ha visto retratada con fidelidad en la serie es el funcionamiento de la agencia de marketing francesa. Seg\u00fan cuenta,\u00a0su jefa se parec\u00eda mucho a Sylvie\u00a0y tambi\u00e9n tuvo problemas para adaptarse con sus compa\u00f1eros de trabajo.<\/p>\n<p>Una de las cr\u00edticas m\u00e1s habituales hacia la serie es su falta de realismo, sobre lo que Leffler ha comentado: <strong>\u201cSoy un clich\u00e9. Vivo en Marais. Soy una americana en Par\u00eds. Hago yoga. Soy vegetariana.\u00a0Hay muchas cosas sobre m\u00ed que son puro clich\u00e9 americano\u201d.<\/strong><\/p>\n<p><img loading=\"lazy\" decoding=\"async\" class=\"alignnone wp-image-112796 size-large\" src=\"https:\/\/graziamagazine.com\/mx\/wp-content\/uploads\/sites\/13\/2022\/06\/5647W4.jpg?w=1024&amp;resize=1024%2C683\" alt=\"\" width=\"1024\" height=\"683\" data-recalc-dims=\"1\" \/><\/p>\n<p>Leffler destaca como principal diferencia con respecto a su experiencia que su fondo de armario nunca ha sido tan variado como el de Collins, ni tampoco su jefe le envi\u00f3 lencer\u00eda y, por supuesto,\u00a0sus vecinos \u201cnunca se han parecido a Lucas Bravo\u201d\u00a0(Gabriel, uno de los amores de Emily).<\/p>\n<p><img loading=\"lazy\" decoding=\"async\" class=\"alignnone wp-image-112797 size-large\" style=\"font-family: -apple-system, BlinkMacSystemFont, 'Segoe UI', Roboto, Oxygen-Sans, Ubuntu, Cantarell, 'Helvetica Neue', sans-serif\" src=\"https:\/\/graziamagazine.com\/mx\/wp-content\/uploads\/sites\/13\/2022\/06\/emilyinparis_20211226201412.jpeg?w=1024&amp;resize=1024%2C1024\" alt=\"\" width=\"1024\" height=\"1024\" data-recalc-dims=\"1\" \/>\u201cSimplemente, me enamor\u00e9 de la ciudad\u201d\u00a0comenta sobre su estancia en Francia, donde lleva viviendo 17 a\u00f1os. Con respecto al futuro de Emily en la serie, le gustar\u00eda que haga m\u00e1s amigos franceses y triunfara en el trabajo pero tambi\u00e9n que se dejara llevar y no perdiera su \u201cjoie de vivre\u201d.<\/p>\n","protected":false},"author":16349,"featured_media":163614,"template":"","format":"standard","categories":[3],"acf":[],"yoast_head":"<!-- This site is optimized with the Yoast SEO Premium plugin v18.5 (Yoast SEO v20.4) - https:\/\/yoast.com\/wordpress\/plugins\/seo\/ -->\n<title>\u2018Emily en Par\u00eds\u2019 se inspir\u00f3 en la historia real de una periodista<\/title>\n<meta name=\"description\" content=\"El personaje de Emily Cooper (Lily Collins), la chica estadounidense que viaja a Par\u00eds, est\u00e1 inspirado en una periodista norteamericana llamada Rebecca Leffler.\" \/>\n<meta name=\"robots\" content=\"index, follow, max-snippet:-1, max-image-preview:large, max-video-preview:-1\" \/>\n<link rel=\"canonical\" href=\"https:\/\/graziamagazine.com\/es\/articles\/emily-en-paris-se-inspiro-en-la-historia-real-de-una-periodista\/\" \/>\n<meta property=\"og:locale\" content=\"es_ES\" \/>\n<meta property=\"og:type\" content=\"article\" \/>\n<meta property=\"og:title\" content=\"\u2018Emily en Par\u00eds\u2019 se inspir\u00f3 en la historia real de una periodista\" \/>\n<meta property=\"og:description\" content=\"El personaje de Emily Cooper (Lily Collins), la chica estadounidense que viaja a Par\u00eds, est\u00e1 inspirado en una periodista norteamericana llamada Rebecca Leffler.\" \/>\n<meta property=\"og:url\" content=\"https:\/\/graziamagazine.com\/es\/articles\/emily-en-paris-se-inspiro-en-la-historia-real-de-una-periodista\/\" \/>\n<meta property=\"og:site_name\" content=\"Grazia\" \/>\n<meta property=\"article:modified_time\" content=\"2022-06-03T07:50:46+00:00\" \/>\n<meta property=\"og:image\" content=\"https:\/\/graziamagazine.com\/es\/wp-content\/uploads\/sites\/12\/2022\/06\/f.elconfidencial.com_original_2e3_e76_fa6_2e3e76fa642363e67d740296b1e5ad20.jpg?fit=1200%2C900\" \/>\n\t<meta property=\"og:image:width\" content=\"1200\" \/>\n\t<meta property=\"og:image:height\" content=\"900\" \/>\n\t<meta property=\"og:image:type\" content=\"image\/jpeg\" \/>\n<meta name=\"twitter:card\" content=\"summary_large_image\" \/>\n<meta name=\"twitter:label1\" content=\"Est. reading time\" \/>\n\t<meta name=\"twitter:data1\" content=\"2 minutos\" \/>\n<script type=\"application\/ld+json\" class=\"yoast-schema-graph\">{\"@context\":\"https:\/\/schema.org\",\"@graph\":[{\"@type\":\"WebPage\",\"@id\":\"https:\/\/graziamagazine.com\/es\/articles\/emily-en-paris-se-inspiro-en-la-historia-real-de-una-periodista\/\",\"url\":\"https:\/\/graziamagazine.com\/es\/articles\/emily-en-paris-se-inspiro-en-la-historia-real-de-una-periodista\/\",\"name\":\"\u2018Emily en Par\u00eds\u2019 se inspir\u00f3 en la historia real de una periodista\",\"isPartOf\":{\"@id\":\"https:\/\/graziamagazine.com\/es\/#website\"},\"datePublished\":\"2022-06-02T12:00:33+00:00\",\"dateModified\":\"2022-06-03T07:50:46+00:00\",\"description\":\"El personaje de Emily Cooper (Lily Collins), la chica estadounidense que viaja a Par\u00eds, est\u00e1 inspirado en una periodista norteamericana llamada Rebecca Leffler.\",\"breadcrumb\":{\"@id\":\"https:\/\/graziamagazine.com\/es\/articles\/emily-en-paris-se-inspiro-en-la-historia-real-de-una-periodista\/#breadcrumb\"},\"inLanguage\":\"es\",\"potentialAction\":[{\"@type\":\"ReadAction\",\"target\":[\"https:\/\/graziamagazine.com\/es\/articles\/emily-en-paris-se-inspiro-en-la-historia-real-de-una-periodista\/\"]}]},{\"@type\":\"BreadcrumbList\",\"@id\":\"https:\/\/graziamagazine.com\/es\/articles\/emily-en-paris-se-inspiro-en-la-historia-real-de-una-periodista\/#breadcrumb\",\"itemListElement\":[{\"@type\":\"ListItem\",\"position\":1,\"name\":\"Portada\",\"item\":\"https:\/\/graziamagazine.com\/es\/\"},{\"@type\":\"ListItem\",\"position\":2,\"name\":\"\u2018Emily en Par\u00eds\u2019 se inspir\u00f3 en la historia real de una periodista\"}]},{\"@type\":\"WebSite\",\"@id\":\"https:\/\/graziamagazine.com\/es\/#website\",\"url\":\"https:\/\/graziamagazine.com\/es\/\",\"name\":\"Grazia\",\"description\":\"Moda, belleza, celebrities, estilo de vida...\",\"potentialAction\":[{\"@type\":\"SearchAction\",\"target\":{\"@type\":\"EntryPoint\",\"urlTemplate\":\"https:\/\/graziamagazine.com\/es\/?s={search_term_string}\"},\"query-input\":\"required name=search_term_string\"}],\"inLanguage\":\"es\"}]}<\/script>\n<!-- \/ Yoast SEO Premium plugin. -->","yoast_head_json":{"title":"\u2018Emily en Par\u00eds\u2019 se inspir\u00f3 en la historia real de una periodista","description":"El personaje de Emily Cooper (Lily Collins), la chica estadounidense que viaja a Par\u00eds, est\u00e1 inspirado en una periodista norteamericana llamada Rebecca Leffler.","robots":{"index":"index","follow":"follow","max-snippet":"max-snippet:-1","max-image-preview":"max-image-preview:large","max-video-preview":"max-video-preview:-1"},"canonical":"https:\/\/graziamagazine.com\/es\/articles\/emily-en-paris-se-inspiro-en-la-historia-real-de-una-periodista\/","og_locale":"es_ES","og_type":"article","og_title":"\u2018Emily en Par\u00eds\u2019 se inspir\u00f3 en la historia real de una periodista","og_description":"El personaje de Emily Cooper (Lily Collins), la chica estadounidense que viaja a Par\u00eds, est\u00e1 inspirado en una periodista norteamericana llamada Rebecca Leffler.","og_url":"https:\/\/graziamagazine.com\/es\/articles\/emily-en-paris-se-inspiro-en-la-historia-real-de-una-periodista\/","og_site_name":"Grazia","article_modified_time":"2022-06-03T07:50:46+00:00","og_image":[{"width":1200,"height":900,"url":"https:\/\/graziamagazine.com\/es\/wp-content\/uploads\/sites\/12\/2022\/06\/f.elconfidencial.com_original_2e3_e76_fa6_2e3e76fa642363e67d740296b1e5ad20.jpg?fit=1200%2C900","type":"image\/jpeg"}],"twitter_card":"summary_large_image","twitter_misc":{"Est. reading time":"2 minutos"},"schema":{"@context":"https:\/\/schema.org","@graph":[{"@type":"WebPage","@id":"https:\/\/graziamagazine.com\/es\/articles\/emily-en-paris-se-inspiro-en-la-historia-real-de-una-periodista\/","url":"https:\/\/graziamagazine.com\/es\/articles\/emily-en-paris-se-inspiro-en-la-historia-real-de-una-periodista\/","name":"\u2018Emily en Par\u00eds\u2019 se inspir\u00f3 en la historia real de una periodista","isPartOf":{"@id":"https:\/\/graziamagazine.com\/es\/#website"},"datePublished":"2022-06-02T12:00:33+00:00","dateModified":"2022-06-03T07:50:46+00:00","description":"El personaje de Emily Cooper (Lily Collins), la chica estadounidense que viaja a Par\u00eds, est\u00e1 inspirado en una periodista norteamericana llamada Rebecca Leffler.","breadcrumb":{"@id":"https:\/\/graziamagazine.com\/es\/articles\/emily-en-paris-se-inspiro-en-la-historia-real-de-una-periodista\/#breadcrumb"},"inLanguage":"es","potentialAction":[{"@type":"ReadAction","target":["https:\/\/graziamagazine.com\/es\/articles\/emily-en-paris-se-inspiro-en-la-historia-real-de-una-periodista\/"]}]},{"@type":"BreadcrumbList","@id":"https:\/\/graziamagazine.com\/es\/articles\/emily-en-paris-se-inspiro-en-la-historia-real-de-una-periodista\/#breadcrumb","itemListElement":[{"@type":"ListItem","position":1,"name":"Portada","item":"https:\/\/graziamagazine.com\/es\/"},{"@type":"ListItem","position":2,"name":"\u2018Emily en Par\u00eds\u2019 se inspir\u00f3 en la historia real de una periodista"}]},{"@type":"WebSite","@id":"https:\/\/graziamagazine.com\/es\/#website","url":"https:\/\/graziamagazine.com\/es\/","name":"Grazia","description":"Moda, belleza, celebrities, estilo de vida...","potentialAction":[{"@type":"SearchAction","target":{"@type":"EntryPoint","urlTemplate":"https:\/\/graziamagazine.com\/es\/?s={search_term_string}"},"query-input":"required name=search_term_string"}],"inLanguage":"es"}]}},"jetpack_sharing_enabled":true,"distributor_meta":false,"distributor_terms":false,"distributor_media":false,"distributor_original_site_name":"Grazia","distributor_original_site_url":"https:\/\/graziamagazine.com\/es","push-errors":false,"_links":{"self":[{"href":"https:\/\/graziamagazine.com\/es\/wp-json\/wp\/v2\/articles\/163611"}],"collection":[{"href":"https:\/\/graziamagazine.com\/es\/wp-json\/wp\/v2\/articles"}],"about":[{"href":"https:\/\/graziamagazine.com\/es\/wp-json\/wp\/v2\/types\/articles"}],"author":[{"embeddable":true,"href":"https:\/\/graziamagazine.com\/es\/wp-json\/wp\/v2\/users\/16349"}],"wp:featuredmedia":[{"embeddable":true,"href":"https:\/\/graziamagazine.com\/es\/wp-json\/wp\/v2\/media\/163614"}],"wp:attachment":[{"href":"https:\/\/graziamagazine.com\/es\/wp-json\/wp\/v2\/media?parent=163611"}],"wp:term":[{"taxonomy":"category","embeddable":true,"href":"https:\/\/graziamagazine.com\/es\/wp-json\/wp\/v2\/categories?post=163611"}],"curies":[{"name":"wp","href":"https:\/\/api.w.org\/{rel}","templated":true}]}}