{"id":163485,"date":"2022-05-27T14:03:02","date_gmt":"2022-05-27T12:03:02","guid":{"rendered":"https:\/\/graziamagazine.com\/es\/?post_type=articles&#038;p=163485"},"modified":"2022-05-27T14:03:02","modified_gmt":"2022-05-27T12:03:02","slug":"la-reina-letizia-apuesta-por-el-rosa-de-tendencia-en-la-inauguracion-la-feria-del-libro-de-madrid","status":"publish","type":"articles","link":"https:\/\/graziamagazine.com\/es\/articles\/la-reina-letizia-apuesta-por-el-rosa-de-tendencia-en-la-inauguracion-la-feria-del-libro-de-madrid\/","title":{"rendered":"La reina Letizia apuesta por el rosa en la Feria del Libro de Madrid"},"content":{"rendered":"<p>Una de las citas culturales de la primavera es sin duda la Feria del Libro de Madrid, que hoy abre las puertas de su edici\u00f3n n\u00famero 81. Despu\u00e9s de dos a\u00f1os con restricciones, la feria regresa a su ubicaci\u00f3n habitual, el Paseo de coches del madrile\u00f1o Parque del Retiro.<\/p>\n<p>Como viene siendo habitual, la reina Letizia ha vuelto a ser la encargada de dar por inaugurada la feria, uno de los eventos culturales m\u00e1s importantes de la capital en esta \u00e9poca. Gran amante de la lectura y la cultura, do\u00f1a Letizia ha recorrido varias casetas, acompa\u00f1ada de diferentes autoridades, como la nueva directora de la Feria, Eva Or\u00fae, la primera mujer en convertirse en directora de este evento en sus 81 a\u00f1os de vida. Ha visitado la del Ministerio de Cultura, tambi\u00e9n el pabell\u00f3n de la Comunidad de Madrid donde la consejera de Cultura regional, Marta Rivera, le ha obsequiado con un ejemplar de <em>Alfonso, memoria visual del siglo XX en nuestro pa\u00eds, <\/em>un libro que recoge im\u00e1genes de este fotoperiodista, testigo fundamental de la historia del siglo XX<\/p>\n<div class=\"content-gallery\"><div class=\"gallery-placeholder\"><div class=\"spinner\"><\/div><\/div><span class=\"gallery-pagination\"><\/span><div id=\"gallery-1\" class=\"gallery galleryid-163485 gallery-columns- gallery-size-\"><figure class=\"gallery-item\"><div class=\"gallery-icon landscape\"><img loading=\"lazy\" decoding=\"async\" width=\"4096\" height=\"2735\" src=\"https:\/\/graziamagazine.com\/es\/wp-content\/uploads\/sites\/12\/2022\/05\/FTwrLQwXEAAY5Da.jpeg\" class=\"lazy\" alt=\"La reina Letizia apuesta por el rosa en la Feria del Libro de Madrid\" \/><\/div><\/figure><figure class=\"gallery-item\"><div class=\"gallery-icon landscape\"><img loading=\"lazy\" decoding=\"async\" width=\"4096\" height=\"2735\" src=\"https:\/\/graziamagazine.com\/es\/wp-content\/uploads\/sites\/12\/2022\/05\/FTwrLQwWIAYpovK.jpeg\" class=\"lazy\" alt=\"La reina Letizia apuesta por el rosa en la Feria del Libro de Madrid\" \/><\/div><\/figure><\/div><\/div>\n<p>Para la ocasi\u00f3n, la reina ha apostado por un vestido de manga tres cuartos en uno de los colores tendencia de la temporada: el fucsia. <strong>De corte camisero y largo midi, lo firma Hugo Boss<\/strong> y se acompa\u00f1a de un cintur\u00f3n, uno de los grandes trucos de estilo de la reina. No es una prenda de estreno, ya lo vimos en junio de 2021 cuando asist\u00eda a la exposici\u00f3n de Luis Garc\u00eda Berlanga.<\/p>\n<p><img loading=\"lazy\" decoding=\"async\" class=\"aligncenter size-full wp-image-163491\" src=\"https:\/\/graziamagazine.com\/es\/wp-content\/uploads\/sites\/12\/2022\/05\/letizia-vestido-rosa-feria-del-libro-1653645211.jpeg\" alt=\"La reina Letizia apuesta por el rosa en la Feria del Libro de Madrid \" width=\"1024\" height=\"1536\" \/><\/p>\n<p>Cuando llega el buen tiempo, es f\u00e1cil adivinar que tipo de calzado elegir\u00e1 do\u00f1a Letizia, y en esta ocasi\u00f3n ha combinado su vestido de corte boho chic con unas alpargatas de cu\u00f1as en el mismo tono fucsia.<\/p>\n<p><em>*Im\u00e1genes: Casa Real y Getty Images<\/em><\/p>\n<p>&nbsp;<\/p>\n","protected":false},"author":11653,"featured_media":163490,"template":"","format":"standard","categories":[19],"acf":[],"yoast_head":"<!-- This site is optimized with the Yoast SEO Premium plugin v18.5 (Yoast SEO v20.4) - https:\/\/yoast.com\/wordpress\/plugins\/seo\/ -->\n<title>La reina Letizia apuesta por el rosa en la Feria del Libro de Madrid<\/title>\n<meta name=\"description\" content=\"Una de las citas culturales de la primavera es sin duda la Feria del Libro de Madrid, que hoy abre las puertas de su edici\u00f3n n\u00famero 81. Despu\u00e9s de dos\" \/>\n<meta name=\"robots\" content=\"index, follow, max-snippet:-1, max-image-preview:large, max-video-preview:-1\" \/>\n<link rel=\"canonical\" href=\"https:\/\/graziamagazine.com\/es\/articles\/la-reina-letizia-apuesta-por-el-rosa-de-tendencia-en-la-inauguracion-la-feria-del-libro-de-madrid\/\" \/>\n<meta property=\"og:locale\" content=\"es_ES\" \/>\n<meta property=\"og:type\" content=\"article\" \/>\n<meta property=\"og:title\" content=\"La reina Letizia apuesta por el rosa en la Feria del Libro de Madrid\" \/>\n<meta property=\"og:description\" content=\"Una de las citas culturales de la primavera es sin duda la Feria del Libro de Madrid, que hoy abre las puertas de su edici\u00f3n n\u00famero 81. Despu\u00e9s de dos\" \/>\n<meta property=\"og:url\" content=\"https:\/\/graziamagazine.com\/es\/articles\/la-reina-letizia-apuesta-por-el-rosa-de-tendencia-en-la-inauguracion-la-feria-del-libro-de-madrid\/\" \/>\n<meta property=\"og:site_name\" content=\"Grazia\" \/>\n<meta property=\"og:image\" content=\"https:\/\/graziamagazine.com\/es\/wp-content\/uploads\/sites\/12\/2022\/05\/reina1-t.jpeg?fit=1240%2C744\" \/>\n\t<meta property=\"og:image:width\" content=\"1240\" \/>\n\t<meta property=\"og:image:height\" content=\"744\" \/>\n\t<meta property=\"og:image:type\" content=\"image\/jpeg\" \/>\n<meta name=\"twitter:card\" content=\"summary_large_image\" \/>\n<meta name=\"twitter:label1\" content=\"Est. reading time\" \/>\n\t<meta name=\"twitter:data1\" content=\"2 minutos\" \/>\n<script type=\"application\/ld+json\" class=\"yoast-schema-graph\">{\"@context\":\"https:\/\/schema.org\",\"@graph\":[{\"@type\":\"WebPage\",\"@id\":\"https:\/\/graziamagazine.com\/es\/articles\/la-reina-letizia-apuesta-por-el-rosa-de-tendencia-en-la-inauguracion-la-feria-del-libro-de-madrid\/\",\"url\":\"https:\/\/graziamagazine.com\/es\/articles\/la-reina-letizia-apuesta-por-el-rosa-de-tendencia-en-la-inauguracion-la-feria-del-libro-de-madrid\/\",\"name\":\"La reina Letizia apuesta por el rosa en la Feria del Libro de Madrid\",\"isPartOf\":{\"@id\":\"https:\/\/graziamagazine.com\/es\/#website\"},\"datePublished\":\"2022-05-27T12:03:02+00:00\",\"dateModified\":\"2022-05-27T12:03:02+00:00\",\"description\":\"Una de las citas culturales de la primavera es sin duda la Feria del Libro de Madrid, que hoy abre las puertas de su edici\u00f3n n\u00famero 81. Despu\u00e9s de dos\",\"breadcrumb\":{\"@id\":\"https:\/\/graziamagazine.com\/es\/articles\/la-reina-letizia-apuesta-por-el-rosa-de-tendencia-en-la-inauguracion-la-feria-del-libro-de-madrid\/#breadcrumb\"},\"inLanguage\":\"es\",\"potentialAction\":[{\"@type\":\"ReadAction\",\"target\":[\"https:\/\/graziamagazine.com\/es\/articles\/la-reina-letizia-apuesta-por-el-rosa-de-tendencia-en-la-inauguracion-la-feria-del-libro-de-madrid\/\"]}]},{\"@type\":\"BreadcrumbList\",\"@id\":\"https:\/\/graziamagazine.com\/es\/articles\/la-reina-letizia-apuesta-por-el-rosa-de-tendencia-en-la-inauguracion-la-feria-del-libro-de-madrid\/#breadcrumb\",\"itemListElement\":[{\"@type\":\"ListItem\",\"position\":1,\"name\":\"Portada\",\"item\":\"https:\/\/graziamagazine.com\/es\/\"},{\"@type\":\"ListItem\",\"position\":2,\"name\":\"La reina Letizia apuesta por el rosa en la Feria del Libro de Madrid\"}]},{\"@type\":\"WebSite\",\"@id\":\"https:\/\/graziamagazine.com\/es\/#website\",\"url\":\"https:\/\/graziamagazine.com\/es\/\",\"name\":\"Grazia\",\"description\":\"Moda, belleza, celebrities, estilo de vida...\",\"potentialAction\":[{\"@type\":\"SearchAction\",\"target\":{\"@type\":\"EntryPoint\",\"urlTemplate\":\"https:\/\/graziamagazine.com\/es\/?s={search_term_string}\"},\"query-input\":\"required name=search_term_string\"}],\"inLanguage\":\"es\"}]}<\/script>\n<!-- \/ Yoast SEO Premium plugin. -->","yoast_head_json":{"title":"La reina Letizia apuesta por el rosa en la Feria del Libro de Madrid","description":"Una de las citas culturales de la primavera es sin duda la Feria del Libro de Madrid, que hoy abre las puertas de su edici\u00f3n n\u00famero 81. Despu\u00e9s de dos","robots":{"index":"index","follow":"follow","max-snippet":"max-snippet:-1","max-image-preview":"max-image-preview:large","max-video-preview":"max-video-preview:-1"},"canonical":"https:\/\/graziamagazine.com\/es\/articles\/la-reina-letizia-apuesta-por-el-rosa-de-tendencia-en-la-inauguracion-la-feria-del-libro-de-madrid\/","og_locale":"es_ES","og_type":"article","og_title":"La reina Letizia apuesta por el rosa en la Feria del Libro de Madrid","og_description":"Una de las citas culturales de la primavera es sin duda la Feria del Libro de Madrid, que hoy abre las puertas de su edici\u00f3n n\u00famero 81. Despu\u00e9s de dos","og_url":"https:\/\/graziamagazine.com\/es\/articles\/la-reina-letizia-apuesta-por-el-rosa-de-tendencia-en-la-inauguracion-la-feria-del-libro-de-madrid\/","og_site_name":"Grazia","og_image":[{"width":1240,"height":744,"url":"https:\/\/graziamagazine.com\/es\/wp-content\/uploads\/sites\/12\/2022\/05\/reina1-t.jpeg?fit=1240%2C744","type":"image\/jpeg"}],"twitter_card":"summary_large_image","twitter_misc":{"Est. reading time":"2 minutos"},"schema":{"@context":"https:\/\/schema.org","@graph":[{"@type":"WebPage","@id":"https:\/\/graziamagazine.com\/es\/articles\/la-reina-letizia-apuesta-por-el-rosa-de-tendencia-en-la-inauguracion-la-feria-del-libro-de-madrid\/","url":"https:\/\/graziamagazine.com\/es\/articles\/la-reina-letizia-apuesta-por-el-rosa-de-tendencia-en-la-inauguracion-la-feria-del-libro-de-madrid\/","name":"La reina Letizia apuesta por el rosa en la Feria del Libro de Madrid","isPartOf":{"@id":"https:\/\/graziamagazine.com\/es\/#website"},"datePublished":"2022-05-27T12:03:02+00:00","dateModified":"2022-05-27T12:03:02+00:00","description":"Una de las citas culturales de la primavera es sin duda la Feria del Libro de Madrid, que hoy abre las puertas de su edici\u00f3n n\u00famero 81. Despu\u00e9s de dos","breadcrumb":{"@id":"https:\/\/graziamagazine.com\/es\/articles\/la-reina-letizia-apuesta-por-el-rosa-de-tendencia-en-la-inauguracion-la-feria-del-libro-de-madrid\/#breadcrumb"},"inLanguage":"es","potentialAction":[{"@type":"ReadAction","target":["https:\/\/graziamagazine.com\/es\/articles\/la-reina-letizia-apuesta-por-el-rosa-de-tendencia-en-la-inauguracion-la-feria-del-libro-de-madrid\/"]}]},{"@type":"BreadcrumbList","@id":"https:\/\/graziamagazine.com\/es\/articles\/la-reina-letizia-apuesta-por-el-rosa-de-tendencia-en-la-inauguracion-la-feria-del-libro-de-madrid\/#breadcrumb","itemListElement":[{"@type":"ListItem","position":1,"name":"Portada","item":"https:\/\/graziamagazine.com\/es\/"},{"@type":"ListItem","position":2,"name":"La reina Letizia apuesta por el rosa en la Feria del Libro de Madrid"}]},{"@type":"WebSite","@id":"https:\/\/graziamagazine.com\/es\/#website","url":"https:\/\/graziamagazine.com\/es\/","name":"Grazia","description":"Moda, belleza, celebrities, estilo de vida...","potentialAction":[{"@type":"SearchAction","target":{"@type":"EntryPoint","urlTemplate":"https:\/\/graziamagazine.com\/es\/?s={search_term_string}"},"query-input":"required name=search_term_string"}],"inLanguage":"es"}]}},"jetpack_sharing_enabled":true,"distributor_meta":false,"distributor_terms":false,"distributor_media":false,"distributor_original_site_name":"Grazia","distributor_original_site_url":"https:\/\/graziamagazine.com\/es","push-errors":false,"_links":{"self":[{"href":"https:\/\/graziamagazine.com\/es\/wp-json\/wp\/v2\/articles\/163485"}],"collection":[{"href":"https:\/\/graziamagazine.com\/es\/wp-json\/wp\/v2\/articles"}],"about":[{"href":"https:\/\/graziamagazine.com\/es\/wp-json\/wp\/v2\/types\/articles"}],"author":[{"embeddable":true,"href":"https:\/\/graziamagazine.com\/es\/wp-json\/wp\/v2\/users\/11653"}],"wp:featuredmedia":[{"embeddable":true,"href":"https:\/\/graziamagazine.com\/es\/wp-json\/wp\/v2\/media\/163490"}],"wp:attachment":[{"href":"https:\/\/graziamagazine.com\/es\/wp-json\/wp\/v2\/media?parent=163485"}],"wp:term":[{"taxonomy":"category","embeddable":true,"href":"https:\/\/graziamagazine.com\/es\/wp-json\/wp\/v2\/categories?post=163485"}],"curies":[{"name":"wp","href":"https:\/\/api.w.org\/{rel}","templated":true}]}}