{"id":163344,"date":"2022-05-19T17:07:28","date_gmt":"2022-05-19T15:07:28","guid":{"rendered":"https:\/\/graziamagazine.com\/es\/?post_type=articles&#038;p=163344"},"modified":"2022-05-19T17:07:28","modified_gmt":"2022-05-19T15:07:28","slug":"asi-es-la-coleccion-que-han-disenado-givenchy-y-disney-the-wonder-gallery","status":"publish","type":"articles","link":"https:\/\/graziamagazine.com\/es\/articles\/asi-es-la-coleccion-que-han-disenado-givenchy-y-disney-the-wonder-gallery\/","title":{"rendered":"As\u00ed es la colecci\u00f3n que han dise\u00f1ado Givenchy y Disney: \u2018The Wonder Gallery\u2019"},"content":{"rendered":"<p>Givenchy y Disney se han unido para crear una colecci\u00f3n especial denominada \u201cThe Wonder Gallery\u201d. Las prendas de lujo de la marca de moda estar\u00e1n protagonizadas por algunos de los famosos personajes de las pel\u00edculas de Disney.<\/p>\n<p>En un tuit publicado el 16 de mayo, Givenchy dijo: \u201cLa Casa de Givenchy se complace en anunciar su colaboraci\u00f3n con @Disney en una colecci\u00f3n c\u00e1psula de edici\u00f3n limitada que celebra el legado ic\u00f3nico de los estudios de animaci\u00f3n de Walt Disney\u201d.<\/p>\n<blockquote class=\"twitter-tweet\" data-width=\"500\" data-dnt=\"true\">\n<p lang=\"en\" dir=\"ltr\">The House of Givenchy is pleased to announce its collaboration with <a href=\"https:\/\/twitter.com\/Disney?ref_src=twsrc%5Etfw\" target=\"_blank\">@Disney<\/a> on a limited-edition capsule collection celebrating the iconic legacy of the Walt Disney Animation Studios. <\/p>\n<p>Discover more on <a href=\"https:\/\/t.co\/gzk95AgWup\" target=\"_blank\">https:\/\/t.co\/gzk95AgWup<\/a> <a href=\"https:\/\/t.co\/Y4Ygg0vil0\" target=\"_blank\">pic.twitter.com\/Y4Ygg0vil0<\/a><\/p>\n<p>&mdash; Givenchy (@givenchy) <a href=\"https:\/\/twitter.com\/givenchy\/status\/1526220956561293317?ref_src=twsrc%5Etfw\" target=\"_blank\">May 16, 2022<\/a><\/p><\/blockquote>\n<p><script async src=\"https:\/\/platform.twitter.com\/widgets.js\" charset=\"utf-8\"><\/script><\/p>\n<p>&nbsp;<\/p>\n<p>Seg\u00fan los informes, la colecci\u00f3n se lanzar\u00e1 en c\u00e1psulas de edici\u00f3n limitada. Mientras que la primera c\u00e1psula se desvelar\u00e1 el 17 de mayo, la segunda saldr\u00e1 a la venta a mediados de verano. Esto es todo lo que sabemos sobre la colecci\u00f3n Givenchy X Disney \u2018The Wonder Gallery\u2019<\/p>\n<h3>La fascinaci\u00f3n de Matthew Williams por Disney<\/h3>\n<p>El director creativo de Givenchy, Matthew Williams, es al parecer un fan de Disney. As\u00ed, Williams ha introducido su amor por los iconos de Disney en las prendas. Sin embargo, no est\u00e1 claro qu\u00e9 tipo de prendas presentar\u00e1 la colecci\u00f3n Givenchy X Disney \u2018The Wonder Gallery\u2019.<\/p>\n<p><img loading=\"lazy\" decoding=\"async\" class=\"alignnone wp-image-111990 size-large\" src=\"https:\/\/graziamagazine.com\/mx\/wp-content\/uploads\/sites\/13\/2022\/05\/disney-x-givenchy.jpg?w=1024&amp;resize=1024%2C660\" alt=\"\" width=\"1024\" height=\"660\" data-recalc-dims=\"1\" \/><\/p>\n<h3>Personajes de Disney en la colecci\u00f3n<\/h3>\n<p>Se han publicado cuatro adelantos que muestran siluetas de personajes ic\u00f3nicos de Disney de las pel\u00edculas, lo que indica que la colecci\u00f3n se inspirar\u00e1 en ellos.<\/p>\n<p>Estos personajes incluyen a Bambi, Perdita y Pongo de 101 D\u00e1lmatas, Elsa y Olaf de Frozen, y Oswald el Conejo Afortunado. Todos ellos se cuentan entre los personajes Disney m\u00e1s famosos de todos los tiempos.<\/p>\n<p>En su tuit del 16 de mayo, Givenchy, que es propiedad de LVMH Mo\u00ebt Hennessy Louis Vuitton, tambi\u00e9n lanz\u00f3 un adelanto, mostrando a Oswald el Conejo Afortunado, el personaje creado por Walt Disney para Universal Pictures en 1927 antes de que fuera sustituido por Mickey Mouse.<\/p>\n<div class=\"content-gallery\"><div class=\"gallery-placeholder\"><div class=\"spinner\"><\/div><\/div><span class=\"gallery-pagination\"><\/span><div id=\"gallery-1\" class=\"gallery galleryid-163344 gallery-columns- gallery-size-\"><figure class=\"gallery-item\"><div class=\"gallery-icon landscape\"><img loading=\"lazy\" decoding=\"async\" width=\"1092\" height=\"1452\" src=\"https:\/\/graziamagazine.com\/es\/wp-content\/uploads\/sites\/12\/2022\/05\/Captura-de-pantalla-2022-05-19-a-las-17.00.15.png\" class=\"lazy\" alt=\"As\u00ed es la colecci\u00f3n que han dise\u00f1ado Givenchy y Disney: \u2018The Wonder Gallery\u2019\" \/><\/div><\/figure><figure class=\"gallery-item\"><div class=\"gallery-icon landscape\"><img loading=\"lazy\" decoding=\"async\" width=\"1088\" height=\"1458\" src=\"https:\/\/graziamagazine.com\/es\/wp-content\/uploads\/sites\/12\/2022\/05\/Captura-de-pantalla-2022-05-19-a-las-17.00.22.png\" class=\"lazy\" alt=\"As\u00ed es la colecci\u00f3n que han dise\u00f1ado Givenchy y Disney: \u2018The Wonder Gallery\u2019\" \/><\/div><\/figure><figure class=\"gallery-item\"><div class=\"gallery-icon landscape\"><img loading=\"lazy\" decoding=\"async\" width=\"1086\" height=\"1344\" src=\"https:\/\/graziamagazine.com\/es\/wp-content\/uploads\/sites\/12\/2022\/05\/Captura-de-pantalla-2022-05-19-a-las-17.01.01.png\" class=\"lazy\" alt=\"As\u00ed es la colecci\u00f3n que han dise\u00f1ado Givenchy y Disney: \u2018The Wonder Gallery\u2019\" \/><\/div><\/figure><figure class=\"gallery-item\"><div class=\"gallery-icon landscape\"><img loading=\"lazy\" decoding=\"async\" width=\"1076\" height=\"1452\" src=\"https:\/\/graziamagazine.com\/es\/wp-content\/uploads\/sites\/12\/2022\/05\/Captura-de-pantalla-2022-05-19-a-las-17.00.29.png\" class=\"lazy\" alt=\"\" \/><\/div><\/figure><\/div><\/div>\n<p>Esta es la segunda vez que Givenchy colabora con Disney. En 2013, la marca lanz\u00f3 la sudadera de edici\u00f3n limitada Disney x Givenchy\u2019s Bambi, lo que supuso su primera colaboraci\u00f3n.<\/p>\n<p>La sudadera, con un cervatillo y una pintura de una mujer, fue una creaci\u00f3n de Riccardo Tisci, que entonces era el director creativo de la marca.<\/p>\n<p><em>*Im\u00e1genes: cortes\u00eda de Givenchy<\/em><\/p>\n<p>&nbsp;<\/p>\n","protected":false},"author":16349,"featured_media":163350,"template":"","format":"standard","categories":[3,1],"acf":[],"yoast_head":"<!-- This site is optimized with the Yoast SEO Premium plugin v18.5 (Yoast SEO v20.4) - https:\/\/yoast.com\/wordpress\/plugins\/seo\/ -->\n<title>As\u00ed es la colecci\u00f3n que han dise\u00f1ado Givenchy y Disney: \u2018The Wonder Gallery\u2019<\/title>\n<meta name=\"description\" content=\"La primera c\u00e1psula se ha desvelado el 17 de mayo y la segunda saldr\u00e1 a la venta a mediados de verano.\" \/>\n<meta name=\"robots\" content=\"index, follow, max-snippet:-1, max-image-preview:large, max-video-preview:-1\" \/>\n<link rel=\"canonical\" href=\"https:\/\/graziamagazine.com\/es\/articles\/asi-es-la-coleccion-que-han-disenado-givenchy-y-disney-the-wonder-gallery\/\" \/>\n<meta property=\"og:locale\" content=\"es_ES\" \/>\n<meta property=\"og:type\" content=\"article\" \/>\n<meta property=\"og:title\" content=\"As\u00ed es la colecci\u00f3n que han dise\u00f1ado Givenchy y Disney: \u2018The Wonder Gallery\u2019\" \/>\n<meta property=\"og:description\" content=\"La primera c\u00e1psula se ha desvelado el 17 de mayo y la segunda saldr\u00e1 a la venta a mediados de verano.\" \/>\n<meta property=\"og:url\" content=\"https:\/\/graziamagazine.com\/es\/articles\/asi-es-la-coleccion-que-han-disenado-givenchy-y-disney-the-wonder-gallery\/\" \/>\n<meta property=\"og:site_name\" content=\"Grazia\" \/>\n<meta property=\"og:image\" content=\"https:\/\/graziamagazine.com\/es\/wp-content\/uploads\/sites\/12\/2022\/05\/thumb-givenchy-x-disney.jpeg?fit=1600%2C1200\" \/>\n\t<meta property=\"og:image:width\" content=\"1600\" \/>\n\t<meta property=\"og:image:height\" content=\"1200\" \/>\n\t<meta property=\"og:image:type\" content=\"image\/jpeg\" \/>\n<meta name=\"twitter:card\" content=\"summary_large_image\" \/>\n<meta name=\"twitter:label1\" content=\"Est. reading time\" \/>\n\t<meta name=\"twitter:data1\" content=\"2 minutos\" \/>\n<script type=\"application\/ld+json\" class=\"yoast-schema-graph\">{\"@context\":\"https:\/\/schema.org\",\"@graph\":[{\"@type\":\"WebPage\",\"@id\":\"https:\/\/graziamagazine.com\/es\/articles\/asi-es-la-coleccion-que-han-disenado-givenchy-y-disney-the-wonder-gallery\/\",\"url\":\"https:\/\/graziamagazine.com\/es\/articles\/asi-es-la-coleccion-que-han-disenado-givenchy-y-disney-the-wonder-gallery\/\",\"name\":\"As\u00ed es la colecci\u00f3n que han dise\u00f1ado Givenchy y Disney: \u2018The Wonder Gallery\u2019\",\"isPartOf\":{\"@id\":\"https:\/\/graziamagazine.com\/es\/#website\"},\"datePublished\":\"2022-05-19T15:07:28+00:00\",\"dateModified\":\"2022-05-19T15:07:28+00:00\",\"description\":\"La primera c\u00e1psula se ha desvelado el 17 de mayo y la segunda saldr\u00e1 a la venta a mediados de verano.\",\"breadcrumb\":{\"@id\":\"https:\/\/graziamagazine.com\/es\/articles\/asi-es-la-coleccion-que-han-disenado-givenchy-y-disney-the-wonder-gallery\/#breadcrumb\"},\"inLanguage\":\"es\",\"potentialAction\":[{\"@type\":\"ReadAction\",\"target\":[\"https:\/\/graziamagazine.com\/es\/articles\/asi-es-la-coleccion-que-han-disenado-givenchy-y-disney-the-wonder-gallery\/\"]}]},{\"@type\":\"BreadcrumbList\",\"@id\":\"https:\/\/graziamagazine.com\/es\/articles\/asi-es-la-coleccion-que-han-disenado-givenchy-y-disney-the-wonder-gallery\/#breadcrumb\",\"itemListElement\":[{\"@type\":\"ListItem\",\"position\":1,\"name\":\"Portada\",\"item\":\"https:\/\/graziamagazine.com\/es\/\"},{\"@type\":\"ListItem\",\"position\":2,\"name\":\"As\u00ed es la colecci\u00f3n que han dise\u00f1ado Givenchy y Disney: \u2018The Wonder Gallery\u2019\"}]},{\"@type\":\"WebSite\",\"@id\":\"https:\/\/graziamagazine.com\/es\/#website\",\"url\":\"https:\/\/graziamagazine.com\/es\/\",\"name\":\"Grazia\",\"description\":\"Moda, belleza, celebrities, estilo de vida...\",\"potentialAction\":[{\"@type\":\"SearchAction\",\"target\":{\"@type\":\"EntryPoint\",\"urlTemplate\":\"https:\/\/graziamagazine.com\/es\/?s={search_term_string}\"},\"query-input\":\"required name=search_term_string\"}],\"inLanguage\":\"es\"}]}<\/script>\n<!-- \/ Yoast SEO Premium plugin. -->","yoast_head_json":{"title":"As\u00ed es la colecci\u00f3n que han dise\u00f1ado Givenchy y Disney: \u2018The Wonder Gallery\u2019","description":"La primera c\u00e1psula se ha desvelado el 17 de mayo y la segunda saldr\u00e1 a la venta a mediados de verano.","robots":{"index":"index","follow":"follow","max-snippet":"max-snippet:-1","max-image-preview":"max-image-preview:large","max-video-preview":"max-video-preview:-1"},"canonical":"https:\/\/graziamagazine.com\/es\/articles\/asi-es-la-coleccion-que-han-disenado-givenchy-y-disney-the-wonder-gallery\/","og_locale":"es_ES","og_type":"article","og_title":"As\u00ed es la colecci\u00f3n que han dise\u00f1ado Givenchy y Disney: \u2018The Wonder Gallery\u2019","og_description":"La primera c\u00e1psula se ha desvelado el 17 de mayo y la segunda saldr\u00e1 a la venta a mediados de verano.","og_url":"https:\/\/graziamagazine.com\/es\/articles\/asi-es-la-coleccion-que-han-disenado-givenchy-y-disney-the-wonder-gallery\/","og_site_name":"Grazia","og_image":[{"width":1600,"height":1200,"url":"https:\/\/graziamagazine.com\/es\/wp-content\/uploads\/sites\/12\/2022\/05\/thumb-givenchy-x-disney.jpeg?fit=1600%2C1200","type":"image\/jpeg"}],"twitter_card":"summary_large_image","twitter_misc":{"Est. reading time":"2 minutos"},"schema":{"@context":"https:\/\/schema.org","@graph":[{"@type":"WebPage","@id":"https:\/\/graziamagazine.com\/es\/articles\/asi-es-la-coleccion-que-han-disenado-givenchy-y-disney-the-wonder-gallery\/","url":"https:\/\/graziamagazine.com\/es\/articles\/asi-es-la-coleccion-que-han-disenado-givenchy-y-disney-the-wonder-gallery\/","name":"As\u00ed es la colecci\u00f3n que han dise\u00f1ado Givenchy y Disney: \u2018The Wonder Gallery\u2019","isPartOf":{"@id":"https:\/\/graziamagazine.com\/es\/#website"},"datePublished":"2022-05-19T15:07:28+00:00","dateModified":"2022-05-19T15:07:28+00:00","description":"La primera c\u00e1psula se ha desvelado el 17 de mayo y la segunda saldr\u00e1 a la venta a mediados de verano.","breadcrumb":{"@id":"https:\/\/graziamagazine.com\/es\/articles\/asi-es-la-coleccion-que-han-disenado-givenchy-y-disney-the-wonder-gallery\/#breadcrumb"},"inLanguage":"es","potentialAction":[{"@type":"ReadAction","target":["https:\/\/graziamagazine.com\/es\/articles\/asi-es-la-coleccion-que-han-disenado-givenchy-y-disney-the-wonder-gallery\/"]}]},{"@type":"BreadcrumbList","@id":"https:\/\/graziamagazine.com\/es\/articles\/asi-es-la-coleccion-que-han-disenado-givenchy-y-disney-the-wonder-gallery\/#breadcrumb","itemListElement":[{"@type":"ListItem","position":1,"name":"Portada","item":"https:\/\/graziamagazine.com\/es\/"},{"@type":"ListItem","position":2,"name":"As\u00ed es la colecci\u00f3n que han dise\u00f1ado Givenchy y Disney: \u2018The Wonder Gallery\u2019"}]},{"@type":"WebSite","@id":"https:\/\/graziamagazine.com\/es\/#website","url":"https:\/\/graziamagazine.com\/es\/","name":"Grazia","description":"Moda, belleza, celebrities, estilo de vida...","potentialAction":[{"@type":"SearchAction","target":{"@type":"EntryPoint","urlTemplate":"https:\/\/graziamagazine.com\/es\/?s={search_term_string}"},"query-input":"required name=search_term_string"}],"inLanguage":"es"}]}},"jetpack_sharing_enabled":true,"distributor_meta":false,"distributor_terms":false,"distributor_media":false,"distributor_original_site_name":"Grazia","distributor_original_site_url":"https:\/\/graziamagazine.com\/es","push-errors":false,"_links":{"self":[{"href":"https:\/\/graziamagazine.com\/es\/wp-json\/wp\/v2\/articles\/163344"}],"collection":[{"href":"https:\/\/graziamagazine.com\/es\/wp-json\/wp\/v2\/articles"}],"about":[{"href":"https:\/\/graziamagazine.com\/es\/wp-json\/wp\/v2\/types\/articles"}],"author":[{"embeddable":true,"href":"https:\/\/graziamagazine.com\/es\/wp-json\/wp\/v2\/users\/16349"}],"wp:featuredmedia":[{"embeddable":true,"href":"https:\/\/graziamagazine.com\/es\/wp-json\/wp\/v2\/media\/163350"}],"wp:attachment":[{"href":"https:\/\/graziamagazine.com\/es\/wp-json\/wp\/v2\/media?parent=163344"}],"wp:term":[{"taxonomy":"category","embeddable":true,"href":"https:\/\/graziamagazine.com\/es\/wp-json\/wp\/v2\/categories?post=163344"}],"curies":[{"name":"wp","href":"https:\/\/api.w.org\/{rel}","templated":true}]}}