{"id":163286,"date":"2022-05-18T11:48:59","date_gmt":"2022-05-18T09:48:59","guid":{"rendered":"https:\/\/graziamagazine.com\/es\/?post_type=articles&#038;p=163286"},"modified":"2022-05-26T11:58:47","modified_gmt":"2022-05-26T09:58:47","slug":"los-mejores-looks-de-la-alfombra-roja-del-festival-internacional-de-cine-de-cannes","status":"publish","type":"articles","link":"https:\/\/graziamagazine.com\/es\/articles\/los-mejores-looks-de-la-alfombra-roja-del-festival-internacional-de-cine-de-cannes\/","title":{"rendered":"Los mejores looks de la alfombra roja del Festival Internacional de Cine de Cannes"},"content":{"rendered":"<p><span style=\"font-weight: 400\">La <strong>75.\u00aa edici\u00f3n del Festival Internacional de Cine de Cannes ha comenzado este 17 de mayo<\/strong> en la bella y elegante costa francesa.<\/span><\/p>\n<p><span style=\"font-weight: 400\">Llena de glamour, elegancia y los mejores talentos del s\u00e9ptimo arte, la alfombra roja ya arranc\u00f3, deleit\u00e1ndonos con la belleza de las personas que en ella desfilan.<\/span><\/p>\n<p><span style=\"font-weight: 400\">Tan importante como en los <strong>Oscar Awards o la Met Gala<\/strong>, la <em>red carpet<\/em> de Cannes est\u00e1 llena de celebridades que lucen sus mejores trajes y vestidos, con frecuencia personalizados, de alta costura o reci\u00e9n salidos de la pasarela.<\/span><\/p>\n<p><span style=\"font-weight: 400\">Despu\u00e9s de ser cancelado en 2020 debido a la pandemia, Cannes volvi\u00f3 con todo su esplendor el a\u00f1o pasado, y los famosos est\u00e1n claramente listos una vez m\u00e1s para canalizar una energ\u00eda extremadamente glamorosa este a\u00f1o.<\/span><\/p>\n<p><span style=\"font-weight: 400\">El calendario de este a\u00f1o tiene una serie de pel\u00edculas que esperar, y en el jurado oficial se encuentran estrellas como <strong>Deepika Padukone, Rebecca Hall, Noomi Rapace y Jasmine Trinca.\u00a0<\/strong><\/span><\/p>\n<p><span style=\"font-weight: 400\">En el primer d\u00eda de este festival que <strong>termina el 28 de mayo<\/strong>, varios de estos miembros del jurado comenzaron con gran estilo, engalanados con grandes piezas de joyer\u00eda.<\/span><span style=\"font-weight: 400\">Para la edici\u00f3n de este a\u00f1o de este evento cinematogr\u00e1fico, <em><strong>The Artisan of Emotions<\/strong><\/em> cre\u00f3 el tema \u201c<em><strong>Chopard Loves Cinema\u201d<\/strong><\/em>, a trav\u00e9s de una serie de actividades.<\/span><\/p>\n<p><span style=\"font-weight: 400\">Algunas de ellas son el Chopard Rooftop ubicado en el H\u00f4tel Mart\u00ednez y el Troph\u00e9e Chopard que premiar\u00e1 una vez m\u00e1s a una actriz y un actor que representen las aspiraciones de una nueva generaci\u00f3n de artistas.<\/span><\/p>\n<p><span style=\"font-weight: 400\"><strong><a href=\"https:\/\/graziamagazine.com\/mx\/articles\/111690\/\">Julia Roberts ser\u00e1 la madrina<\/a> de los dos ganadores del premio<\/strong>, que se entregar\u00e1 el 19 de mayo durante una ceremonia presidida por Thierry Fr\u00e9maux y Pierre Lescure.\u00a0<\/span><\/p>\n<h3><strong>Los mejores looks de la alfombra roja<\/strong><\/h3>\n<p><span style=\"font-weight: 400\">Entre jueces, actrices, actores y dem\u00e1s personas de la industria cinematogr\u00e1fica, estos fueron los mejores looks de la red carpet de Cannes.<\/span><\/p>\n<h3>tercer d\u00eda<\/h3>\n<h4>Julia Roberts, apuesta por el negro<\/h4>\n<p>Sobre la alfombra roja eligi\u00f3 un traje pantal\u00f3n de <strong>Louis Vuitton<\/strong>, que acompa\u00f1\u00f3 con un impresionante diamante amarillo de Chopard<\/p>\n<p><img loading=\"lazy\" decoding=\"async\" class=\"aligncenter size-full wp-image-163384\" src=\"https:\/\/graziamagazine.com\/es\/wp-content\/uploads\/sites\/12\/2022\/05\/281850830_1151380572380751_3427143186592317746_n-1-2.jpg\" alt=\"Los mejores looks de la alfombra roja del Festival Internacional de Cine de Cannes\" width=\"1024\" height=\"1270\" \/><\/p>\n<p>La vimos tambi\u00e9n vestida de <strong>Dior<\/strong>, con un look de Alta Costura, formado por la m\u00edtica chaqueta Bar y una falda de vuelo.<\/p>\n<p><img loading=\"lazy\" decoding=\"async\" class=\"aligncenter size-full wp-image-163382\" src=\"https:\/\/graziamagazine.com\/es\/wp-content\/uploads\/sites\/12\/2022\/05\/cosmicimg-prod.services.web_.outlook-1.jpg\" alt=\"Los mejores looks de la alfombra roja del Festival Internacional de Cine de Cannes\" width=\"1024\" height=\"1536\" \/><\/p>\n<h3>segundo d\u00eda<\/h3>\n<h4 class=\"BaseWrap-sc-TURhJ BaseText-fFzBQt GallerySlideCaptionHed-lgowel eTiIvU XXXeF cBQFZL\"><span class=\"GallerySlideCaptionHedText-cZHlsU dAsuzT\">Jennifer Connelly, de Louis Vuitton\u00a0<\/span><\/h4>\n<p><img loading=\"lazy\" decoding=\"async\" class=\"aligncenter size-full wp-image-163357\" src=\"https:\/\/graziamagazine.com\/es\/wp-content\/uploads\/sites\/12\/2022\/05\/DL_u511213_046-copia.jpg\" alt=\"Los mejores looks de la alfombra roja del Festival Internacional de Cine de Cannes\" width=\"1024\" height=\"1501\" \/><\/p>\n<h4 class=\"BaseWrap-sc-TURhJ BaseText-fFzBQt GallerySlideCaptionHed-lgowel eTiIvU XXXeF cBQFZL\"><span class=\"GallerySlideCaptionHedText-cZHlsU dAsuzT\">Elle Fanning, de Giorgio Armani<\/span><\/h4>\n<p><img loading=\"lazy\" decoding=\"async\" class=\"aligncenter size-full wp-image-163358\" src=\"https:\/\/graziamagazine.com\/es\/wp-content\/uploads\/sites\/12\/2022\/05\/DL_u511213_010-1-copia.jpg\" alt=\"Los mejores looks de la alfombra roja del Festival Internacional de Cine de Cannes\" width=\"1024\" height=\"1399\" \/><\/p>\n<h4 class=\"BaseWrap-sc-TURhJ BaseText-fFzBQt GallerySlideCaptionHed-lgowel eTiIvU XXXeF cBQFZL\"><span class=\"GallerySlideCaptionHedText-cZHlsU dAsuzT\">Eva Longoria, de<\/span>\u00a0<strong>Acquazzura<\/strong><\/h4>\n<p><img loading=\"lazy\" decoding=\"async\" class=\"aligncenter size-full wp-image-163362\" src=\"https:\/\/graziamagazine.com\/es\/wp-content\/uploads\/sites\/12\/2022\/05\/DL_u511213_103-copia.jpg\" alt=\"Los mejores looks de la alfombra roja del Festival Internacional de Cine de Cannes\" width=\"1024\" height=\"1536\" \/><\/p>\n<h4 class=\"BaseWrap-sc-TURhJ BaseText-fFzBQt GallerySlideCaptionHed-lgowel eTiIvU XXXeF cBQFZL\"><span class=\"GallerySlideCaptionHedText-cZHlsU dAsuzT\">Adriana Lima, de Balmain<\/span><\/h4>\n<p><img loading=\"lazy\" decoding=\"async\" class=\"aligncenter size-full wp-image-163359\" src=\"https:\/\/graziamagazine.com\/es\/wp-content\/uploads\/sites\/12\/2022\/05\/DL_u511213_035-copia.jpg\" alt=\"Los mejores looks de la alfombra roja del Festival Internacional de Cine de Cannes\" width=\"1024\" height=\"1503\" \/><\/p>\n<h4 class=\"BaseWrap-sc-TURhJ BaseText-fFzBQt GallerySlideCaptionHed-lgowel eTiIvU XXXeF cBQFZL\"><span class=\"GallerySlideCaptionHedText-cZHlsU dAsuzT\">Toni Garrn, de<\/span>\u00a0<strong>Philosophy di Lorenzo Serafini.<\/strong><\/h4>\n<div class=\"GallerySlideCaptionDekContainer-fzEJAh hyrBTL\" data-testid=\"GallerySlideCaptionDekContainer\">\n<div class=\"GallerySlideCaptionDek-diuFsG jKvqyU\">\n<div><img loading=\"lazy\" decoding=\"async\" class=\"aligncenter size-full wp-image-163360\" src=\"https:\/\/graziamagazine.com\/es\/wp-content\/uploads\/sites\/12\/2022\/05\/DL_u511213_088-copia.jpg\" alt=\"Los mejores looks de la alfombra roja del Festival Internacional de Cine de Cannes\" width=\"1024\" height=\"1528\" \/><\/div>\n<\/div>\n<\/div>\n<div><\/div>\n<div>\n<h4 class=\"BaseWrap-sc-TURhJ BaseText-fFzBQt GallerySlideCaptionHed-lgowel eTiIvU XXXeF cBQFZL\"><span class=\"GallerySlideCaptionHedText-cZHlsU dAsuzT\">Aishwarya Rai Bachchan, de <strong>Dolce&amp;Gabbana<\/strong><\/span><\/h4>\n<p><img loading=\"lazy\" decoding=\"async\" class=\"aligncenter size-full wp-image-163361\" src=\"https:\/\/graziamagazine.com\/es\/wp-content\/uploads\/sites\/12\/2022\/05\/DL_u511213_012-copia.jpg\" alt=\"Los mejores looks de la alfombra roja del Festival Internacional de Cine de Cannes\" width=\"1024\" height=\"1447\" \/><\/p>\n<\/div>\n<div><\/div>\n<h4><b><span lang=\"en-GB\">Amelia y Eliza Spencer, de Alberta Ferretti <\/span><\/b><\/h4>\n<p><img loading=\"lazy\" decoding=\"async\" class=\"size-full wp-image-163356 alignleft\" src=\"https:\/\/graziamagazine.com\/es\/wp-content\/uploads\/sites\/12\/2022\/05\/download.png\" alt=\"Los mejores looks de la alfombra roja del Festival Internacional de Cine de Cannes\" width=\"495\" height=\"745\" \/><\/p>\n<h3>primer d\u00eda<\/h3>\n<h4>Rossy de Palma, de YSL<\/h4>\n<p><img loading=\"lazy\" decoding=\"async\" class=\"aligncenter size-full wp-image-163294\" src=\"https:\/\/graziamagazine.com\/es\/wp-content\/uploads\/sites\/12\/2022\/05\/festival-cannes-2022-rossy-de-palma-elle-1652815678-copia.jpg\" alt=\"Los mejores looks de la alfombra roja del Festival Internacional de Cine de Cannes\" width=\"980\" height=\"1470\" \/><\/p>\n<h4>Eva Longoria<\/h4>\n<p>Para el d\u00eda eligi\u00f3 un conjunto dos piezas naranja de Cristina Ottaviano, y para la noche uno negro de Alberta Ferretti.<\/p>\n<p><img loading=\"lazy\" decoding=\"async\" class=\"aligncenter size-full wp-image-163290\" src=\"https:\/\/graziamagazine.com\/es\/wp-content\/uploads\/sites\/12\/2022\/05\/f.elconfidencial.com_original_b24_6f5_ff4_b246f5ff45544f94a4462d71631f3485.jpg\" alt=\"Los mejores looks de la alfombra roja del Festival Internacional de Cine de Cannes\" width=\"1024\" height=\"1365\" \/><\/p>\n<p><img loading=\"lazy\" decoding=\"async\" class=\"aligncenter size-full wp-image-163291\" src=\"https:\/\/graziamagazine.com\/es\/wp-content\/uploads\/sites\/12\/2022\/05\/281382935_1282471492161633_2423555513665947851_n.jpg\" alt=\"Los mejores looks de la alfombra roja del Festival Internacional de Cine de Cannes\" width=\"1024\" height=\"1024\" \/><\/p>\n<h4>Juliane Moore, de Bottega Veneta<\/h4>\n<p><img loading=\"lazy\" decoding=\"async\" class=\"aligncenter size-full wp-image-163292\" src=\"https:\/\/graziamagazine.com\/es\/wp-content\/uploads\/sites\/12\/2022\/05\/thumbnail_Julianne-Moore-wears-Bottega-Veneta.jpg\" alt=\"Los mejores looks de la alfombra roja del Festival Internacional de Cine de Cannes\" width=\"853\" height=\"1280\" \/><\/p>\n<h4 class=\"listicle-slide-hed\"><span class=\"listicle-slide-hed-text\">Noomi Rapace, de Alta Costura de Dior<\/span><\/h4>\n<div class=\"listicle-slide-media-outer\">\n<div class=\"slide-media slide-media-freeform listicle-slide-media listicle-slide-media-image\">\n<div class=\"slide-media-inner\"><span class=\"slide-image-wrap\"><img decoding=\"async\" class=\"lazyimage ls-is-cached lazyloaded\" title=\"Festival de Cannes 2022: alfombra roja\" src=\"https:\/\/hips.hearstapps.com\/hmg-prod.s3.amazonaws.com\/images\/festival-cannes-2022-noomi-rapace-elle-1652815504.jpg?crop=1xw:1xh;center,top&amp;resize=480:*\" alt=\"festival de cannes 2022 alfombra roja\" data-src=\"https:\/\/hips.hearstapps.com\/hmg-prod.s3.amazonaws.com\/images\/festival-cannes-2022-noomi-rapace-elle-1652815504.jpg?crop=1xw:1xh;center,top&amp;resize=480:*\" \/><\/span><\/div>\n<\/div>\n<\/div>\n<div><\/div>\n<div>\n<h4 class=\"listicle-slide-hed\"><span class=\"listicle-slide-hed-text\">Katherine Langford, de Prada<\/span><\/h4>\n<p><img loading=\"lazy\" decoding=\"async\" class=\"aligncenter size-full wp-image-163296\" src=\"https:\/\/graziamagazine.com\/es\/wp-content\/uploads\/sites\/12\/2022\/05\/festival-cannes-2022-katherine-langford-elle-1652815504-copia.jpg\" alt=\"Los mejores looks de la alfombra roja del Festival Internacional de Cine de Cannes\" width=\"980\" height=\"1470\" \/><\/p>\n<\/div>\n<h4><strong>Simone Hazanavicius<\/strong><\/h4>\n<p><img loading=\"lazy\" decoding=\"async\" class=\"aligncenter wp-image-111880 size-large\" src=\"https:\/\/graziamagazine.com\/mx\/wp-content\/uploads\/sites\/13\/2022\/05\/Simone-Hazanavicius-in-Chopard_17-May-2022.jpg?w=683&amp;resize=683%2C1024\" alt=\"Los mejores looks de la alfombra roja del Festival Internacional de Cine de Cannes\" width=\"683\" height=\"1024\" data-recalc-dims=\"1\" \/><\/p>\n<h4>Alejandro Nones<\/h4>\n<p><img loading=\"lazy\" decoding=\"async\" class=\"aligncenter wp-image-111886 size-large\" src=\"https:\/\/graziamagazine.com\/mx\/wp-content\/uploads\/sites\/13\/2022\/05\/Alejandro-Nones-in-Chopard_17-May-2022.jpg?w=683&amp;resize=683%2C1024\" alt=\"Los mejores looks de la alfombra roja del Festival Internacional de Cine de Cannes\" width=\"683\" height=\"1024\" data-recalc-dims=\"1\" \/><\/p>\n<h4><strong>Caroline Scheufele y William Abadie<\/strong><\/h4>\n<p><img loading=\"lazy\" decoding=\"async\" class=\"aligncenter wp-image-111885 size-large\" src=\"https:\/\/graziamagazine.com\/mx\/wp-content\/uploads\/sites\/13\/2022\/05\/Caroline-Scheufele-and-William-Abadie-in-Chopard_17-May-2022.jpg?w=683&amp;resize=683%2C1024\" alt=\"Los mejores looks de la alfombra roja del Festival Internacional de Cine de Cannes\" width=\"683\" height=\"1024\" data-recalc-dims=\"1\" \/><\/p>\n<h4><strong>Jasmine Trinca<\/strong><\/h4>\n<p><img loading=\"lazy\" decoding=\"async\" class=\"aligncenter wp-image-111883 size-large\" src=\"https:\/\/graziamagazine.com\/mx\/wp-content\/uploads\/sites\/13\/2022\/05\/Jasmine-Trinca-in-Chopard_17-May-2022-1.jpg?w=682&amp;resize=682%2C1024\" alt=\"Los mejores looks de la alfombra roja del Festival Internacional de Cine de Cannes\" width=\"682\" height=\"1024\" data-recalc-dims=\"1\" \/><\/p>\n<h4>Lashana Lynch, de Fendi<\/h4>\n<p><img loading=\"lazy\" decoding=\"async\" class=\"aligncenter wp-image-111882 size-large\" src=\"https:\/\/graziamagazine.com\/mx\/wp-content\/uploads\/sites\/13\/2022\/05\/Lashana-Lynch-in-Chopard_17-May-2022.jpg?w=683&amp;resize=683%2C1024\" alt=\"Los mejores looks de la alfombra roja del Festival Internacional de Cine de Cannes\" width=\"683\" height=\"1024\" data-recalc-dims=\"1\" \/><\/p>\n<h4 class=\"listicle-slide-hed\"><span class=\"listicle-slide-hed-text\">Caroline Daur, de Valentino<\/span><\/h4>\n<p><img loading=\"lazy\" decoding=\"async\" class=\"aligncenter size-full wp-image-163295\" src=\"https:\/\/graziamagazine.com\/es\/wp-content\/uploads\/sites\/12\/2022\/05\/festival-cannes-2022-caroline-daur-elle-1652815640-copia.jpg\" alt=\"Los mejores looks de la alfombra roja del Festival Internacional de Cine de Cannes\" width=\"980\" height=\"1470\" \/><\/p>\n<div>\n<h4 class=\"listicle-slide-hed\"><span class=\"listicle-slide-hed-text\">Deepika Padulone y Rebecca Hall<\/span><\/h4>\n<div class=\"listicle-slide-media-outer\">\n<div class=\"slide-media slide-media-freeform listicle-slide-media listicle-slide-media-image\">\n<div class=\"slide-media-inner\"><span class=\"slide-image-wrap\"><img decoding=\"async\" class=\"lazyimage lazyloaded\" title=\"Festival de Cannes 2022: alfombra roja\" src=\"https:\/\/hips.hearstapps.com\/hmg-prod.s3.amazonaws.com\/images\/festival-cannes-2022-deepika-padukone-rebecca-hall-elle-1652815640.jpg?crop=1xw:1xh;center,top&amp;resize=480:*\" alt=\"festival de cannes 2022 alfombra roja\" data-src=\"https:\/\/hips.hearstapps.com\/hmg-prod.s3.amazonaws.com\/images\/festival-cannes-2022-deepika-padukone-rebecca-hall-elle-1652815640.jpg?crop=1xw:1xh;center,top&amp;resize=480:*\" \/><\/span><\/div>\n<\/div>\n<div class=\"image-credit listicle-slide-credit\"><\/div>\n<\/div>\n<div class=\"listicle-slide-dek\">\n<p>Deepika, de Sabyasachi; y Rebecca, de Gucci.<\/p>\n<h4 class=\"listicle-slide-hed\"><span class=\"listicle-slide-hed-text\">Lolita Chammah, en azul noche<\/span><\/h4>\n<div><img loading=\"lazy\" decoding=\"async\" class=\"aligncenter size-full wp-image-163297\" src=\"https:\/\/graziamagazine.com\/es\/wp-content\/uploads\/sites\/12\/2022\/05\/festival-cannes-2022-lolita-chamman-elle-1652815677-copia.jpg\" alt=\"Los mejores looks de la alfombra roja del Festival Internacional de Cine de Cannes\" width=\"980\" height=\"1470\" \/><\/div>\n<div><\/div>\n<\/div>\n<\/div>\n<h4>Urvashi Rautela<\/h4>\n<p><img loading=\"lazy\" decoding=\"async\" class=\"aligncenter size-full wp-image-163298\" src=\"https:\/\/graziamagazine.com\/es\/wp-content\/uploads\/sites\/12\/2022\/05\/urvashi-rautela-cannes-2022-elle-1652854785-copia.jpg\" alt=\"Los mejores looks de la alfombra roja del Festival Internacional de Cine de Cannes\" width=\"980\" height=\"732\" \/><\/p>\n<h4>Agathe Rousselle, de Louis Vuitton<\/h4>\n<p><img loading=\"lazy\" decoding=\"async\" class=\"aligncenter size-full wp-image-163299\" src=\"https:\/\/graziamagazine.com\/es\/wp-content\/uploads\/sites\/12\/2022\/05\/agathe-rousselle-cannes-2022-elle-1652854667-copia.jpg\" alt=\"Los mejores looks de la alfombra roja del Festival Internacional de Cine de Cannes\" width=\"980\" height=\"1308\" \/><\/p>\n<h4>Lori Harvey, ce la colecci\u00f3n Couture Primavera Verano 2022 de Alexandre Vauthier<\/h4>\n<p><img loading=\"lazy\" decoding=\"async\" class=\"aligncenter size-full wp-image-163300\" src=\"https:\/\/graziamagazine.com\/es\/wp-content\/uploads\/sites\/12\/2022\/05\/festival-cannes-2022-lorey-harvey-elle-1652815677-copia.jpg\" alt=\"Los mejores looks de la alfombra roja del Festival Internacional de Cine de Cannes\" width=\"980\" height=\"1470\" \/><\/p>\n<h4>Tallia Storm<\/h4>\n<p><img loading=\"lazy\" decoding=\"async\" class=\"aligncenter size-full wp-image-163301\" src=\"https:\/\/graziamagazine.com\/es\/wp-content\/uploads\/sites\/12\/2022\/05\/festival-cannes-2022-tallia-storm-elle-1652815678-copia.jpg\" alt=\"Los mejores looks de la alfombra roja del Festival Internacional de Cine de Cannes\" width=\"980\" height=\"1470\" \/><\/p>\n<h4>B\u00e9r\u00e9nice Bejo, de Valentino<\/h4>\n<p><img loading=\"lazy\" decoding=\"async\" class=\"aligncenter size-full wp-image-163302\" src=\"https:\/\/graziamagazine.com\/es\/wp-content\/uploads\/sites\/12\/2022\/05\/festival-cannes-2022-berenice-bejo-elle-1652815640-copia.jpg\" alt=\"Los mejores looks de la alfombra roja del Festival Internacional de Cine de Cannes\" width=\"980\" height=\"1470\" \/><\/p>\n<p>&nbsp;<\/p>\n","protected":false},"author":11653,"featured_media":163466,"template":"","format":"standard","categories":[2971,2797,1],"acf":{"banner":null},"yoast_head":"<!-- This site is optimized with the Yoast SEO Premium plugin v18.5 (Yoast SEO v20.4) - https:\/\/yoast.com\/wordpress\/plugins\/seo\/ -->\n<title>Los mejores looks de la alfombra roja del Festival de Cine de Cannes<\/title>\n<meta name=\"description\" content=\"Los invitados del primer d\u00eda de este festival de cine en Cannes est\u00e1n dej\u00e1ndolo todo en la red carpet llena de estilo, elegancia y joyas.\" \/>\n<meta name=\"robots\" content=\"index, follow, max-snippet:-1, max-image-preview:large, max-video-preview:-1\" \/>\n<link rel=\"canonical\" href=\"https:\/\/graziamagazine.com\/es\/articles\/los-mejores-looks-de-la-alfombra-roja-del-festival-internacional-de-cine-de-cannes\/\" \/>\n<meta property=\"og:locale\" content=\"es_ES\" \/>\n<meta property=\"og:type\" content=\"article\" \/>\n<meta property=\"og:title\" content=\"Los mejores looks de la alfombra roja del Festival Internacional de Cine de Cannes\" \/>\n<meta property=\"og:description\" content=\"Los invitados del primer d\u00eda de este festival de cine en Cannes est\u00e1n dej\u00e1ndolo todo en la red carpet llena de estilo, elegancia y joyas.\" \/>\n<meta property=\"og:url\" content=\"https:\/\/graziamagazine.com\/es\/articles\/los-mejores-looks-de-la-alfombra-roja-del-festival-internacional-de-cine-de-cannes\/\" \/>\n<meta property=\"og:site_name\" content=\"Grazia\" \/>\n<meta property=\"article:modified_time\" content=\"2022-05-26T09:58:47+00:00\" \/>\n<meta property=\"og:image\" content=\"https:\/\/graziamagazine.com\/es\/wp-content\/uploads\/sites\/12\/2022\/05\/Captura-de-pantalla-2022-05-19-a-las-12.55.25.png\" \/>\n<meta name=\"twitter:card\" content=\"summary_large_image\" \/>\n<meta name=\"twitter:image\" content=\"https:\/\/graziamagazine.com\/es\/wp-content\/uploads\/sites\/12\/2022\/05\/Captura-de-pantalla-2022-05-19-a-las-12.55.25.png\" \/>\n<meta name=\"twitter:label1\" content=\"Est. reading time\" \/>\n\t<meta name=\"twitter:data1\" content=\"3 minutos\" \/>\n<script type=\"application\/ld+json\" class=\"yoast-schema-graph\">{\"@context\":\"https:\/\/schema.org\",\"@graph\":[{\"@type\":\"WebPage\",\"@id\":\"https:\/\/graziamagazine.com\/es\/articles\/los-mejores-looks-de-la-alfombra-roja-del-festival-internacional-de-cine-de-cannes\/\",\"url\":\"https:\/\/graziamagazine.com\/es\/articles\/los-mejores-looks-de-la-alfombra-roja-del-festival-internacional-de-cine-de-cannes\/\",\"name\":\"Los mejores looks de la alfombra roja del Festival de Cine de Cannes\",\"isPartOf\":{\"@id\":\"https:\/\/graziamagazine.com\/es\/#website\"},\"datePublished\":\"2022-05-18T09:48:59+00:00\",\"dateModified\":\"2022-05-26T09:58:47+00:00\",\"description\":\"Los invitados del primer d\u00eda de este festival de cine en Cannes est\u00e1n dej\u00e1ndolo todo en la red carpet llena de estilo, elegancia y joyas.\",\"breadcrumb\":{\"@id\":\"https:\/\/graziamagazine.com\/es\/articles\/los-mejores-looks-de-la-alfombra-roja-del-festival-internacional-de-cine-de-cannes\/#breadcrumb\"},\"inLanguage\":\"es\",\"potentialAction\":[{\"@type\":\"ReadAction\",\"target\":[\"https:\/\/graziamagazine.com\/es\/articles\/los-mejores-looks-de-la-alfombra-roja-del-festival-internacional-de-cine-de-cannes\/\"]}]},{\"@type\":\"BreadcrumbList\",\"@id\":\"https:\/\/graziamagazine.com\/es\/articles\/los-mejores-looks-de-la-alfombra-roja-del-festival-internacional-de-cine-de-cannes\/#breadcrumb\",\"itemListElement\":[{\"@type\":\"ListItem\",\"position\":1,\"name\":\"Portada\",\"item\":\"https:\/\/graziamagazine.com\/es\/\"},{\"@type\":\"ListItem\",\"position\":2,\"name\":\"Los mejores looks de la alfombra roja del Festival Internacional de Cine de Cannes\"}]},{\"@type\":\"WebSite\",\"@id\":\"https:\/\/graziamagazine.com\/es\/#website\",\"url\":\"https:\/\/graziamagazine.com\/es\/\",\"name\":\"Grazia\",\"description\":\"Moda, belleza, celebrities, estilo de vida...\",\"potentialAction\":[{\"@type\":\"SearchAction\",\"target\":{\"@type\":\"EntryPoint\",\"urlTemplate\":\"https:\/\/graziamagazine.com\/es\/?s={search_term_string}\"},\"query-input\":\"required name=search_term_string\"}],\"inLanguage\":\"es\"}]}<\/script>\n<!-- \/ Yoast SEO Premium plugin. -->","yoast_head_json":{"title":"Los mejores looks de la alfombra roja del Festival de Cine de Cannes","description":"Los invitados del primer d\u00eda de este festival de cine en Cannes est\u00e1n dej\u00e1ndolo todo en la red carpet llena de estilo, elegancia y joyas.","robots":{"index":"index","follow":"follow","max-snippet":"max-snippet:-1","max-image-preview":"max-image-preview:large","max-video-preview":"max-video-preview:-1"},"canonical":"https:\/\/graziamagazine.com\/es\/articles\/los-mejores-looks-de-la-alfombra-roja-del-festival-internacional-de-cine-de-cannes\/","og_locale":"es_ES","og_type":"article","og_title":"Los mejores looks de la alfombra roja del Festival Internacional de Cine de Cannes","og_description":"Los invitados del primer d\u00eda de este festival de cine en Cannes est\u00e1n dej\u00e1ndolo todo en la red carpet llena de estilo, elegancia y joyas.","og_url":"https:\/\/graziamagazine.com\/es\/articles\/los-mejores-looks-de-la-alfombra-roja-del-festival-internacional-de-cine-de-cannes\/","og_site_name":"Grazia","article_modified_time":"2022-05-26T09:58:47+00:00","og_image":[{"url":"https:\/\/graziamagazine.com\/es\/wp-content\/uploads\/sites\/12\/2022\/05\/Captura-de-pantalla-2022-05-19-a-las-12.55.25.png"}],"twitter_card":"summary_large_image","twitter_image":"https:\/\/graziamagazine.com\/es\/wp-content\/uploads\/sites\/12\/2022\/05\/Captura-de-pantalla-2022-05-19-a-las-12.55.25.png","twitter_misc":{"Est. reading time":"3 minutos"},"schema":{"@context":"https:\/\/schema.org","@graph":[{"@type":"WebPage","@id":"https:\/\/graziamagazine.com\/es\/articles\/los-mejores-looks-de-la-alfombra-roja-del-festival-internacional-de-cine-de-cannes\/","url":"https:\/\/graziamagazine.com\/es\/articles\/los-mejores-looks-de-la-alfombra-roja-del-festival-internacional-de-cine-de-cannes\/","name":"Los mejores looks de la alfombra roja del Festival de Cine de Cannes","isPartOf":{"@id":"https:\/\/graziamagazine.com\/es\/#website"},"datePublished":"2022-05-18T09:48:59+00:00","dateModified":"2022-05-26T09:58:47+00:00","description":"Los invitados del primer d\u00eda de este festival de cine en Cannes est\u00e1n dej\u00e1ndolo todo en la red carpet llena de estilo, elegancia y joyas.","breadcrumb":{"@id":"https:\/\/graziamagazine.com\/es\/articles\/los-mejores-looks-de-la-alfombra-roja-del-festival-internacional-de-cine-de-cannes\/#breadcrumb"},"inLanguage":"es","potentialAction":[{"@type":"ReadAction","target":["https:\/\/graziamagazine.com\/es\/articles\/los-mejores-looks-de-la-alfombra-roja-del-festival-internacional-de-cine-de-cannes\/"]}]},{"@type":"BreadcrumbList","@id":"https:\/\/graziamagazine.com\/es\/articles\/los-mejores-looks-de-la-alfombra-roja-del-festival-internacional-de-cine-de-cannes\/#breadcrumb","itemListElement":[{"@type":"ListItem","position":1,"name":"Portada","item":"https:\/\/graziamagazine.com\/es\/"},{"@type":"ListItem","position":2,"name":"Los mejores looks de la alfombra roja del Festival Internacional de Cine de Cannes"}]},{"@type":"WebSite","@id":"https:\/\/graziamagazine.com\/es\/#website","url":"https:\/\/graziamagazine.com\/es\/","name":"Grazia","description":"Moda, belleza, celebrities, estilo de vida...","potentialAction":[{"@type":"SearchAction","target":{"@type":"EntryPoint","urlTemplate":"https:\/\/graziamagazine.com\/es\/?s={search_term_string}"},"query-input":"required name=search_term_string"}],"inLanguage":"es"}]}},"jetpack_sharing_enabled":true,"distributor_meta":false,"distributor_terms":false,"distributor_media":false,"distributor_original_site_name":"Grazia","distributor_original_site_url":"https:\/\/graziamagazine.com\/es","push-errors":false,"_links":{"self":[{"href":"https:\/\/graziamagazine.com\/es\/wp-json\/wp\/v2\/articles\/163286"}],"collection":[{"href":"https:\/\/graziamagazine.com\/es\/wp-json\/wp\/v2\/articles"}],"about":[{"href":"https:\/\/graziamagazine.com\/es\/wp-json\/wp\/v2\/types\/articles"}],"author":[{"embeddable":true,"href":"https:\/\/graziamagazine.com\/es\/wp-json\/wp\/v2\/users\/11653"}],"wp:featuredmedia":[{"embeddable":true,"href":"https:\/\/graziamagazine.com\/es\/wp-json\/wp\/v2\/media\/163466"}],"wp:attachment":[{"href":"https:\/\/graziamagazine.com\/es\/wp-json\/wp\/v2\/media?parent=163286"}],"wp:term":[{"taxonomy":"category","embeddable":true,"href":"https:\/\/graziamagazine.com\/es\/wp-json\/wp\/v2\/categories?post=163286"}],"curies":[{"name":"wp","href":"https:\/\/api.w.org\/{rel}","templated":true}]}}