{"id":163222,"date":"2022-05-17T13:48:05","date_gmt":"2022-05-17T11:48:05","guid":{"rendered":"https:\/\/graziamagazine.com\/es\/?post_type=articles&#038;p=163222"},"modified":"2022-05-17T13:48:05","modified_gmt":"2022-05-17T11:48:05","slug":"barbie-amplia-su-coleccion-mas-inclusiva-barbie-fashionistas-2022","status":"publish","type":"articles","link":"https:\/\/graziamagazine.com\/es\/articles\/barbie-amplia-su-coleccion-mas-inclusiva-barbie-fashionistas-2022\/","title":{"rendered":"Barbie ampl\u00eda su colecci\u00f3n m\u00e1s inclusiva: Barbie Fashionistas 2022"},"content":{"rendered":"<p>Sin duda Barbie ha sido y es una de las mu\u00f1ecas m\u00e1s deseadas, y poco a poco ha ido cambiando su manera de representar el mundo a trav\u00e9s de sus diversas opciones y looks. Para eso se cre\u00f3\u00a0Barbie Fashionistas, la l\u00ednea m\u00e1s diversa e inclusiva de Barbie, y desde su creaci\u00f3n, se han presentado m\u00e1s de 175 <em>looks<\/em>, ofreciendo a las ni\u00f1as una enorme variedad de tonos de piel, colores de ojos, colores y texturas de peinado, tipos de cuerpo, discapacidades y modas para elegir.<\/p>\n<p>Continuando con el camino de la marca hacia una mayor representaci\u00f3n de la diversidad global y la inclusi\u00f3n en el \u00e1mbito de las mu\u00f1ecas de moda, y con el objetivo de permitir que los ni\u00f1os y ni\u00f1as puedan interpretar a\u00fan m\u00e1s realidades del mundo que les rodea, la nueva l\u00ednea de Barbie Fashionistas incluye a <strong>Barbie con implante coclear, Ken con vitiligo, una nueva mu\u00f1eca con pierna prot\u00e9sica y nuevas opciones de Ken con diferentes estilos de peinado.<\/strong><\/p>\n<p><img loading=\"lazy\" decoding=\"async\" class=\"aligncenter wp-image-163227 size-full\" src=\"https:\/\/graziamagazine.com\/es\/wp-content\/uploads\/sites\/12\/2022\/05\/1645778269_youloveit_com_barbie_fashionistas_187_doll2-e1652787814978.jpeg\" alt=\"Barbie ampl\u00eda su colecci\u00f3n m\u00e1s inclusiva: Barbie Fashionistas 2022\" width=\"600\" height=\"600\" \/><\/p>\n<p>La Dra. Jen Richardson, principal autoridad en audiolog\u00eda educativa, a\u00f1ade:\u00a0<em>\u00abMe siento honrada de haber trabajado con Barbie para crear un reflejo exacto de una mu\u00f1eca con implante coclear. Como audi\u00f3loga educativa con m\u00e1s de 18 a\u00f1os de experiencia trabajando en la defensa de la p\u00e9rdida auditiva, es una inspiraci\u00f3n para quienes experimentan la p\u00e9rdida auditiva verse reflejados en una mu\u00f1eca. Estoy encantada de que mis pacientes puedan ver y jugar con una mu\u00f1eca que se les parece\u00bb.<\/em><\/p>\n<h3>Nueva Barbie<\/h3>\n<ul>\n<li>Es la primera mu\u00f1eca Barbie con implante coclear, ampliando a\u00fan m\u00e1s la l\u00ednea Fashionistas para reflejar a las personas con discapacidades, como la p\u00e9rdida de audici\u00f3n.<\/li>\n<li>Adem\u00e1s de la mu\u00f1eca con implante coclear, la l\u00ednea Fashionistas de este a\u00f1o incluye nuevas mu\u00f1ecas con distintos tipos de cuerpo, como busto m\u00e1s peque\u00f1o, con curvas y original, as\u00ed como una nueva mu\u00f1eca Fashionista con pierna prot\u00e9sica.<\/li>\n<\/ul>\n<div class=\"content-gallery\"><div class=\"gallery-placeholder\"><div class=\"spinner\"><\/div><\/div><span class=\"gallery-pagination\"><\/span><div id=\"gallery-1\" class=\"gallery galleryid-163222 gallery-columns- gallery-size-\"><figure class=\"gallery-item\"><div class=\"gallery-icon landscape\"><img loading=\"lazy\" decoding=\"async\" width=\"3600\" height=\"3600\" src=\"https:\/\/graziamagazine.com\/es\/wp-content\/uploads\/sites\/12\/2022\/05\/HBV21_W_22_0624.jpeg\" class=\"lazy\" alt=\"Barbie ampl\u00eda su colecci\u00f3n m\u00e1s inclusiva: Barbie Fashionistas 2022\" \/><\/div><\/figure><figure class=\"gallery-item\"><div class=\"gallery-icon landscape\"><img loading=\"lazy\" decoding=\"async\" width=\"1194\" height=\"3594\" src=\"https:\/\/graziamagazine.com\/es\/wp-content\/uploads\/sites\/12\/2022\/05\/ken.jpeg\" class=\"lazy\" alt=\"Barbie ampl\u00eda su colecci\u00f3n m\u00e1s inclusiva: Barbie Fashionistas 2022\" \/><\/div><\/figure><\/div><\/div>\n<h3>Nuevo Ken<\/h3>\n<ul>\n<li>En 2020, se introdujo la primera Barbie con vitiligo en nuestra l\u00ednea Fashionistas.<\/li>\n<li>Este a\u00f1o, hemos ampliado la oferta para incluir un mu\u00f1eco Ken con vit\u00edligo.<\/li>\n<li>Adem\u00e1s del nuevo mu\u00f1eco Ken con vit\u00edligo, este a\u00f1o presentamos nuevas opciones de Ken con diferentes peinados\u00a0 y tipo de cuerpo.<\/li>\n<\/ul>\n<p><em>*Im\u00e1genes: cortes\u00eda<\/em><\/p>\n","protected":false},"author":11653,"featured_media":163228,"template":"","format":"standard","categories":[2971],"acf":{"banner":null},"yoast_head":"<!-- This site is optimized with the Yoast SEO Premium plugin v18.5 (Yoast SEO v20.4) - https:\/\/yoast.com\/wordpress\/plugins\/seo\/ -->\n<title>Barbie ampl\u00eda su colecci\u00f3n m\u00e1s inclusiva: Barbie Fashionistas 2022<\/title>\n<meta name=\"description\" content=\"Sin duda Barbie ha sido y es una de las mu\u00f1ecas m\u00e1s deseadas, y poco a poco ha ido cambiando su manera de representar el mundo a trav\u00e9s de sus diversas\" \/>\n<meta name=\"robots\" content=\"index, follow, max-snippet:-1, max-image-preview:large, max-video-preview:-1\" \/>\n<link rel=\"canonical\" href=\"https:\/\/graziamagazine.com\/es\/articles\/barbie-amplia-su-coleccion-mas-inclusiva-barbie-fashionistas-2022\/\" \/>\n<meta property=\"og:locale\" content=\"es_ES\" \/>\n<meta property=\"og:type\" content=\"article\" \/>\n<meta property=\"og:title\" content=\"Barbie ampl\u00eda su colecci\u00f3n m\u00e1s inclusiva: Barbie Fashionistas 2022\" \/>\n<meta property=\"og:description\" content=\"Sin duda Barbie ha sido y es una de las mu\u00f1ecas m\u00e1s deseadas, y poco a poco ha ido cambiando su manera de representar el mundo a trav\u00e9s de sus diversas\" \/>\n<meta property=\"og:url\" content=\"https:\/\/graziamagazine.com\/es\/articles\/barbie-amplia-su-coleccion-mas-inclusiva-barbie-fashionistas-2022\/\" \/>\n<meta property=\"og:site_name\" content=\"Grazia\" \/>\n<meta property=\"og:image\" content=\"https:\/\/graziamagazine.com\/es\/wp-content\/uploads\/sites\/12\/2022\/05\/Presentan-linea-Barbie-Fashionista-2022.jpeg?fit=1200%2C630\" \/>\n\t<meta property=\"og:image:width\" content=\"1200\" \/>\n\t<meta property=\"og:image:height\" content=\"630\" \/>\n\t<meta property=\"og:image:type\" content=\"image\/jpeg\" \/>\n<meta name=\"twitter:card\" content=\"summary_large_image\" \/>\n<meta name=\"twitter:label1\" content=\"Est. reading time\" \/>\n\t<meta name=\"twitter:data1\" content=\"2 minutos\" \/>\n<script type=\"application\/ld+json\" class=\"yoast-schema-graph\">{\"@context\":\"https:\/\/schema.org\",\"@graph\":[{\"@type\":\"WebPage\",\"@id\":\"https:\/\/graziamagazine.com\/es\/articles\/barbie-amplia-su-coleccion-mas-inclusiva-barbie-fashionistas-2022\/\",\"url\":\"https:\/\/graziamagazine.com\/es\/articles\/barbie-amplia-su-coleccion-mas-inclusiva-barbie-fashionistas-2022\/\",\"name\":\"Barbie ampl\u00eda su colecci\u00f3n m\u00e1s inclusiva: Barbie Fashionistas 2022\",\"isPartOf\":{\"@id\":\"https:\/\/graziamagazine.com\/es\/#website\"},\"datePublished\":\"2022-05-17T11:48:05+00:00\",\"dateModified\":\"2022-05-17T11:48:05+00:00\",\"description\":\"Sin duda Barbie ha sido y es una de las mu\u00f1ecas m\u00e1s deseadas, y poco a poco ha ido cambiando su manera de representar el mundo a trav\u00e9s de sus diversas\",\"breadcrumb\":{\"@id\":\"https:\/\/graziamagazine.com\/es\/articles\/barbie-amplia-su-coleccion-mas-inclusiva-barbie-fashionistas-2022\/#breadcrumb\"},\"inLanguage\":\"es\",\"potentialAction\":[{\"@type\":\"ReadAction\",\"target\":[\"https:\/\/graziamagazine.com\/es\/articles\/barbie-amplia-su-coleccion-mas-inclusiva-barbie-fashionistas-2022\/\"]}]},{\"@type\":\"BreadcrumbList\",\"@id\":\"https:\/\/graziamagazine.com\/es\/articles\/barbie-amplia-su-coleccion-mas-inclusiva-barbie-fashionistas-2022\/#breadcrumb\",\"itemListElement\":[{\"@type\":\"ListItem\",\"position\":1,\"name\":\"Portada\",\"item\":\"https:\/\/graziamagazine.com\/es\/\"},{\"@type\":\"ListItem\",\"position\":2,\"name\":\"Barbie ampl\u00eda su colecci\u00f3n m\u00e1s inclusiva: Barbie Fashionistas 2022\"}]},{\"@type\":\"WebSite\",\"@id\":\"https:\/\/graziamagazine.com\/es\/#website\",\"url\":\"https:\/\/graziamagazine.com\/es\/\",\"name\":\"Grazia\",\"description\":\"Moda, belleza, celebrities, estilo de vida...\",\"potentialAction\":[{\"@type\":\"SearchAction\",\"target\":{\"@type\":\"EntryPoint\",\"urlTemplate\":\"https:\/\/graziamagazine.com\/es\/?s={search_term_string}\"},\"query-input\":\"required name=search_term_string\"}],\"inLanguage\":\"es\"}]}<\/script>\n<!-- \/ Yoast SEO Premium plugin. -->","yoast_head_json":{"title":"Barbie ampl\u00eda su colecci\u00f3n m\u00e1s inclusiva: Barbie Fashionistas 2022","description":"Sin duda Barbie ha sido y es una de las mu\u00f1ecas m\u00e1s deseadas, y poco a poco ha ido cambiando su manera de representar el mundo a trav\u00e9s de sus diversas","robots":{"index":"index","follow":"follow","max-snippet":"max-snippet:-1","max-image-preview":"max-image-preview:large","max-video-preview":"max-video-preview:-1"},"canonical":"https:\/\/graziamagazine.com\/es\/articles\/barbie-amplia-su-coleccion-mas-inclusiva-barbie-fashionistas-2022\/","og_locale":"es_ES","og_type":"article","og_title":"Barbie ampl\u00eda su colecci\u00f3n m\u00e1s inclusiva: Barbie Fashionistas 2022","og_description":"Sin duda Barbie ha sido y es una de las mu\u00f1ecas m\u00e1s deseadas, y poco a poco ha ido cambiando su manera de representar el mundo a trav\u00e9s de sus diversas","og_url":"https:\/\/graziamagazine.com\/es\/articles\/barbie-amplia-su-coleccion-mas-inclusiva-barbie-fashionistas-2022\/","og_site_name":"Grazia","og_image":[{"width":1200,"height":630,"url":"https:\/\/graziamagazine.com\/es\/wp-content\/uploads\/sites\/12\/2022\/05\/Presentan-linea-Barbie-Fashionista-2022.jpeg?fit=1200%2C630","type":"image\/jpeg"}],"twitter_card":"summary_large_image","twitter_misc":{"Est. reading time":"2 minutos"},"schema":{"@context":"https:\/\/schema.org","@graph":[{"@type":"WebPage","@id":"https:\/\/graziamagazine.com\/es\/articles\/barbie-amplia-su-coleccion-mas-inclusiva-barbie-fashionistas-2022\/","url":"https:\/\/graziamagazine.com\/es\/articles\/barbie-amplia-su-coleccion-mas-inclusiva-barbie-fashionistas-2022\/","name":"Barbie ampl\u00eda su colecci\u00f3n m\u00e1s inclusiva: Barbie Fashionistas 2022","isPartOf":{"@id":"https:\/\/graziamagazine.com\/es\/#website"},"datePublished":"2022-05-17T11:48:05+00:00","dateModified":"2022-05-17T11:48:05+00:00","description":"Sin duda Barbie ha sido y es una de las mu\u00f1ecas m\u00e1s deseadas, y poco a poco ha ido cambiando su manera de representar el mundo a trav\u00e9s de sus diversas","breadcrumb":{"@id":"https:\/\/graziamagazine.com\/es\/articles\/barbie-amplia-su-coleccion-mas-inclusiva-barbie-fashionistas-2022\/#breadcrumb"},"inLanguage":"es","potentialAction":[{"@type":"ReadAction","target":["https:\/\/graziamagazine.com\/es\/articles\/barbie-amplia-su-coleccion-mas-inclusiva-barbie-fashionistas-2022\/"]}]},{"@type":"BreadcrumbList","@id":"https:\/\/graziamagazine.com\/es\/articles\/barbie-amplia-su-coleccion-mas-inclusiva-barbie-fashionistas-2022\/#breadcrumb","itemListElement":[{"@type":"ListItem","position":1,"name":"Portada","item":"https:\/\/graziamagazine.com\/es\/"},{"@type":"ListItem","position":2,"name":"Barbie ampl\u00eda su colecci\u00f3n m\u00e1s inclusiva: Barbie Fashionistas 2022"}]},{"@type":"WebSite","@id":"https:\/\/graziamagazine.com\/es\/#website","url":"https:\/\/graziamagazine.com\/es\/","name":"Grazia","description":"Moda, belleza, celebrities, estilo de vida...","potentialAction":[{"@type":"SearchAction","target":{"@type":"EntryPoint","urlTemplate":"https:\/\/graziamagazine.com\/es\/?s={search_term_string}"},"query-input":"required name=search_term_string"}],"inLanguage":"es"}]}},"jetpack_sharing_enabled":true,"distributor_meta":false,"distributor_terms":false,"distributor_media":false,"distributor_original_site_name":"Grazia","distributor_original_site_url":"https:\/\/graziamagazine.com\/es","push-errors":false,"_links":{"self":[{"href":"https:\/\/graziamagazine.com\/es\/wp-json\/wp\/v2\/articles\/163222"}],"collection":[{"href":"https:\/\/graziamagazine.com\/es\/wp-json\/wp\/v2\/articles"}],"about":[{"href":"https:\/\/graziamagazine.com\/es\/wp-json\/wp\/v2\/types\/articles"}],"author":[{"embeddable":true,"href":"https:\/\/graziamagazine.com\/es\/wp-json\/wp\/v2\/users\/11653"}],"wp:featuredmedia":[{"embeddable":true,"href":"https:\/\/graziamagazine.com\/es\/wp-json\/wp\/v2\/media\/163228"}],"wp:attachment":[{"href":"https:\/\/graziamagazine.com\/es\/wp-json\/wp\/v2\/media?parent=163222"}],"wp:term":[{"taxonomy":"category","embeddable":true,"href":"https:\/\/graziamagazine.com\/es\/wp-json\/wp\/v2\/categories?post=163222"}],"curies":[{"name":"wp","href":"https:\/\/api.w.org\/{rel}","templated":true}]}}