{"id":162990,"date":"2022-05-04T11:13:04","date_gmt":"2022-05-04T09:13:04","guid":{"rendered":"https:\/\/graziamagazine.com\/es\/?post_type=articles&#038;p=162990"},"modified":"2022-05-04T11:13:04","modified_gmt":"2022-05-04T09:13:04","slug":"el-mensaje-body-positive-de-camila-cabello-que-se-ha-hecho-viral","status":"publish","type":"articles","link":"https:\/\/graziamagazine.com\/es\/articles\/el-mensaje-body-positive-de-camila-cabello-que-se-ha-hecho-viral\/","title":{"rendered":"El mensaje body positive de Camila Cabello que se ha hecho viral"},"content":{"rendered":"<p><span style=\"font-weight: 400\">La famosa marca de lencer\u00eda, <a href=\"https:\/\/graziamagazine.com\/mx\/articles\/happy-nation-la-marca-de-victorias-secret-dirigida-a-preadolescentes\/\"><strong>Victoria\u2019s Secret<\/strong> <\/a>sigue rompiendo los c\u00e1nones de belleza, pues en esta ocasi\u00f3n la cantante <strong>Camila Cabello<\/strong> fue la portadora de voz al lanzar un gran mensaje sobre aceptaci\u00f3n para la nueva campa\u00f1a Bombshell, una de las fragancias m\u00e1s populares de Victoria\u2019s Secret, la cual fue protagonizada por <a href=\"https:\/\/graziamagazine.com\/mx\/articles\/camila-cabello-comparte-su-nueva-melena-en-redes-sociales-y-a-sus-fans-les-encanta\/\">Camila Cabello<\/a>.<\/span><\/p>\n<p><span style=\"font-weight: 400\">Para Camila esta campa\u00f1a signific\u00f3 mucho, pues el poder alzar su voz y sentirse orgullosa de su origen cubano y su residencia de Estados Unidos la han llevado a compartir el gran amor y cuidado que las mujeres deben tener por ellas mismas y aceptarse tal y como son.<\/span><\/p>\n<p><span style=\"font-weight: 400\">Adem\u00e1s esta campa\u00f1a ha dejado maravillosas experiencias, pues para Camila Cabello el reconectarse con sus seguidores es fundamental para poder enviar uno de los mensajes que ella misma considera uno de los m\u00e1s relevantes para la \u00e9poca en la que vivimos: <strong>la aceptaci\u00f3n personal.<\/strong><\/span><\/p>\n<figure id=\"attachment_110977\" class=\"wp-caption alignnone\" style=\"width: 768px\" aria-describedby=\"caption-attachment-110977\"><img loading=\"lazy\" decoding=\"async\" class=\"wp-image-110977 size-large\" src=\"https:\/\/graziamagazine.com\/mx\/wp-content\/uploads\/sites\/13\/2022\/05\/Camila-Cabello-\u00a1-Bombshell-de-Victorias-Secret-1.jpg?w=768&amp;resize=768%2C1024\" alt=\"El mensaje de aceptaci\u00f3n de Camila Cabello da la vuelta al mundo\" width=\"768\" height=\"1024\" data-recalc-dims=\"1\" \/><\/figure>\n<blockquote><p><span style=\"font-weight: 400\">\u201cPara m\u00ed, ser una Bombshell es ser exactamente quien eres y tener el coraje de celebrarlo todos los d\u00edas. Estoy emocionada de unirme a Victoria \u2018s Secret para celebrar la Bombshell que existe en cada mujer\u201d, comenta Camila.<\/span><\/p><\/blockquote>\n<p><span style=\"font-weight: 400\">La colaboraci\u00f3n entre la cantante y la marca de lencer\u00eda han conectado de manera muy especial, pues se trata de la <strong>primera campa\u00f1a biling\u00fce<\/strong> en la que la artista habla en ingl\u00e9s y en espa\u00f1ol en los anuncios de la campa\u00f1a, brillando no s\u00f3lo por su belleza, sino por el orgullo que transmite sobre sus or\u00edgenes como <strong>mexicana-cubana<\/strong> rompiendo estereotipos que la sociedad ha impartido, c\u00e1nones de belleza e ideolog\u00edas con la que la cantante se siente identificada.<\/span><\/p>\n<blockquote class=\"instagram-media\" style=\"background: #FFF;border: 0;border-radius: 3px;margin: 1px;max-width: 500px;min-width: 326px;padding: 0;width: calc(100% - 2px)\" data-instgrm-captioned=\"\" data-instgrm-permalink=\"https:\/\/www.instagram.com\/p\/Cc3Ka3DJJWF\/?utm_source=ig_embed&amp;utm_campaign=loading\" data-instgrm-version=\"14\">\n<div style=\"padding: 16px\">\n<p>&nbsp;<\/p>\n<div style=\"flex-direction: row;align-items: center\">\n<div style=\"background-color: #f4f4f4;border-radius: 50%;flex-grow: 0;height: 40px;margin-right: 14px;width: 40px\"><\/div>\n<div style=\"flex-direction: column;flex-grow: 1;justify-content: center\">\n<div style=\"background-color: #f4f4f4;border-radius: 4px;flex-grow: 0;height: 14px;margin-bottom: 6px;width: 100px\"><\/div>\n<div style=\"background-color: #f4f4f4;border-radius: 4px;flex-grow: 0;height: 14px;width: 60px\"><\/div>\n<\/div>\n<\/div>\n<div style=\"padding: 19% 0\"><\/div>\n<div style=\"height: 50px;margin: 0 auto 12px;width: 50px\"><\/div>\n<div style=\"padding-top: 8px\">\n<div style=\"color: #3897f0;font-family: Arial,sans-serif;font-size: 14px;font-style: normal;font-weight: 550;line-height: 18px\">View this post on Instagram<\/div>\n<\/div>\n<div style=\"padding: 12.5% 0\"><\/div>\n<div style=\"flex-direction: row;margin-bottom: 14px;align-items: center\">\n<div>\n<div style=\"background-color: #f4f4f4;border-radius: 50%;height: 12.5px;width: 12.5px\"><\/div>\n<div style=\"background-color: #f4f4f4;height: 12.5px;width: 12.5px;flex-grow: 0;margin-right: 14px;margin-left: 2px\"><\/div>\n<div style=\"background-color: #f4f4f4;border-radius: 50%;height: 12.5px;width: 12.5px\"><\/div>\n<\/div>\n<div style=\"margin-left: 8px\">\n<div style=\"background-color: #f4f4f4;border-radius: 50%;flex-grow: 0;height: 20px;width: 20px\"><\/div>\n<div style=\"width: 0;height: 0;border-top: 2px solid transparent;border-left: 6px solid #f4f4f4;border-bottom: 2px solid transparent\"><\/div>\n<\/div>\n<div style=\"margin-left: auto\">\n<div style=\"width: 0px;border-top: 8px solid #F4F4F4;border-right: 8px solid transparent\"><\/div>\n<div style=\"background-color: #f4f4f4;flex-grow: 0;height: 12px;width: 16px\"><\/div>\n<div style=\"width: 0;height: 0;border-top: 8px solid #F4F4F4;border-left: 8px solid transparent\"><\/div>\n<\/div>\n<\/div>\n<div style=\"flex-direction: column;flex-grow: 1;justify-content: center;margin-bottom: 24px\">\n<div style=\"background-color: #f4f4f4;border-radius: 4px;flex-grow: 0;height: 14px;margin-bottom: 6px;width: 224px\"><\/div>\n<div style=\"background-color: #f4f4f4;border-radius: 4px;flex-grow: 0;height: 14px;width: 144px\"><\/div>\n<\/div>\n<p>&nbsp;<\/p>\n<p style=\"color: #c9c8cd;font-family: Arial,sans-serif;font-size: 14px;line-height: 17px;margin-bottom: 0;margin-top: 8px;overflow: hidden;padding: 8px 0 7px;text-align: center\"><a href=\"https:\/\/www.instagram.com\/p\/Cc3Ka3DJJWF\/?utm_source=ig_embed&amp;utm_campaign=loading\"style=\"color: #c9c8cd;font-family: Arial,sans-serif;font-size: 14px;font-style: normal;font-weight: normal;line-height: 17px;text-decoration: none\"  target=\"_blank\" rel=\"noopener\" target=\"_blank\">A post shared by Victoria&#8217;s Secret (@victoriassecret)<\/a><\/p>\n<\/div>\n<\/blockquote>\n<p><span style=\"font-weight: 400\">\u201cEsta campa\u00f1a es muy especial para m\u00ed. Mi herencia mexicano-cubana est\u00e1 en el centro de lo que soy y es algo a lo que realmente volv\u00ed con mi \u00e1lbum \u2018Familia\u2019 y me reconect\u00e9 con todo y con todos los que amo. Poder sentirme orgulloso y seguro de ser yo mismo en esta campa\u00f1a y que se celebre de esta manera y en esta escala, es incre\u00edble\u201d, comparte.<\/span><\/p>\n<p><span style=\"font-weight: 400\">Dentro de la campa\u00f1a tambi\u00e9n nos encontramos con la directora y fot\u00f3grafa <strong>Zoey Grossman<\/strong>, quien fue la encargada de darle vida a este concepto adem\u00e1s de ser la directora del cortometraje de moda en el a\u00f1o 2015 de <\/span><strong>\u201cBB Dakota: The Escape\u201d.<\/strong><\/p>\n<p><span style=\"font-weight: 400\">Para ambas fue una gran experiencia, pues compartir esta experiencia ha sensibilizado mucho la manera de ver el mundo adem\u00e1s de trabajar con personas que tienen un gran talento y energ\u00eda. \u201cTiene una forma natural de capturar la autenticidad de una persona. Desde el momento en que comenzamos a hacer las im\u00e1genes, me dej\u00f3 ser quien soy, tom\u00f3 la energ\u00eda que buscaba con cada imagen y lo captur\u00f3 todo de tal manera convincente. Fue un d\u00eda muy divertido en el set: el equipo me anim\u00f3 a darle vida a la fragancia de la manera que quer\u00eda y todos celebramos esta visi\u00f3n de Bombshell juntos\u201d, a\u00f1adi\u00f3 Camila.<\/span><\/p>\n<p><em>*Imagen: cortes\u00eda<\/em><\/p>\n","protected":false},"author":16349,"featured_media":162999,"template":"","format":"standard","categories":[13,1],"acf":[],"yoast_head":"<!-- This site is optimized with the Yoast SEO Premium plugin v18.5 (Yoast SEO v20.4) - https:\/\/yoast.com\/wordpress\/plugins\/seo\/ -->\n<title>El mensaje body positive de Camila Cabello que se ha hecho viral<\/title>\n<meta name=\"description\" content=\"Camilla Cabello se enorgullece de sus ra\u00edces y lanza mensaje de aceptaci\u00f3n en su primera colaboraci\u00f3n junto a Bombshell de Victoria\u2019s Secret.\" \/>\n<meta name=\"robots\" content=\"index, follow, max-snippet:-1, max-image-preview:large, max-video-preview:-1\" \/>\n<link rel=\"canonical\" href=\"https:\/\/graziamagazine.com\/es\/articles\/el-mensaje-body-positive-de-camila-cabello-que-se-ha-hecho-viral\/\" \/>\n<meta property=\"og:locale\" content=\"es_ES\" \/>\n<meta property=\"og:type\" content=\"article\" \/>\n<meta property=\"og:title\" content=\"El mensaje body positive de Camila Cabello que se ha hecho viral\" \/>\n<meta property=\"og:description\" content=\"Camilla Cabello se enorgullece de sus ra\u00edces y lanza mensaje de aceptaci\u00f3n en su primera colaboraci\u00f3n junto a Bombshell de Victoria\u2019s Secret.\" \/>\n<meta property=\"og:url\" content=\"https:\/\/graziamagazine.com\/es\/articles\/el-mensaje-body-positive-de-camila-cabello-que-se-ha-hecho-viral\/\" \/>\n<meta property=\"og:site_name\" content=\"Grazia\" \/>\n<meta property=\"og:image\" content=\"https:\/\/graziamagazine.com\/es\/wp-content\/uploads\/sites\/12\/2022\/05\/279128460_523433985989433_7244550358819676982_n-e1651655520796.jpg?fit=1399%2C1273\" \/>\n\t<meta property=\"og:image:width\" content=\"1399\" \/>\n\t<meta property=\"og:image:height\" content=\"1273\" \/>\n\t<meta property=\"og:image:type\" content=\"image\/jpeg\" \/>\n<meta name=\"twitter:card\" content=\"summary_large_image\" \/>\n<meta name=\"twitter:label1\" content=\"Est. reading time\" \/>\n\t<meta name=\"twitter:data1\" content=\"3 minutos\" \/>\n<script type=\"application\/ld+json\" class=\"yoast-schema-graph\">{\"@context\":\"https:\/\/schema.org\",\"@graph\":[{\"@type\":\"WebPage\",\"@id\":\"https:\/\/graziamagazine.com\/es\/articles\/el-mensaje-body-positive-de-camila-cabello-que-se-ha-hecho-viral\/\",\"url\":\"https:\/\/graziamagazine.com\/es\/articles\/el-mensaje-body-positive-de-camila-cabello-que-se-ha-hecho-viral\/\",\"name\":\"El mensaje body positive de Camila Cabello que se ha hecho viral\",\"isPartOf\":{\"@id\":\"https:\/\/graziamagazine.com\/es\/#website\"},\"datePublished\":\"2022-05-04T09:13:04+00:00\",\"dateModified\":\"2022-05-04T09:13:04+00:00\",\"description\":\"Camilla Cabello se enorgullece de sus ra\u00edces y lanza mensaje de aceptaci\u00f3n en su primera colaboraci\u00f3n junto a Bombshell de Victoria\u2019s Secret.\",\"breadcrumb\":{\"@id\":\"https:\/\/graziamagazine.com\/es\/articles\/el-mensaje-body-positive-de-camila-cabello-que-se-ha-hecho-viral\/#breadcrumb\"},\"inLanguage\":\"es\",\"potentialAction\":[{\"@type\":\"ReadAction\",\"target\":[\"https:\/\/graziamagazine.com\/es\/articles\/el-mensaje-body-positive-de-camila-cabello-que-se-ha-hecho-viral\/\"]}]},{\"@type\":\"BreadcrumbList\",\"@id\":\"https:\/\/graziamagazine.com\/es\/articles\/el-mensaje-body-positive-de-camila-cabello-que-se-ha-hecho-viral\/#breadcrumb\",\"itemListElement\":[{\"@type\":\"ListItem\",\"position\":1,\"name\":\"Portada\",\"item\":\"https:\/\/graziamagazine.com\/es\/\"},{\"@type\":\"ListItem\",\"position\":2,\"name\":\"El mensaje body positive de Camila Cabello que se ha hecho viral\"}]},{\"@type\":\"WebSite\",\"@id\":\"https:\/\/graziamagazine.com\/es\/#website\",\"url\":\"https:\/\/graziamagazine.com\/es\/\",\"name\":\"Grazia\",\"description\":\"Moda, belleza, celebrities, estilo de vida...\",\"potentialAction\":[{\"@type\":\"SearchAction\",\"target\":{\"@type\":\"EntryPoint\",\"urlTemplate\":\"https:\/\/graziamagazine.com\/es\/?s={search_term_string}\"},\"query-input\":\"required name=search_term_string\"}],\"inLanguage\":\"es\"}]}<\/script>\n<!-- \/ Yoast SEO Premium plugin. -->","yoast_head_json":{"title":"El mensaje body positive de Camila Cabello que se ha hecho viral","description":"Camilla Cabello se enorgullece de sus ra\u00edces y lanza mensaje de aceptaci\u00f3n en su primera colaboraci\u00f3n junto a Bombshell de Victoria\u2019s Secret.","robots":{"index":"index","follow":"follow","max-snippet":"max-snippet:-1","max-image-preview":"max-image-preview:large","max-video-preview":"max-video-preview:-1"},"canonical":"https:\/\/graziamagazine.com\/es\/articles\/el-mensaje-body-positive-de-camila-cabello-que-se-ha-hecho-viral\/","og_locale":"es_ES","og_type":"article","og_title":"El mensaje body positive de Camila Cabello que se ha hecho viral","og_description":"Camilla Cabello se enorgullece de sus ra\u00edces y lanza mensaje de aceptaci\u00f3n en su primera colaboraci\u00f3n junto a Bombshell de Victoria\u2019s Secret.","og_url":"https:\/\/graziamagazine.com\/es\/articles\/el-mensaje-body-positive-de-camila-cabello-que-se-ha-hecho-viral\/","og_site_name":"Grazia","og_image":[{"width":1399,"height":1273,"url":"https:\/\/graziamagazine.com\/es\/wp-content\/uploads\/sites\/12\/2022\/05\/279128460_523433985989433_7244550358819676982_n-e1651655520796.jpg?fit=1399%2C1273","type":"image\/jpeg"}],"twitter_card":"summary_large_image","twitter_misc":{"Est. reading time":"3 minutos"},"schema":{"@context":"https:\/\/schema.org","@graph":[{"@type":"WebPage","@id":"https:\/\/graziamagazine.com\/es\/articles\/el-mensaje-body-positive-de-camila-cabello-que-se-ha-hecho-viral\/","url":"https:\/\/graziamagazine.com\/es\/articles\/el-mensaje-body-positive-de-camila-cabello-que-se-ha-hecho-viral\/","name":"El mensaje body positive de Camila Cabello que se ha hecho viral","isPartOf":{"@id":"https:\/\/graziamagazine.com\/es\/#website"},"datePublished":"2022-05-04T09:13:04+00:00","dateModified":"2022-05-04T09:13:04+00:00","description":"Camilla Cabello se enorgullece de sus ra\u00edces y lanza mensaje de aceptaci\u00f3n en su primera colaboraci\u00f3n junto a Bombshell de Victoria\u2019s Secret.","breadcrumb":{"@id":"https:\/\/graziamagazine.com\/es\/articles\/el-mensaje-body-positive-de-camila-cabello-que-se-ha-hecho-viral\/#breadcrumb"},"inLanguage":"es","potentialAction":[{"@type":"ReadAction","target":["https:\/\/graziamagazine.com\/es\/articles\/el-mensaje-body-positive-de-camila-cabello-que-se-ha-hecho-viral\/"]}]},{"@type":"BreadcrumbList","@id":"https:\/\/graziamagazine.com\/es\/articles\/el-mensaje-body-positive-de-camila-cabello-que-se-ha-hecho-viral\/#breadcrumb","itemListElement":[{"@type":"ListItem","position":1,"name":"Portada","item":"https:\/\/graziamagazine.com\/es\/"},{"@type":"ListItem","position":2,"name":"El mensaje body positive de Camila Cabello que se ha hecho viral"}]},{"@type":"WebSite","@id":"https:\/\/graziamagazine.com\/es\/#website","url":"https:\/\/graziamagazine.com\/es\/","name":"Grazia","description":"Moda, belleza, celebrities, estilo de vida...","potentialAction":[{"@type":"SearchAction","target":{"@type":"EntryPoint","urlTemplate":"https:\/\/graziamagazine.com\/es\/?s={search_term_string}"},"query-input":"required name=search_term_string"}],"inLanguage":"es"}]}},"jetpack_sharing_enabled":true,"distributor_meta":false,"distributor_terms":false,"distributor_media":false,"distributor_original_site_name":"Grazia","distributor_original_site_url":"https:\/\/graziamagazine.com\/es","push-errors":false,"_links":{"self":[{"href":"https:\/\/graziamagazine.com\/es\/wp-json\/wp\/v2\/articles\/162990"}],"collection":[{"href":"https:\/\/graziamagazine.com\/es\/wp-json\/wp\/v2\/articles"}],"about":[{"href":"https:\/\/graziamagazine.com\/es\/wp-json\/wp\/v2\/types\/articles"}],"author":[{"embeddable":true,"href":"https:\/\/graziamagazine.com\/es\/wp-json\/wp\/v2\/users\/16349"}],"wp:featuredmedia":[{"embeddable":true,"href":"https:\/\/graziamagazine.com\/es\/wp-json\/wp\/v2\/media\/162999"}],"wp:attachment":[{"href":"https:\/\/graziamagazine.com\/es\/wp-json\/wp\/v2\/media?parent=162990"}],"wp:term":[{"taxonomy":"category","embeddable":true,"href":"https:\/\/graziamagazine.com\/es\/wp-json\/wp\/v2\/categories?post=162990"}],"curies":[{"name":"wp","href":"https:\/\/api.w.org\/{rel}","templated":true}]}}