{"id":162955,"date":"2022-05-03T00:36:41","date_gmt":"2022-05-02T22:36:41","guid":{"rendered":"https:\/\/graziamagazine.com\/es\/?post_type=articles&#038;p=162955"},"modified":"2022-05-03T13:24:27","modified_gmt":"2022-05-03T11:24:27","slug":"los-mejores-looks-de-la-alfombra-roja-de-la-gala-met-2022","status":"publish","type":"articles","link":"https:\/\/graziamagazine.com\/es\/articles\/los-mejores-looks-de-la-alfombra-roja-de-la-gala-met-2022\/","title":{"rendered":"Los mejores looks de la alfombra roja de la Gala MET 2022"},"content":{"rendered":"<p><span style=\"font-weight: 400\">El lunes m\u00e1s esperado del a\u00f1o ya est\u00e1 aqu\u00ed con la celebraci\u00f3n de la<strong> Met Gala 2022. <\/strong><\/span><span style=\"font-weight: 400\">Este a\u00f1o, contin\u00faa la misma tem\u00e1tica que el a\u00f1o pasado: la moda estadounidense como protagonista. <\/span><span style=\"font-weight: 400\">Al igual que en 2021, los invitados deben seguir el c\u00f3digo de vestimenta \u201c<em><strong>Gilded glamour and White tie<\/strong><\/em>\u201c, es decir, un<em> flashback<\/em> a la edad de oro de la moda de Estados Unidos.<\/span><\/p>\n<p><span style=\"font-weight: 400\">Eso s\u00ed, con toda la extravagancia que caracteriza a este magno evento.<\/span><\/p>\n<h3><strong>\u00bfCu\u00e1ndo fue la \u00c9poca Dorada?<\/strong><\/h3>\n<p><span style=\"font-weight: 400\">En este pa\u00eds, la Edad Dorada inici\u00f3 en los a\u00f1os 1870 y termin\u00f3 por ah\u00ed de 1890.\u00a0 <\/span><span style=\"font-weight: 400\">Seg\u00fan el Museo Smithsonian, en esta era los estadounidenses comenzaban a experimentar cambios en la tecnolog\u00eda, cultura y pol\u00edtica. <\/span><span style=\"font-weight: 400\">La primera vez que se escuch\u00f3 ese t\u00e9rmino fue a ra\u00edz de la novela \u201c<em><strong>The Gilded Age: A Tale of Today<\/strong><\/em>\u201d de <strong>Mark Twain en 1873<\/strong>, aclara el museo.<\/span><\/p>\n<h3><strong>Lo mejor de la alfombra roja<\/strong><\/h3>\n<h4>Blake Lively en Atelier Versace<\/h4>\n<p><img loading=\"lazy\" decoding=\"async\" class=\"aligncenter wp-image-110924 size-large\" src=\"https:\/\/graziamagazine.com\/mx\/wp-content\/uploads\/sites\/13\/2022\/05\/blake-lively.jpeg?w=1024&amp;resize=1024%2C999\" alt=\"met gala 2022\" width=\"1024\" height=\"999\" data-recalc-dims=\"1\" \/><\/p>\n<blockquote class=\"instagram-media\" data-instgrm-captioned data-instgrm-permalink=\"https:\/\/www.instagram.com\/tv\/CdEn0TnDP9i\/?utm_source=ig_embed&amp;utm_campaign=loading\" data-instgrm-version=\"14\" style=\" background:#FFF; border:0; border-radius:3px; box-shadow:0 0 1px 0 rgba(0,0,0,0.5),0 1px 10px 0 rgba(0,0,0,0.15); margin: 1px; max-width:500px; min-width:326px; padding:0; width:99.375%; width:-webkit-calc(100% - 2px); width:calc(100% - 2px);\">\n<div style=\"padding:16px;\"> <a href=\"https:\/\/www.instagram.com\/tv\/CdEn0TnDP9i\/?utm_source=ig_embed&amp;utm_campaign=loading\" style=\" background:#FFFFFF; line-height:0; padding:0 0; text-align:center; text-decoration:none; width:100%;\" target=\"_blank\"> <\/p>\n<div style=\" display: flex; flex-direction: row; align-items: center;\">\n<div style=\"background-color: #F4F4F4; border-radius: 50%; flex-grow: 0; height: 40px; margin-right: 14px; width: 40px;\"><\/div>\n<div style=\"display: flex; flex-direction: column; flex-grow: 1; justify-content: center;\">\n<div style=\" background-color: #F4F4F4; border-radius: 4px; flex-grow: 0; height: 14px; margin-bottom: 6px; width: 100px;\"><\/div>\n<div style=\" background-color: #F4F4F4; border-radius: 4px; flex-grow: 0; height: 14px; width: 60px;\"><\/div>\n<\/div>\n<\/div>\n<div style=\"padding: 19% 0;\"><\/div>\n<div style=\"display:block; height:50px; margin:0 auto 12px; width:50px;\"><svg width=\"50px\" height=\"50px\" viewBox=\"0 0 60 60\" version=\"1.1\" xmlns=\"https:\/\/www.w3.org\/2000\/svg\" xmlns:xlink=\"https:\/\/www.w3.org\/1999\/xlink\"><g stroke=\"none\" stroke-width=\"1\" fill=\"none\" fill-rule=\"evenodd\"><g transform=\"translate(-511.000000, -20.000000)\" fill=\"#000000\"><g><path d=\"M556.869,30.41 C554.814,30.41 553.148,32.076 553.148,34.131 C553.148,36.186 554.814,37.852 556.869,37.852 C558.924,37.852 560.59,36.186 560.59,34.131 C560.59,32.076 558.924,30.41 556.869,30.41 M541,60.657 C535.114,60.657 530.342,55.887 530.342,50 C530.342,44.114 535.114,39.342 541,39.342 C546.887,39.342 551.658,44.114 551.658,50 C551.658,55.887 546.887,60.657 541,60.657 M541,33.886 C532.1,33.886 524.886,41.1 524.886,50 C524.886,58.899 532.1,66.113 541,66.113 C549.9,66.113 557.115,58.899 557.115,50 C557.115,41.1 549.9,33.886 541,33.886 M565.378,62.101 C565.244,65.022 564.756,66.606 564.346,67.663 C563.803,69.06 563.154,70.057 562.106,71.106 C561.058,72.155 560.06,72.803 558.662,73.347 C557.607,73.757 556.021,74.244 553.102,74.378 C549.944,74.521 548.997,74.552 541,74.552 C533.003,74.552 532.056,74.521 528.898,74.378 C525.979,74.244 524.393,73.757 523.338,73.347 C521.94,72.803 520.942,72.155 519.894,71.106 C518.846,70.057 518.197,69.06 517.654,67.663 C517.244,66.606 516.755,65.022 516.623,62.101 C516.479,58.943 516.448,57.996 516.448,50 C516.448,42.003 516.479,41.056 516.623,37.899 C516.755,34.978 517.244,33.391 517.654,32.338 C518.197,30.938 518.846,29.942 519.894,28.894 C520.942,27.846 521.94,27.196 523.338,26.654 C524.393,26.244 525.979,25.756 528.898,25.623 C532.057,25.479 533.004,25.448 541,25.448 C548.997,25.448 549.943,25.479 553.102,25.623 C556.021,25.756 557.607,26.244 558.662,26.654 C560.06,27.196 561.058,27.846 562.106,28.894 C563.154,29.942 563.803,30.938 564.346,32.338 C564.756,33.391 565.244,34.978 565.378,37.899 C565.522,41.056 565.552,42.003 565.552,50 C565.552,57.996 565.522,58.943 565.378,62.101 M570.82,37.631 C570.674,34.438 570.167,32.258 569.425,30.349 C568.659,28.377 567.633,26.702 565.965,25.035 C564.297,23.368 562.623,22.342 560.652,21.575 C558.743,20.834 556.562,20.326 553.369,20.18 C550.169,20.033 549.148,20 541,20 C532.853,20 531.831,20.033 528.631,20.18 C525.438,20.326 523.257,20.834 521.349,21.575 C519.376,22.342 517.703,23.368 516.035,25.035 C514.368,26.702 513.342,28.377 512.574,30.349 C511.834,32.258 511.326,34.438 511.181,37.631 C511.035,40.831 511,41.851 511,50 C511,58.147 511.035,59.17 511.181,62.369 C511.326,65.562 511.834,67.743 512.574,69.651 C513.342,71.625 514.368,73.296 516.035,74.965 C517.703,76.634 519.376,77.658 521.349,78.425 C523.257,79.167 525.438,79.673 528.631,79.82 C531.831,79.965 532.853,80.001 541,80.001 C549.148,80.001 550.169,79.965 553.369,79.82 C556.562,79.673 558.743,79.167 560.652,78.425 C562.623,77.658 564.297,76.634 565.965,74.965 C567.633,73.296 568.659,71.625 569.425,69.651 C570.167,67.743 570.674,65.562 570.82,62.369 C570.966,59.17 571,58.147 571,50 C571,41.851 570.966,40.831 570.82,37.631\"><\/path><\/g><\/g><\/g><\/svg><\/div>\n<div style=\"padding-top: 8px;\">\n<div style=\" color:#3897f0; font-family:Arial,sans-serif; font-size:14px; font-style:normal; font-weight:550; line-height:18px;\">View this post on Instagram<\/div>\n<\/div>\n<div style=\"padding: 12.5% 0;\"><\/div>\n<div style=\"display: flex; flex-direction: row; margin-bottom: 14px; align-items: center;\">\n<div>\n<div style=\"background-color: #F4F4F4; border-radius: 50%; height: 12.5px; width: 12.5px; transform: translateX(0px) translateY(7px);\"><\/div>\n<div style=\"background-color: #F4F4F4; height: 12.5px; transform: rotate(-45deg) translateX(3px) translateY(1px); width: 12.5px; flex-grow: 0; margin-right: 14px; margin-left: 2px;\"><\/div>\n<div style=\"background-color: #F4F4F4; border-radius: 50%; height: 12.5px; width: 12.5px; transform: translateX(9px) translateY(-18px);\"><\/div>\n<\/div>\n<div style=\"margin-left: 8px;\">\n<div style=\" background-color: #F4F4F4; border-radius: 50%; flex-grow: 0; height: 20px; width: 20px;\"><\/div>\n<div style=\" width: 0; height: 0; border-top: 2px solid transparent; border-left: 6px solid #f4f4f4; border-bottom: 2px solid transparent; transform: translateX(16px) translateY(-4px) rotate(30deg)\"><\/div>\n<\/div>\n<div style=\"margin-left: auto;\">\n<div style=\" width: 0px; border-top: 8px solid #F4F4F4; border-right: 8px solid transparent; transform: translateY(16px);\"><\/div>\n<div style=\" background-color: #F4F4F4; flex-grow: 0; height: 12px; width: 16px; transform: translateY(-4px);\"><\/div>\n<div style=\" width: 0; height: 0; border-top: 8px solid #F4F4F4; border-left: 8px solid transparent; transform: translateY(-4px) translateX(8px);\"><\/div>\n<\/div>\n<\/div>\n<div style=\"display: flex; flex-direction: column; flex-grow: 1; justify-content: center; margin-bottom: 24px;\">\n<div style=\" background-color: #F4F4F4; border-radius: 4px; flex-grow: 0; height: 14px; margin-bottom: 6px; width: 224px;\"><\/div>\n<div style=\" background-color: #F4F4F4; border-radius: 4px; flex-grow: 0; height: 14px; width: 144px;\"><\/div>\n<\/div>\n<p><\/a><\/p>\n<p style=\" color:#c9c8cd; font-family:Arial,sans-serif; font-size:14px; line-height:17px; margin-bottom:0; margin-top:8px; overflow:hidden; padding:8px 0 7px; text-align:center; text-overflow:ellipsis; white-space:nowrap;\"><a href=\"https:\/\/www.instagram.com\/tv\/CdEn0TnDP9i\/?utm_source=ig_embed&amp;utm_campaign=loading\" style=\" color:#c9c8cd; font-family:Arial,sans-serif; font-size:14px; font-style:normal; font-weight:normal; line-height:17px; text-decoration:none;\" target=\"_blank\" target=\"_blank\">A post shared by Grazia Espan\u0303a \ud83d\ude4b\ud83c\udffb\u200d\u2640\ufe0f\ud83d\ude37 (@grazia_es)<\/a><\/p>\n<\/div>\n<\/blockquote>\n<p><script async src=\"\/\/platform.instagram.com\/en_US\/embeds.js\"><\/script><\/p>\n<h4>Rosal\u00eda de Givenchy<\/h4>\n<div class=\"content-gallery\"><div class=\"gallery-placeholder\"><div class=\"spinner\"><\/div><\/div><span class=\"gallery-pagination\"><\/span><div id=\"gallery-1\" class=\"gallery galleryid-162955 gallery-columns- gallery-size-\"><figure class=\"gallery-item\"><div class=\"gallery-icon landscape\"><img loading=\"lazy\" decoding=\"async\" width=\"640\" height=\"967\" src=\"https:\/\/graziamagazine.com\/es\/wp-content\/uploads\/sites\/12\/2022\/05\/1651545845_375261_1651546186_sumario_normal.jpeg\" class=\"lazy\" alt=\"Los mejores looks de la alfombra roja de la Gala MET 2022\" \/><\/div><\/figure><figure class=\"gallery-item\"><div class=\"gallery-icon landscape\"><img loading=\"lazy\" decoding=\"async\" width=\"640\" height=\"962\" src=\"https:\/\/graziamagazine.com\/es\/wp-content\/uploads\/sites\/12\/2022\/05\/1651545845_375261_1651546256_sumario_normal.jpeg\" class=\"lazy\" alt=\"Los mejores looks de la alfombra roja de la Gala MET 2022\" \/><\/div><\/figure><\/div><\/div>\n<h4>Vanessa Hudgens en Louis Vuitton<\/h4>\n<p><img loading=\"lazy\" decoding=\"async\" class=\"aligncenter wp-image-110923 size-large\" src=\"https:\/\/graziamagazine.com\/mx\/wp-content\/uploads\/sites\/13\/2022\/05\/vanessa-hudend.jpeg?w=833&amp;resize=833%2C1024\" alt=\"met gala 2022\" width=\"833\" height=\"1024\" data-recalc-dims=\"1\" \/><\/p>\n<h4>Joe Jonas y Sophie Turner en Louis Vuitton.<\/h4>\n<p><img loading=\"lazy\" decoding=\"async\" class=\"aligncenter wp-image-110920 size-large\" src=\"https:\/\/graziamagazine.com\/mx\/wp-content\/uploads\/sites\/13\/2022\/05\/joe-jonas.jpeg?w=830&amp;resize=830%2C1024\" alt=\"met gala 2022\" width=\"830\" height=\"1024\" data-recalc-dims=\"1\" \/><\/p>\n<h4>Emma Chamberlain en Louis Vuitton.<\/h4>\n<p><img loading=\"lazy\" decoding=\"async\" class=\"aligncenter wp-image-110921 size-large\" src=\"https:\/\/graziamagazine.com\/mx\/wp-content\/uploads\/sites\/13\/2022\/05\/emma-chamberlain.jpeg?w=830&amp;resize=830%2C1024\" alt=\"met gala 2022\" width=\"830\" height=\"1024\" data-recalc-dims=\"1\" \/><\/p>\n<h4>Glenn Close de Moschino<\/h4>\n<p><img loading=\"lazy\" decoding=\"async\" class=\"aligncenter size-full wp-image-162961\" src=\"https:\/\/graziamagazine.com\/es\/wp-content\/uploads\/sites\/12\/2022\/05\/Captura-de-pantalla-2022-05-03-a-las-8.56.13.png\" alt=\"Los mejores looks de la alfombra roja de la Gala MET 2022\" width=\"964\" height=\"1446\" \/><\/p>\n<h4>Cara Delevingne de Dior<\/h4>\n<p><img loading=\"lazy\" decoding=\"async\" class=\"aligncenter size-full wp-image-162983\" src=\"https:\/\/graziamagazine.com\/es\/wp-content\/uploads\/sites\/12\/2022\/05\/Captura-de-pantalla-2022-05-03-a-las-13.19.53-copia.jpg\" alt=\"Los mejores looks de la alfombra roja de la Gala MET 2022\" width=\"972\" height=\"1460\" \/><\/p>\n<h4>Naomi Campbell de Burberry<\/h4>\n<div class=\"article-asset-image article-asset-normal article-asset-center\">\n<div class=\"asset-content\">\n<div class=\"base-wrapper-image\"><img decoding=\"async\" class=\"centro_sinmarco\" src=\"https:\/\/i.blogs.es\/259928\/gala-met-2022-naomi-campbell\/450_1000.jpeg\" alt=\"Gala Met 2022 Naomi Campbell\" data-sf-srcset=\"https:\/\/i.blogs.es\/259928\/gala-met-2022-naomi-campbell\/450_1000.jpeg 450w, https:\/\/i.blogs.es\/259928\/gala-met-2022-naomi-campbell\/650_1200.jpeg 681w,https:\/\/i.blogs.es\/259928\/gala-met-2022-naomi-campbell\/1024_2000.jpeg 1024w, https:\/\/i.blogs.es\/259928\/gala-met-2022-naomi-campbell\/1366_2000.jpeg 1366w,\" data-sf-src=\"https:\/\/i.blogs.es\/259928\/gala-met-2022-naomi-campbell\/450_1000.jpeg\" \/><\/div>\n<div><\/div>\n<\/div>\n<\/div>\n<h4>Christine Baranski de Thom Browne<\/h4>\n<div class=\"article-asset-image article-asset-normal article-asset-center\">\n<div class=\"asset-content\">\n<div class=\"base-wrapper-image\"><img decoding=\"async\" class=\"centro_sinmarco\" src=\"https:\/\/i.blogs.es\/d53f7c\/gala-met-2022-christine-baranski\/450_1000.jpeg\" alt=\"Gala Met 2022 Christine Baranski\" data-sf-srcset=\"https:\/\/i.blogs.es\/d53f7c\/gala-met-2022-christine-baranski\/450_1000.jpeg 450w, https:\/\/i.blogs.es\/d53f7c\/gala-met-2022-christine-baranski\/650_1200.jpeg 681w,https:\/\/i.blogs.es\/d53f7c\/gala-met-2022-christine-baranski\/1024_2000.jpeg 1024w, https:\/\/i.blogs.es\/d53f7c\/gala-met-2022-christine-baranski\/1366_2000.jpeg 1366w,\" data-sf-src=\"https:\/\/i.blogs.es\/d53f7c\/gala-met-2022-christine-baranski\/450_1000.jpeg\" \/><\/div>\n<\/div>\n<\/div>\n<div class=\"article-asset-image article-asset-normal article-asset-center\">\n<div class=\"asset-content\">\n<div class=\"base-wrapper-image\"><\/div>\n<\/div>\n<\/div>\n<h4>Phoebe Dynevor de Louis Vuitton<\/h4>\n<div class=\"article-asset-image article-asset-normal article-asset-center\">\n<div class=\"asset-content\">\n<div class=\"base-wrapper-image\"><img decoding=\"async\" class=\"centro_sinmarco\" src=\"https:\/\/i.blogs.es\/dc202c\/met-2022-phoebe-louis-vuitton\/450_1000.jpeg\" alt=\"Met 2022 Phoebe Louis Vuitton\" data-sf-srcset=\"https:\/\/i.blogs.es\/dc202c\/met-2022-phoebe-louis-vuitton\/450_1000.jpeg 450w, https:\/\/i.blogs.es\/dc202c\/met-2022-phoebe-louis-vuitton\/650_1200.jpeg 681w,https:\/\/i.blogs.es\/dc202c\/met-2022-phoebe-louis-vuitton\/1024_2000.jpeg 1024w, https:\/\/i.blogs.es\/dc202c\/met-2022-phoebe-louis-vuitton\/1366_2000.jpeg 1366w,\" data-sf-src=\"https:\/\/i.blogs.es\/dc202c\/met-2022-phoebe-louis-vuitton\/450_1000.jpeg\" \/><\/div>\n<div><\/div>\n<\/div>\n<\/div>\n<h4>Kaia Gerber de Alexander McQueen<\/h4>\n<div class=\"article-asset-image article-asset-normal article-asset-center\">\n<div class=\"asset-content\">\n<div class=\"base-wrapper-image\"><img decoding=\"async\" class=\"centro_sinmarco\" src=\"https:\/\/i.blogs.es\/ad1297\/met-2022-kaia-gerber\/450_1000.jpeg\" alt=\"Met 2022 Kaia Gerber\" data-sf-srcset=\"https:\/\/i.blogs.es\/ad1297\/met-2022-kaia-gerber\/450_1000.jpeg 450w, https:\/\/i.blogs.es\/ad1297\/met-2022-kaia-gerber\/650_1200.jpeg 681w,https:\/\/i.blogs.es\/ad1297\/met-2022-kaia-gerber\/1024_2000.jpeg 1024w, https:\/\/i.blogs.es\/ad1297\/met-2022-kaia-gerber\/1366_2000.jpeg 1366w,\" data-sf-src=\"https:\/\/i.blogs.es\/ad1297\/met-2022-kaia-gerber\/450_1000.jpeg\" \/><\/div>\n<div><\/div>\n<\/div>\n<\/div>\n<h4>Maude Apatow de Miu Miu<\/h4>\n<div class=\"article-asset-image article-asset-normal article-asset-center\">\n<div class=\"asset-content\">\n<div class=\"base-wrapper-image\"><img decoding=\"async\" class=\"centro_sinmarco\" src=\"https:\/\/i.blogs.es\/02ee85\/gala-met-2022-maude-apatow-miu-miu\/450_1000.jpeg\" alt=\"Gala Met 2022 Maude Apatow Miu Miu\" data-sf-srcset=\"https:\/\/i.blogs.es\/02ee85\/gala-met-2022-maude-apatow-miu-miu\/450_1000.jpeg 450w, https:\/\/i.blogs.es\/02ee85\/gala-met-2022-maude-apatow-miu-miu\/650_1200.jpeg 681w,https:\/\/i.blogs.es\/02ee85\/gala-met-2022-maude-apatow-miu-miu\/1024_2000.jpeg 1024w, https:\/\/i.blogs.es\/02ee85\/gala-met-2022-maude-apatow-miu-miu\/1366_2000.jpeg 1366w,\" data-sf-src=\"https:\/\/i.blogs.es\/02ee85\/gala-met-2022-maude-apatow-miu-miu\/450_1000.jpeg\" \/><\/div>\n<div><\/div>\n<\/div>\n<\/div>\n<h4>Janelle Mon\u00e1e de Ralph Lauren<\/h4>\n<div class=\"article-asset-image article-asset-normal article-asset-center\">\n<div class=\"asset-content\">\n<div class=\"base-wrapper-image\"><img decoding=\"async\" class=\"centro_sinmarco\" src=\"https:\/\/i.blogs.es\/f48c0d\/met-2022-janelle-ralph-lauren\/450_1000.jpeg\" alt=\"Met 2022 Janelle Ralph Lauren\" data-sf-srcset=\"https:\/\/i.blogs.es\/f48c0d\/met-2022-janelle-ralph-lauren\/450_1000.jpeg 450w, https:\/\/i.blogs.es\/f48c0d\/met-2022-janelle-ralph-lauren\/650_1200.jpeg 681w,https:\/\/i.blogs.es\/f48c0d\/met-2022-janelle-ralph-lauren\/1024_2000.jpeg 1024w, https:\/\/i.blogs.es\/f48c0d\/met-2022-janelle-ralph-lauren\/1366_2000.jpeg 1366w,\" data-sf-src=\"https:\/\/i.blogs.es\/f48c0d\/met-2022-janelle-ralph-lauren\/450_1000.jpeg\" \/><\/div>\n<div><\/div>\n<h4><b>Elizabeth Debicki, de Dior<\/b><\/h4>\n<div>llevaba un vestido de color marfil y bordado como\u00a0<i>guipure<\/i>\u00a0en crepe de seda de Dior Haute Couture Primavera-Verano 2022 y joyer\u00eda\u00a0<i>Dior \u00e0 Versailles<\/i>\u00a0de Dior Joaillerie.<\/div>\n<\/div>\n<\/div>\n<div><img loading=\"lazy\" decoding=\"async\" class=\"aligncenter size-full wp-image-162981\" src=\"https:\/\/graziamagazine.com\/es\/wp-content\/uploads\/sites\/12\/2022\/05\/Captura-de-pantalla-2022-05-03-a-las-13.17.14-copia.jpg\" alt=\"Los mejores looks de la alfombra roja de la Gala MET 2022\" width=\"966\" height=\"1464\" \/><\/div>\n<div><\/div>\n<div class=\"article-asset-image article-asset-normal article-asset-center\">\n<div class=\"asset-content\">\n<div><\/div>\n<\/div>\n<\/div>\n<h4>Emma Stone de Louis Vuitton<\/h4>\n<div class=\"article-asset-image article-asset-normal article-asset-center\">\n<div class=\"asset-content\">\n<div class=\"base-wrapper-image\"><img decoding=\"async\" class=\"centro_sinmarco\" src=\"https:\/\/i.blogs.es\/2c4f34\/met-2022-emma-stone-louis-vuitton\/450_1000.jpeg\" alt=\"Met 2022 Emma Stone Louis Vuitton\" data-sf-srcset=\"https:\/\/i.blogs.es\/2c4f34\/met-2022-emma-stone-louis-vuitton\/450_1000.jpeg 450w, https:\/\/i.blogs.es\/2c4f34\/met-2022-emma-stone-louis-vuitton\/650_1200.jpeg 681w,https:\/\/i.blogs.es\/2c4f34\/met-2022-emma-stone-louis-vuitton\/1024_2000.jpeg 1024w, https:\/\/i.blogs.es\/2c4f34\/met-2022-emma-stone-louis-vuitton\/1366_2000.jpeg 1366w,\" data-sf-src=\"https:\/\/i.blogs.es\/2c4f34\/met-2022-emma-stone-louis-vuitton\/450_1000.jpeg\" \/><\/div>\n<div><\/div>\n<\/div>\n<\/div>\n<h4>Alicia Keys de Ralph Lauren<\/h4>\n<div class=\"article-asset-image article-asset-normal article-asset-center\">\n<div class=\"asset-content\">\n<div><img loading=\"lazy\" decoding=\"async\" class=\"aligncenter size-full wp-image-162962\" src=\"https:\/\/graziamagazine.com\/es\/wp-content\/uploads\/sites\/12\/2022\/05\/Captura-de-pantalla-2022-05-03-a-las-8.56.22.png\" alt=\"Los mejores looks de la alfombra roja de la Gala MET 2022\" width=\"1024\" height=\"1017\" \/><\/div>\n<div><\/div>\n<\/div>\n<\/div>\n<h4>Kris Jenner de Oscar de la Renta<\/h4>\n<div class=\"article-asset-image article-asset-normal article-asset-center\">\n<div class=\"asset-content\">\n<div class=\"base-wrapper-image\"><img decoding=\"async\" class=\"centro_sinmarco\" src=\"https:\/\/i.blogs.es\/6824d9\/gala-met-2022-kris-jenner-oscar-renta\/450_1000.jpeg\" alt=\"Gala Met 2022 Kris Jenner Oscar Renta\" data-sf-srcset=\"https:\/\/i.blogs.es\/6824d9\/gala-met-2022-kris-jenner-oscar-renta\/450_1000.jpeg 450w, https:\/\/i.blogs.es\/6824d9\/gala-met-2022-kris-jenner-oscar-renta\/650_1200.jpeg 681w,https:\/\/i.blogs.es\/6824d9\/gala-met-2022-kris-jenner-oscar-renta\/1024_2000.jpeg 1024w, https:\/\/i.blogs.es\/6824d9\/gala-met-2022-kris-jenner-oscar-renta\/1366_2000.jpeg 1366w,\" data-sf-src=\"https:\/\/i.blogs.es\/6824d9\/gala-met-2022-kris-jenner-oscar-renta\/450_1000.jpeg\" \/><\/div>\n<div><\/div>\n<\/div>\n<\/div>\n<h4>Alexa Chung de Christian Siriano<\/h4>\n<div class=\"article-asset-image article-asset-normal article-asset-center\">\n<div class=\"asset-content\">\n<div class=\"base-wrapper-image\"><img decoding=\"async\" class=\"centro_sinmarco\" src=\"https:\/\/i.blogs.es\/b68396\/gala-met-2022-alexa-chung\/450_1000.jpeg\" alt=\"Gala Met 2022 Alexa Chung\" data-sf-srcset=\"https:\/\/i.blogs.es\/b68396\/gala-met-2022-alexa-chung\/450_1000.jpeg 450w, https:\/\/i.blogs.es\/b68396\/gala-met-2022-alexa-chung\/650_1200.jpeg 681w,https:\/\/i.blogs.es\/b68396\/gala-met-2022-alexa-chung\/1024_2000.jpeg 1024w, https:\/\/i.blogs.es\/b68396\/gala-met-2022-alexa-chung\/1366_2000.jpeg 1366w,\" data-sf-src=\"https:\/\/i.blogs.es\/b68396\/gala-met-2022-alexa-chung\/450_1000.jpeg\" \/><\/div>\n<div><\/div>\n<\/div>\n<\/div>\n<h4>Jessica Chastain de Gucci<\/h4>\n<div class=\"article-asset-image article-asset-normal article-asset-center\">\n<div class=\"asset-content\">\n<div class=\"base-wrapper-image\"><img decoding=\"async\" class=\"centro_sinmarco\" src=\"https:\/\/i.blogs.es\/efa740\/gala-met-2022-jessica-chastain-gucci\/450_1000.jpeg\" alt=\"Gala Met 2022 Jessica Chastain Gucci\" data-sf-srcset=\"https:\/\/i.blogs.es\/efa740\/gala-met-2022-jessica-chastain-gucci\/450_1000.jpeg 450w, https:\/\/i.blogs.es\/efa740\/gala-met-2022-jessica-chastain-gucci\/650_1200.jpeg 681w,https:\/\/i.blogs.es\/efa740\/gala-met-2022-jessica-chastain-gucci\/1024_2000.jpeg 1024w, https:\/\/i.blogs.es\/efa740\/gala-met-2022-jessica-chastain-gucci\/1366_2000.jpeg 1366w,\" data-sf-src=\"https:\/\/i.blogs.es\/efa740\/gala-met-2022-jessica-chastain-gucci\/450_1000.jpeg\" \/><\/div>\n<div><\/div>\n<\/div>\n<\/div>\n<h4>Kate Moss de Burberry<\/h4>\n<div class=\"article-asset-image article-asset-normal article-asset-center\">\n<div class=\"asset-content\">\n<div class=\"base-wrapper-image\"><img decoding=\"async\" class=\"centro_sinmarco\" src=\"https:\/\/i.blogs.es\/51f243\/gala-met-2022-kate-moss\/450_1000.jpeg\" alt=\"Gala Met 2022 Kate Moss\" data-sf-srcset=\"https:\/\/i.blogs.es\/51f243\/gala-met-2022-kate-moss\/450_1000.jpeg 450w, https:\/\/i.blogs.es\/51f243\/gala-met-2022-kate-moss\/650_1200.jpeg 681w,https:\/\/i.blogs.es\/51f243\/gala-met-2022-kate-moss\/1024_2000.jpeg 1024w, https:\/\/i.blogs.es\/51f243\/gala-met-2022-kate-moss\/1366_2000.jpeg 1366w,\" data-sf-src=\"https:\/\/i.blogs.es\/51f243\/gala-met-2022-kate-moss\/450_1000.jpeg\" \/><\/div>\n<div><\/div>\n<\/div>\n<\/div>\n<h4>Khlo\u00e9 Kardashian de Moschino<\/h4>\n<div class=\"article-asset-image article-asset-normal article-asset-center\">\n<div class=\"asset-content\">\n<div class=\"base-wrapper-image\"><img decoding=\"async\" class=\"centro_sinmarco\" src=\"https:\/\/i.blogs.es\/643f8f\/gala-met-2022-khloe-kardashian\/450_1000.jpeg\" alt=\"Gala Met 2022 Khloe Kardashian\" data-sf-srcset=\"https:\/\/i.blogs.es\/643f8f\/gala-met-2022-khloe-kardashian\/450_1000.jpeg 450w, https:\/\/i.blogs.es\/643f8f\/gala-met-2022-khloe-kardashian\/650_1200.jpeg 681w,https:\/\/i.blogs.es\/643f8f\/gala-met-2022-khloe-kardashian\/1024_2000.jpeg 1024w, https:\/\/i.blogs.es\/643f8f\/gala-met-2022-khloe-kardashian\/1366_2000.jpeg 1366w,\" data-sf-src=\"https:\/\/i.blogs.es\/643f8f\/gala-met-2022-khloe-kardashian\/450_1000.jpeg\" \/><\/div>\n<div><\/div>\n<h4><b>Camille Cottin, de Dior <\/b><\/h4>\n<div>Eligi\u00f3 un vestido de noche negro con constelaciones doradas y un cintur\u00f3n de terciopelo negro de Dior Haute Couture Oto\u00f1o-Invierno 2019-2020.<\/div>\n<\/div>\n<\/div>\n<div><\/div>\n<div><img loading=\"lazy\" decoding=\"async\" class=\"aligncenter size-full wp-image-162982\" src=\"https:\/\/graziamagazine.com\/es\/wp-content\/uploads\/sites\/12\/2022\/05\/Camille-Cottin.jpg\" alt=\"Los mejores looks de la alfombra roja de la Gala MET 2022\" width=\"1024\" height=\"1536\" \/><\/div>\n<div class=\"article-asset-image article-asset-normal article-asset-center\">\n<div class=\"asset-content\">\n<div><\/div>\n<\/div>\n<\/div>\n<h4>Eiza Gonz\u00e1lez de Michael Kors<\/h4>\n<div class=\"article-asset-image article-asset-normal article-asset-center\">\n<div class=\"asset-content\">\n<div class=\"base-wrapper-image\"><img decoding=\"async\" class=\"centro_sinmarco\" src=\"https:\/\/i.blogs.es\/f1fe0e\/gala-met-2022-eiza-gonzalez\/450_1000.jpeg\" alt=\"Gala Met 2022 Eiza Gonzalez\" data-sf-srcset=\"https:\/\/i.blogs.es\/f1fe0e\/gala-met-2022-eiza-gonzalez\/450_1000.jpeg 450w, https:\/\/i.blogs.es\/f1fe0e\/gala-met-2022-eiza-gonzalez\/650_1200.jpeg 681w,https:\/\/i.blogs.es\/f1fe0e\/gala-met-2022-eiza-gonzalez\/1024_2000.jpeg 1024w, https:\/\/i.blogs.es\/f1fe0e\/gala-met-2022-eiza-gonzalez\/1366_2000.jpeg 1366w,\" data-sf-src=\"https:\/\/i.blogs.es\/f1fe0e\/gala-met-2022-eiza-gonzalez\/450_1000.jpeg\" \/><\/div>\n<div><\/div>\n<\/div>\n<\/div>\n<h4>Hailey Bieber de Saint Laurent<\/h4>\n<div class=\"article-asset-image article-asset-normal article-asset-center\">\n<div class=\"asset-content\">\n<div class=\"base-wrapper-image\"><img decoding=\"async\" class=\"centro_sinmarco\" src=\"https:\/\/i.blogs.es\/d5408c\/gala-met-2022-hailey-bieber-saint-laurent\/450_1000.jpeg\" alt=\"Gala Met 2022 Hailey Bieber Saint Laurent\" data-sf-srcset=\"https:\/\/i.blogs.es\/d5408c\/gala-met-2022-hailey-bieber-saint-laurent\/450_1000.jpeg 450w, https:\/\/i.blogs.es\/d5408c\/gala-met-2022-hailey-bieber-saint-laurent\/650_1200.jpeg 681w,https:\/\/i.blogs.es\/d5408c\/gala-met-2022-hailey-bieber-saint-laurent\/1024_2000.jpeg 1024w, https:\/\/i.blogs.es\/d5408c\/gala-met-2022-hailey-bieber-saint-laurent\/1366_2000.jpeg 1366w,\" data-sf-src=\"https:\/\/i.blogs.es\/d5408c\/gala-met-2022-hailey-bieber-saint-laurent\/450_1000.jpeg\" \/><\/div>\n<div><\/div>\n<\/div>\n<\/div>\n<div class=\"article-asset-image article-asset-normal article-asset-center\">\n<div class=\"asset-content\">\n<div class=\"base-wrapper-image\"><\/div>\n<\/div>\n<\/div>\n<h4>Kim Kardashian de vintage Bob Mackie, con un vestido de Marilyn Monroe<\/h4>\n<div class=\"article-asset-image article-asset-normal article-asset-center\">\n<div class=\"asset-content\">\n<div class=\"base-wrapper-image\"><img decoding=\"async\" class=\"centro_sinmarco\" src=\"https:\/\/i.blogs.es\/1a97f9\/gala-met-kim-kardashian-bob\/450_1000.jpeg\" alt=\"Gala Met Kim Kardashian Bob\" data-sf-srcset=\"https:\/\/i.blogs.es\/1a97f9\/gala-met-kim-kardashian-bob\/450_1000.jpeg 450w, https:\/\/i.blogs.es\/1a97f9\/gala-met-kim-kardashian-bob\/650_1200.jpeg 681w,https:\/\/i.blogs.es\/1a97f9\/gala-met-kim-kardashian-bob\/1024_2000.jpeg 1024w, https:\/\/i.blogs.es\/1a97f9\/gala-met-kim-kardashian-bob\/1366_2000.jpeg 1366w,\" data-sf-src=\"https:\/\/i.blogs.es\/1a97f9\/gala-met-kim-kardashian-bob\/450_1000.jpeg\" \/><\/div>\n<div><\/div>\n<\/div>\n<\/div>\n<h4>Amber Valletta de vintage Azzaro<\/h4>\n<div class=\"article-asset-image article-asset-normal article-asset-center\">\n<div class=\"asset-content\">\n<div class=\"base-wrapper-image\"><img decoding=\"async\" class=\"centro_sinmarco\" src=\"https:\/\/i.blogs.es\/48c861\/gala-met-2022-amber-valletta\/450_1000.jpeg\" alt=\"Gala Met 2022 Amber Valletta\" data-sf-srcset=\"https:\/\/i.blogs.es\/48c861\/gala-met-2022-amber-valletta\/450_1000.jpeg 450w, https:\/\/i.blogs.es\/48c861\/gala-met-2022-amber-valletta\/650_1200.jpeg 681w,https:\/\/i.blogs.es\/48c861\/gala-met-2022-amber-valletta\/1024_2000.jpeg 1024w, https:\/\/i.blogs.es\/48c861\/gala-met-2022-amber-valletta\/1366_2000.jpeg 1366w,\" data-sf-src=\"https:\/\/i.blogs.es\/48c861\/gala-met-2022-amber-valletta\/450_1000.jpeg\" \/><\/div>\n<\/div>\n<\/div>\n<div><\/div>\n<h4>La madre de Elon Musk, de Dior<\/h4>\n<div>Eligi\u00f3 un vestido de terciopelo burdeos de Dior Haute Couture con un bolso Lady Dior y zapatos de Dior.<\/div>\n<div><\/div>\n<div><img loading=\"lazy\" decoding=\"async\" class=\"aligncenter size-full wp-image-162984\" src=\"https:\/\/graziamagazine.com\/es\/wp-content\/uploads\/sites\/12\/2022\/05\/Captura-de-pantalla-2022-05-03-a-las-13.21.57-copia.jpg\" alt=\"Los mejores looks de la alfombra roja de la Gala MET 2022\" width=\"952\" height=\"1466\" \/><\/div>\n<div class=\"article-asset-image article-asset-normal article-asset-center\">\n<div class=\"asset-content\">\n<div><\/div>\n<\/div>\n<\/div>\n<h4>Winnie Harlow de Iris Van Herpen<\/h4>\n<div class=\"article-asset-image article-asset-normal article-asset-center\">\n<div class=\"asset-content\">\n<div class=\"base-wrapper-image\"><img decoding=\"async\" class=\"centro_sinmarco\" src=\"https:\/\/i.blogs.es\/109871\/gala-met-2022-winnie-harlow\/450_1000.jpeg\" alt=\"Gala Met 2022 Winnie Harlow\" data-sf-srcset=\"https:\/\/i.blogs.es\/109871\/gala-met-2022-winnie-harlow\/450_1000.jpeg 450w, https:\/\/i.blogs.es\/109871\/gala-met-2022-winnie-harlow\/650_1200.jpeg 681w,https:\/\/i.blogs.es\/109871\/gala-met-2022-winnie-harlow\/1024_2000.jpeg 1024w, https:\/\/i.blogs.es\/109871\/gala-met-2022-winnie-harlow\/1366_2000.jpeg 1366w,\" data-sf-src=\"https:\/\/i.blogs.es\/109871\/gala-met-2022-winnie-harlow\/450_1000.jpeg\" \/><\/div>\n<div><\/div>\n<\/div>\n<\/div>\n<h4>Lily James de Atelier Versace<\/h4>\n<div class=\"article-asset-image article-asset-normal article-asset-center\">\n<div class=\"asset-content\">\n<div class=\"base-wrapper-image\"><img decoding=\"async\" class=\"centro_sinmarco\" src=\"https:\/\/i.blogs.es\/ebc1d0\/gala-met-2022-lily-james-versace\/450_1000.jpeg\" alt=\"Gala Met 2022 Lily James Versace\" data-sf-srcset=\"https:\/\/i.blogs.es\/ebc1d0\/gala-met-2022-lily-james-versace\/450_1000.jpeg 450w, https:\/\/i.blogs.es\/ebc1d0\/gala-met-2022-lily-james-versace\/650_1200.jpeg 681w,https:\/\/i.blogs.es\/ebc1d0\/gala-met-2022-lily-james-versace\/1024_2000.jpeg 1024w, https:\/\/i.blogs.es\/ebc1d0\/gala-met-2022-lily-james-versace\/1366_2000.jpeg 1366w,\" data-sf-src=\"https:\/\/i.blogs.es\/ebc1d0\/gala-met-2022-lily-james-versace\/450_1000.jpeg\" \/><\/div>\n<div><\/div>\n<\/div>\n<\/div>\n<h4>Lizzo de Thom Browne<\/h4>\n<div class=\"article-asset-image article-asset-normal article-asset-center\">\n<div class=\"asset-content\">\n<div class=\"base-wrapper-image\"><img decoding=\"async\" class=\"centro_sinmarco\" src=\"https:\/\/i.blogs.es\/7bd043\/gala-met-2022-lizzo\/450_1000.jpeg\" alt=\"Gala Met 2022 Lizzo\" data-sf-srcset=\"https:\/\/i.blogs.es\/7bd043\/gala-met-2022-lizzo\/450_1000.jpeg 450w, https:\/\/i.blogs.es\/7bd043\/gala-met-2022-lizzo\/650_1200.jpeg 681w,https:\/\/i.blogs.es\/7bd043\/gala-met-2022-lizzo\/1024_2000.jpeg 1024w, https:\/\/i.blogs.es\/7bd043\/gala-met-2022-lizzo\/1366_2000.jpeg 1366w,\" data-sf-src=\"https:\/\/i.blogs.es\/7bd043\/gala-met-2022-lizzo\/450_1000.jpeg\" \/><\/div>\n<div><\/div>\n<\/div>\n<\/div>\n<h4>Dakota Johnson de Gucci<\/h4>\n<div class=\"article-asset-image article-asset-normal article-asset-center\">\n<div class=\"asset-content\">\n<div class=\"base-wrapper-image\"><img decoding=\"async\" class=\"centro_sinmarco\" src=\"https:\/\/i.blogs.es\/88e6b7\/gala-met-2022-dakota-johnson-gucci\/450_1000.jpeg\" alt=\"Gala Met 2022 Dakota Johnson Gucci\" data-sf-srcset=\"https:\/\/i.blogs.es\/88e6b7\/gala-met-2022-dakota-johnson-gucci\/450_1000.jpeg 450w, https:\/\/i.blogs.es\/88e6b7\/gala-met-2022-dakota-johnson-gucci\/650_1200.jpeg 681w,https:\/\/i.blogs.es\/88e6b7\/gala-met-2022-dakota-johnson-gucci\/1024_2000.jpeg 1024w, https:\/\/i.blogs.es\/88e6b7\/gala-met-2022-dakota-johnson-gucci\/1366_2000.jpeg 1366w,\" data-sf-src=\"https:\/\/i.blogs.es\/88e6b7\/gala-met-2022-dakota-johnson-gucci\/450_1000.jpeg\" \/><\/div>\n<div><\/div>\n<\/div>\n<\/div>\n<h4>Nicola Peltz-Beckham de Valentino<\/h4>\n<div class=\"article-asset-image article-asset-normal article-asset-center\">\n<div class=\"asset-content\">\n<div class=\"base-wrapper-image\"><img decoding=\"async\" class=\"centro_sinmarco\" src=\"https:\/\/i.blogs.es\/58a663\/gala-met-2022-nicola-peltz\/450_1000.jpeg\" alt=\"Gala Met 2022 Nicola Peltz\" data-sf-srcset=\"https:\/\/i.blogs.es\/58a663\/gala-met-2022-nicola-peltz\/450_1000.jpeg 450w, https:\/\/i.blogs.es\/58a663\/gala-met-2022-nicola-peltz\/650_1200.jpeg 681w,https:\/\/i.blogs.es\/58a663\/gala-met-2022-nicola-peltz\/1024_2000.jpeg 1024w, https:\/\/i.blogs.es\/58a663\/gala-met-2022-nicola-peltz\/1366_2000.jpeg 1366w,\" data-sf-src=\"https:\/\/i.blogs.es\/58a663\/gala-met-2022-nicola-peltz\/450_1000.jpeg\" \/><\/div>\n<div><\/div>\n<\/div>\n<\/div>\n<h4>Kerry Washington de Tory Burch<\/h4>\n<div class=\"article-asset-image article-asset-normal article-asset-center\">\n<div class=\"asset-content\">\n<div class=\"base-wrapper-image\"><img decoding=\"async\" class=\"centro_sinmarco\" src=\"https:\/\/i.blogs.es\/4b5288\/gala-met-2022-kerry-washington\/450_1000.jpeg\" alt=\"Gala Met 2022 Kerry Washington\" data-sf-srcset=\"https:\/\/i.blogs.es\/4b5288\/gala-met-2022-kerry-washington\/450_1000.jpeg 450w, https:\/\/i.blogs.es\/4b5288\/gala-met-2022-kerry-washington\/650_1200.jpeg 681w,https:\/\/i.blogs.es\/4b5288\/gala-met-2022-kerry-washington\/1024_2000.jpeg 1024w, https:\/\/i.blogs.es\/4b5288\/gala-met-2022-kerry-washington\/1366_2000.jpeg 1366w,\" data-sf-src=\"https:\/\/i.blogs.es\/4b5288\/gala-met-2022-kerry-washington\/450_1000.jpeg\" \/><\/div>\n<div><\/div>\n<\/div>\n<\/div>\n<h4>Kendall Jenner de Prada<\/h4>\n<div class=\"article-asset-image article-asset-normal article-asset-center\">\n<div class=\"asset-content\">\n<div class=\"base-wrapper-image\"><img decoding=\"async\" class=\"centro_sinmarco\" src=\"https:\/\/i.blogs.es\/1f314f\/gala-met-2022-kendall-jenner-prada\/450_1000.jpeg\" alt=\"Gala Met 2022 Kendall Jenner Prada\" data-sf-srcset=\"https:\/\/i.blogs.es\/1f314f\/gala-met-2022-kendall-jenner-prada\/450_1000.jpeg 450w, https:\/\/i.blogs.es\/1f314f\/gala-met-2022-kendall-jenner-prada\/650_1200.jpeg 681w,https:\/\/i.blogs.es\/1f314f\/gala-met-2022-kendall-jenner-prada\/1024_2000.jpeg 1024w, https:\/\/i.blogs.es\/1f314f\/gala-met-2022-kendall-jenner-prada\/1366_2000.jpeg 1366w,\" data-sf-src=\"https:\/\/i.blogs.es\/1f314f\/gala-met-2022-kendall-jenner-prada\/450_1000.jpeg\" \/><\/div>\n<\/div>\n<\/div>\n<div class=\"article-asset-image article-asset-normal article-asset-center\">\n<div class=\"asset-content\">\n<div class=\"base-wrapper-image\"><\/div>\n<\/div>\n<\/div>\n<h4><strong>Olivia Rodrigo de Versace<\/strong><\/h4>\n<div class=\"article-asset-image article-asset-normal article-asset-center\">\n<div class=\"asset-content\">\n<div class=\"base-wrapper-image\"><img decoding=\"async\" class=\"centro_sinmarco\" src=\"https:\/\/i.blogs.es\/d31a25\/gala-met-2022-olivia-rodrigo-versace\/450_1000.jpeg\" alt=\"Gala Met 2022 Olivia Rodrigo Versace\" data-sf-srcset=\"https:\/\/i.blogs.es\/d31a25\/gala-met-2022-olivia-rodrigo-versace\/450_1000.jpeg 450w, https:\/\/i.blogs.es\/d31a25\/gala-met-2022-olivia-rodrigo-versace\/650_1200.jpeg 681w,https:\/\/i.blogs.es\/d31a25\/gala-met-2022-olivia-rodrigo-versace\/1024_2000.jpeg 1024w, https:\/\/i.blogs.es\/d31a25\/gala-met-2022-olivia-rodrigo-versace\/1366_2000.jpeg 1366w,\" data-sf-src=\"https:\/\/i.blogs.es\/d31a25\/gala-met-2022-olivia-rodrigo-versace\/450_1000.jpeg\" \/><\/div>\n<\/div>\n<\/div>\n<div class=\"article-asset-image article-asset-normal article-asset-center\">\n<div class=\"asset-content\">\n<div class=\"base-wrapper-image\"><\/div>\n<\/div>\n<\/div>\n<h4>Simone Ashley de Moschino<\/h4>\n<div class=\"article-asset-image article-asset-normal article-asset-center\">\n<div class=\"asset-content\">\n<div class=\"base-wrapper-image\"><img decoding=\"async\" class=\"centro_sinmarco\" src=\"https:\/\/i.blogs.es\/f87e6d\/gala-met-2022-simone\/450_1000.jpeg\" alt=\"Gala Met 2022 Simone\" data-sf-srcset=\"https:\/\/i.blogs.es\/f87e6d\/gala-met-2022-simone\/450_1000.jpeg 450w, https:\/\/i.blogs.es\/f87e6d\/gala-met-2022-simone\/650_1200.jpeg 681w,https:\/\/i.blogs.es\/f87e6d\/gala-met-2022-simone\/1024_2000.jpeg 1024w, https:\/\/i.blogs.es\/f87e6d\/gala-met-2022-simone\/1366_2000.jpeg 1366w,\" data-sf-src=\"https:\/\/i.blogs.es\/f87e6d\/gala-met-2022-simone\/450_1000.jpeg\" \/><\/div>\n<div><\/div>\n<\/div>\n<\/div>\n<h4><strong>Lila Grace Moss de Burberry<\/strong><\/h4>\n<div class=\"article-asset-image article-asset-normal article-asset-center\">\n<div class=\"asset-content\">\n<div class=\"base-wrapper-image\"><img decoding=\"async\" class=\"centro_sinmarco\" src=\"https:\/\/i.blogs.es\/c20a17\/gala-met-2022-lila-grace-moss-burberry\/450_1000.jpeg\" alt=\"Gala Met 2022 Lila Grace Moss Burberry\" data-sf-srcset=\"https:\/\/i.blogs.es\/c20a17\/gala-met-2022-lila-grace-moss-burberry\/450_1000.jpeg 450w, https:\/\/i.blogs.es\/c20a17\/gala-met-2022-lila-grace-moss-burberry\/650_1200.jpeg 681w,https:\/\/i.blogs.es\/c20a17\/gala-met-2022-lila-grace-moss-burberry\/1024_2000.jpeg 1024w, https:\/\/i.blogs.es\/c20a17\/gala-met-2022-lila-grace-moss-burberry\/1366_2000.jpeg 1366w,\" data-sf-src=\"https:\/\/i.blogs.es\/c20a17\/gala-met-2022-lila-grace-moss-burberry\/450_1000.jpeg\" \/><\/div>\n<div><\/div>\n<\/div>\n<\/div>\n<h4>Taylor Hill de Miss Sohee<\/h4>\n<div class=\"article-asset-image article-asset-normal article-asset-center\">\n<div class=\"asset-content\">\n<div class=\"base-wrapper-image\"><img decoding=\"async\" class=\"centro_sinmarco\" src=\"https:\/\/i.blogs.es\/47b823\/gala-met-2022-taylor-hill\/450_1000.jpeg\" alt=\"Gala Met 2022 Taylor Hill\" data-sf-srcset=\"https:\/\/i.blogs.es\/47b823\/gala-met-2022-taylor-hill\/450_1000.jpeg 450w, https:\/\/i.blogs.es\/47b823\/gala-met-2022-taylor-hill\/650_1200.jpeg 681w,https:\/\/i.blogs.es\/47b823\/gala-met-2022-taylor-hill\/1024_2000.jpeg 1024w, https:\/\/i.blogs.es\/47b823\/gala-met-2022-taylor-hill\/1366_2000.jpeg 1366w,\" data-sf-src=\"https:\/\/i.blogs.es\/47b823\/gala-met-2022-taylor-hill\/450_1000.jpeg\" \/><\/div>\n<div><\/div>\n<\/div>\n<\/div>\n<h4>Ariana DeBose de Moschino<\/h4>\n<div class=\"article-asset-image article-asset-normal article-asset-center\">\n<div class=\"asset-content\">\n<div class=\"base-wrapper-image\"><img decoding=\"async\" class=\"centro_sinmarco\" src=\"https:\/\/i.blogs.es\/41ca49\/gala-met-2022-ariana-debose-moschino\/450_1000.jpeg\" alt=\"Gala Met 2022 Ariana Debose Moschino\" data-sf-srcset=\"https:\/\/i.blogs.es\/41ca49\/gala-met-2022-ariana-debose-moschino\/450_1000.jpeg 450w, https:\/\/i.blogs.es\/41ca49\/gala-met-2022-ariana-debose-moschino\/650_1200.jpeg 681w,https:\/\/i.blogs.es\/41ca49\/gala-met-2022-ariana-debose-moschino\/1024_2000.jpeg 1024w, https:\/\/i.blogs.es\/41ca49\/gala-met-2022-ariana-debose-moschino\/1366_2000.jpeg 1366w,\" data-sf-src=\"https:\/\/i.blogs.es\/41ca49\/gala-met-2022-ariana-debose-moschino\/450_1000.jpeg\" \/><\/div>\n<\/div>\n<\/div>\n<div class=\"article-asset-image article-asset-normal article-asset-center\">\n<div class=\"asset-content\">\n<div class=\"base-wrapper-image\"><\/div>\n<\/div>\n<\/div>\n<h4>Camila Cabello de Atelier Prabal Gurung<\/h4>\n<div class=\"article-asset-image article-asset-normal article-asset-center\">\n<div class=\"asset-content\">\n<div class=\"base-wrapper-image\"><img decoding=\"async\" class=\"centro_sinmarco\" src=\"https:\/\/i.blogs.es\/1fbed1\/met-2022-camila-cabello-prabal-gurung\/450_1000.jpeg\" alt=\"Met 2022 Camila Cabello Prabal Gurung\" data-sf-srcset=\"https:\/\/i.blogs.es\/1fbed1\/met-2022-camila-cabello-prabal-gurung\/450_1000.jpeg 450w, https:\/\/i.blogs.es\/1fbed1\/met-2022-camila-cabello-prabal-gurung\/650_1200.jpeg 681w,https:\/\/i.blogs.es\/1fbed1\/met-2022-camila-cabello-prabal-gurung\/1024_2000.jpeg 1024w, https:\/\/i.blogs.es\/1fbed1\/met-2022-camila-cabello-prabal-gurung\/1366_2000.jpeg 1366w,\" data-sf-src=\"https:\/\/i.blogs.es\/1fbed1\/met-2022-camila-cabello-prabal-gurung\/450_1000.jpeg\" \/><\/div>\n<\/div>\n<\/div>\n<div class=\"article-asset-image article-asset-normal article-asset-center\">\n<div class=\"asset-content\">\n<div class=\"base-wrapper-image\"><\/div>\n<\/div>\n<\/div>\n<h4>Venus Williams de Chlo\u00e9<\/h4>\n<div class=\"article-asset-image article-asset-normal article-asset-center\">\n<div class=\"asset-content\">\n<div class=\"base-wrapper-image\"><img decoding=\"async\" class=\"centro_sinmarco\" src=\"https:\/\/i.blogs.es\/8a9ddc\/met-2022-venus-williams-chloe\/450_1000.jpeg\" alt=\"Met 2022 Venus Williams Chloe\" data-sf-srcset=\"https:\/\/i.blogs.es\/8a9ddc\/met-2022-venus-williams-chloe\/450_1000.jpeg 450w, https:\/\/i.blogs.es\/8a9ddc\/met-2022-venus-williams-chloe\/650_1200.jpeg 681w,https:\/\/i.blogs.es\/8a9ddc\/met-2022-venus-williams-chloe\/1024_2000.jpeg 1024w, https:\/\/i.blogs.es\/8a9ddc\/met-2022-venus-williams-chloe\/1366_2000.jpeg 1366w,\" data-sf-src=\"https:\/\/i.blogs.es\/8a9ddc\/met-2022-venus-williams-chloe\/450_1000.jpeg\" \/><\/div>\n<div><\/div>\n<\/div>\n<\/div>\n<h4>Mindy Kaling de Prabal Gurung<\/h4>\n<div class=\"article-asset-image article-asset-normal article-asset-center\">\n<div class=\"asset-content\">\n<div class=\"base-wrapper-image\"><img decoding=\"async\" class=\"centro_sinmarco\" src=\"https:\/\/i.blogs.es\/05fe51\/met-2022-mindy\/450_1000.jpeg\" alt=\"Met 2022 Mindy\" data-sf-srcset=\"https:\/\/i.blogs.es\/05fe51\/met-2022-mindy\/450_1000.jpeg 450w, https:\/\/i.blogs.es\/05fe51\/met-2022-mindy\/650_1200.jpeg 681w,https:\/\/i.blogs.es\/05fe51\/met-2022-mindy\/1024_2000.jpeg 1024w, https:\/\/i.blogs.es\/05fe51\/met-2022-mindy\/1366_2000.jpeg 1366w,\" data-sf-src=\"https:\/\/i.blogs.es\/05fe51\/met-2022-mindy\/450_1000.jpeg\" \/><\/div>\n<\/div>\n<\/div>\n<div class=\"article-asset-image article-asset-normal article-asset-center\">\n<div class=\"asset-content\">\n<div class=\"base-wrapper-image\"><\/div>\n<\/div>\n<\/div>\n<h4>Bee Carrozini de Alexander McQueen<\/h4>\n<div class=\"article-asset-image article-asset-normal article-asset-center\">\n<div class=\"asset-content\">\n<div class=\"base-wrapper-image\"><img decoding=\"async\" class=\"centro_sinmarco\" src=\"https:\/\/i.blogs.es\/a2b9a3\/met-2022-bee-carrozini-alexander-mcqueen\/450_1000.jpeg\" alt=\"Met 2022 Bee Carrozini Alexander Mcqueen\" data-sf-srcset=\"https:\/\/i.blogs.es\/a2b9a3\/met-2022-bee-carrozini-alexander-mcqueen\/450_1000.jpeg 450w, https:\/\/i.blogs.es\/a2b9a3\/met-2022-bee-carrozini-alexander-mcqueen\/650_1200.jpeg 681w,https:\/\/i.blogs.es\/a2b9a3\/met-2022-bee-carrozini-alexander-mcqueen\/1024_2000.jpeg 1024w, https:\/\/i.blogs.es\/a2b9a3\/met-2022-bee-carrozini-alexander-mcqueen\/1366_2000.jpeg 1366w,\" data-sf-src=\"https:\/\/i.blogs.es\/a2b9a3\/met-2022-bee-carrozini-alexander-mcqueen\/450_1000.jpeg\" \/><\/div>\n<div><\/div>\n<\/div>\n<\/div>\n<h4>Gemma Chan de Louis Vuitton<\/h4>\n<div class=\"article-asset-image article-asset-normal article-asset-center\">\n<div class=\"asset-content\">\n<div class=\"base-wrapper-image\"><img decoding=\"async\" class=\"centro_sinmarco\" src=\"https:\/\/i.blogs.es\/cb3505\/gala-met-2022-gemma-louuis-vuitton\/450_1000.jpeg\" alt=\"Gala Met 2022 Gemma Louuis Vuitton\" data-sf-srcset=\"https:\/\/i.blogs.es\/cb3505\/gala-met-2022-gemma-louuis-vuitton\/450_1000.jpeg 450w, https:\/\/i.blogs.es\/cb3505\/gala-met-2022-gemma-louuis-vuitton\/650_1200.jpeg 681w,https:\/\/i.blogs.es\/cb3505\/gala-met-2022-gemma-louuis-vuitton\/1024_2000.jpeg 1024w, https:\/\/i.blogs.es\/cb3505\/gala-met-2022-gemma-louuis-vuitton\/1366_2000.jpeg 1366w,\" data-sf-src=\"https:\/\/i.blogs.es\/cb3505\/gala-met-2022-gemma-louuis-vuitton\/450_1000.jpeg\" \/><\/div>\n<div><\/div>\n<\/div>\n<\/div>\n<h4>Chlo\u00eb Grace Moretz de Louis Vuitton<\/h4>\n<div class=\"article-asset-image article-asset-normal article-asset-center\">\n<div class=\"asset-content\">\n<div class=\"base-wrapper-image\"><img decoding=\"async\" class=\"centro_sinmarco\" src=\"https:\/\/i.blogs.es\/2e6174\/met-2022-chloe-moretz-louis-vuitton\/450_1000.jpeg\" alt=\"Met 2022 Chloe Moretz Louis Vuitton\" data-sf-srcset=\"https:\/\/i.blogs.es\/2e6174\/met-2022-chloe-moretz-louis-vuitton\/450_1000.jpeg 450w, https:\/\/i.blogs.es\/2e6174\/met-2022-chloe-moretz-louis-vuitton\/650_1200.jpeg 681w,https:\/\/i.blogs.es\/2e6174\/met-2022-chloe-moretz-louis-vuitton\/1024_2000.jpeg 1024w, https:\/\/i.blogs.es\/2e6174\/met-2022-chloe-moretz-louis-vuitton\/1366_2000.jpeg 1366w,\" data-sf-src=\"https:\/\/i.blogs.es\/2e6174\/met-2022-chloe-moretz-louis-vuitton\/450_1000.jpeg\" \/><\/div>\n<div><\/div>\n<\/div>\n<\/div>\n<h4>Sarah Jessica Parker de Christopher John Rogers<\/h4>\n<div class=\"article-asset-image article-asset-normal article-asset-center\">\n<div class=\"asset-content\">\n<div class=\"base-wrapper-image\"><img decoding=\"async\" class=\"centro_sinmarco\" src=\"https:\/\/i.blogs.es\/ce247e\/met-2022-sjp\/450_1000.jpeg\" alt=\"Met 2022 Sjp\" data-sf-srcset=\"https:\/\/i.blogs.es\/ce247e\/met-2022-sjp\/450_1000.jpeg 450w, https:\/\/i.blogs.es\/ce247e\/met-2022-sjp\/650_1200.jpeg 681w,https:\/\/i.blogs.es\/ce247e\/met-2022-sjp\/1024_2000.jpeg 1024w, https:\/\/i.blogs.es\/ce247e\/met-2022-sjp\/1366_2000.jpeg 1366w,\" data-sf-src=\"https:\/\/i.blogs.es\/ce247e\/met-2022-sjp\/450_1000.jpeg\" \/><\/div>\n<div><\/div>\n<\/div>\n<\/div>\n<h4>Amy Schumer de Chlo\u00e9<\/h4>\n<div class=\"article-asset-image article-asset-normal article-asset-center\">\n<div class=\"asset-content\">\n<div class=\"base-wrapper-image\"><img decoding=\"async\" class=\"centro_sinmarco\" src=\"https:\/\/i.blogs.es\/dc7f6b\/gala-met-2022-amy-schumer-chloe\/450_1000.jpeg\" alt=\"Gala Met 2022 Amy Schumer Chloe\" data-sf-srcset=\"https:\/\/i.blogs.es\/dc7f6b\/gala-met-2022-amy-schumer-chloe\/450_1000.jpeg 450w, https:\/\/i.blogs.es\/dc7f6b\/gala-met-2022-amy-schumer-chloe\/650_1200.jpeg 681w,https:\/\/i.blogs.es\/dc7f6b\/gala-met-2022-amy-schumer-chloe\/1024_2000.jpeg 1024w, https:\/\/i.blogs.es\/dc7f6b\/gala-met-2022-amy-schumer-chloe\/1366_2000.jpeg 1366w,\" data-sf-src=\"https:\/\/i.blogs.es\/dc7f6b\/gala-met-2022-amy-schumer-chloe\/450_1000.jpeg\" \/><\/div>\n<\/div>\n<\/div>\n<div class=\"article-asset-image article-asset-normal article-asset-center\">\n<div class=\"asset-content\">\n<div class=\"base-wrapper-image\"><\/div>\n<\/div>\n<\/div>\n<h4>Billie Eilish de Gucci<\/h4>\n<div class=\"article-asset-image article-asset-normal article-asset-center\">\n<div class=\"asset-content\">\n<div class=\"base-wrapper-image\"><img decoding=\"async\" class=\"centro_sinmarco\" src=\"https:\/\/i.blogs.es\/26f0e0\/gala-met-2022-billie-eilish\/450_1000.jpeg\" alt=\"Gala Met 2022 Billie Eilish\" data-sf-srcset=\"https:\/\/i.blogs.es\/26f0e0\/gala-met-2022-billie-eilish\/450_1000.jpeg 450w, https:\/\/i.blogs.es\/26f0e0\/gala-met-2022-billie-eilish\/650_1200.jpeg 681w,https:\/\/i.blogs.es\/26f0e0\/gala-met-2022-billie-eilish\/1024_2000.jpeg 1024w, https:\/\/i.blogs.es\/26f0e0\/gala-met-2022-billie-eilish\/1366_2000.jpeg 1366w,\" data-sf-src=\"https:\/\/i.blogs.es\/26f0e0\/gala-met-2022-billie-eilish\/450_1000.jpeg\" \/><\/div>\n<div><\/div>\n<\/div>\n<\/div>\n<h4>Nicola Coughlan de Richard Quinn<\/h4>\n<div class=\"article-asset-image article-asset-normal article-asset-center\">\n<div class=\"asset-content\">\n<div class=\"base-wrapper-image\"><img decoding=\"async\" class=\"centro_sinmarco\" src=\"https:\/\/i.blogs.es\/c0f3c2\/gala-met-2022-nicola-coughlan\/450_1000.jpeg\" alt=\"Gala Met 2022 Nicola Coughlan\" data-sf-srcset=\"https:\/\/i.blogs.es\/c0f3c2\/gala-met-2022-nicola-coughlan\/450_1000.jpeg 450w, https:\/\/i.blogs.es\/c0f3c2\/gala-met-2022-nicola-coughlan\/650_1200.jpeg 681w,https:\/\/i.blogs.es\/c0f3c2\/gala-met-2022-nicola-coughlan\/1024_2000.jpeg 1024w, https:\/\/i.blogs.es\/c0f3c2\/gala-met-2022-nicola-coughlan\/1366_2000.jpeg 1366w,\" data-sf-src=\"https:\/\/i.blogs.es\/c0f3c2\/gala-met-2022-nicola-coughlan\/450_1000.jpeg\" \/><\/div>\n<div><\/div>\n<\/div>\n<\/div>\n<h4>Kylie Jenner de Off-White<\/h4>\n<div class=\"article-asset-image article-asset-normal article-asset-center\">\n<div class=\"asset-content\">\n<div class=\"base-wrapper-image\"><img decoding=\"async\" class=\"centro_sinmarco\" src=\"https:\/\/i.blogs.es\/4b9b25\/gala-met-2022-kylie-jenner\/450_1000.jpeg\" alt=\"Gala Met 2022 Kylie Jenner\" data-sf-srcset=\"https:\/\/i.blogs.es\/4b9b25\/gala-met-2022-kylie-jenner\/450_1000.jpeg 450w, https:\/\/i.blogs.es\/4b9b25\/gala-met-2022-kylie-jenner\/650_1200.jpeg 681w,https:\/\/i.blogs.es\/4b9b25\/gala-met-2022-kylie-jenner\/1024_2000.jpeg 1024w, https:\/\/i.blogs.es\/4b9b25\/gala-met-2022-kylie-jenner\/1366_2000.jpeg 1366w,\" data-sf-src=\"https:\/\/i.blogs.es\/4b9b25\/gala-met-2022-kylie-jenner\/450_1000.jpeg\" \/><\/div>\n<div><\/div>\n<\/div>\n<\/div>\n<h4>Ashley Park de Atelier Prabal Gurung<\/h4>\n<div class=\"article-asset-image article-asset-normal article-asset-center\">\n<div class=\"asset-content\">\n<div class=\"base-wrapper-image\"><img decoding=\"async\" class=\"centro_sinmarco\" src=\"https:\/\/i.blogs.es\/047c16\/gala-met-2022-ashley-park\/450_1000.jpeg\" alt=\"Gala Met 2022 Ashley Park\" data-sf-srcset=\"https:\/\/i.blogs.es\/047c16\/gala-met-2022-ashley-park\/450_1000.jpeg 450w, https:\/\/i.blogs.es\/047c16\/gala-met-2022-ashley-park\/650_1200.jpeg 681w,https:\/\/i.blogs.es\/047c16\/gala-met-2022-ashley-park\/1024_2000.jpeg 1024w, https:\/\/i.blogs.es\/047c16\/gala-met-2022-ashley-park\/1366_2000.jpeg 1366w,\" data-sf-src=\"https:\/\/i.blogs.es\/047c16\/gala-met-2022-ashley-park\/450_1000.jpeg\" \/><\/div>\n<div><\/div>\n<\/div>\n<\/div>\n<h4>Cynthia Erivo de Louis Vuitton<\/h4>\n<div class=\"article-asset-image article-asset-normal article-asset-center\">\n<div class=\"asset-content\">\n<div class=\"base-wrapper-image\"><img decoding=\"async\" class=\"centro_sinmarco\" src=\"https:\/\/i.blogs.es\/977854\/gala-met-2022-cynthia-erivo\/450_1000.jpeg\" alt=\"Gala Met 2022 Cynthia Erivo\" data-sf-srcset=\"https:\/\/i.blogs.es\/977854\/gala-met-2022-cynthia-erivo\/450_1000.jpeg 450w, https:\/\/i.blogs.es\/977854\/gala-met-2022-cynthia-erivo\/650_1200.jpeg 681w,https:\/\/i.blogs.es\/977854\/gala-met-2022-cynthia-erivo\/1024_2000.jpeg 1024w, https:\/\/i.blogs.es\/977854\/gala-met-2022-cynthia-erivo\/1366_2000.jpeg 1366w,\" data-sf-src=\"https:\/\/i.blogs.es\/977854\/gala-met-2022-cynthia-erivo\/450_1000.jpeg\" \/><\/div>\n<div><\/div>\n<\/div>\n<\/div>\n<h4>Gigi Hadid de Versace<\/h4>\n<div class=\"article-asset-image article-asset-normal article-asset-center\">\n<div class=\"asset-content\">\n<div class=\"base-wrapper-image\"><img decoding=\"async\" class=\"centro_sinmarco\" src=\"https:\/\/i.blogs.es\/fc6112\/gala-met-2022-gigi-hadid\/450_1000.jpeg\" alt=\"Gala Met 2022 Gigi Hadid\" data-sf-srcset=\"https:\/\/i.blogs.es\/fc6112\/gala-met-2022-gigi-hadid\/450_1000.jpeg 450w, https:\/\/i.blogs.es\/fc6112\/gala-met-2022-gigi-hadid\/650_1200.jpeg 681w,https:\/\/i.blogs.es\/fc6112\/gala-met-2022-gigi-hadid\/1024_2000.jpeg 1024w, https:\/\/i.blogs.es\/fc6112\/gala-met-2022-gigi-hadid\/1366_2000.jpeg 1366w,\" data-sf-src=\"https:\/\/i.blogs.es\/fc6112\/gala-met-2022-gigi-hadid\/450_1000.jpeg\" \/><\/div>\n<div><\/div>\n<\/div>\n<\/div>\n<h4><strong>Irina Shayk de\u00a0<\/strong>Burberry<\/h4>\n<div class=\"article-asset-image article-asset-normal article-asset-center\">\n<div class=\"asset-content\">\n<div class=\"base-wrapper-image\"><img decoding=\"async\" class=\"centro_sinmarco\" src=\"https:\/\/i.blogs.es\/186f66\/gala-met-2022-irina-shayk\/450_1000.jpeg\" alt=\"Gala Met 2022 Irina Shayk\" data-sf-srcset=\"https:\/\/i.blogs.es\/186f66\/gala-met-2022-irina-shayk\/450_1000.jpeg 450w, https:\/\/i.blogs.es\/186f66\/gala-met-2022-irina-shayk\/650_1200.jpeg 681w,https:\/\/i.blogs.es\/186f66\/gala-met-2022-irina-shayk\/1024_2000.jpeg 1024w, https:\/\/i.blogs.es\/186f66\/gala-met-2022-irina-shayk\/1366_2000.jpeg 1366w,\" data-sf-src=\"https:\/\/i.blogs.es\/186f66\/gala-met-2022-irina-shayk\/450_1000.jpeg\" \/><\/div>\n<div><\/div>\n<\/div>\n<\/div>\n<h4>Kourtney Kardashian de Thom Browne<\/h4>\n<div class=\"article-asset-image article-asset-normal article-asset-center\">\n<div class=\"asset-content\">\n<div class=\"base-wrapper-image\"><img decoding=\"async\" class=\"centro_sinmarco\" src=\"https:\/\/i.blogs.es\/36a08f\/gala-met-2022-kourtney-kardashian\/450_1000.jpeg\" alt=\"Gala Met 2022 Kourtney Kardashian\" data-sf-srcset=\"https:\/\/i.blogs.es\/36a08f\/gala-met-2022-kourtney-kardashian\/450_1000.jpeg 450w, https:\/\/i.blogs.es\/36a08f\/gala-met-2022-kourtney-kardashian\/650_1200.jpeg 681w,https:\/\/i.blogs.es\/36a08f\/gala-met-2022-kourtney-kardashian\/1024_2000.jpeg 1024w, https:\/\/i.blogs.es\/36a08f\/gala-met-2022-kourtney-kardashian\/1366_2000.jpeg 1366w,\" data-sf-src=\"https:\/\/i.blogs.es\/36a08f\/gala-met-2022-kourtney-kardashian\/450_1000.jpeg\" \/><\/div>\n<div><\/div>\n<\/div>\n<\/div>\n<h4>Emily Ratajkowski de vintage Atelier Versace<\/h4>\n<div class=\"article-asset-image article-asset-normal article-asset-center\">\n<div class=\"asset-content\">\n<div class=\"base-wrapper-image\"><img decoding=\"async\" class=\"centro_sinmarco\" src=\"https:\/\/i.blogs.es\/5c9549\/gala-met-2022-emrata\/450_1000.jpeg\" alt=\"Gala Met 2022 Emrata\" data-sf-srcset=\"https:\/\/i.blogs.es\/5c9549\/gala-met-2022-emrata\/450_1000.jpeg 450w, https:\/\/i.blogs.es\/5c9549\/gala-met-2022-emrata\/650_1200.jpeg 681w,https:\/\/i.blogs.es\/5c9549\/gala-met-2022-emrata\/1024_2000.jpeg 1024w, https:\/\/i.blogs.es\/5c9549\/gala-met-2022-emrata\/1366_2000.jpeg 1366w,\" data-sf-src=\"https:\/\/i.blogs.es\/5c9549\/gala-met-2022-emrata\/450_1000.jpeg\" \/><\/div>\n<div><\/div>\n<\/div>\n<\/div>\n<h4>Lucy Boynton de Chanel<\/h4>\n<div class=\"article-asset-image article-asset-normal article-asset-center\">\n<div class=\"asset-content\">\n<div class=\"base-wrapper-image\"><img decoding=\"async\" class=\"centro_sinmarco\" src=\"https:\/\/i.blogs.es\/c4b32d\/gala-met-2022-lucy-boynton\/450_1000.jpeg\" alt=\"Gala Met 2022 Lucy Boynton\" data-sf-srcset=\"https:\/\/i.blogs.es\/c4b32d\/gala-met-2022-lucy-boynton\/450_1000.jpeg 450w, https:\/\/i.blogs.es\/c4b32d\/gala-met-2022-lucy-boynton\/650_1200.jpeg 681w,https:\/\/i.blogs.es\/c4b32d\/gala-met-2022-lucy-boynton\/1024_2000.jpeg 1024w, https:\/\/i.blogs.es\/c4b32d\/gala-met-2022-lucy-boynton\/1366_2000.jpeg 1366w,\" data-sf-src=\"https:\/\/i.blogs.es\/c4b32d\/gala-met-2022-lucy-boynton\/450_1000.jpeg\" \/><\/div>\n<\/div>\n<\/div>\n<div class=\"article-asset-image article-asset-normal article-asset-center\">\n<div class=\"asset-content\">\n<div class=\"base-wrapper-image\"><\/div>\n<\/div>\n<\/div>\n<h4>Julianne Moore de Tom Ford<\/h4>\n<div class=\"article-asset-image article-asset-normal article-asset-center\">\n<div class=\"asset-content\">\n<div class=\"base-wrapper-image\"><img decoding=\"async\" class=\"centro_sinmarco\" src=\"https:\/\/i.blogs.es\/e4c8f3\/gala-met-2022-julianne-moore\/450_1000.jpeg\" alt=\"Gala Met 2022 Julianne Moore\" data-sf-srcset=\"https:\/\/i.blogs.es\/e4c8f3\/gala-met-2022-julianne-moore\/450_1000.jpeg 450w, https:\/\/i.blogs.es\/e4c8f3\/gala-met-2022-julianne-moore\/650_1200.jpeg 681w,https:\/\/i.blogs.es\/e4c8f3\/gala-met-2022-julianne-moore\/1024_2000.jpeg 1024w, https:\/\/i.blogs.es\/e4c8f3\/gala-met-2022-julianne-moore\/1366_2000.jpeg 1366w,\" data-sf-src=\"https:\/\/i.blogs.es\/e4c8f3\/gala-met-2022-julianne-moore\/450_1000.jpeg\" \/><\/div>\n<div><\/div>\n<\/div>\n<\/div>\n<h4>Katy Perry de Oscar de la Renta<\/h4>\n<div class=\"article-asset-image article-asset-normal article-asset-center\">\n<div class=\"asset-content\">\n<div class=\"base-wrapper-image\"><img decoding=\"async\" class=\"centro_sinmarco\" src=\"https:\/\/i.blogs.es\/ede984\/gala-met-2022-katy-perry\/450_1000.jpeg\" alt=\"Gala Met 2022 Katy Perry\" data-sf-srcset=\"https:\/\/i.blogs.es\/ede984\/gala-met-2022-katy-perry\/450_1000.jpeg 450w, https:\/\/i.blogs.es\/ede984\/gala-met-2022-katy-perry\/650_1200.jpeg 681w,https:\/\/i.blogs.es\/ede984\/gala-met-2022-katy-perry\/1024_2000.jpeg 1024w, https:\/\/i.blogs.es\/ede984\/gala-met-2022-katy-perry\/1366_2000.jpeg 1366w,\" data-sf-src=\"https:\/\/i.blogs.es\/ede984\/gala-met-2022-katy-perry\/450_1000.jpeg\" \/><\/div>\n<div><\/div>\n<\/div>\n<\/div>\n<h4>Nicki Minaj de Burberry<\/h4>\n<div class=\"article-asset-image article-asset-normal article-asset-center\">\n<div class=\"asset-content\">\n<div class=\"base-wrapper-image\"><img decoding=\"async\" class=\"centro_sinmarco\" src=\"https:\/\/i.blogs.es\/0b430e\/gala-met-2022-nicki-minaj-burberry\/450_1000.jpeg\" alt=\"Gala Met 2022 Nicki Minaj Burberry\" data-sf-srcset=\"https:\/\/i.blogs.es\/0b430e\/gala-met-2022-nicki-minaj-burberry\/450_1000.jpeg 450w, https:\/\/i.blogs.es\/0b430e\/gala-met-2022-nicki-minaj-burberry\/650_1200.jpeg 681w,https:\/\/i.blogs.es\/0b430e\/gala-met-2022-nicki-minaj-burberry\/1024_2000.jpeg 1024w, https:\/\/i.blogs.es\/0b430e\/gala-met-2022-nicki-minaj-burberry\/1366_2000.jpeg 1366w,\" data-sf-src=\"https:\/\/i.blogs.es\/0b430e\/gala-met-2022-nicki-minaj-burberry\/450_1000.jpeg\" \/><\/div>\n<\/div>\n<\/div>\n<div class=\"article-asset-image article-asset-normal article-asset-center\">\n<div class=\"asset-content\">\n<div class=\"base-wrapper-image\"><\/div>\n<\/div>\n<\/div>\n<h4>Emma Corrin de Miu Miu<\/h4>\n<div class=\"article-asset-image article-asset-normal article-asset-center\">\n<div class=\"asset-content\">\n<div class=\"base-wrapper-image\"><img decoding=\"async\" class=\"centro_sinmarco\" src=\"https:\/\/i.blogs.es\/2c37dd\/gala-met-2022-emma-corrin\/450_1000.jpeg\" alt=\"Gala Met 2022 Emma Corrin\" data-sf-srcset=\"https:\/\/i.blogs.es\/2c37dd\/gala-met-2022-emma-corrin\/450_1000.jpeg 450w, https:\/\/i.blogs.es\/2c37dd\/gala-met-2022-emma-corrin\/650_1200.jpeg 681w,https:\/\/i.blogs.es\/2c37dd\/gala-met-2022-emma-corrin\/1024_2000.jpeg 1024w, https:\/\/i.blogs.es\/2c37dd\/gala-met-2022-emma-corrin\/1366_2000.jpeg 1366w,\" data-sf-src=\"https:\/\/i.blogs.es\/2c37dd\/gala-met-2022-emma-corrin\/450_1000.jpeg\" \/><\/div>\n<div><\/div>\n<\/div>\n<\/div>\n<h4>Bella Hadid de Burberry<\/h4>\n<div class=\"article-asset-image article-asset-normal article-asset-center\">\n<div class=\"asset-content\">\n<div class=\"base-wrapper-image\"><img decoding=\"async\" class=\"centro_sinmarco\" src=\"https:\/\/i.blogs.es\/8b419d\/gala-met-2022-bella-hadid\/450_1000.jpeg\" alt=\"Gala Met 2022 Bella Hadid\" data-sf-srcset=\"https:\/\/i.blogs.es\/8b419d\/gala-met-2022-bella-hadid\/450_1000.jpeg 450w, https:\/\/i.blogs.es\/8b419d\/gala-met-2022-bella-hadid\/650_1200.jpeg 681w,https:\/\/i.blogs.es\/8b419d\/gala-met-2022-bella-hadid\/1024_2000.jpeg 1024w, https:\/\/i.blogs.es\/8b419d\/gala-met-2022-bella-hadid\/1366_2000.jpeg 1366w,\" data-sf-src=\"https:\/\/i.blogs.es\/8b419d\/gala-met-2022-bella-hadid\/450_1000.jpeg\" \/><\/div>\n<\/div>\n<\/div>\n<div class=\"article-asset-image article-asset-normal article-asset-center\">\n<div class=\"asset-content\">\n<div><\/div>\n<\/div>\n<\/div>\n<h4>Gwen Stefani de Vera Wang<\/h4>\n<div class=\"article-asset-image article-asset-normal article-asset-center\">\n<div class=\"asset-content\">\n<div class=\"base-wrapper-image\"><img decoding=\"async\" class=\"centro_sinmarco\" src=\"https:\/\/i.blogs.es\/f311df\/gala-met-2022-gwen-stefani\/450_1000.jpeg\" alt=\"Gala Met 2022 Gwen Stefani\" data-sf-srcset=\"https:\/\/i.blogs.es\/f311df\/gala-met-2022-gwen-stefani\/450_1000.jpeg 450w, https:\/\/i.blogs.es\/f311df\/gala-met-2022-gwen-stefani\/650_1200.jpeg 681w,https:\/\/i.blogs.es\/f311df\/gala-met-2022-gwen-stefani\/1024_2000.jpeg 1024w, https:\/\/i.blogs.es\/f311df\/gala-met-2022-gwen-stefani\/1366_2000.jpeg 1366w,\" data-sf-src=\"https:\/\/i.blogs.es\/f311df\/gala-met-2022-gwen-stefani\/450_1000.jpeg\" \/><\/div>\n<div><\/div>\n<\/div>\n<\/div>\n<h4>Anitta de Moschino<\/h4>\n<div class=\"article-asset-image article-asset-normal article-asset-center\">\n<div class=\"asset-content\">\n<div class=\"base-wrapper-image\"><img decoding=\"async\" class=\"centro_sinmarco\" src=\"https:\/\/i.blogs.es\/1e7728\/gala-met-2022-anitta-moschino-01\/450_1000.jpeg\" alt=\"Gala Met 2022 Anitta Moschino 01\" data-sf-srcset=\"https:\/\/i.blogs.es\/1e7728\/gala-met-2022-anitta-moschino-01\/450_1000.jpeg 450w, https:\/\/i.blogs.es\/1e7728\/gala-met-2022-anitta-moschino-01\/650_1200.jpeg 681w,https:\/\/i.blogs.es\/1e7728\/gala-met-2022-anitta-moschino-01\/1024_2000.jpeg 1024w, https:\/\/i.blogs.es\/1e7728\/gala-met-2022-anitta-moschino-01\/1366_2000.jpeg 1366w,\" data-sf-src=\"https:\/\/i.blogs.es\/1e7728\/gala-met-2022-anitta-moschino-01\/450_1000.jpeg\" \/><\/div>\n<div><\/div>\n<\/div>\n<\/div>\n<h4>Sara Sampaio de Michael Kors<\/h4>\n<div class=\"article-asset-image article-asset-normal article-asset-center\">\n<div class=\"asset-content\">\n<div class=\"base-wrapper-image\"><img decoding=\"async\" class=\"centro_sinmarco\" src=\"https:\/\/i.blogs.es\/7b8e5a\/gala-met-2022-sara-sampaio\/450_1000.jpeg\" alt=\"Gala Met 2022 Sara Sampaio\" data-sf-srcset=\"https:\/\/i.blogs.es\/7b8e5a\/gala-met-2022-sara-sampaio\/450_1000.jpeg 450w, https:\/\/i.blogs.es\/7b8e5a\/gala-met-2022-sara-sampaio\/650_1200.jpeg 681w,https:\/\/i.blogs.es\/7b8e5a\/gala-met-2022-sara-sampaio\/1024_2000.jpeg 1024w, https:\/\/i.blogs.es\/7b8e5a\/gala-met-2022-sara-sampaio\/1366_2000.jpeg 1366w,\" data-sf-src=\"https:\/\/i.blogs.es\/7b8e5a\/gala-met-2022-sara-sampaio\/450_1000.jpeg\" \/><\/div>\n<div><\/div>\n<\/div>\n<\/div>\n<h4>Karlie Kloss de Givenchy<\/h4>\n<div class=\"article-asset-image article-asset-normal article-asset-center\">\n<div class=\"asset-content\">\n<div class=\"base-wrapper-image\"><img decoding=\"async\" class=\"centro_sinmarco\" src=\"https:\/\/i.blogs.es\/c77119\/gala-met-2022-karlie-kloss\/450_1000.jpeg\" alt=\"Gala Met 2022 Karlie Kloss\" data-sf-srcset=\"https:\/\/i.blogs.es\/c77119\/gala-met-2022-karlie-kloss\/450_1000.jpeg 450w, https:\/\/i.blogs.es\/c77119\/gala-met-2022-karlie-kloss\/650_1200.jpeg 681w,https:\/\/i.blogs.es\/c77119\/gala-met-2022-karlie-kloss\/1024_2000.jpeg 1024w, https:\/\/i.blogs.es\/c77119\/gala-met-2022-karlie-kloss\/1366_2000.jpeg 1366w,\" data-sf-src=\"https:\/\/i.blogs.es\/c77119\/gala-met-2022-karlie-kloss\/450_1000.jpeg\" \/><\/div>\n<div><\/div>\n<\/div>\n<\/div>\n<h4>Miranda Kerr de Oscar de la Renta<\/h4>\n<div class=\"article-asset-image article-asset-normal article-asset-center\">\n<div class=\"asset-content\">\n<div class=\"base-wrapper-image\"><img decoding=\"async\" class=\"centro_sinmarco\" src=\"https:\/\/i.blogs.es\/06ec26\/gala-met-2022-miranda-kerr\/450_1000.jpeg\" alt=\"Gala Met 2022 Miranda Kerr\" data-sf-srcset=\"https:\/\/i.blogs.es\/06ec26\/gala-met-2022-miranda-kerr\/450_1000.jpeg 450w, https:\/\/i.blogs.es\/06ec26\/gala-met-2022-miranda-kerr\/650_1200.jpeg 681w,https:\/\/i.blogs.es\/06ec26\/gala-met-2022-miranda-kerr\/1024_2000.jpeg 1024w, https:\/\/i.blogs.es\/06ec26\/gala-met-2022-miranda-kerr\/1366_2000.jpeg 1366w,\" data-sf-src=\"https:\/\/i.blogs.es\/06ec26\/gala-met-2022-miranda-kerr\/450_1000.jpeg\" \/><\/div>\n<div><\/div>\n<\/div>\n<\/div>\n<h4>Louisa Jacobson de Schiaparelli Couture<\/h4>\n<div class=\"article-asset-image article-asset-normal article-asset-center\">\n<div class=\"asset-content\">\n<div class=\"base-wrapper-image\"><img decoding=\"async\" class=\"centro_sinmarco\" src=\"https:\/\/i.blogs.es\/927bbd\/gala-met-2022-louisa-jacobson\/450_1000.jpeg\" alt=\"Gala Met 2022 Louisa Jacobson\" data-sf-srcset=\"https:\/\/i.blogs.es\/927bbd\/gala-met-2022-louisa-jacobson\/450_1000.jpeg 450w, https:\/\/i.blogs.es\/927bbd\/gala-met-2022-louisa-jacobson\/650_1200.jpeg 681w,https:\/\/i.blogs.es\/927bbd\/gala-met-2022-louisa-jacobson\/1024_2000.jpeg 1024w, https:\/\/i.blogs.es\/927bbd\/gala-met-2022-louisa-jacobson\/1366_2000.jpeg 1366w,\" data-sf-src=\"https:\/\/i.blogs.es\/927bbd\/gala-met-2022-louisa-jacobson\/450_1000.jpeg\" \/><\/div>\n<div><\/div>\n<\/div>\n<\/div>\n<h4>Tommy Dorfman de Christopher Kane<\/h4>\n<div class=\"article-asset-image article-asset-normal article-asset-center\">\n<div class=\"asset-content\">\n<div class=\"base-wrapper-image\"><img decoding=\"async\" class=\"centro_sinmarco\" src=\"https:\/\/i.blogs.es\/2cac66\/gala-met-2022-tommy-dorfman\/450_1000.jpeg\" alt=\"Gala Met 2022 Tommy Dorfman\" data-sf-srcset=\"https:\/\/i.blogs.es\/2cac66\/gala-met-2022-tommy-dorfman\/450_1000.jpeg 450w, https:\/\/i.blogs.es\/2cac66\/gala-met-2022-tommy-dorfman\/650_1200.jpeg 681w,https:\/\/i.blogs.es\/2cac66\/gala-met-2022-tommy-dorfman\/1024_2000.jpeg 1024w, https:\/\/i.blogs.es\/2cac66\/gala-met-2022-tommy-dorfman\/1366_2000.jpeg 1366w,\" data-sf-src=\"https:\/\/i.blogs.es\/2cac66\/gala-met-2022-tommy-dorfman\/450_1000.jpeg\" \/><\/div>\n<div><\/div>\n<\/div>\n<\/div>\n<h4>HoYeon de Louis Vuitton<\/h4>\n<div class=\"article-asset-image article-asset-normal article-asset-center\">\n<div class=\"asset-content\">\n<div class=\"base-wrapper-image\"><img decoding=\"async\" class=\"centro_sinmarco\" src=\"https:\/\/i.blogs.es\/cd7056\/gala-met-2022-hoyeon\/450_1000.jpeg\" alt=\"Gala Met 2022 Hoyeon\" data-sf-srcset=\"https:\/\/i.blogs.es\/cd7056\/gala-met-2022-hoyeon\/450_1000.jpeg 450w, https:\/\/i.blogs.es\/cd7056\/gala-met-2022-hoyeon\/650_1200.jpeg 681w,https:\/\/i.blogs.es\/cd7056\/gala-met-2022-hoyeon\/1024_2000.jpeg 1024w, https:\/\/i.blogs.es\/cd7056\/gala-met-2022-hoyeon\/1366_2000.jpeg 1366w,\" data-sf-src=\"https:\/\/i.blogs.es\/cd7056\/gala-met-2022-hoyeon\/450_1000.jpeg\" \/><\/div>\n<div><\/div>\n<\/div>\n<\/div>\n<h4>Maisie Williams de Thom Browne<\/h4>\n<div class=\"article-asset-image article-asset-normal article-asset-center\">\n<div class=\"asset-content\">\n<div class=\"base-wrapper-image\"><img decoding=\"async\" class=\"centro_sinmarco\" src=\"https:\/\/i.blogs.es\/36d15f\/gala-met-2022-maisie-williams\/450_1000.jpeg\" alt=\"Gala Met 2022 Maisie Williams\" data-sf-srcset=\"https:\/\/i.blogs.es\/36d15f\/gala-met-2022-maisie-williams\/450_1000.jpeg 450w, https:\/\/i.blogs.es\/36d15f\/gala-met-2022-maisie-williams\/650_1200.jpeg 681w,https:\/\/i.blogs.es\/36d15f\/gala-met-2022-maisie-williams\/1024_2000.jpeg 1024w, https:\/\/i.blogs.es\/36d15f\/gala-met-2022-maisie-williams\/1366_2000.jpeg 1366w,\" data-sf-src=\"https:\/\/i.blogs.es\/36d15f\/gala-met-2022-maisie-williams\/450_1000.jpeg\" \/><\/div>\n<div><\/div>\n<div><em>*Im\u00e1genes. Getty Images e Instagram<\/em><\/div>\n<\/div>\n<\/div>\n<div class=\"article-asset-image article-asset-normal article-asset-center\">\n<div class=\"asset-content\">\n<div class=\"base-wrapper-image\"><\/div>\n<\/div>\n<\/div>\n<p>&nbsp;<\/p>\n<p>&nbsp;<\/p>\n","protected":false},"author":16349,"featured_media":162958,"template":"","format":"standard","categories":[2971,13,1],"acf":{"banner":null},"yoast_head":"<!-- This site is optimized with the Yoast SEO Premium plugin v18.5 (Yoast SEO v20.4) - https:\/\/yoast.com\/wordpress\/plugins\/seo\/ -->\n<title>Los mejores looks de la alfombra roja de la Gala MET 2022<\/title>\n<meta name=\"description\" content=\"Te contamos uno a uno los looks y estilos m\u00e1s destacados que han pasado por las m\u00edticas escaleras del MET Museum de Nueva York.\" \/>\n<meta name=\"robots\" content=\"index, follow, max-snippet:-1, max-image-preview:large, max-video-preview:-1\" \/>\n<link rel=\"canonical\" href=\"https:\/\/graziamagazine.com\/es\/articles\/los-mejores-looks-de-la-alfombra-roja-de-la-gala-met-2022\/\" \/>\n<meta property=\"og:locale\" content=\"es_ES\" \/>\n<meta property=\"og:type\" content=\"article\" \/>\n<meta property=\"og:title\" content=\"Los mejores looks de la alfombra roja de la Gala MET 2022\" \/>\n<meta property=\"og:description\" content=\"Te contamos uno a uno los looks y estilos m\u00e1s destacados que han pasado por las m\u00edticas escaleras del MET Museum de Nueva York.\" \/>\n<meta property=\"og:url\" content=\"https:\/\/graziamagazine.com\/es\/articles\/los-mejores-looks-de-la-alfombra-roja-de-la-gala-met-2022\/\" \/>\n<meta property=\"og:site_name\" content=\"Grazia\" \/>\n<meta property=\"article:modified_time\" content=\"2022-05-03T11:24:27+00:00\" \/>\n<meta property=\"og:image\" content=\"https:\/\/graziamagazine.com\/es\/wp-content\/uploads\/sites\/12\/2022\/05\/1651545845_375261_1651545942_gigante_normal.jpeg?fit=1680%2C762\" \/>\n\t<meta property=\"og:image:width\" content=\"1680\" \/>\n\t<meta property=\"og:image:height\" content=\"762\" \/>\n\t<meta property=\"og:image:type\" content=\"image\/jpeg\" \/>\n<meta name=\"twitter:card\" content=\"summary_large_image\" \/>\n<meta name=\"twitter:label1\" content=\"Est. reading time\" \/>\n\t<meta name=\"twitter:data1\" content=\"3 minutos\" \/>\n<script type=\"application\/ld+json\" class=\"yoast-schema-graph\">{\"@context\":\"https:\/\/schema.org\",\"@graph\":[{\"@type\":\"WebPage\",\"@id\":\"https:\/\/graziamagazine.com\/es\/articles\/los-mejores-looks-de-la-alfombra-roja-de-la-gala-met-2022\/\",\"url\":\"https:\/\/graziamagazine.com\/es\/articles\/los-mejores-looks-de-la-alfombra-roja-de-la-gala-met-2022\/\",\"name\":\"Los mejores looks de la alfombra roja de la Gala MET 2022\",\"isPartOf\":{\"@id\":\"https:\/\/graziamagazine.com\/es\/#website\"},\"datePublished\":\"2022-05-02T22:36:41+00:00\",\"dateModified\":\"2022-05-03T11:24:27+00:00\",\"description\":\"Te contamos uno a uno los looks y estilos m\u00e1s destacados que han pasado por las m\u00edticas escaleras del MET Museum de Nueva York.\",\"breadcrumb\":{\"@id\":\"https:\/\/graziamagazine.com\/es\/articles\/los-mejores-looks-de-la-alfombra-roja-de-la-gala-met-2022\/#breadcrumb\"},\"inLanguage\":\"es\",\"potentialAction\":[{\"@type\":\"ReadAction\",\"target\":[\"https:\/\/graziamagazine.com\/es\/articles\/los-mejores-looks-de-la-alfombra-roja-de-la-gala-met-2022\/\"]}]},{\"@type\":\"BreadcrumbList\",\"@id\":\"https:\/\/graziamagazine.com\/es\/articles\/los-mejores-looks-de-la-alfombra-roja-de-la-gala-met-2022\/#breadcrumb\",\"itemListElement\":[{\"@type\":\"ListItem\",\"position\":1,\"name\":\"Portada\",\"item\":\"https:\/\/graziamagazine.com\/es\/\"},{\"@type\":\"ListItem\",\"position\":2,\"name\":\"Los mejores looks de la alfombra roja de la Gala MET 2022\"}]},{\"@type\":\"WebSite\",\"@id\":\"https:\/\/graziamagazine.com\/es\/#website\",\"url\":\"https:\/\/graziamagazine.com\/es\/\",\"name\":\"Grazia\",\"description\":\"Moda, belleza, celebrities, estilo de vida...\",\"potentialAction\":[{\"@type\":\"SearchAction\",\"target\":{\"@type\":\"EntryPoint\",\"urlTemplate\":\"https:\/\/graziamagazine.com\/es\/?s={search_term_string}\"},\"query-input\":\"required name=search_term_string\"}],\"inLanguage\":\"es\"}]}<\/script>\n<!-- \/ Yoast SEO Premium plugin. -->","yoast_head_json":{"title":"Los mejores looks de la alfombra roja de la Gala MET 2022","description":"Te contamos uno a uno los looks y estilos m\u00e1s destacados que han pasado por las m\u00edticas escaleras del MET Museum de Nueva York.","robots":{"index":"index","follow":"follow","max-snippet":"max-snippet:-1","max-image-preview":"max-image-preview:large","max-video-preview":"max-video-preview:-1"},"canonical":"https:\/\/graziamagazine.com\/es\/articles\/los-mejores-looks-de-la-alfombra-roja-de-la-gala-met-2022\/","og_locale":"es_ES","og_type":"article","og_title":"Los mejores looks de la alfombra roja de la Gala MET 2022","og_description":"Te contamos uno a uno los looks y estilos m\u00e1s destacados que han pasado por las m\u00edticas escaleras del MET Museum de Nueva York.","og_url":"https:\/\/graziamagazine.com\/es\/articles\/los-mejores-looks-de-la-alfombra-roja-de-la-gala-met-2022\/","og_site_name":"Grazia","article_modified_time":"2022-05-03T11:24:27+00:00","og_image":[{"width":1680,"height":762,"url":"https:\/\/graziamagazine.com\/es\/wp-content\/uploads\/sites\/12\/2022\/05\/1651545845_375261_1651545942_gigante_normal.jpeg?fit=1680%2C762","type":"image\/jpeg"}],"twitter_card":"summary_large_image","twitter_misc":{"Est. reading time":"3 minutos"},"schema":{"@context":"https:\/\/schema.org","@graph":[{"@type":"WebPage","@id":"https:\/\/graziamagazine.com\/es\/articles\/los-mejores-looks-de-la-alfombra-roja-de-la-gala-met-2022\/","url":"https:\/\/graziamagazine.com\/es\/articles\/los-mejores-looks-de-la-alfombra-roja-de-la-gala-met-2022\/","name":"Los mejores looks de la alfombra roja de la Gala MET 2022","isPartOf":{"@id":"https:\/\/graziamagazine.com\/es\/#website"},"datePublished":"2022-05-02T22:36:41+00:00","dateModified":"2022-05-03T11:24:27+00:00","description":"Te contamos uno a uno los looks y estilos m\u00e1s destacados que han pasado por las m\u00edticas escaleras del MET Museum de Nueva York.","breadcrumb":{"@id":"https:\/\/graziamagazine.com\/es\/articles\/los-mejores-looks-de-la-alfombra-roja-de-la-gala-met-2022\/#breadcrumb"},"inLanguage":"es","potentialAction":[{"@type":"ReadAction","target":["https:\/\/graziamagazine.com\/es\/articles\/los-mejores-looks-de-la-alfombra-roja-de-la-gala-met-2022\/"]}]},{"@type":"BreadcrumbList","@id":"https:\/\/graziamagazine.com\/es\/articles\/los-mejores-looks-de-la-alfombra-roja-de-la-gala-met-2022\/#breadcrumb","itemListElement":[{"@type":"ListItem","position":1,"name":"Portada","item":"https:\/\/graziamagazine.com\/es\/"},{"@type":"ListItem","position":2,"name":"Los mejores looks de la alfombra roja de la Gala MET 2022"}]},{"@type":"WebSite","@id":"https:\/\/graziamagazine.com\/es\/#website","url":"https:\/\/graziamagazine.com\/es\/","name":"Grazia","description":"Moda, belleza, celebrities, estilo de vida...","potentialAction":[{"@type":"SearchAction","target":{"@type":"EntryPoint","urlTemplate":"https:\/\/graziamagazine.com\/es\/?s={search_term_string}"},"query-input":"required name=search_term_string"}],"inLanguage":"es"}]}},"jetpack_sharing_enabled":true,"distributor_meta":false,"distributor_terms":false,"distributor_media":false,"distributor_original_site_name":"Grazia","distributor_original_site_url":"https:\/\/graziamagazine.com\/es","push-errors":false,"_links":{"self":[{"href":"https:\/\/graziamagazine.com\/es\/wp-json\/wp\/v2\/articles\/162955"}],"collection":[{"href":"https:\/\/graziamagazine.com\/es\/wp-json\/wp\/v2\/articles"}],"about":[{"href":"https:\/\/graziamagazine.com\/es\/wp-json\/wp\/v2\/types\/articles"}],"author":[{"embeddable":true,"href":"https:\/\/graziamagazine.com\/es\/wp-json\/wp\/v2\/users\/16349"}],"wp:featuredmedia":[{"embeddable":true,"href":"https:\/\/graziamagazine.com\/es\/wp-json\/wp\/v2\/media\/162958"}],"wp:attachment":[{"href":"https:\/\/graziamagazine.com\/es\/wp-json\/wp\/v2\/media?parent=162955"}],"wp:term":[{"taxonomy":"category","embeddable":true,"href":"https:\/\/graziamagazine.com\/es\/wp-json\/wp\/v2\/categories?post=162955"}],"curies":[{"name":"wp","href":"https:\/\/api.w.org\/{rel}","templated":true}]}}