{"id":162751,"date":"2022-04-26T09:48:56","date_gmt":"2022-04-26T07:48:56","guid":{"rendered":"https:\/\/graziamagazine.com\/es\/?post_type=articles&#038;p=162751"},"modified":"2022-04-26T10:45:38","modified_gmt":"2022-04-26T08:45:38","slug":"te-contamos-todo-lo-que-debes-saber-sobre-la-gala-met-2022","status":"publish","type":"articles","link":"https:\/\/graziamagazine.com\/es\/articles\/te-contamos-todo-lo-que-debes-saber-sobre-la-gala-met-2022\/","title":{"rendered":"Te contamos todo lo que debes saber sobre la Gala MET 2022"},"content":{"rendered":"<p><span style=\"font-weight: 400\">La segunda parte de <a href=\"https:\/\/graziamagazine.com\/mx\/articles\/met-gala-2022-regina-king-blake-lively-ryan-reynolds-lin-manuel-miranda\/\">Met Gala 2022<\/a> ha llegado y es que este es uno de los eventos m\u00e1s importantes en la industria de la moda, pues cada uno de los <\/span><i><span style=\"font-weight: 400\">statements <\/span><\/i><span style=\"font-weight: 400\">son ideados y creados por incre\u00edbles dise\u00f1adores poniendo el mira el ingenio y creatividad mediante sus prendas de alta costura.<\/span><\/p>\n<p><span style=\"font-weight: 400\">Este a\u00f1o la segunda parte de <strong>Met Gala 2022<\/strong> llega con el nombre de <strong>\u201cEn Estados Unidos: una antolog\u00eda de la moda\u201d<\/strong> la cual celebra la moda estadounidense. Una serie de dos partes del Museo Museo Metropolitano de Arte mejor conocido como MET, la primera parte llamada <strong><em>\u201cIn America: A Lexicon of Fashion\u201d<\/em><\/strong> tuvo inicio en septiembre despu\u00e9s de la Met Gala 2021 que se llev\u00f3 a cabo ese mes a causa de la situaci\u00f3n que vive el mundo entero por la pandemia de COVID-19.<\/span><\/p>\n<figure id=\"attachment_110380\" class=\"wp-caption alignnone\" style=\"width: 1024px\" aria-describedby=\"caption-attachment-110380\"><img loading=\"lazy\" decoding=\"async\" class=\"wp-image-110380 size-large\" src=\"https:\/\/graziamagazine.com\/mx\/wp-content\/uploads\/sites\/13\/2022\/04\/GettyImages-956933436.jpg?w=1024&amp;resize=1024%2C800\" alt=\"Te contamos todo lo que debes saber sobre la Met Gala 2022\" width=\"1024\" height=\"800\" data-recalc-dims=\"1\" \/><figcaption id=\"caption-attachment-110380\" class=\"wp-caption-text\">Te contamos todo lo que debes saber sobre la Met Gala 2022<\/figcaption><\/figure>\n<h3><strong>\u00bfCu\u00e1ndo y d\u00f3nde ser\u00e1 la Met Gala?<\/strong><\/h3>\n<p><span style=\"font-weight: 400\">Muy emocionados por este gran evento, nos alegra anunciar que se llevar\u00e1 a cabo el 2 de mayo, aunque usualmente este evento normalmente se celebra el primer lunes de este mismo mes. Este a\u00f1o tendr\u00e1 lugar en el Museo Metropolitano de Arte.<\/span><\/p>\n<h3><strong>\u00bfCu\u00e1l ser\u00e1 la tem\u00e1tica de este a\u00f1o?<\/strong><\/h3>\n<blockquote class=\"instagram-media\" style=\"background: #FFF;border: 0;border-radius: 3px;margin: 1px;max-width: 500px;min-width: 326px;padding: 0;width: calc(100% - 2px)\" data-instgrm-captioned=\"\" data-instgrm-permalink=\"https:\/\/www.instagram.com\/p\/CTx3hT1lee7\/?utm_source=ig_embed&amp;utm_campaign=loading\" data-instgrm-version=\"14\">\n<div style=\"padding: 16px\">\n<p>&nbsp;<\/p>\n<div style=\"flex-direction: row;align-items: center\">\n<div style=\"background-color: #f4f4f4;border-radius: 50%;flex-grow: 0;height: 40px;margin-right: 14px;width: 40px\"><\/div>\n<div style=\"flex-direction: column;flex-grow: 1;justify-content: center\">\n<div style=\"background-color: #f4f4f4;border-radius: 4px;flex-grow: 0;height: 14px;margin-bottom: 6px;width: 100px\"><\/div>\n<div style=\"background-color: #f4f4f4;border-radius: 4px;flex-grow: 0;height: 14px;width: 60px\"><\/div>\n<\/div>\n<\/div>\n<div style=\"padding: 19% 0\"><\/div>\n<div style=\"height: 50px;margin: 0 auto 12px;width: 50px\"><\/div>\n<div style=\"padding-top: 8px\">\n<div style=\"color: #3897f0;font-family: Arial,sans-serif;font-size: 14px;font-style: normal;font-weight: 550;line-height: 18px\">View this post on Instagram<\/div>\n<\/div>\n<div style=\"padding: 12.5% 0\"><\/div>\n<div style=\"flex-direction: row;margin-bottom: 14px;align-items: center\">\n<div>\n<div style=\"background-color: #f4f4f4;border-radius: 50%;height: 12.5px;width: 12.5px\"><\/div>\n<div style=\"background-color: #f4f4f4;height: 12.5px;width: 12.5px;flex-grow: 0;margin-right: 14px;margin-left: 2px\"><\/div>\n<div style=\"background-color: #f4f4f4;border-radius: 50%;height: 12.5px;width: 12.5px\"><\/div>\n<\/div>\n<div style=\"margin-left: 8px\">\n<div style=\"background-color: #f4f4f4;border-radius: 50%;flex-grow: 0;height: 20px;width: 20px\"><\/div>\n<div style=\"width: 0;height: 0;border-top: 2px solid transparent;border-left: 6px solid #f4f4f4;border-bottom: 2px solid transparent\"><\/div>\n<\/div>\n<div style=\"margin-left: auto\">\n<div style=\"width: 0px;border-top: 8px solid #F4F4F4;border-right: 8px solid transparent\"><\/div>\n<div style=\"background-color: #f4f4f4;flex-grow: 0;height: 12px;width: 16px\"><\/div>\n<div style=\"width: 0;height: 0;border-top: 8px solid #F4F4F4;border-left: 8px solid transparent\"><\/div>\n<\/div>\n<\/div>\n<div style=\"flex-direction: column;flex-grow: 1;justify-content: center;margin-bottom: 24px\">\n<div style=\"background-color: #f4f4f4;border-radius: 4px;flex-grow: 0;height: 14px;margin-bottom: 6px;width: 224px\"><\/div>\n<div style=\"background-color: #f4f4f4;border-radius: 4px;flex-grow: 0;height: 14px;width: 144px\"><\/div>\n<\/div>\n<p>&nbsp;<\/p>\n<p style=\"color: #c9c8cd;font-family: Arial,sans-serif;font-size: 14px;line-height: 17px;margin-bottom: 0;margin-top: 8px;overflow: hidden;padding: 8px 0 7px;text-align: center\"><a href=\"https:\/\/www.instagram.com\/p\/CTx3hT1lee7\/?utm_source=ig_embed&amp;utm_campaign=loading\"style=\"color: #c9c8cd;font-family: Arial,sans-serif;font-size: 14px;font-style: normal;font-weight: normal;line-height: 17px;text-decoration: none\"  target=\"_blank\" rel=\"noopener\" target=\"_blank\">A post shared by The Metropolitan Museum of Art (@metmuseum)<\/a><\/p>\n<\/div>\n<\/blockquote>\n<p><span style=\"font-weight: 400\">El c\u00f3digo de vestimenta de este a\u00f1o ser\u00e1 \u201cGilded Glamour\u201d inspirado en<strong> The Gilded Age en Nueva York<\/strong> el cual tuvo un gran apogeo entre los a\u00f1os 1870 y 1890. La Met Gala 2022 y la subsiguiente se enfocan en el tema \u201cEn Estados Unidos: una antolog\u00eda de la moda\u201d.<\/span><\/p>\n<h3><strong>Se han anunciado a los co-anfitriones<\/strong><\/h3>\n<p><span style=\"font-weight: 400\">Seguramente te estar\u00e1s preguntando qui\u00e9nes ser\u00e1n las estrellas de esta noche y no es nada m\u00e1s y nada menos que Blake Lively, Ryan Reynolds, Regina King y Lin-Manuel Miranda quienes han sido nombrados copresidentes de este evento.<\/span><\/p>\n<h3><strong>\u00bfQui\u00e9nes ser\u00e1n los dise\u00f1adores presentes?<\/strong><\/h3>\n<figure id=\"attachment_110378\" class=\"wp-caption alignnone\" style=\"width: 875px\" aria-describedby=\"caption-attachment-110378\"><img loading=\"lazy\" decoding=\"async\" class=\"wp-image-110378 size-large\" src=\"https:\/\/graziamagazine.com\/mx\/wp-content\/uploads\/sites\/13\/2022\/04\/GettyImages-1340545574.jpg?w=875&amp;resize=875%2C1024\" alt=\"Te contamos todo lo que debes saber sobre la Met Gala 2022\" width=\"875\" height=\"1024\" data-recalc-dims=\"1\" \/><figcaption id=\"caption-attachment-110378\" class=\"wp-caption-text\">Te contamos todo lo que debes saber sobre la Met Gala 2022<\/figcaption><\/figure>\n<p><span style=\"font-weight: 400\">Cada uno de los dise\u00f1adores hacen trabajos extraordinarios que se ven reflejados en el porte de cada celebridad. En esta ocasi\u00f3n se espera que marcas como<strong> Balenciaga, Prada, Louis Vuitton, Valentino, Givenchy y Chanel<\/strong> sean parte de este magn\u00edfico evento.<\/span><\/p>\n<h3><strong>\u00bfA qu\u00e9 famosos veremos?<\/strong><\/h3>\n<blockquote class=\"instagram-media\" style=\"background: #FFF;border: 0;border-radius: 3px;margin: 1px;max-width: 500px;min-width: 326px;padding: 0;width: calc(100% - 2px)\" data-instgrm-captioned=\"\" data-instgrm-permalink=\"https:\/\/www.instagram.com\/p\/CTyLN5sFSea\/?utm_source=ig_embed&amp;utm_campaign=loading\" data-instgrm-version=\"14\">\n<div style=\"padding: 16px\">\n<p>&nbsp;<\/p>\n<div style=\"flex-direction: row;align-items: center\">\n<div style=\"background-color: #f4f4f4;border-radius: 50%;flex-grow: 0;height: 40px;margin-right: 14px;width: 40px\"><\/div>\n<div style=\"flex-direction: column;flex-grow: 1;justify-content: center\">\n<div style=\"background-color: #f4f4f4;border-radius: 4px;flex-grow: 0;height: 14px;margin-bottom: 6px;width: 100px\"><\/div>\n<div style=\"background-color: #f4f4f4;border-radius: 4px;flex-grow: 0;height: 14px;width: 60px\"><\/div>\n<\/div>\n<\/div>\n<div style=\"padding: 19% 0\"><\/div>\n<div style=\"height: 50px;margin: 0 auto 12px;width: 50px\"><\/div>\n<div style=\"padding-top: 8px\">\n<div style=\"color: #3897f0;font-family: Arial,sans-serif;font-size: 14px;font-style: normal;font-weight: 550;line-height: 18px\">View this post on Instagram<\/div>\n<\/div>\n<div style=\"padding: 12.5% 0\"><\/div>\n<div style=\"flex-direction: row;margin-bottom: 14px;align-items: center\">\n<div>\n<div style=\"background-color: #f4f4f4;border-radius: 50%;height: 12.5px;width: 12.5px\"><\/div>\n<div style=\"background-color: #f4f4f4;height: 12.5px;width: 12.5px;flex-grow: 0;margin-right: 14px;margin-left: 2px\"><\/div>\n<div style=\"background-color: #f4f4f4;border-radius: 50%;height: 12.5px;width: 12.5px\"><\/div>\n<\/div>\n<div style=\"margin-left: 8px\">\n<div style=\"background-color: #f4f4f4;border-radius: 50%;flex-grow: 0;height: 20px;width: 20px\"><\/div>\n<div style=\"width: 0;height: 0;border-top: 2px solid transparent;border-left: 6px solid #f4f4f4;border-bottom: 2px solid transparent\"><\/div>\n<\/div>\n<div style=\"margin-left: auto\">\n<div style=\"width: 0px;border-top: 8px solid #F4F4F4;border-right: 8px solid transparent\"><\/div>\n<div style=\"background-color: #f4f4f4;flex-grow: 0;height: 12px;width: 16px\"><\/div>\n<div style=\"width: 0;height: 0;border-top: 8px solid #F4F4F4;border-left: 8px solid transparent\"><\/div>\n<\/div>\n<\/div>\n<div style=\"flex-direction: column;flex-grow: 1;justify-content: center;margin-bottom: 24px\">\n<div style=\"background-color: #f4f4f4;border-radius: 4px;flex-grow: 0;height: 14px;margin-bottom: 6px;width: 224px\"><\/div>\n<div style=\"background-color: #f4f4f4;border-radius: 4px;flex-grow: 0;height: 14px;width: 144px\"><\/div>\n<\/div>\n<p>&nbsp;<\/p>\n<p style=\"color: #c9c8cd;font-family: Arial,sans-serif;font-size: 14px;line-height: 17px;margin-bottom: 0;margin-top: 8px;overflow: hidden;padding: 8px 0 7px;text-align: center\"><a href=\"https:\/\/www.instagram.com\/p\/CTyLN5sFSea\/?utm_source=ig_embed&amp;utm_campaign=loading\"style=\"color: #c9c8cd;font-family: Arial,sans-serif;font-size: 14px;font-style: normal;font-weight: normal;line-height: 17px;text-decoration: none\"  target=\"_blank\" rel=\"noopener\" target=\"_blank\">A post shared by The Metropolitan Museum of Art (@metmuseum)<\/a><\/p>\n<\/div>\n<\/blockquote>\n<p><span style=\"font-weight: 400\">Adem\u00e1s de los copresidentes, debes saber que la lista es secreta, pues el evento siempre se ha guardado de cerca, y los asistentes generalmente se mantienen en secreto hasta el evento en s\u00ed. Lo m\u00e1s probable es que famosos que acuden normalmente a este evento como es el caso de<strong> Gigi Hadid, Kim Kardashian, Kendall Jenner<\/strong> entre otros, asistan esta noche tan especial.<\/span><\/p>\n<h3><strong>\u00bfQu\u00e9 mensaje dar\u00e1 el evento?<\/strong><\/h3>\n<p><span style=\"font-weight: 400\">Se dice que este a\u00f1o la exposici\u00f3n alz\u00f3 la voz en cuestiones de <strong>justicia social, identidad y diversidad<\/strong> a trav\u00e9s de su curadur\u00eda que pretende \u201cilustrar las mareas cambiantes de la moda estadounidense\u201d, seg\u00fan el director del Met, Max Hollein.<\/span><\/p>\n<p><span style=\"font-weight: 400\">Si quieres saber m\u00e1s sobre este evento, te estaremos contando m\u00e1s adelante todos los detalles que debes saber, desde los vestuarios, los dise\u00f1adores, las celebridades y la tem\u00e1tica de la exposici\u00f3n.<\/span><\/p>\n<blockquote class=\"instagram-media\" style=\"background: #FFF;border: 0;border-radius: 3px;margin: 1px;max-width: 500px;min-width: 326px;padding: 0;width: calc(100% - 2px)\" data-instgrm-captioned=\"\" data-instgrm-permalink=\"https:\/\/www.instagram.com\/p\/CTyXntaMool\/?utm_source=ig_embed&amp;utm_campaign=loading\" data-instgrm-version=\"14\">\n<div style=\"padding: 16px\">\n<p>&nbsp;<\/p>\n<div style=\"flex-direction: row;align-items: center\">\n<div style=\"background-color: #f4f4f4;border-radius: 50%;flex-grow: 0;height: 40px;margin-right: 14px;width: 40px\"><\/div>\n<div style=\"flex-direction: column;flex-grow: 1;justify-content: center\">\n<div style=\"background-color: #f4f4f4;border-radius: 4px;flex-grow: 0;height: 14px;margin-bottom: 6px;width: 100px\"><\/div>\n<div style=\"background-color: #f4f4f4;border-radius: 4px;flex-grow: 0;height: 14px;width: 60px\"><\/div>\n<\/div>\n<\/div>\n<div style=\"padding: 19% 0\"><\/div>\n<div style=\"height: 50px;margin: 0 auto 12px;width: 50px\"><\/div>\n<div style=\"padding-top: 8px\">\n<div style=\"color: #3897f0;font-family: Arial,sans-serif;font-size: 14px;font-style: normal;font-weight: 550;line-height: 18px\">View this post on Instagram<\/div>\n<\/div>\n<div style=\"padding: 12.5% 0\"><\/div>\n<div style=\"flex-direction: row;margin-bottom: 14px;align-items: center\">\n<div>\n<div style=\"background-color: #f4f4f4;border-radius: 50%;height: 12.5px;width: 12.5px\"><\/div>\n<div style=\"background-color: #f4f4f4;height: 12.5px;width: 12.5px;flex-grow: 0;margin-right: 14px;margin-left: 2px\"><\/div>\n<div style=\"background-color: #f4f4f4;border-radius: 50%;height: 12.5px;width: 12.5px\"><\/div>\n<\/div>\n<div style=\"margin-left: 8px\">\n<div style=\"background-color: #f4f4f4;border-radius: 50%;flex-grow: 0;height: 20px;width: 20px\"><\/div>\n<div style=\"width: 0;height: 0;border-top: 2px solid transparent;border-left: 6px solid #f4f4f4;border-bottom: 2px solid transparent\"><\/div>\n<\/div>\n<div style=\"margin-left: auto\">\n<div style=\"width: 0px;border-top: 8px solid #F4F4F4;border-right: 8px solid transparent\"><\/div>\n<div style=\"background-color: #f4f4f4;flex-grow: 0;height: 12px;width: 16px\"><\/div>\n<div style=\"width: 0;height: 0;border-top: 8px solid #F4F4F4;border-left: 8px solid transparent\"><\/div>\n<\/div>\n<\/div>\n<div style=\"flex-direction: column;flex-grow: 1;justify-content: center;margin-bottom: 24px\">\n<div style=\"background-color: #f4f4f4;border-radius: 4px;flex-grow: 0;height: 14px;margin-bottom: 6px;width: 224px\"><\/div>\n<div style=\"background-color: #f4f4f4;border-radius: 4px;flex-grow: 0;height: 14px;width: 144px\"><\/div>\n<\/div>\n<p>&nbsp;<\/p>\n<p style=\"color: #c9c8cd;font-family: Arial,sans-serif;font-size: 14px;line-height: 17px;margin-bottom: 0;margin-top: 8px;overflow: hidden;padding: 8px 0 7px;text-align: center\"><a href=\"https:\/\/www.instagram.com\/p\/CTyXntaMool\/?utm_source=ig_embed&amp;utm_campaign=loading\"style=\"color: #c9c8cd;font-family: Arial,sans-serif;font-size: 14px;font-style: normal;font-weight: normal;line-height: 17px;text-decoration: none\"  target=\"_blank\" rel=\"noopener\" target=\"_blank\">A post shared by The Metropolitan Museum of Art (@metmuseum)<\/a><\/p>\n<\/div>\n<\/blockquote>\n<p><strong><em>*IMAGEN: Instagram @metmuseum, GettyImages<\/em><\/strong><\/p>\n","protected":false},"author":11653,"featured_media":162761,"template":"","format":"standard","categories":[1],"acf":[],"yoast_head":"<!-- This site is optimized with the Yoast SEO Premium plugin v18.5 (Yoast SEO v20.4) - https:\/\/yoast.com\/wordpress\/plugins\/seo\/ -->\n<title>Te contamos todo lo que debes saber sobre la Gala MET 2022<\/title>\n<meta name=\"description\" content=\"Llega la segunda serie de dos partes de la Gala MET 2022 que celebra la exhibici\u00f3n \u201cEn Estados Unidos: una antolog\u00eda de la moda\u201d\" \/>\n<meta name=\"robots\" content=\"index, follow, max-snippet:-1, max-image-preview:large, max-video-preview:-1\" \/>\n<link rel=\"canonical\" href=\"https:\/\/graziamagazine.com\/es\/articles\/te-contamos-todo-lo-que-debes-saber-sobre-la-gala-met-2022\/\" \/>\n<meta property=\"og:locale\" content=\"es_ES\" \/>\n<meta property=\"og:type\" content=\"article\" \/>\n<meta property=\"og:title\" content=\"Te contamos todo lo que debes saber sobre la Gala MET 2022\" \/>\n<meta property=\"og:description\" content=\"Llega la segunda serie de dos partes de la Gala MET 2022 que celebra la exhibici\u00f3n \u201cEn Estados Unidos: una antolog\u00eda de la moda\u201d\" \/>\n<meta property=\"og:url\" content=\"https:\/\/graziamagazine.com\/es\/articles\/te-contamos-todo-lo-que-debes-saber-sobre-la-gala-met-2022\/\" \/>\n<meta property=\"og:site_name\" content=\"Grazia\" \/>\n<meta property=\"article:modified_time\" content=\"2022-04-26T08:45:38+00:00\" \/>\n<meta property=\"og:image\" content=\"https:\/\/graziamagazine.com\/es\/wp-content\/uploads\/sites\/12\/2022\/04\/UU22WQTOY5AF5GO74DVPFXXSWU.jpeg?fit=3500%2C2333\" \/>\n\t<meta property=\"og:image:width\" content=\"3500\" \/>\n\t<meta property=\"og:image:height\" content=\"2333\" \/>\n\t<meta property=\"og:image:type\" content=\"image\/jpeg\" \/>\n<meta name=\"twitter:card\" content=\"summary_large_image\" \/>\n<meta name=\"twitter:label1\" content=\"Est. reading time\" \/>\n\t<meta name=\"twitter:data1\" content=\"3 minutos\" \/>\n<script type=\"application\/ld+json\" class=\"yoast-schema-graph\">{\"@context\":\"https:\/\/schema.org\",\"@graph\":[{\"@type\":\"WebPage\",\"@id\":\"https:\/\/graziamagazine.com\/es\/articles\/te-contamos-todo-lo-que-debes-saber-sobre-la-gala-met-2022\/\",\"url\":\"https:\/\/graziamagazine.com\/es\/articles\/te-contamos-todo-lo-que-debes-saber-sobre-la-gala-met-2022\/\",\"name\":\"Te contamos todo lo que debes saber sobre la Gala MET 2022\",\"isPartOf\":{\"@id\":\"https:\/\/graziamagazine.com\/es\/#website\"},\"datePublished\":\"2022-04-26T07:48:56+00:00\",\"dateModified\":\"2022-04-26T08:45:38+00:00\",\"description\":\"Llega la segunda serie de dos partes de la Gala MET 2022 que celebra la exhibici\u00f3n \u201cEn Estados Unidos: una antolog\u00eda de la moda\u201d\",\"breadcrumb\":{\"@id\":\"https:\/\/graziamagazine.com\/es\/articles\/te-contamos-todo-lo-que-debes-saber-sobre-la-gala-met-2022\/#breadcrumb\"},\"inLanguage\":\"es\",\"potentialAction\":[{\"@type\":\"ReadAction\",\"target\":[\"https:\/\/graziamagazine.com\/es\/articles\/te-contamos-todo-lo-que-debes-saber-sobre-la-gala-met-2022\/\"]}]},{\"@type\":\"BreadcrumbList\",\"@id\":\"https:\/\/graziamagazine.com\/es\/articles\/te-contamos-todo-lo-que-debes-saber-sobre-la-gala-met-2022\/#breadcrumb\",\"itemListElement\":[{\"@type\":\"ListItem\",\"position\":1,\"name\":\"Portada\",\"item\":\"https:\/\/graziamagazine.com\/es\/\"},{\"@type\":\"ListItem\",\"position\":2,\"name\":\"Te contamos todo lo que debes saber sobre la Gala MET 2022\"}]},{\"@type\":\"WebSite\",\"@id\":\"https:\/\/graziamagazine.com\/es\/#website\",\"url\":\"https:\/\/graziamagazine.com\/es\/\",\"name\":\"Grazia\",\"description\":\"Moda, belleza, celebrities, estilo de vida...\",\"potentialAction\":[{\"@type\":\"SearchAction\",\"target\":{\"@type\":\"EntryPoint\",\"urlTemplate\":\"https:\/\/graziamagazine.com\/es\/?s={search_term_string}\"},\"query-input\":\"required name=search_term_string\"}],\"inLanguage\":\"es\"}]}<\/script>\n<!-- \/ Yoast SEO Premium plugin. -->","yoast_head_json":{"title":"Te contamos todo lo que debes saber sobre la Gala MET 2022","description":"Llega la segunda serie de dos partes de la Gala MET 2022 que celebra la exhibici\u00f3n \u201cEn Estados Unidos: una antolog\u00eda de la moda\u201d","robots":{"index":"index","follow":"follow","max-snippet":"max-snippet:-1","max-image-preview":"max-image-preview:large","max-video-preview":"max-video-preview:-1"},"canonical":"https:\/\/graziamagazine.com\/es\/articles\/te-contamos-todo-lo-que-debes-saber-sobre-la-gala-met-2022\/","og_locale":"es_ES","og_type":"article","og_title":"Te contamos todo lo que debes saber sobre la Gala MET 2022","og_description":"Llega la segunda serie de dos partes de la Gala MET 2022 que celebra la exhibici\u00f3n \u201cEn Estados Unidos: una antolog\u00eda de la moda\u201d","og_url":"https:\/\/graziamagazine.com\/es\/articles\/te-contamos-todo-lo-que-debes-saber-sobre-la-gala-met-2022\/","og_site_name":"Grazia","article_modified_time":"2022-04-26T08:45:38+00:00","og_image":[{"width":3500,"height":2333,"url":"https:\/\/graziamagazine.com\/es\/wp-content\/uploads\/sites\/12\/2022\/04\/UU22WQTOY5AF5GO74DVPFXXSWU.jpeg?fit=3500%2C2333","type":"image\/jpeg"}],"twitter_card":"summary_large_image","twitter_misc":{"Est. reading time":"3 minutos"},"schema":{"@context":"https:\/\/schema.org","@graph":[{"@type":"WebPage","@id":"https:\/\/graziamagazine.com\/es\/articles\/te-contamos-todo-lo-que-debes-saber-sobre-la-gala-met-2022\/","url":"https:\/\/graziamagazine.com\/es\/articles\/te-contamos-todo-lo-que-debes-saber-sobre-la-gala-met-2022\/","name":"Te contamos todo lo que debes saber sobre la Gala MET 2022","isPartOf":{"@id":"https:\/\/graziamagazine.com\/es\/#website"},"datePublished":"2022-04-26T07:48:56+00:00","dateModified":"2022-04-26T08:45:38+00:00","description":"Llega la segunda serie de dos partes de la Gala MET 2022 que celebra la exhibici\u00f3n \u201cEn Estados Unidos: una antolog\u00eda de la moda\u201d","breadcrumb":{"@id":"https:\/\/graziamagazine.com\/es\/articles\/te-contamos-todo-lo-que-debes-saber-sobre-la-gala-met-2022\/#breadcrumb"},"inLanguage":"es","potentialAction":[{"@type":"ReadAction","target":["https:\/\/graziamagazine.com\/es\/articles\/te-contamos-todo-lo-que-debes-saber-sobre-la-gala-met-2022\/"]}]},{"@type":"BreadcrumbList","@id":"https:\/\/graziamagazine.com\/es\/articles\/te-contamos-todo-lo-que-debes-saber-sobre-la-gala-met-2022\/#breadcrumb","itemListElement":[{"@type":"ListItem","position":1,"name":"Portada","item":"https:\/\/graziamagazine.com\/es\/"},{"@type":"ListItem","position":2,"name":"Te contamos todo lo que debes saber sobre la Gala MET 2022"}]},{"@type":"WebSite","@id":"https:\/\/graziamagazine.com\/es\/#website","url":"https:\/\/graziamagazine.com\/es\/","name":"Grazia","description":"Moda, belleza, celebrities, estilo de vida...","potentialAction":[{"@type":"SearchAction","target":{"@type":"EntryPoint","urlTemplate":"https:\/\/graziamagazine.com\/es\/?s={search_term_string}"},"query-input":"required name=search_term_string"}],"inLanguage":"es"}]}},"jetpack_sharing_enabled":true,"distributor_meta":false,"distributor_terms":false,"distributor_media":false,"distributor_original_site_name":"Grazia","distributor_original_site_url":"https:\/\/graziamagazine.com\/es","push-errors":false,"_links":{"self":[{"href":"https:\/\/graziamagazine.com\/es\/wp-json\/wp\/v2\/articles\/162751"}],"collection":[{"href":"https:\/\/graziamagazine.com\/es\/wp-json\/wp\/v2\/articles"}],"about":[{"href":"https:\/\/graziamagazine.com\/es\/wp-json\/wp\/v2\/types\/articles"}],"author":[{"embeddable":true,"href":"https:\/\/graziamagazine.com\/es\/wp-json\/wp\/v2\/users\/11653"}],"wp:featuredmedia":[{"embeddable":true,"href":"https:\/\/graziamagazine.com\/es\/wp-json\/wp\/v2\/media\/162761"}],"wp:attachment":[{"href":"https:\/\/graziamagazine.com\/es\/wp-json\/wp\/v2\/media?parent=162751"}],"wp:term":[{"taxonomy":"category","embeddable":true,"href":"https:\/\/graziamagazine.com\/es\/wp-json\/wp\/v2\/categories?post=162751"}],"curies":[{"name":"wp","href":"https:\/\/api.w.org\/{rel}","templated":true}]}}