{"id":162603,"date":"2022-04-20T10:00:49","date_gmt":"2022-04-20T08:00:49","guid":{"rendered":"https:\/\/graziamagazine.com\/es\/?post_type=articles&#038;p=162603"},"modified":"2022-04-19T23:31:15","modified_gmt":"2022-04-19T21:31:15","slug":"adios-mascarillas-tus-labios-necesitan","status":"publish","type":"articles","link":"https:\/\/graziamagazine.com\/es\/articles\/adios-mascarillas-tus-labios-necesitan\/","title":{"rendered":"Adi\u00f3s mascarillas: tus labios necesitan protecci\u00f3n solar"},"content":{"rendered":"<p>\u00a1Por fin ha llegado el momento esperado! Despu\u00e9s de 699 d\u00edas llevando mascarilla, desde que nuestra cambiara con la llegada de la Covid, a partir de hoy ya no es obligatorio el uso de mascarilla en interiores. Recuerda que como establece el Real Decreto que ha entrado en vigor hoy, son varias las excepciones en las que tendremos que mantenerla puesta: en el transporte p\u00fablico, en hospitales, centros sanitarios, farmacias y residencias de mayores.<\/p>\n<p>Piensa tambi\u00e9n que, aunque ya no sea obligatoria no significa que no sea opcional dependiendo de la decisi\u00f3n de cada qui\u00e9n. Despu\u00e9s de casi dos a\u00f1os con la mayor parte del tiempo con la cara y los labios tapados, la exposici\u00f3n al sol de nuevo puede traernos alg\u00fan que otro problema, as\u00ed que aqu\u00ed te dejamos algunos de los b\u00e1lsamos labiales que puedes encontrar en el mercado y que cuentan con protector solar, para que la piel de tus labios sufra lo menos posible.<\/p>\n<div>\n<div>\n<h3 id=\"js-product-detail-title\" class=\"product_detail-title \">Stick Labial SPF50+ 3 g, de Av\u00e8ne<\/h3>\n<\/div>\n<\/div>\n<div class=\"product_detail-BVRRSummaryContainer mb-2\" data-bv-show=\"rating_summary\" data-bv-productid=\"A35386564\" data-bv-ready=\"true\">\n<div class=\"bv_main_container\">Esta barra de labios tiene un efecto 2 en 1, hidrata y protege con factor 50, por lo que genera una s\u00faper pantalla en tus labios. Lo encuentras ahora rebajado en <a href=\"https:\/\/www.elcorteingles.es\/parafarmacia\/A35386564-stick-labial-spf50-3-g-avene\/\" target=\"_blank\">El Corte Ingl\u00e9s por 6,30 euros<\/a>.<\/div>\n<\/div>\n<div><\/div>\n<div><img loading=\"lazy\" decoding=\"async\" class=\"aligncenter wp-image-162604 size-full\" src=\"https:\/\/graziamagazine.com\/es\/wp-content\/uploads\/sites\/12\/2022\/04\/Captura-de-pantalla-2022-04-19-a-las-21.54.34-e1650401283125.png\" alt=\"Adi\u00f3s mascarillas: tus labios necesitan protecci\u00f3n solar\" width=\"600\" height=\"777\" \/><\/div>\n<div>\n<h3 class=\"product-view-title product-name\">REPASKIN Lips SPF50, de Sesderma<\/h3>\n<\/div>\n<div>Su tecnolog\u00eda SHIELD-SYSTEM refuerza la protecci\u00f3n y reparaci\u00f3n de nuestra piel frente a los rayos solares con una triple acci\u00f3n. Su precio es de <a href=\"https:\/\/www.sesderma.com\/es_es\/repaskin-lips-spf50-40003505.html#details-product\" target=\"_blank\">8,49 euros en su tienda online<\/a>.<\/div>\n<div><\/div>\n<div><img loading=\"lazy\" decoding=\"async\" class=\"aligncenter wp-image-162607 size-full\" src=\"https:\/\/graziamagazine.com\/es\/wp-content\/uploads\/sites\/12\/2022\/04\/d4ebb8094542348853864e80eb5bea0f728483fa4ad90091b2189d35cd80d4e8d59e657c6023969e7467ff6091bc201927a2fb040465f0e845979b785c1b4f9e-e1650401777199.png\" alt=\"Adi\u00f3s mascarillas: tus labios necesitan protecci\u00f3n solar\" width=\"699\" height=\"699\" \/><\/div>\n<div>\n<div>\n<div>\n<h3 id=\"js-product-detail-title\" class=\"product_detail-title \">Stick Photerp\u00e8s SPF50+ UVA24 Herp\u00e8s labial, de Bioderma<\/h3>\n<\/div>\n<\/div>\n<div class=\"product_detail-BVRRSummaryContainer mb-2\" data-bv-show=\"rating_summary\" data-bv-productid=\"A22126830\" data-bv-ready=\"true\">\n<div class=\"bv_main_container\">\n<p>Garantiza una protecci\u00f3n \u00f3ptima de la piel contra los efectos nocivos de los rayos UVA y UVB, adem\u00e1s ofrece una protecci\u00f3n muy alta contra las erupciones labiales. Su precio <a href=\"https:\/\/www.perfumeriajulia.es\/4000463-photerpessticklabialspf50uva24herpes4g.html?gclid=CjwKCAjwu_mSBhAYEiwA5BBmfwW2GxcFtIy4vXznHZtYOVmLIw5352TEaEA7qeomFZucMVyq7UrkDxoCPDYQAvD_BwE\" target=\"_blank\">en J\u00falia es de 8,36 euros<\/a>.<\/p>\n<p><img loading=\"lazy\" decoding=\"async\" class=\"aligncenter wp-image-162608 size-full\" src=\"https:\/\/graziamagazine.com\/es\/wp-content\/uploads\/sites\/12\/2022\/04\/Captura-de-pantalla-2022-04-19-a-las-23.07.32-e1650402482489.png\" alt=\"Adi\u00f3s mascarillas: tus labios necesitan protecci\u00f3n solar\" width=\"700\" height=\"768\" \/><\/p>\n<\/div>\n<\/div>\n<\/div>\n<div><strong>Sun Balm B\u00e1lsamo Labial Protector SPF 30, de Gym Beauty<\/strong><\/div>\n<div><\/div>\n<div>Crea una pel\u00edcula en los labios que protege de agresiones externas como los rayos UV o las temperaturas extremas, y es perfecto, adem\u00e1s, para los deportes al aire libre. <a href=\"https:\/\/www.primor.eu\/gym-beauty\/68654-sun-balm-balsamo-labial-protector-spf-30.html#\/volumen-5_5_gramos\" target=\"_blank\">Su precio en Primor es de 4,99 euros<\/a>.<\/div>\n<div><\/div>\n<div><img loading=\"lazy\" decoding=\"async\" class=\"aligncenter wp-image-162609 size-full\" src=\"https:\/\/graziamagazine.com\/es\/wp-content\/uploads\/sites\/12\/2022\/04\/sun-balm-balsamo-labial-protector-spf-30-e1650402927822.jpeg\" alt=\"Adi\u00f3s mascarillas: tus labios necesitan protecci\u00f3n solar\" width=\"500\" height=\"500\" \/><\/div>\n<div>\n<h3 class=\"product-manufacturer product-manufacturer-head h-sm-down\"><span class=\"product-manufacturer-product-name\">UV Lip Color Splash spf30, de <\/span><a href=\"https:\/\/www.primor.eu\/170_shiseido\"class=\"product-manufacturer-name\" title=\"\"  target=\"_blank\">SHISEIDO<\/a><\/h3>\n<div class=\"span12\">\n<div class=\"box-info-product\">\n<div class=\"product_attributes clearfix\">\n<div id=\"attributes\">\n<div class=\"clearfix\">\n<p>Este b\u00e1lsamo protector solar hidrata y perfecciona los labios, dejando adem\u00e1s un ligero toque de color transl\u00facido. Su precio <a href=\"https:\/\/www.primor.eu\/shiseido\/45989-uv-lip-color-splash.html#\/color-red\" target=\"_blank\">en Primor es de 16,95 euros<\/a>.<\/p>\n<p><img loading=\"lazy\" decoding=\"async\" class=\"aligncenter size-full wp-image-162610\" src=\"https:\/\/graziamagazine.com\/es\/wp-content\/uploads\/sites\/12\/2022\/04\/uv-lip-color-splash.jpeg\" alt=\"Adi\u00f3s mascarillas: tus labios necesitan protecci\u00f3n solar\" width=\"600\" height=\"600\" \/><\/div>\n<fieldset class=\"attribute_fieldset\"><\/fieldset>\n<\/div>\n<\/div>\n<\/div>\n<\/div>\n<\/div>\n<div><\/div>\n<div><em>*Im\u00e1genes: Freepik y cortes\u00eda<\/em><\/div>\n<div><\/div>\n<h1 class=\"BaseWrap-sc-TURhJ BaseText-fFzBQt Hed-jmnsXv gvojGW jOGANV fnnbUW\" data-testid=\"ContentHeaderHed\"><\/h1>\n","protected":false},"author":11653,"featured_media":162606,"template":"","format":"standard","categories":[2971,7],"acf":{"banner":null},"yoast_head":"<!-- This site is optimized with the Yoast SEO Premium plugin v18.5 (Yoast SEO v20.4) - https:\/\/yoast.com\/wordpress\/plugins\/seo\/ -->\n<title>Adi\u00f3s mascarillas: tus labios necesitan protecci\u00f3n solar | Grazia<\/title>\n<meta name=\"description\" content=\"Seleccionamos algunos de los b\u00e1lsamos labiales con SPF del mercado, para que no te olvides de proteger tus labios ahora que la mascarilla ya no es obligatoria en interiores.\" \/>\n<meta name=\"robots\" content=\"index, follow, max-snippet:-1, max-image-preview:large, max-video-preview:-1\" \/>\n<link rel=\"canonical\" href=\"https:\/\/graziamagazine.com\/es\/articles\/adios-mascarillas-tus-labios-necesitan\/\" \/>\n<meta property=\"og:locale\" content=\"es_ES\" \/>\n<meta property=\"og:type\" content=\"article\" \/>\n<meta property=\"og:title\" content=\"Adi\u00f3s mascarillas: tus labios necesitan protecci\u00f3n solar\" \/>\n<meta property=\"og:description\" content=\"Seleccionamos algunos de los b\u00e1lsamos labiales con SPF del mercado, para que no te olvides de proteger tus labios ahora que la mascarilla ya no es obligatoria en interiores.\" \/>\n<meta property=\"og:url\" content=\"https:\/\/graziamagazine.com\/es\/articles\/adios-mascarillas-tus-labios-necesitan\/\" \/>\n<meta property=\"og:site_name\" content=\"Grazia\" \/>\n<meta property=\"article:modified_time\" content=\"2022-04-19T21:31:15+00:00\" \/>\n<meta property=\"og:image\" content=\"https:\/\/graziamagazine.com\/es\/wp-content\/uploads\/sites\/12\/2022\/04\/Captura-de-pantalla-2022-04-19-a-las-22.45.55.png\" \/>\n\t<meta property=\"og:image:width\" content=\"1024\" \/>\n\t<meta property=\"og:image:height\" content=\"681\" \/>\n\t<meta property=\"og:image:type\" content=\"image\/png\" \/>\n<meta name=\"twitter:card\" content=\"summary_large_image\" \/>\n<meta name=\"twitter:label1\" content=\"Est. reading time\" \/>\n\t<meta name=\"twitter:data1\" content=\"2 minutos\" \/>\n<script type=\"application\/ld+json\" class=\"yoast-schema-graph\">{\"@context\":\"https:\/\/schema.org\",\"@graph\":[{\"@type\":\"WebPage\",\"@id\":\"https:\/\/graziamagazine.com\/es\/articles\/adios-mascarillas-tus-labios-necesitan\/\",\"url\":\"https:\/\/graziamagazine.com\/es\/articles\/adios-mascarillas-tus-labios-necesitan\/\",\"name\":\"Adi\u00f3s mascarillas: tus labios necesitan protecci\u00f3n solar | Grazia\",\"isPartOf\":{\"@id\":\"https:\/\/graziamagazine.com\/es\/#website\"},\"datePublished\":\"2022-04-20T08:00:49+00:00\",\"dateModified\":\"2022-04-19T21:31:15+00:00\",\"description\":\"Seleccionamos algunos de los b\u00e1lsamos labiales con SPF del mercado, para que no te olvides de proteger tus labios ahora que la mascarilla ya no es obligatoria en interiores.\",\"breadcrumb\":{\"@id\":\"https:\/\/graziamagazine.com\/es\/articles\/adios-mascarillas-tus-labios-necesitan\/#breadcrumb\"},\"inLanguage\":\"es\",\"potentialAction\":[{\"@type\":\"ReadAction\",\"target\":[\"https:\/\/graziamagazine.com\/es\/articles\/adios-mascarillas-tus-labios-necesitan\/\"]}]},{\"@type\":\"BreadcrumbList\",\"@id\":\"https:\/\/graziamagazine.com\/es\/articles\/adios-mascarillas-tus-labios-necesitan\/#breadcrumb\",\"itemListElement\":[{\"@type\":\"ListItem\",\"position\":1,\"name\":\"Portada\",\"item\":\"https:\/\/graziamagazine.com\/es\/\"},{\"@type\":\"ListItem\",\"position\":2,\"name\":\"Adi\u00f3s mascarillas: tus labios necesitan protecci\u00f3n solar\"}]},{\"@type\":\"WebSite\",\"@id\":\"https:\/\/graziamagazine.com\/es\/#website\",\"url\":\"https:\/\/graziamagazine.com\/es\/\",\"name\":\"Grazia\",\"description\":\"Moda, belleza, celebrities, estilo de vida...\",\"potentialAction\":[{\"@type\":\"SearchAction\",\"target\":{\"@type\":\"EntryPoint\",\"urlTemplate\":\"https:\/\/graziamagazine.com\/es\/?s={search_term_string}\"},\"query-input\":\"required name=search_term_string\"}],\"inLanguage\":\"es\"}]}<\/script>\n<!-- \/ Yoast SEO Premium plugin. -->","yoast_head_json":{"title":"Adi\u00f3s mascarillas: tus labios necesitan protecci\u00f3n solar | Grazia","description":"Seleccionamos algunos de los b\u00e1lsamos labiales con SPF del mercado, para que no te olvides de proteger tus labios ahora que la mascarilla ya no es obligatoria en interiores.","robots":{"index":"index","follow":"follow","max-snippet":"max-snippet:-1","max-image-preview":"max-image-preview:large","max-video-preview":"max-video-preview:-1"},"canonical":"https:\/\/graziamagazine.com\/es\/articles\/adios-mascarillas-tus-labios-necesitan\/","og_locale":"es_ES","og_type":"article","og_title":"Adi\u00f3s mascarillas: tus labios necesitan protecci\u00f3n solar","og_description":"Seleccionamos algunos de los b\u00e1lsamos labiales con SPF del mercado, para que no te olvides de proteger tus labios ahora que la mascarilla ya no es obligatoria en interiores.","og_url":"https:\/\/graziamagazine.com\/es\/articles\/adios-mascarillas-tus-labios-necesitan\/","og_site_name":"Grazia","article_modified_time":"2022-04-19T21:31:15+00:00","og_image":[{"url":"https:\/\/graziamagazine.com\/es\/wp-content\/uploads\/sites\/12\/2022\/04\/Captura-de-pantalla-2022-04-19-a-las-22.45.55.png","width":1024,"height":681,"type":"image\/png"}],"twitter_card":"summary_large_image","twitter_misc":{"Est. reading time":"2 minutos"},"schema":{"@context":"https:\/\/schema.org","@graph":[{"@type":"WebPage","@id":"https:\/\/graziamagazine.com\/es\/articles\/adios-mascarillas-tus-labios-necesitan\/","url":"https:\/\/graziamagazine.com\/es\/articles\/adios-mascarillas-tus-labios-necesitan\/","name":"Adi\u00f3s mascarillas: tus labios necesitan protecci\u00f3n solar | Grazia","isPartOf":{"@id":"https:\/\/graziamagazine.com\/es\/#website"},"datePublished":"2022-04-20T08:00:49+00:00","dateModified":"2022-04-19T21:31:15+00:00","description":"Seleccionamos algunos de los b\u00e1lsamos labiales con SPF del mercado, para que no te olvides de proteger tus labios ahora que la mascarilla ya no es obligatoria en interiores.","breadcrumb":{"@id":"https:\/\/graziamagazine.com\/es\/articles\/adios-mascarillas-tus-labios-necesitan\/#breadcrumb"},"inLanguage":"es","potentialAction":[{"@type":"ReadAction","target":["https:\/\/graziamagazine.com\/es\/articles\/adios-mascarillas-tus-labios-necesitan\/"]}]},{"@type":"BreadcrumbList","@id":"https:\/\/graziamagazine.com\/es\/articles\/adios-mascarillas-tus-labios-necesitan\/#breadcrumb","itemListElement":[{"@type":"ListItem","position":1,"name":"Portada","item":"https:\/\/graziamagazine.com\/es\/"},{"@type":"ListItem","position":2,"name":"Adi\u00f3s mascarillas: tus labios necesitan protecci\u00f3n solar"}]},{"@type":"WebSite","@id":"https:\/\/graziamagazine.com\/es\/#website","url":"https:\/\/graziamagazine.com\/es\/","name":"Grazia","description":"Moda, belleza, celebrities, estilo de vida...","potentialAction":[{"@type":"SearchAction","target":{"@type":"EntryPoint","urlTemplate":"https:\/\/graziamagazine.com\/es\/?s={search_term_string}"},"query-input":"required name=search_term_string"}],"inLanguage":"es"}]}},"jetpack_sharing_enabled":true,"distributor_meta":false,"distributor_terms":false,"distributor_media":false,"distributor_original_site_name":"Grazia","distributor_original_site_url":"https:\/\/graziamagazine.com\/es","push-errors":false,"_links":{"self":[{"href":"https:\/\/graziamagazine.com\/es\/wp-json\/wp\/v2\/articles\/162603"}],"collection":[{"href":"https:\/\/graziamagazine.com\/es\/wp-json\/wp\/v2\/articles"}],"about":[{"href":"https:\/\/graziamagazine.com\/es\/wp-json\/wp\/v2\/types\/articles"}],"author":[{"embeddable":true,"href":"https:\/\/graziamagazine.com\/es\/wp-json\/wp\/v2\/users\/11653"}],"wp:featuredmedia":[{"embeddable":true,"href":"https:\/\/graziamagazine.com\/es\/wp-json\/wp\/v2\/media\/162606"}],"wp:attachment":[{"href":"https:\/\/graziamagazine.com\/es\/wp-json\/wp\/v2\/media?parent=162603"}],"wp:term":[{"taxonomy":"category","embeddable":true,"href":"https:\/\/graziamagazine.com\/es\/wp-json\/wp\/v2\/categories?post=162603"}],"curies":[{"name":"wp","href":"https:\/\/api.w.org\/{rel}","templated":true}]}}