{"id":162093,"date":"2022-03-27T23:18:55","date_gmt":"2022-03-27T21:18:55","guid":{"rendered":"https:\/\/graziamagazine.com\/es\/?post_type=articles&#038;p=162093"},"modified":"2022-03-28T02:29:56","modified_gmt":"2022-03-28T00:29:56","slug":"oscar-2022-todos-los-vestidos-de-la-alfombra-roja","status":"publish","type":"articles","link":"https:\/\/graziamagazine.com\/es\/articles\/oscar-2022-todos-los-vestidos-de-la-alfombra-roja\/","title":{"rendered":"Oscar 2022: todos los vestidos de la alfombra roja"},"content":{"rendered":"<p>Llega por fin una de las noches m\u00e1s esperadas de cada a\u00f1o: los Premios Oscar. El m\u00edtico Dolby Theatre de Los \u00c1ngeles vuelve a vestirse de gala y ha desplegado una alfombra roja para celebrar la gala n\u00famero 94 de la Academia de las Artes y las Ciencias Cinematogr\u00e1ficas de Estados Unidos.<\/p>\n<p>Adem\u00e1s de estar muy pendiente de la representaci\u00f3n espa\u00f1ola, Pen\u00e9lope Cruz y Javier Bardem que han hecho historia al estar nominados los dos en la misma edici\u00f3n por \u00abMadres paralelas\u00bb y \u00abBeing the Ricardos\u00bb, repasamos c\u00f3mo han sido los looks de la noche.<\/p>\n<h3>Pen\u00e9lope Cruz, de Chanel<\/h3>\n<p><img loading=\"lazy\" decoding=\"async\" class=\"aligncenter size-full wp-image-162127\" src=\"https:\/\/graziamagazine.com\/es\/wp-content\/uploads\/sites\/12\/2022\/03\/GettyImages-1239554983-copia.jpg\" alt=\"Oscar 2022: todos los vestidos de la alfombra roja\" width=\"1024\" height=\"1449\" \/><\/p>\n<h3>kristen stewart, de chanel<\/h3>\n<p><img loading=\"lazy\" decoding=\"async\" class=\"aligncenter size-full wp-image-162124\" src=\"https:\/\/graziamagazine.com\/es\/wp-content\/uploads\/sites\/12\/2022\/03\/c50cb229-4d88-45f7-aa1b-56ce4b809abb.jpg\" alt=\"Oscar 2022: todos los vestidos de la alfombra roja\" width=\"733\" height=\"1024\" \/><\/p>\n<h3>Zo\u00eb Kravitz, de Saint Laurent<\/h3>\n<p><img loading=\"lazy\" decoding=\"async\" class=\"aligncenter size-full wp-image-162121\" src=\"https:\/\/graziamagazine.com\/es\/wp-content\/uploads\/sites\/12\/2022\/03\/23c76d76-a055-41c7-a830-90212e65943b.jpg\" alt=\"Oscar 2022: todos los vestidos de la alfombra roja\" width=\"1024\" height=\"1523\" \/><\/p>\n<h3>billie eilish, de gucci<\/h3>\n<p><img loading=\"lazy\" decoding=\"async\" class=\"aligncenter size-full wp-image-162126\" src=\"https:\/\/graziamagazine.com\/es\/wp-content\/uploads\/sites\/12\/2022\/03\/e45533ad-5243-44ad-b6fc-62e7f1650458.jpg\" alt=\"Oscar 2022: todos los vestidos de la alfombra roja\" width=\"1024\" height=\"1388\" \/><\/p>\n<h3>Jacob Elordi, de Burberry<\/h3>\n<p><img loading=\"lazy\" decoding=\"async\" class=\"aligncenter size-full wp-image-162128\" src=\"https:\/\/graziamagazine.com\/es\/wp-content\/uploads\/sites\/12\/2022\/03\/GettyImages-1388056429-copia.jpg\" alt=\"Oscar 2022: todos los vestidos de la alfombra roja\" width=\"1024\" height=\"1536\" \/><\/p>\n<h3>Maggie Gyllenhaal, de Schiaparelli<\/h3>\n<p><img loading=\"lazy\" decoding=\"async\" class=\"size-full wp-image-162120 alignleft\" src=\"https:\/\/graziamagazine.com\/es\/wp-content\/uploads\/sites\/12\/2022\/03\/17fbd5f2-1f07-4a14-bf13-6b82c37c9fb3.jpg\" alt=\"Oscar 2022: todos los vestidos de la alfombra roja\" width=\"688\" height=\"1024\" \/><\/p>\n<h3>zendaya, de valentino<\/h3>\n<p><img loading=\"lazy\" decoding=\"async\" class=\"aligncenter size-full wp-image-162114\" src=\"https:\/\/graziamagazine.com\/es\/wp-content\/uploads\/sites\/12\/2022\/03\/51ffa183-4c94-4dfc-af12-d0d214d6723f.jpg\" alt=\"Oscar 2022: todos los vestidos de la alfombra roja\" width=\"1024\" height=\"1537\" \/><\/p>\n<h3 class=\"BaseWrap-sc-TURhJ BaseText-fFzBQt GallerySlideCaptionHed-lgowel eTiIvU doIApY lkwKfP\"><span class=\"BaseWrap-sc-TURhJ GallerySlideCaptionHedText-cZHlsU eTiIvU\">Timoth\u00e9e Chalamet, de Louis Vuitton<\/span><\/h3>\n<p><img loading=\"lazy\" decoding=\"async\" class=\"aligncenter size-full wp-image-162115\" src=\"https:\/\/graziamagazine.com\/es\/wp-content\/uploads\/sites\/12\/2022\/03\/c8e8f113-9a70-464f-bb0b-04f0d314a505.jpg\" alt=\"Oscar 2022: todos los vestidos de la alfombra roja\" width=\"1022\" height=\"1280\" \/><\/p>\n<h3>Jessica Chastain, de Gucci<\/h3>\n<p><img loading=\"lazy\" decoding=\"async\" class=\"aligncenter size-full wp-image-162106\" src=\"https:\/\/graziamagazine.com\/es\/wp-content\/uploads\/sites\/12\/2022\/03\/GettyImages-1388052748-copia.jpg\" alt=\"Oscar 2022: todos los vestidos de la alfombra roja\" width=\"1024\" height=\"1430\" \/><\/p>\n<h3>Olivia Collman, de Dior<\/h3>\n<p><img loading=\"lazy\" decoding=\"async\" class=\"aligncenter size-full wp-image-162118\" src=\"https:\/\/graziamagazine.com\/es\/wp-content\/uploads\/sites\/12\/2022\/03\/bb43c8f1-ad22-4e61-9236-da2667183970.jpg\" alt=\"Oscar 2022: todos los vestidos de la alfombra roja\" width=\"1024\" height=\"1404\" \/><\/p>\n<h3>Nicole Kidman, de Armani Priv\u00e9<\/h3>\n<p><img loading=\"lazy\" decoding=\"async\" class=\"aligncenter size-full wp-image-162112\" src=\"https:\/\/graziamagazine.com\/es\/wp-content\/uploads\/sites\/12\/2022\/03\/GettyImages-1388056527-copia.jpg\" alt=\"Oscar 2022: todos los vestidos de la alfombra roja\" width=\"1024\" height=\"1438\" \/><\/p>\n<h3 class=\"BaseWrap-sc-TURhJ BaseText-fFzBQt GallerySlideCaptionHed-lgowel eTiIvU doIApY lkwKfP\"><span class=\"BaseWrap-sc-TURhJ GallerySlideCaptionHedText-cZHlsU eTiIvU\">Kirsten Dunst, de Christian lacroix<\/span><\/h3>\n<p><img loading=\"lazy\" decoding=\"async\" class=\"aligncenter size-full wp-image-162109\" src=\"https:\/\/graziamagazine.com\/es\/wp-content\/uploads\/sites\/12\/2022\/03\/GettyImages-1388055649-copia.jpg\" alt=\"Oscar 2022: todos los vestidos de la alfombra roja\" width=\"1024\" height=\"1438\" \/><\/p>\n<h3 class=\"GallerySlideCaptionOffers-dWMTBT iEoodV\">JADA KOREN PINKETT-SMITH EN JEAN PAUL GAULTIER POR GLENN MARTENS<\/h3>\n<p><img loading=\"lazy\" decoding=\"async\" class=\"aligncenter size-full wp-image-162117\" src=\"https:\/\/graziamagazine.com\/es\/wp-content\/uploads\/sites\/12\/2022\/03\/a3655019-477e-44e8-b72d-6fb562fc8a43.jpg\" alt=\"Oscar 2022: todos los vestidos de la alfombra roja\" width=\"1024\" height=\"769\" \/><\/p>\n<h3>Ariana deBose, de Valentino<\/h3>\n<p><img loading=\"lazy\" decoding=\"async\" class=\"aligncenter size-full wp-image-162113\" src=\"https:\/\/graziamagazine.com\/es\/wp-content\/uploads\/sites\/12\/2022\/03\/galeria38-ariana-getty-a-copia.jpg\" alt=\"Oscar 2022: todos los vestidos de la alfombra roja\" width=\"630\" height=\"850\" \/><\/p>\n<h3>H.E.R, de Carolina Herrera<\/h3>\n<p><img loading=\"lazy\" decoding=\"async\" class=\"aligncenter size-full wp-image-162123\" src=\"https:\/\/graziamagazine.com\/es\/wp-content\/uploads\/sites\/12\/2022\/03\/ef73dd51-c813-4330-9bc0-908d675e370a.jpg\" alt=\"Oscar 2022: todos los vestidos de la alfombra roja\" width=\"933\" height=\"1280\" \/><\/p>\n<h3>Amy Schumer, de Oscar de la renta<\/h3>\n<p><img loading=\"lazy\" decoding=\"async\" class=\"aligncenter size-full wp-image-162111\" src=\"https:\/\/graziamagazine.com\/es\/wp-content\/uploads\/sites\/12\/2022\/03\/galeria43-amy-getty-a-copia.jpg\" alt=\"Oscar 2022: todos los vestidos de la alfombra roja\" width=\"590\" height=\"850\" \/><\/p>\n<h3 class=\"BaseWrap-sc-TURhJ BaseText-fFzBQt GallerySlideCaptionHed-lgowel eTiIvU doIApY lkwKfP\"><span class=\"BaseWrap-sc-TURhJ GallerySlideCaptionHedText-cZHlsU eTiIvU\">Alana Haim, de Louis Vuitton<\/span><\/h3>\n<p><img loading=\"lazy\" decoding=\"async\" class=\"aligncenter size-full wp-image-162110\" src=\"https:\/\/graziamagazine.com\/es\/wp-content\/uploads\/sites\/12\/2022\/03\/GettyImages-1388053875-copia.jpg\" alt=\"Oscar 2022: todos los vestidos de la alfombra roja\" width=\"1024\" height=\"1536\" \/><\/p>\n<h3 class=\"BaseWrap-sc-TURhJ BaseText-fFzBQt GallerySlideCaptionHed-lgowel eTiIvU doIApY lkwKfP\"><span class=\"BaseWrap-sc-TURhJ GallerySlideCaptionHedText-cZHlsU eTiIvU\">Lupita Nyong&#8217;o, de Prada<\/span><\/h3>\n<p><img loading=\"lazy\" decoding=\"async\" class=\"aligncenter size-full wp-image-162116\" src=\"https:\/\/graziamagazine.com\/es\/wp-content\/uploads\/sites\/12\/2022\/03\/GettyImages-1388053627-copia.jpg\" alt=\"Oscar 2022: todos los vestidos de la alfombra roja\" width=\"1024\" height=\"1536\" \/><\/p>\n<h3 class=\"BaseWrap-sc-TURhJ BaseText-fFzBQt GallerySlideCaptionHed-lgowel eTiIvU doIApY lkwKfP\"><span class=\"BaseWrap-sc-TURhJ GallerySlideCaptionHedText-cZHlsU eTiIvU\">Tracee Ellis Ross, de Carolina Herrera<\/span><\/h3>\n<p><img loading=\"lazy\" decoding=\"async\" class=\"aligncenter size-full wp-image-162103\" src=\"https:\/\/graziamagazine.com\/es\/wp-content\/uploads\/sites\/12\/2022\/03\/GettyImages-1388047784-copia.jpg\" alt=\"Oscar 2022: todos los vestidos de la alfombra roja\" width=\"1024\" height=\"1436\" \/><\/p>\n<h3 class=\"BaseWrap-sc-TURhJ BaseText-fFzBQt GallerySlideCaptionHed-lgowel eTiIvU doIApY lkwKfP\"><span class=\"BaseWrap-sc-TURhJ GallerySlideCaptionHedText-cZHlsU eTiIvU\">Renate Reinsve, de Louis Vuitton<\/span><\/h3>\n<div class=\"GallerySlideCaptionDekContainer-fzEJAh hyrBTL\" data-testid=\"GallerySlideCaptionDekContainer\">\n<div class=\"GallerySlideCaptionDek-diuFsG eeSDjo\"><img loading=\"lazy\" decoding=\"async\" class=\"aligncenter size-full wp-image-162104\" src=\"https:\/\/graziamagazine.com\/es\/wp-content\/uploads\/sites\/12\/2022\/03\/GettyImages-1388048822-copia.jpg\" alt=\"Oscar 2022: todos los vestidos de la alfombra roja\" width=\"1024\" height=\"1499\" \/><\/div>\n<\/div>\n<div><\/div>\n<h3>Sebasti\u00e1n Yatra, de Moschino<\/h3>\n<div><img loading=\"lazy\" decoding=\"async\" class=\"aligncenter size-full wp-image-162105\" src=\"https:\/\/graziamagazine.com\/es\/wp-content\/uploads\/sites\/12\/2022\/03\/GettyImages-1388047931-copia.jpg\" alt=\"Oscar 2022: todos los vestidos de la alfombra roja\" width=\"1024\" height=\"1536\" \/><\/div>\n<div class=\"GallerySlideCaptionDekContainer-fzEJAh hyrBTL\" data-testid=\"GallerySlideCaptionDekContainer\">\n<div class=\"GallerySlideCaptionDek-diuFsG eeSDjo\">\n<div><\/div>\n<\/div>\n<\/div>\n<h3><span style=\"color: #000000;font-family: inherit;font-size: 27px;font-weight: bold\">Vanessa Hudgens, michael kors<\/span><\/h3>\n<p><img loading=\"lazy\" decoding=\"async\" class=\"aligncenter size-full wp-image-162097\" src=\"https:\/\/graziamagazine.com\/es\/wp-content\/uploads\/sites\/12\/2022\/03\/GettyImages-1388038016-copia.jpg\" alt=\"Oscar 2022: todos los vestidos de la alfombra roja\" width=\"1024\" height=\"1536\" \/><\/p>\n<h3 class=\"BaseWrap-sc-TURhJ BaseText-fFzBQt GallerySlideCaptionHed-lgowel eTiIvU doIApY lkwKfP\"><span class=\"BaseWrap-sc-TURhJ GallerySlideCaptionHedText-cZHlsU eTiIvU\">Jamie Lee Curtis, de Stella Maccartney<\/span><\/h3>\n<p><img loading=\"lazy\" decoding=\"async\" class=\"aligncenter size-full wp-image-162099\" src=\"https:\/\/graziamagazine.com\/es\/wp-content\/uploads\/sites\/12\/2022\/03\/GettyImages-1388041034-1-copia.jpg\" alt=\"Oscar 2022: todos los vestidos de la alfombra roja\" width=\"1024\" height=\"1536\" \/><\/p>\n<h3 class=\"BaseWrap-sc-TURhJ BaseText-fFzBQt GallerySlideCaptionHed-lgowel eTiIvU doIApY lkwKfP\"><span class=\"BaseWrap-sc-TURhJ GallerySlideCaptionHedText-cZHlsU eTiIvU\">Nicky Hilton, de <strong>Jenny Packham<\/strong><\/span><\/h3>\n<p><img loading=\"lazy\" decoding=\"async\" class=\"aligncenter size-full wp-image-162096\" src=\"https:\/\/graziamagazine.com\/es\/wp-content\/uploads\/sites\/12\/2022\/03\/GettyImages-1388035087-copia.jpg\" alt=\"Oscar 2022: todos los vestidos de la alfombra roja\" width=\"1024\" height=\"1536\" \/><\/p>\n<div>\n<div class=\"BaseWrap-sc-TURhJ GallerySlideWrapper-deKbuV eTiIvU kcHCSr\" data-event-boundary=\"click\" data-event-click=\"{&quot;pattern&quot;:&quot;GallerySlide&quot;}\" data-testid=\"GallerySlideWrapper\" data-include-experiments=\"true\">\n<figure class=\"GallerySlideFigure-hyAGVk nPCSW\"><figcaption class=\"BaseWrap-sc-TURhJ GallerySlideFigCaptionWrapper-imRbpn eTiIvU brDVGb BaseWrap-sc-TURhJ GallerySlideCaptionWrapper-eUlqXT eTiIvU bVPfxa\">\n<div class=\"GallerySlideFigCaption-hpqEuk doQNtJ\">\n<h3 class=\"BaseWrap-sc-TURhJ BaseText-fFzBQt GallerySlideCaptionHed-lgowel eTiIvU doIApY lkwKfP\"><span class=\"BaseWrap-sc-TURhJ GallerySlideCaptionHedText-cZHlsU eTiIvU\">Sofia Carson, de <strong>Giambattista Valli<\/strong><\/span><\/h3>\n<p><img loading=\"lazy\" decoding=\"async\" class=\"aligncenter size-full wp-image-162098\" src=\"https:\/\/graziamagazine.com\/es\/wp-content\/uploads\/sites\/12\/2022\/03\/GettyImages-1388038211-copia.jpg\" alt=\"Oscar 2022: todos los vestidos de la alfombra roja\" width=\"1024\" height=\"1536\" \/><\/p>\n<h3 class=\"BaseWrap-sc-TURhJ BaseText-fFzBQt GallerySlideCaptionHed-lgowel eTiIvU doIApY lkwKfP\"><span class=\"BaseWrap-sc-TURhJ GallerySlideCaptionHedText-cZHlsU eTiIvU\">Lily James, de Atelier Versace<\/span><\/h3>\n<p><img loading=\"lazy\" decoding=\"async\" class=\"aligncenter size-full wp-image-162100\" src=\"https:\/\/graziamagazine.com\/es\/wp-content\/uploads\/sites\/12\/2022\/03\/GettyImages-1388045394-copia.jpg\" alt=\"Oscar 2022: todos los vestidos de la alfombra roja\" width=\"1024\" height=\"1444\" \/><\/p>\n<div class=\"BaseWrap-sc-TURhJ GallerySlideWrapper-deKbuV eTiIvU kcHCSr\" data-event-boundary=\"click\" data-event-click=\"{&quot;pattern&quot;:&quot;GallerySlide&quot;}\" data-testid=\"GallerySlideWrapper\" data-include-experiments=\"true\">\n<figure class=\"GallerySlideFigure-hyAGVk nPCSW\"><figcaption class=\"BaseWrap-sc-TURhJ GallerySlideFigCaptionWrapper-imRbpn eTiIvU brDVGb BaseWrap-sc-TURhJ GallerySlideCaptionWrapper-eUlqXT eTiIvU bVPfxa\">\n<div class=\"GallerySlideFigCaption-hpqEuk doQNtJ\">\n<h3 class=\"BaseWrap-sc-TURhJ BaseText-fFzBQt GallerySlideCaptionHed-lgowel eTiIvU doIApY lkwKfP\"><span class=\"BaseWrap-sc-TURhJ GallerySlideCaptionHedText-cZHlsU eTiIvU\">Naomi Scott, de fendi<\/span><\/h3>\n<p><img loading=\"lazy\" decoding=\"async\" class=\"aligncenter size-full wp-image-162101\" src=\"https:\/\/graziamagazine.com\/es\/wp-content\/uploads\/sites\/12\/2022\/03\/GettyImages-1388045605-copia.jpg\" alt=\"Oscar 2022: todos los vestidos de la alfombra roja\" width=\"1024\" height=\"1517\" \/><\/p>\n<\/div>\n<\/figcaption><\/figure>\n<\/div>\n<\/div>\n<\/figcaption><\/figure>\n<\/div>\n<\/div>\n<div class=\"GridItem-buSdEM PibmB grid--item grid-layout__content\">\n<div class=\"sticky-box__gallery-anchor-top\">\n<div class=\"BaseWrap-sc-TURhJ GallerySlideWrapper-deKbuV eTiIvU kcHCSr\" data-event-boundary=\"click\" data-event-click=\"{&quot;pattern&quot;:&quot;GallerySlide&quot;}\" data-testid=\"GallerySlideWrapper\" data-include-experiments=\"true\">\n<figure class=\"GallerySlideFigure-hyAGVk nPCSW\"><figcaption class=\"BaseWrap-sc-TURhJ GallerySlideFigCaptionWrapper-imRbpn eTiIvU brDVGb BaseWrap-sc-TURhJ GallerySlideCaptionWrapper-eUlqXT eTiIvU bVPfxa\">\n<div class=\"GallerySlideFigCaption-hpqEuk doQNtJ\">\n<div class=\"GallerySlideCaptionDekContainer-fzEJAh hyrBTL\" data-testid=\"GallerySlideCaptionDekContainer\">\n<div class=\"GallerySlideCaptionOffers-dWMTBT iEoodV\">\n<h6 class=\"GallerySlideCaptionCtaBlock-kEeydX lbGwWF\">*Publicaci\u00f3n en constante actualizaci\u00f3n<\/h6>\n<\/div>\n<\/div>\n<\/div>\n<\/figcaption><\/figure>\n<\/div>\n<\/div>\n<\/div>\n<p><em>*Im\u00e1genes: Getty Images<\/em><\/p>\n<div class=\"GridItem-buSdEM PibmB grid--item grid-layout__content\">\n<div class=\"sticky-box__gallery-anchor-top\">\n<div>\n<div class=\"Container-imGeBO ftlPuP\" data-event-boundary=\"click\" data-event-click=\"{&quot;pattern&quot;:&quot;CNEInterludeEmbed&quot;}\" data-include-experiments=\"true\"><\/div>\n<\/div>\n<\/div>\n<\/div>\n<div class=\"GridItem-buSdEM tKFYH grid--item grid-layout__aside\">\n<aside class=\"PersistentAsideWrapper-OTtoN iRwLFv persistent-aside\" data-testid=\"PersistentAsideWrapper\">\n<div class=\"StickyBoxWrapper-euhCxU hyXuto sticky-box\">\n<div class=\"StickyBoxPrimary-fEgDcn dFVkFO sticky-box__primary\">\n<div class=\"StickyBoxWrapper-euhCxU hyXuto sticky-box\">\n<div class=\"StickyBoxPrimary-fEgDcn dFVkFO sticky-box__primary\">\n<div class=\"Container-imGeBO ftlPuP\" data-event-boundary=\"click\" data-event-click=\"{&quot;pattern&quot;:&quot;CNEInterludeEmbed&quot;}\" data-include-experiments=\"true\"><\/div>\n<\/div>\n<\/div>\n<\/div>\n<\/div>\n<\/aside>\n<\/div>\n","protected":false},"author":11653,"featured_media":162119,"template":"","format":"standard","categories":[2971,5592,13,1],"acf":{"banner":null},"yoast_head":"<!-- This site is optimized with the Yoast SEO Premium plugin v18.5 (Yoast SEO v20.4) - https:\/\/yoast.com\/wordpress\/plugins\/seo\/ -->\n<title>Oscar 2022: todos los vestidos de la alfombra roja | Grazia<\/title>\n<meta name=\"description\" content=\"Llega por fin una de las noches m\u00e1s esperadas de cada a\u00f1o: los Premios Oscar. El m\u00edtico Dolby Theatre de Los \u00c1ngeles vuelve a vestirse de gala y ha\" \/>\n<meta name=\"robots\" content=\"index, follow, max-snippet:-1, max-image-preview:large, max-video-preview:-1\" \/>\n<link rel=\"canonical\" href=\"https:\/\/graziamagazine.com\/es\/articles\/oscar-2022-todos-los-vestidos-de-la-alfombra-roja\/\" \/>\n<meta property=\"og:locale\" content=\"es_ES\" \/>\n<meta property=\"og:type\" content=\"article\" \/>\n<meta property=\"og:title\" content=\"Oscar 2022: todos los vestidos de la alfombra roja\" \/>\n<meta property=\"og:description\" content=\"Llega por fin una de las noches m\u00e1s esperadas de cada a\u00f1o: los Premios Oscar. El m\u00edtico Dolby Theatre de Los \u00c1ngeles vuelve a vestirse de gala y ha\" \/>\n<meta property=\"og:url\" content=\"https:\/\/graziamagazine.com\/es\/articles\/oscar-2022-todos-los-vestidos-de-la-alfombra-roja\/\" \/>\n<meta property=\"og:site_name\" content=\"Grazia\" \/>\n<meta property=\"article:modified_time\" content=\"2022-03-28T00:29:56+00:00\" \/>\n<meta property=\"og:image\" content=\"https:\/\/graziamagazine.com\/es\/wp-content\/uploads\/sites\/12\/2022\/03\/02f00e54-555f-4ba8-b485-fd6a96802725.jpg?fit=1600%2C1248\" \/>\n\t<meta property=\"og:image:width\" content=\"1600\" \/>\n\t<meta property=\"og:image:height\" content=\"1248\" \/>\n\t<meta property=\"og:image:type\" content=\"image\/jpeg\" \/>\n<meta name=\"twitter:card\" content=\"summary_large_image\" \/>\n<meta name=\"twitter:label1\" content=\"Est. reading time\" \/>\n\t<meta name=\"twitter:data1\" content=\"1 minuto\" \/>\n<script type=\"application\/ld+json\" class=\"yoast-schema-graph\">{\"@context\":\"https:\/\/schema.org\",\"@graph\":[{\"@type\":\"WebPage\",\"@id\":\"https:\/\/graziamagazine.com\/es\/articles\/oscar-2022-todos-los-vestidos-de-la-alfombra-roja\/\",\"url\":\"https:\/\/graziamagazine.com\/es\/articles\/oscar-2022-todos-los-vestidos-de-la-alfombra-roja\/\",\"name\":\"Oscar 2022: todos los vestidos de la alfombra roja | Grazia\",\"isPartOf\":{\"@id\":\"https:\/\/graziamagazine.com\/es\/#website\"},\"datePublished\":\"2022-03-27T21:18:55+00:00\",\"dateModified\":\"2022-03-28T00:29:56+00:00\",\"description\":\"Llega por fin una de las noches m\u00e1s esperadas de cada a\u00f1o: los Premios Oscar. El m\u00edtico Dolby Theatre de Los \u00c1ngeles vuelve a vestirse de gala y ha\",\"breadcrumb\":{\"@id\":\"https:\/\/graziamagazine.com\/es\/articles\/oscar-2022-todos-los-vestidos-de-la-alfombra-roja\/#breadcrumb\"},\"inLanguage\":\"es\",\"potentialAction\":[{\"@type\":\"ReadAction\",\"target\":[\"https:\/\/graziamagazine.com\/es\/articles\/oscar-2022-todos-los-vestidos-de-la-alfombra-roja\/\"]}]},{\"@type\":\"BreadcrumbList\",\"@id\":\"https:\/\/graziamagazine.com\/es\/articles\/oscar-2022-todos-los-vestidos-de-la-alfombra-roja\/#breadcrumb\",\"itemListElement\":[{\"@type\":\"ListItem\",\"position\":1,\"name\":\"Portada\",\"item\":\"https:\/\/graziamagazine.com\/es\/\"},{\"@type\":\"ListItem\",\"position\":2,\"name\":\"Oscar 2022: todos los vestidos de la alfombra roja\"}]},{\"@type\":\"WebSite\",\"@id\":\"https:\/\/graziamagazine.com\/es\/#website\",\"url\":\"https:\/\/graziamagazine.com\/es\/\",\"name\":\"Grazia\",\"description\":\"Moda, belleza, celebrities, estilo de vida...\",\"potentialAction\":[{\"@type\":\"SearchAction\",\"target\":{\"@type\":\"EntryPoint\",\"urlTemplate\":\"https:\/\/graziamagazine.com\/es\/?s={search_term_string}\"},\"query-input\":\"required name=search_term_string\"}],\"inLanguage\":\"es\"}]}<\/script>\n<!-- \/ Yoast SEO Premium plugin. -->","yoast_head_json":{"title":"Oscar 2022: todos los vestidos de la alfombra roja | Grazia","description":"Llega por fin una de las noches m\u00e1s esperadas de cada a\u00f1o: los Premios Oscar. El m\u00edtico Dolby Theatre de Los \u00c1ngeles vuelve a vestirse de gala y ha","robots":{"index":"index","follow":"follow","max-snippet":"max-snippet:-1","max-image-preview":"max-image-preview:large","max-video-preview":"max-video-preview:-1"},"canonical":"https:\/\/graziamagazine.com\/es\/articles\/oscar-2022-todos-los-vestidos-de-la-alfombra-roja\/","og_locale":"es_ES","og_type":"article","og_title":"Oscar 2022: todos los vestidos de la alfombra roja","og_description":"Llega por fin una de las noches m\u00e1s esperadas de cada a\u00f1o: los Premios Oscar. El m\u00edtico Dolby Theatre de Los \u00c1ngeles vuelve a vestirse de gala y ha","og_url":"https:\/\/graziamagazine.com\/es\/articles\/oscar-2022-todos-los-vestidos-de-la-alfombra-roja\/","og_site_name":"Grazia","article_modified_time":"2022-03-28T00:29:56+00:00","og_image":[{"width":1600,"height":1248,"url":"https:\/\/graziamagazine.com\/es\/wp-content\/uploads\/sites\/12\/2022\/03\/02f00e54-555f-4ba8-b485-fd6a96802725.jpg?fit=1600%2C1248","type":"image\/jpeg"}],"twitter_card":"summary_large_image","twitter_misc":{"Est. reading time":"1 minuto"},"schema":{"@context":"https:\/\/schema.org","@graph":[{"@type":"WebPage","@id":"https:\/\/graziamagazine.com\/es\/articles\/oscar-2022-todos-los-vestidos-de-la-alfombra-roja\/","url":"https:\/\/graziamagazine.com\/es\/articles\/oscar-2022-todos-los-vestidos-de-la-alfombra-roja\/","name":"Oscar 2022: todos los vestidos de la alfombra roja | Grazia","isPartOf":{"@id":"https:\/\/graziamagazine.com\/es\/#website"},"datePublished":"2022-03-27T21:18:55+00:00","dateModified":"2022-03-28T00:29:56+00:00","description":"Llega por fin una de las noches m\u00e1s esperadas de cada a\u00f1o: los Premios Oscar. El m\u00edtico Dolby Theatre de Los \u00c1ngeles vuelve a vestirse de gala y ha","breadcrumb":{"@id":"https:\/\/graziamagazine.com\/es\/articles\/oscar-2022-todos-los-vestidos-de-la-alfombra-roja\/#breadcrumb"},"inLanguage":"es","potentialAction":[{"@type":"ReadAction","target":["https:\/\/graziamagazine.com\/es\/articles\/oscar-2022-todos-los-vestidos-de-la-alfombra-roja\/"]}]},{"@type":"BreadcrumbList","@id":"https:\/\/graziamagazine.com\/es\/articles\/oscar-2022-todos-los-vestidos-de-la-alfombra-roja\/#breadcrumb","itemListElement":[{"@type":"ListItem","position":1,"name":"Portada","item":"https:\/\/graziamagazine.com\/es\/"},{"@type":"ListItem","position":2,"name":"Oscar 2022: todos los vestidos de la alfombra roja"}]},{"@type":"WebSite","@id":"https:\/\/graziamagazine.com\/es\/#website","url":"https:\/\/graziamagazine.com\/es\/","name":"Grazia","description":"Moda, belleza, celebrities, estilo de vida...","potentialAction":[{"@type":"SearchAction","target":{"@type":"EntryPoint","urlTemplate":"https:\/\/graziamagazine.com\/es\/?s={search_term_string}"},"query-input":"required name=search_term_string"}],"inLanguage":"es"}]}},"jetpack_sharing_enabled":true,"distributor_meta":false,"distributor_terms":false,"distributor_media":false,"distributor_original_site_name":"Grazia","distributor_original_site_url":"https:\/\/graziamagazine.com\/es","push-errors":false,"_links":{"self":[{"href":"https:\/\/graziamagazine.com\/es\/wp-json\/wp\/v2\/articles\/162093"}],"collection":[{"href":"https:\/\/graziamagazine.com\/es\/wp-json\/wp\/v2\/articles"}],"about":[{"href":"https:\/\/graziamagazine.com\/es\/wp-json\/wp\/v2\/types\/articles"}],"author":[{"embeddable":true,"href":"https:\/\/graziamagazine.com\/es\/wp-json\/wp\/v2\/users\/11653"}],"wp:featuredmedia":[{"embeddable":true,"href":"https:\/\/graziamagazine.com\/es\/wp-json\/wp\/v2\/media\/162119"}],"wp:attachment":[{"href":"https:\/\/graziamagazine.com\/es\/wp-json\/wp\/v2\/media?parent=162093"}],"wp:term":[{"taxonomy":"category","embeddable":true,"href":"https:\/\/graziamagazine.com\/es\/wp-json\/wp\/v2\/categories?post=162093"}],"curies":[{"name":"wp","href":"https:\/\/api.w.org\/{rel}","templated":true}]}}