{"id":161823,"date":"2022-03-16T15:31:27","date_gmt":"2022-03-16T14:31:27","guid":{"rendered":"https:\/\/graziamagazine.com\/es\/?post_type=articles&#038;p=161823"},"modified":"2022-03-16T21:06:59","modified_gmt":"2022-03-16T20:06:59","slug":"5-trench-para-lucir-el-estilo-de-sara-carbonero","status":"publish","type":"articles","link":"https:\/\/graziamagazine.com\/es\/articles\/5-trench-para-lucir-el-estilo-de-sara-carbonero\/","title":{"rendered":"5 trench para lucir el estilo de Sara Carbonero"},"content":{"rendered":"<p>Cada una de sus apariciones es \u00fanica, y siempre los ojos est\u00e1n puestos en los looks que elige. Sara Carbonero se acaba de estrenar como actriz de doblaje, y para la premiere de &#8216;Los Tipos Malos&#8217;, donde pone su voz, la periodista eligi\u00f3 un look muy primaveral en color naranja, con un vestido mido de Sportmax, unas sandalias joyas de Aquazzura y un trench, la prenda perfecta que combina con todo en primavera.<\/p>\n<blockquote class=\"instagram-media\" data-instgrm-captioned data-instgrm-permalink=\"https:\/\/www.instagram.com\/p\/CbKV63cLGfz\/?utm_source=ig_embed&amp;utm_campaign=loading\" data-instgrm-version=\"14\" style=\" background:#FFF; border:0; border-radius:3px; box-shadow:0 0 1px 0 rgba(0,0,0,0.5),0 1px 10px 0 rgba(0,0,0,0.15); margin: 1px; max-width:500px; min-width:326px; padding:0; width:99.375%; width:-webkit-calc(100% - 2px); width:calc(100% - 2px);\">\n<div style=\"padding:16px;\"> <a href=\"https:\/\/www.instagram.com\/p\/CbKV63cLGfz\/?utm_source=ig_embed&amp;utm_campaign=loading\" style=\" background:#FFFFFF; line-height:0; padding:0 0; text-align:center; text-decoration:none; width:100%;\" target=\"_blank\"> <\/p>\n<div style=\" display: flex; flex-direction: row; align-items: center;\">\n<div style=\"background-color: #F4F4F4; border-radius: 50%; flex-grow: 0; height: 40px; margin-right: 14px; width: 40px;\"><\/div>\n<div style=\"display: flex; flex-direction: column; flex-grow: 1; justify-content: center;\">\n<div style=\" background-color: #F4F4F4; border-radius: 4px; flex-grow: 0; height: 14px; margin-bottom: 6px; width: 100px;\"><\/div>\n<div style=\" background-color: #F4F4F4; border-radius: 4px; flex-grow: 0; height: 14px; width: 60px;\"><\/div>\n<\/div>\n<\/div>\n<div style=\"padding: 19% 0;\"><\/div>\n<div style=\"display:block; height:50px; margin:0 auto 12px; width:50px;\"><svg width=\"50px\" height=\"50px\" viewBox=\"0 0 60 60\" version=\"1.1\" xmlns=\"https:\/\/www.w3.org\/2000\/svg\" xmlns:xlink=\"https:\/\/www.w3.org\/1999\/xlink\"><g stroke=\"none\" stroke-width=\"1\" fill=\"none\" fill-rule=\"evenodd\"><g transform=\"translate(-511.000000, -20.000000)\" fill=\"#000000\"><g><path d=\"M556.869,30.41 C554.814,30.41 553.148,32.076 553.148,34.131 C553.148,36.186 554.814,37.852 556.869,37.852 C558.924,37.852 560.59,36.186 560.59,34.131 C560.59,32.076 558.924,30.41 556.869,30.41 M541,60.657 C535.114,60.657 530.342,55.887 530.342,50 C530.342,44.114 535.114,39.342 541,39.342 C546.887,39.342 551.658,44.114 551.658,50 C551.658,55.887 546.887,60.657 541,60.657 M541,33.886 C532.1,33.886 524.886,41.1 524.886,50 C524.886,58.899 532.1,66.113 541,66.113 C549.9,66.113 557.115,58.899 557.115,50 C557.115,41.1 549.9,33.886 541,33.886 M565.378,62.101 C565.244,65.022 564.756,66.606 564.346,67.663 C563.803,69.06 563.154,70.057 562.106,71.106 C561.058,72.155 560.06,72.803 558.662,73.347 C557.607,73.757 556.021,74.244 553.102,74.378 C549.944,74.521 548.997,74.552 541,74.552 C533.003,74.552 532.056,74.521 528.898,74.378 C525.979,74.244 524.393,73.757 523.338,73.347 C521.94,72.803 520.942,72.155 519.894,71.106 C518.846,70.057 518.197,69.06 517.654,67.663 C517.244,66.606 516.755,65.022 516.623,62.101 C516.479,58.943 516.448,57.996 516.448,50 C516.448,42.003 516.479,41.056 516.623,37.899 C516.755,34.978 517.244,33.391 517.654,32.338 C518.197,30.938 518.846,29.942 519.894,28.894 C520.942,27.846 521.94,27.196 523.338,26.654 C524.393,26.244 525.979,25.756 528.898,25.623 C532.057,25.479 533.004,25.448 541,25.448 C548.997,25.448 549.943,25.479 553.102,25.623 C556.021,25.756 557.607,26.244 558.662,26.654 C560.06,27.196 561.058,27.846 562.106,28.894 C563.154,29.942 563.803,30.938 564.346,32.338 C564.756,33.391 565.244,34.978 565.378,37.899 C565.522,41.056 565.552,42.003 565.552,50 C565.552,57.996 565.522,58.943 565.378,62.101 M570.82,37.631 C570.674,34.438 570.167,32.258 569.425,30.349 C568.659,28.377 567.633,26.702 565.965,25.035 C564.297,23.368 562.623,22.342 560.652,21.575 C558.743,20.834 556.562,20.326 553.369,20.18 C550.169,20.033 549.148,20 541,20 C532.853,20 531.831,20.033 528.631,20.18 C525.438,20.326 523.257,20.834 521.349,21.575 C519.376,22.342 517.703,23.368 516.035,25.035 C514.368,26.702 513.342,28.377 512.574,30.349 C511.834,32.258 511.326,34.438 511.181,37.631 C511.035,40.831 511,41.851 511,50 C511,58.147 511.035,59.17 511.181,62.369 C511.326,65.562 511.834,67.743 512.574,69.651 C513.342,71.625 514.368,73.296 516.035,74.965 C517.703,76.634 519.376,77.658 521.349,78.425 C523.257,79.167 525.438,79.673 528.631,79.82 C531.831,79.965 532.853,80.001 541,80.001 C549.148,80.001 550.169,79.965 553.369,79.82 C556.562,79.673 558.743,79.167 560.652,78.425 C562.623,77.658 564.297,76.634 565.965,74.965 C567.633,73.296 568.659,71.625 569.425,69.651 C570.167,67.743 570.674,65.562 570.82,62.369 C570.966,59.17 571,58.147 571,50 C571,41.851 570.966,40.831 570.82,37.631\"><\/path><\/g><\/g><\/g><\/svg><\/div>\n<div style=\"padding-top: 8px;\">\n<div style=\" color:#3897f0; font-family:Arial,sans-serif; font-size:14px; font-style:normal; font-weight:550; line-height:18px;\">View this post on Instagram<\/div>\n<\/div>\n<div style=\"padding: 12.5% 0;\"><\/div>\n<div style=\"display: flex; flex-direction: row; margin-bottom: 14px; align-items: center;\">\n<div>\n<div style=\"background-color: #F4F4F4; border-radius: 50%; height: 12.5px; width: 12.5px; transform: translateX(0px) translateY(7px);\"><\/div>\n<div style=\"background-color: #F4F4F4; height: 12.5px; transform: rotate(-45deg) translateX(3px) translateY(1px); width: 12.5px; flex-grow: 0; margin-right: 14px; margin-left: 2px;\"><\/div>\n<div style=\"background-color: #F4F4F4; border-radius: 50%; height: 12.5px; width: 12.5px; transform: translateX(9px) translateY(-18px);\"><\/div>\n<\/div>\n<div style=\"margin-left: 8px;\">\n<div style=\" background-color: #F4F4F4; border-radius: 50%; flex-grow: 0; height: 20px; width: 20px;\"><\/div>\n<div style=\" width: 0; height: 0; border-top: 2px solid transparent; border-left: 6px solid #f4f4f4; border-bottom: 2px solid transparent; transform: translateX(16px) translateY(-4px) rotate(30deg)\"><\/div>\n<\/div>\n<div style=\"margin-left: auto;\">\n<div style=\" width: 0px; border-top: 8px solid #F4F4F4; border-right: 8px solid transparent; transform: translateY(16px);\"><\/div>\n<div style=\" background-color: #F4F4F4; flex-grow: 0; height: 12px; width: 16px; transform: translateY(-4px);\"><\/div>\n<div style=\" width: 0; height: 0; border-top: 8px solid #F4F4F4; border-left: 8px solid transparent; transform: translateY(-4px) translateX(8px);\"><\/div>\n<\/div>\n<\/div>\n<div style=\"display: flex; flex-direction: column; flex-grow: 1; justify-content: center; margin-bottom: 24px;\">\n<div style=\" background-color: #F4F4F4; border-radius: 4px; flex-grow: 0; height: 14px; margin-bottom: 6px; width: 224px;\"><\/div>\n<div style=\" background-color: #F4F4F4; border-radius: 4px; flex-grow: 0; height: 14px; width: 144px;\"><\/div>\n<\/div>\n<p><\/a><\/p>\n<p style=\" color:#c9c8cd; font-family:Arial,sans-serif; font-size:14px; line-height:17px; margin-bottom:0; margin-top:8px; overflow:hidden; padding:8px 0 7px; text-align:center; text-overflow:ellipsis; white-space:nowrap;\"><a href=\"https:\/\/www.instagram.com\/p\/CbKV63cLGfz\/?utm_source=ig_embed&amp;utm_campaign=loading\" style=\" color:#c9c8cd; font-family:Arial,sans-serif; font-size:14px; font-style:normal; font-weight:normal; line-height:17px; text-decoration:none;\" target=\"_blank\" target=\"_blank\">A post shared by Grazia Espan\u0303a \ud83d\ude4b\ud83c\udffb\u200d\u2640\ufe0f\ud83d\ude37 (@grazia_es)<\/a><\/p>\n<\/div>\n<\/blockquote>\n<p><script async src=\"\/\/platform.instagram.com\/en_US\/embeds.js\"><\/script><\/p>\n<h3>5 trench para cinco estilos<\/h3>\n<p>Si quieres inspirarte en el look de Sara, hemos buscado varias opciones para que no falte en tu armario esta primavera.<\/p>\n<p>En <strong>Mango<\/strong> encontramos dos opciones, una tradicional y otra sin mangas, para darle un giro inesperado a tu look con ese trench-chaleco.<\/p>\n<div class=\"content-gallery\"><div class=\"gallery-placeholder\"><div class=\"spinner\"><\/div><\/div><span class=\"gallery-pagination\"><\/span><div id=\"gallery-1\" class=\"gallery galleryid-161823 gallery-columns- gallery-size-\"><figure class=\"gallery-item\"><div class=\"gallery-icon landscape\"><img loading=\"lazy\" decoding=\"async\" width=\"915\" height=\"1280\" src=\"https:\/\/graziamagazine.com\/es\/wp-content\/uploads\/sites\/12\/2022\/03\/thumbnail_27054042_37_B.jpg\" class=\"lazy\" alt=\"5 trench para lucir el estilo de Sara Carbonero\" \/><\/div><\/figure><figure class=\"gallery-item\"><div class=\"gallery-icon landscape\"><img loading=\"lazy\" decoding=\"async\" width=\"915\" height=\"1280\" src=\"https:\/\/graziamagazine.com\/es\/wp-content\/uploads\/sites\/12\/2022\/03\/thumbnail_27054042_37_D8.jpg\" class=\"lazy\" alt=\"5 trench para lucir el estilo de Sara Carbonero\" \/><\/div><\/figure><\/div><\/div>\n<p>En <strong>El Corte Ingl\u00e9s<\/strong> encontramos esta opci\u00f3n en color natural, cl\u00e1sico y combinable con todos tus outfits. Su <a href=\"https:\/\/www.elcorteingles.es\/moda-mujer\/A38550741-trench-doble-botonadura-cinturon\/?color=Natural\" target=\"_blank\">precio es de 79,99 euros<\/a>.<\/p>\n<p><img loading=\"lazy\" decoding=\"async\" class=\"aligncenter size-full wp-image-161831\" src=\"https:\/\/graziamagazine.com\/es\/wp-content\/uploads\/sites\/12\/2022\/03\/Captura-de-pantalla-2022-03-16-a-las-15.30.27.png\" alt=\"5 trench para lucir el estilo de Sara Carbonero\" width=\"1004\" height=\"1254\" \/><\/p>\n<p><strong>Zara<\/strong> siempre ofrece diversas opciones, pero nos hemos quedado con esta de corte oversized y color beige. <a href=\"https:\/\/www.zara.com\/es\/es\/gabardina-oversize-bolsillos-p04369046.html?v1=169651869\" target=\"_blank\">Su precio es de 69,95 euros<\/a>.<\/p>\n<p><img loading=\"lazy\" decoding=\"async\" class=\"aligncenter size-full wp-image-161833\" src=\"https:\/\/graziamagazine.com\/es\/wp-content\/uploads\/sites\/12\/2022\/03\/4369046450_6_1_1.jpeg\" alt=\"5 trench para lucir el estilo de Sara Carbonero\" width=\"1024\" height=\"1536\" \/><\/p>\n<p>Si buscas una opci\u00f3n que no sea cruzada, en Springfield hay una opci\u00f3n abotonada por al frente. <a href=\"https:\/\/myspringfield.com\/es\/es\/mujer\/chaquetas\/trench-botones-con-cinturon\/8733451.html?dwvar_8733451_color=52\" target=\"_blank\">Su precio es de 39,99 euros<\/a>.<\/p>\n<p><img loading=\"lazy\" decoding=\"async\" class=\"aligncenter size-full wp-image-161834\" src=\"https:\/\/graziamagazine.com\/es\/wp-content\/uploads\/sites\/12\/2022\/03\/P_873345152D1.jpeg\" alt=\"5 trench para lucir el estilo de Sara Carbonero\" width=\"1024\" height=\"1536\" \/><\/p>\n<p><strong>Bershka<\/strong> tambi\u00e9n tiene un trench, quiz\u00e1 el m\u00e1s parecido al que luc\u00eda Sara. <a href=\"https:\/\/www.bershka.com\/es\/gabardina-trench-algod%C3%B3n-c0p109363835.html?colorId=742&amp;stylismId=2\" target=\"_blank\">Su precio es de 39,99 euros<\/a>.<\/p>\n<p><img loading=\"lazy\" decoding=\"async\" class=\"aligncenter size-full wp-image-161835\" src=\"https:\/\/graziamagazine.com\/es\/wp-content\/uploads\/sites\/12\/2022\/03\/1693644742_2_4_1.jpeg\" alt=\"5 trench para lucir el estilo de Sara Carbonero\" width=\"1024\" height=\"1311\" \/><\/p>\n","protected":false},"author":11653,"featured_media":161827,"template":"","format":"standard","categories":[13,1],"acf":[],"yoast_head":"<!-- This site is optimized with the Yoast SEO Premium plugin v18.5 (Yoast SEO v20.4) - https:\/\/yoast.com\/wordpress\/plugins\/seo\/ -->\n<title>5 trench para lucir el estilo de Sara Carbonero | Grazia<\/title>\n<meta name=\"description\" content=\"Cada una de sus apariciones es \u00fanica, y siempre los ojos est\u00e1n puestos en los looks que elige. Sara Carbonero se acaba de estrenar como actriz de doblaje,\" \/>\n<meta name=\"robots\" content=\"index, follow, max-snippet:-1, max-image-preview:large, max-video-preview:-1\" \/>\n<link rel=\"canonical\" href=\"https:\/\/graziamagazine.com\/es\/articles\/5-trench-para-lucir-el-estilo-de-sara-carbonero\/\" \/>\n<meta property=\"og:locale\" content=\"es_ES\" \/>\n<meta property=\"og:type\" content=\"article\" \/>\n<meta property=\"og:title\" content=\"5 trench para lucir el estilo de Sara Carbonero\" \/>\n<meta property=\"og:description\" content=\"Cada una de sus apariciones es \u00fanica, y siempre los ojos est\u00e1n puestos en los looks que elige. Sara Carbonero se acaba de estrenar como actriz de doblaje,\" \/>\n<meta property=\"og:url\" content=\"https:\/\/graziamagazine.com\/es\/articles\/5-trench-para-lucir-el-estilo-de-sara-carbonero\/\" \/>\n<meta property=\"og:site_name\" content=\"Grazia\" \/>\n<meta property=\"article:modified_time\" content=\"2022-03-16T20:06:59+00:00\" \/>\n<meta property=\"og:image\" content=\"https:\/\/graziamagazine.com\/es\/wp-content\/uploads\/sites\/12\/2022\/03\/shoppingstylees_275756654_388437102649918_8790688666655483223_n-e1647447145195.jpg\" \/>\n<meta name=\"twitter:card\" content=\"summary_large_image\" \/>\n<meta name=\"twitter:label1\" content=\"Est. reading time\" \/>\n\t<meta name=\"twitter:data1\" content=\"1 minuto\" \/>\n<script type=\"application\/ld+json\" class=\"yoast-schema-graph\">{\"@context\":\"https:\/\/schema.org\",\"@graph\":[{\"@type\":\"WebPage\",\"@id\":\"https:\/\/graziamagazine.com\/es\/articles\/5-trench-para-lucir-el-estilo-de-sara-carbonero\/\",\"url\":\"https:\/\/graziamagazine.com\/es\/articles\/5-trench-para-lucir-el-estilo-de-sara-carbonero\/\",\"name\":\"5 trench para lucir el estilo de Sara Carbonero | Grazia\",\"isPartOf\":{\"@id\":\"https:\/\/graziamagazine.com\/es\/#website\"},\"datePublished\":\"2022-03-16T14:31:27+00:00\",\"dateModified\":\"2022-03-16T20:06:59+00:00\",\"description\":\"Cada una de sus apariciones es \u00fanica, y siempre los ojos est\u00e1n puestos en los looks que elige. Sara Carbonero se acaba de estrenar como actriz de doblaje,\",\"breadcrumb\":{\"@id\":\"https:\/\/graziamagazine.com\/es\/articles\/5-trench-para-lucir-el-estilo-de-sara-carbonero\/#breadcrumb\"},\"inLanguage\":\"es\",\"potentialAction\":[{\"@type\":\"ReadAction\",\"target\":[\"https:\/\/graziamagazine.com\/es\/articles\/5-trench-para-lucir-el-estilo-de-sara-carbonero\/\"]}]},{\"@type\":\"BreadcrumbList\",\"@id\":\"https:\/\/graziamagazine.com\/es\/articles\/5-trench-para-lucir-el-estilo-de-sara-carbonero\/#breadcrumb\",\"itemListElement\":[{\"@type\":\"ListItem\",\"position\":1,\"name\":\"Portada\",\"item\":\"https:\/\/graziamagazine.com\/es\/\"},{\"@type\":\"ListItem\",\"position\":2,\"name\":\"5 trench para lucir el estilo de Sara Carbonero\"}]},{\"@type\":\"WebSite\",\"@id\":\"https:\/\/graziamagazine.com\/es\/#website\",\"url\":\"https:\/\/graziamagazine.com\/es\/\",\"name\":\"Grazia\",\"description\":\"Moda, belleza, celebrities, estilo de vida...\",\"potentialAction\":[{\"@type\":\"SearchAction\",\"target\":{\"@type\":\"EntryPoint\",\"urlTemplate\":\"https:\/\/graziamagazine.com\/es\/?s={search_term_string}\"},\"query-input\":\"required name=search_term_string\"}],\"inLanguage\":\"es\"}]}<\/script>\n<!-- \/ Yoast SEO Premium plugin. -->","yoast_head_json":{"title":"5 trench para lucir el estilo de Sara Carbonero | Grazia","description":"Cada una de sus apariciones es \u00fanica, y siempre los ojos est\u00e1n puestos en los looks que elige. Sara Carbonero se acaba de estrenar como actriz de doblaje,","robots":{"index":"index","follow":"follow","max-snippet":"max-snippet:-1","max-image-preview":"max-image-preview:large","max-video-preview":"max-video-preview:-1"},"canonical":"https:\/\/graziamagazine.com\/es\/articles\/5-trench-para-lucir-el-estilo-de-sara-carbonero\/","og_locale":"es_ES","og_type":"article","og_title":"5 trench para lucir el estilo de Sara Carbonero","og_description":"Cada una de sus apariciones es \u00fanica, y siempre los ojos est\u00e1n puestos en los looks que elige. Sara Carbonero se acaba de estrenar como actriz de doblaje,","og_url":"https:\/\/graziamagazine.com\/es\/articles\/5-trench-para-lucir-el-estilo-de-sara-carbonero\/","og_site_name":"Grazia","article_modified_time":"2022-03-16T20:06:59+00:00","og_image":[{"url":"https:\/\/graziamagazine.com\/es\/wp-content\/uploads\/sites\/12\/2022\/03\/shoppingstylees_275756654_388437102649918_8790688666655483223_n-e1647447145195.jpg"}],"twitter_card":"summary_large_image","twitter_misc":{"Est. reading time":"1 minuto"},"schema":{"@context":"https:\/\/schema.org","@graph":[{"@type":"WebPage","@id":"https:\/\/graziamagazine.com\/es\/articles\/5-trench-para-lucir-el-estilo-de-sara-carbonero\/","url":"https:\/\/graziamagazine.com\/es\/articles\/5-trench-para-lucir-el-estilo-de-sara-carbonero\/","name":"5 trench para lucir el estilo de Sara Carbonero | Grazia","isPartOf":{"@id":"https:\/\/graziamagazine.com\/es\/#website"},"datePublished":"2022-03-16T14:31:27+00:00","dateModified":"2022-03-16T20:06:59+00:00","description":"Cada una de sus apariciones es \u00fanica, y siempre los ojos est\u00e1n puestos en los looks que elige. Sara Carbonero se acaba de estrenar como actriz de doblaje,","breadcrumb":{"@id":"https:\/\/graziamagazine.com\/es\/articles\/5-trench-para-lucir-el-estilo-de-sara-carbonero\/#breadcrumb"},"inLanguage":"es","potentialAction":[{"@type":"ReadAction","target":["https:\/\/graziamagazine.com\/es\/articles\/5-trench-para-lucir-el-estilo-de-sara-carbonero\/"]}]},{"@type":"BreadcrumbList","@id":"https:\/\/graziamagazine.com\/es\/articles\/5-trench-para-lucir-el-estilo-de-sara-carbonero\/#breadcrumb","itemListElement":[{"@type":"ListItem","position":1,"name":"Portada","item":"https:\/\/graziamagazine.com\/es\/"},{"@type":"ListItem","position":2,"name":"5 trench para lucir el estilo de Sara Carbonero"}]},{"@type":"WebSite","@id":"https:\/\/graziamagazine.com\/es\/#website","url":"https:\/\/graziamagazine.com\/es\/","name":"Grazia","description":"Moda, belleza, celebrities, estilo de vida...","potentialAction":[{"@type":"SearchAction","target":{"@type":"EntryPoint","urlTemplate":"https:\/\/graziamagazine.com\/es\/?s={search_term_string}"},"query-input":"required name=search_term_string"}],"inLanguage":"es"}]}},"jetpack_sharing_enabled":true,"distributor_meta":false,"distributor_terms":false,"distributor_media":false,"distributor_original_site_name":"Grazia","distributor_original_site_url":"https:\/\/graziamagazine.com\/es","push-errors":false,"_links":{"self":[{"href":"https:\/\/graziamagazine.com\/es\/wp-json\/wp\/v2\/articles\/161823"}],"collection":[{"href":"https:\/\/graziamagazine.com\/es\/wp-json\/wp\/v2\/articles"}],"about":[{"href":"https:\/\/graziamagazine.com\/es\/wp-json\/wp\/v2\/types\/articles"}],"author":[{"embeddable":true,"href":"https:\/\/graziamagazine.com\/es\/wp-json\/wp\/v2\/users\/11653"}],"wp:featuredmedia":[{"embeddable":true,"href":"https:\/\/graziamagazine.com\/es\/wp-json\/wp\/v2\/media\/161827"}],"wp:attachment":[{"href":"https:\/\/graziamagazine.com\/es\/wp-json\/wp\/v2\/media?parent=161823"}],"wp:term":[{"taxonomy":"category","embeddable":true,"href":"https:\/\/graziamagazine.com\/es\/wp-json\/wp\/v2\/categories?post=161823"}],"curies":[{"name":"wp","href":"https:\/\/api.w.org\/{rel}","templated":true}]}}