{"id":161693,"date":"2022-03-14T10:03:52","date_gmt":"2022-03-14T09:03:52","guid":{"rendered":"https:\/\/graziamagazine.com\/es\/?post_type=articles&#038;p=161693"},"modified":"2022-03-16T22:45:52","modified_gmt":"2022-03-16T21:45:52","slug":"eyeliner-dramatico-la-tendencia-de-belleza-en-la-mbfwmadrid","status":"publish","type":"articles","link":"https:\/\/graziamagazine.com\/es\/articles\/eyeliner-dramatico-la-tendencia-de-belleza-en-la-mbfwmadrid\/","title":{"rendered":"Eyeliner dram\u00e1tico, la tendencia de belleza en la MBFWMadrid"},"content":{"rendered":"<p>La Semana de la Moda de Madrid lleg\u00f3 a su fin, y entre las propuestas que han presentado nuestros dise\u00f1adores, nos hemos querido fijar en una tendencia de maquillaje que se ha repetido sobre la pasarela.<\/p>\n<p>Los ojos se han convertido, cada vez m\u00e1s, en los grandes protagonistas de los maquillajes m\u00e1s llamativos y arriesgados, y en la Mercedes Benz Fashion Week Madrid no pod\u00eda ser de otra manera. <strong>El maquillaje estrella se ha conseguido gracias a nuevas t\u00e9cnicas de eyeliner dram\u00e1ticos.\u00a0<\/strong><\/p>\n<p>La responsable de la tendencia ha sido\u00a0L&#8217;Or\u00e9al Paris, maquillador y peluquero oficial de la 75\u00ba edici\u00f3n de MBFWMadrid,\u00a0 quien a\u00f1o tras a\u00f1o trabaja de la mano de los grandes dise\u00f1adores espa\u00f1oles para crear todas las tendencias <em>beauty<\/em>\u00a0de la pr\u00f3xima temporada Oto\u00f1o\/Invierno 2022.<\/p>\n<div class=\"content-gallery\"><div class=\"gallery-placeholder\"><div class=\"spinner\"><\/div><\/div><span class=\"gallery-pagination\"><\/span><div id=\"gallery-1\" class=\"gallery galleryid-161693 gallery-columns- gallery-size-\"><figure class=\"gallery-item\"><div class=\"gallery-icon landscape\"><img loading=\"lazy\" decoding=\"async\" width=\"3511\" height=\"5267\" src=\"https:\/\/graziamagazine.com\/es\/wp-content\/uploads\/sites\/12\/2022\/03\/TTT7861-copia.jpg\" class=\"lazy\" alt=\"Eyeliner dram\u00e1tico, la tendencia de belleza en la MBFWMadrid\" \/><\/div><\/figure><figure class=\"gallery-item\"><div class=\"gallery-icon landscape\"><img loading=\"lazy\" decoding=\"async\" width=\"2268\" height=\"3402\" src=\"https:\/\/graziamagazine.com\/es\/wp-content\/uploads\/sites\/12\/2022\/03\/TTT7923-copia.jpg\" class=\"lazy\" alt=\"Eyeliner dram\u00e1tico, la tendencia de belleza en la MBFWMadrid\" \/><\/div><\/figure><figure class=\"gallery-item\"><div class=\"gallery-icon landscape\"><img loading=\"lazy\" decoding=\"async\" width=\"3840\" height=\"5760\" src=\"https:\/\/graziamagazine.com\/es\/wp-content\/uploads\/sites\/12\/2022\/03\/TTT8016-copia.jpg\" class=\"lazy\" alt=\"Eyeliner dram\u00e1tico, la tendencia de belleza en la MBFWMadrid\" \/><\/div><\/figure><\/div><\/div>\n<h3><strong>\u00bfCon qu\u00e9 productos puedes recrearlo?\u00a0<\/strong><\/h3>\n<p>Los <strong>eyeliner Perfect Slim<\/strong> de L&#8217;Or\u00e9al Paris cuentan con una punta fina que te permite una aplicaci\u00f3n con precisi\u00f3n del producto, pudiendo realizar hasta las l\u00edneas m\u00e1s complicadas.\u00a0<br aria-hidden=\"true\" \/><br aria-hidden=\"true\" \/>Disponible en <strong>cinco colores: azul, verde, marr\u00f3n, negro y gris<\/strong>. Te permitir\u00e1n combinar tonos entre s\u00ed pudiendo sacar tu lado m\u00e1s creativo.<\/p>\n<p><img loading=\"lazy\" decoding=\"async\" class=\"aligncenter size-full wp-image-161713\" src=\"https:\/\/graziamagazine.com\/es\/wp-content\/uploads\/sites\/12\/2022\/03\/Captura-de-pantalla-2022-03-13-a-las-23.16.37-copia.jpg\" alt=\"Eyeliner dram\u00e1tico, la tendencia de belleza en la MBFWMadrid \" width=\"1024\" height=\"1306\" \/><\/p>\n<p>Su precio recomendado es de 8,95 euros<\/p>\n<p><em>*Im\u00e1genes: cortes\u00eda de L&#8217;Or\u00e9al Paris<\/em><\/p>\n","protected":false},"author":11653,"featured_media":161710,"template":"","format":"standard","categories":[7],"acf":[],"yoast_head":"<!-- This site is optimized with the Yoast SEO Premium plugin v18.5 (Yoast SEO v20.4) - https:\/\/yoast.com\/wordpress\/plugins\/seo\/ -->\n<title>Eyeliner dram\u00e1tico, la tendencia de belleza en la MBFWMadrid | Grazia<\/title>\n<meta name=\"description\" content=\"La Semana de la Moda de Madrid lleg\u00f3 a su fin, y entre las propuestas que han presentado nuestros dise\u00f1adores, nos hemos querido fijar en una tendencia de\" \/>\n<meta name=\"robots\" content=\"index, follow, max-snippet:-1, max-image-preview:large, max-video-preview:-1\" \/>\n<link rel=\"canonical\" href=\"https:\/\/graziamagazine.com\/es\/articles\/eyeliner-dramatico-la-tendencia-de-belleza-en-la-mbfwmadrid\/\" \/>\n<meta property=\"og:locale\" content=\"es_ES\" \/>\n<meta property=\"og:type\" content=\"article\" \/>\n<meta property=\"og:title\" content=\"Eyeliner dram\u00e1tico, la tendencia de belleza en la MBFWMadrid\" \/>\n<meta property=\"og:description\" content=\"La Semana de la Moda de Madrid lleg\u00f3 a su fin, y entre las propuestas que han presentado nuestros dise\u00f1adores, nos hemos querido fijar en una tendencia de\" \/>\n<meta property=\"og:url\" content=\"https:\/\/graziamagazine.com\/es\/articles\/eyeliner-dramatico-la-tendencia-de-belleza-en-la-mbfwmadrid\/\" \/>\n<meta property=\"og:site_name\" content=\"Grazia\" \/>\n<meta property=\"article:modified_time\" content=\"2022-03-16T21:45:52+00:00\" \/>\n<meta property=\"og:image\" content=\"https:\/\/graziamagazine.com\/es\/wp-content\/uploads\/sites\/12\/2022\/03\/Captura-de-pantalla-2022-03-13-a-las-23.05.58.png\" \/>\n\t<meta property=\"og:image:width\" content=\"1024\" \/>\n\t<meta property=\"og:image:height\" content=\"769\" \/>\n\t<meta property=\"og:image:type\" content=\"image\/png\" \/>\n<meta name=\"twitter:card\" content=\"summary_large_image\" \/>\n<meta name=\"twitter:label1\" content=\"Est. reading time\" \/>\n\t<meta name=\"twitter:data1\" content=\"1 minuto\" \/>\n<script type=\"application\/ld+json\" class=\"yoast-schema-graph\">{\"@context\":\"https:\/\/schema.org\",\"@graph\":[{\"@type\":\"WebPage\",\"@id\":\"https:\/\/graziamagazine.com\/es\/articles\/eyeliner-dramatico-la-tendencia-de-belleza-en-la-mbfwmadrid\/\",\"url\":\"https:\/\/graziamagazine.com\/es\/articles\/eyeliner-dramatico-la-tendencia-de-belleza-en-la-mbfwmadrid\/\",\"name\":\"Eyeliner dram\u00e1tico, la tendencia de belleza en la MBFWMadrid | Grazia\",\"isPartOf\":{\"@id\":\"https:\/\/graziamagazine.com\/es\/#website\"},\"datePublished\":\"2022-03-14T09:03:52+00:00\",\"dateModified\":\"2022-03-16T21:45:52+00:00\",\"description\":\"La Semana de la Moda de Madrid lleg\u00f3 a su fin, y entre las propuestas que han presentado nuestros dise\u00f1adores, nos hemos querido fijar en una tendencia de\",\"breadcrumb\":{\"@id\":\"https:\/\/graziamagazine.com\/es\/articles\/eyeliner-dramatico-la-tendencia-de-belleza-en-la-mbfwmadrid\/#breadcrumb\"},\"inLanguage\":\"es\",\"potentialAction\":[{\"@type\":\"ReadAction\",\"target\":[\"https:\/\/graziamagazine.com\/es\/articles\/eyeliner-dramatico-la-tendencia-de-belleza-en-la-mbfwmadrid\/\"]}]},{\"@type\":\"BreadcrumbList\",\"@id\":\"https:\/\/graziamagazine.com\/es\/articles\/eyeliner-dramatico-la-tendencia-de-belleza-en-la-mbfwmadrid\/#breadcrumb\",\"itemListElement\":[{\"@type\":\"ListItem\",\"position\":1,\"name\":\"Portada\",\"item\":\"https:\/\/graziamagazine.com\/es\/\"},{\"@type\":\"ListItem\",\"position\":2,\"name\":\"Eyeliner dram\u00e1tico, la tendencia de belleza en la MBFWMadrid\"}]},{\"@type\":\"WebSite\",\"@id\":\"https:\/\/graziamagazine.com\/es\/#website\",\"url\":\"https:\/\/graziamagazine.com\/es\/\",\"name\":\"Grazia\",\"description\":\"Moda, belleza, celebrities, estilo de vida...\",\"potentialAction\":[{\"@type\":\"SearchAction\",\"target\":{\"@type\":\"EntryPoint\",\"urlTemplate\":\"https:\/\/graziamagazine.com\/es\/?s={search_term_string}\"},\"query-input\":\"required name=search_term_string\"}],\"inLanguage\":\"es\"}]}<\/script>\n<!-- \/ Yoast SEO Premium plugin. -->","yoast_head_json":{"title":"Eyeliner dram\u00e1tico, la tendencia de belleza en la MBFWMadrid | Grazia","description":"La Semana de la Moda de Madrid lleg\u00f3 a su fin, y entre las propuestas que han presentado nuestros dise\u00f1adores, nos hemos querido fijar en una tendencia de","robots":{"index":"index","follow":"follow","max-snippet":"max-snippet:-1","max-image-preview":"max-image-preview:large","max-video-preview":"max-video-preview:-1"},"canonical":"https:\/\/graziamagazine.com\/es\/articles\/eyeliner-dramatico-la-tendencia-de-belleza-en-la-mbfwmadrid\/","og_locale":"es_ES","og_type":"article","og_title":"Eyeliner dram\u00e1tico, la tendencia de belleza en la MBFWMadrid","og_description":"La Semana de la Moda de Madrid lleg\u00f3 a su fin, y entre las propuestas que han presentado nuestros dise\u00f1adores, nos hemos querido fijar en una tendencia de","og_url":"https:\/\/graziamagazine.com\/es\/articles\/eyeliner-dramatico-la-tendencia-de-belleza-en-la-mbfwmadrid\/","og_site_name":"Grazia","article_modified_time":"2022-03-16T21:45:52+00:00","og_image":[{"url":"https:\/\/graziamagazine.com\/es\/wp-content\/uploads\/sites\/12\/2022\/03\/Captura-de-pantalla-2022-03-13-a-las-23.05.58.png","width":1024,"height":769,"type":"image\/png"}],"twitter_card":"summary_large_image","twitter_misc":{"Est. reading time":"1 minuto"},"schema":{"@context":"https:\/\/schema.org","@graph":[{"@type":"WebPage","@id":"https:\/\/graziamagazine.com\/es\/articles\/eyeliner-dramatico-la-tendencia-de-belleza-en-la-mbfwmadrid\/","url":"https:\/\/graziamagazine.com\/es\/articles\/eyeliner-dramatico-la-tendencia-de-belleza-en-la-mbfwmadrid\/","name":"Eyeliner dram\u00e1tico, la tendencia de belleza en la MBFWMadrid | Grazia","isPartOf":{"@id":"https:\/\/graziamagazine.com\/es\/#website"},"datePublished":"2022-03-14T09:03:52+00:00","dateModified":"2022-03-16T21:45:52+00:00","description":"La Semana de la Moda de Madrid lleg\u00f3 a su fin, y entre las propuestas que han presentado nuestros dise\u00f1adores, nos hemos querido fijar en una tendencia de","breadcrumb":{"@id":"https:\/\/graziamagazine.com\/es\/articles\/eyeliner-dramatico-la-tendencia-de-belleza-en-la-mbfwmadrid\/#breadcrumb"},"inLanguage":"es","potentialAction":[{"@type":"ReadAction","target":["https:\/\/graziamagazine.com\/es\/articles\/eyeliner-dramatico-la-tendencia-de-belleza-en-la-mbfwmadrid\/"]}]},{"@type":"BreadcrumbList","@id":"https:\/\/graziamagazine.com\/es\/articles\/eyeliner-dramatico-la-tendencia-de-belleza-en-la-mbfwmadrid\/#breadcrumb","itemListElement":[{"@type":"ListItem","position":1,"name":"Portada","item":"https:\/\/graziamagazine.com\/es\/"},{"@type":"ListItem","position":2,"name":"Eyeliner dram\u00e1tico, la tendencia de belleza en la MBFWMadrid"}]},{"@type":"WebSite","@id":"https:\/\/graziamagazine.com\/es\/#website","url":"https:\/\/graziamagazine.com\/es\/","name":"Grazia","description":"Moda, belleza, celebrities, estilo de vida...","potentialAction":[{"@type":"SearchAction","target":{"@type":"EntryPoint","urlTemplate":"https:\/\/graziamagazine.com\/es\/?s={search_term_string}"},"query-input":"required name=search_term_string"}],"inLanguage":"es"}]}},"jetpack_sharing_enabled":true,"distributor_meta":false,"distributor_terms":false,"distributor_media":false,"distributor_original_site_name":"Grazia","distributor_original_site_url":"https:\/\/graziamagazine.com\/es","push-errors":false,"_links":{"self":[{"href":"https:\/\/graziamagazine.com\/es\/wp-json\/wp\/v2\/articles\/161693"}],"collection":[{"href":"https:\/\/graziamagazine.com\/es\/wp-json\/wp\/v2\/articles"}],"about":[{"href":"https:\/\/graziamagazine.com\/es\/wp-json\/wp\/v2\/types\/articles"}],"author":[{"embeddable":true,"href":"https:\/\/graziamagazine.com\/es\/wp-json\/wp\/v2\/users\/11653"}],"wp:featuredmedia":[{"embeddable":true,"href":"https:\/\/graziamagazine.com\/es\/wp-json\/wp\/v2\/media\/161710"}],"wp:attachment":[{"href":"https:\/\/graziamagazine.com\/es\/wp-json\/wp\/v2\/media?parent=161693"}],"wp:term":[{"taxonomy":"category","embeddable":true,"href":"https:\/\/graziamagazine.com\/es\/wp-json\/wp\/v2\/categories?post=161693"}],"curies":[{"name":"wp","href":"https:\/\/api.w.org\/{rel}","templated":true}]}}