{"id":161663,"date":"2022-03-15T15:00:50","date_gmt":"2022-03-15T14:00:50","guid":{"rendered":"https:\/\/graziamagazine.com\/es\/?post_type=articles&#038;p=161663"},"modified":"2022-03-15T15:00:51","modified_gmt":"2022-03-15T14:00:51","slug":"green-coast-trae-la-primavera-mas-trendy-a-el-corte-ingles","status":"publish","type":"articles","link":"https:\/\/graziamagazine.com\/es\/articles\/green-coast-trae-la-primavera-mas-trendy-a-el-corte-ingles\/","title":{"rendered":"Green Coast trae la primavera m\u00e1s trendy a El Corte Ingl\u00e9s"},"content":{"rendered":"<p>La nueva estaci\u00f3n ya casi est\u00e1 aqu\u00ed. La llegada de la primavera nos invita a hacer un cambio de armario, a elegir prendas m\u00e1s frescas, florales y abandonar los colores m\u00e1s oscuros del invierno. El buen tiempo, los d\u00edas m\u00e1s largos, el sol y hasta las nuevas flores de plantas y \u00e1rboles, nos llenan de energ\u00eda y elegimos la ropa acorde a nuestro estado de \u00e1nimo.<\/p>\n<p>Justo para mantener un estado de \u00e1nimo optimista, <strong>la nueva colecci\u00f3n de Green Coast, de venta en El Corte Ingl\u00e9s<\/strong>, imagina una primavera repleta de prendas que pone la nota fresca y casual al street style.\u00a0Prendas actuales que se adaptan a tu estilo y tu ritmo. Moda casual, trendy y divertida para vestir looks din\u00e1micos y con tanta personalidad como t\u00fa.<\/p>\n<p>Vamos a descubrirte lo f\u00e1cil que es crear <em>outfits<\/em> de estilo casual, con las prendas m\u00e1s trendy, para vestir en todos los momentos del d\u00eda con un toque fresco y divertido. En la colecci\u00f3n encontrar\u00e1s prendas de punto, <em>denim<\/em>, camisetas, pantalones, vestidos, faldas y mucho m\u00e1s.<\/p>\n<h3>Vestidos y conjuntos rom\u00e1nticos<\/h3>\n<p>Tops de crochet, una de las tendencias que vuelve esta primavera, conjuntos estilo pijamero perfectos para el d\u00eda y la noche, vestidos con flores y faldas largas, las prendas ideales para crear looks <em>boho-chic<\/em>.<\/p>\n<div class=\"content-gallery\"><div class=\"gallery-placeholder\"><div class=\"spinner\"><\/div><\/div><span class=\"gallery-pagination\"><\/span><div id=\"gallery-1\" class=\"gallery galleryid-161663 gallery-columns- gallery-size-\"><figure class=\"gallery-item\"><div class=\"gallery-icon landscape\"><img loading=\"lazy\" decoding=\"async\" width=\"1934\" height=\"2400\" src=\"https:\/\/graziamagazine.com\/es\/wp-content\/uploads\/sites\/12\/2022\/03\/T29514400398ZZZ_S0.jpg\" class=\"lazy\" alt=\"Green Coast trae la primavera m\u00e1s trendy a El Corte Ingl\u00e9s\" \/><\/div><\/figure><figure class=\"gallery-item\"><div class=\"gallery-icon landscape\"><img loading=\"lazy\" decoding=\"async\" width=\"1934\" height=\"2400\" src=\"https:\/\/graziamagazine.com\/es\/wp-content\/uploads\/sites\/12\/2022\/03\/T29510297640ZZZ_S0.jpg\" class=\"lazy\" alt=\"Green Coast trae la primavera m\u00e1s trendy a El Corte Ingl\u00e9s\" \/><\/div><\/figure><figure class=\"gallery-item\"><div class=\"gallery-icon landscape\"><img loading=\"lazy\" decoding=\"async\" width=\"1934\" height=\"2400\" src=\"https:\/\/graziamagazine.com\/es\/wp-content\/uploads\/sites\/12\/2022\/03\/T29516704466ZZZ_S0.jpg\" class=\"lazy\" alt=\"Green Coast trae la primavera m\u00e1s trendy a El Corte Ingl\u00e9s\" \/><\/div><\/figure><figure class=\"gallery-item\"><div class=\"gallery-icon landscape\"><img loading=\"lazy\" decoding=\"async\" width=\"1934\" height=\"2400\" src=\"https:\/\/graziamagazine.com\/es\/wp-content\/uploads\/sites\/12\/2022\/03\/T29581204459ZZZ_S0.jpg\" class=\"lazy\" alt=\"Green Coast trae la primavera m\u00e1s trendy a El Corte Ingl\u00e9s\" \/><\/div><\/figure><figure class=\"gallery-item\"><div class=\"gallery-icon landscape\"><img loading=\"lazy\" decoding=\"async\" width=\"1934\" height=\"2400\" src=\"https:\/\/graziamagazine.com\/es\/wp-content\/uploads\/sites\/12\/2022\/03\/T29512104521ZZZ_S0.jpg\" class=\"lazy\" alt=\"Green Coast trae la primavera m\u00e1s trendy a El Corte Ingl\u00e9s\" \/><\/div><\/figure><\/div><\/div>\n<h3>Volantes y cortes asim\u00e9tricos<\/h3>\n<p>Para las largas sobremesas y las noches c\u00e1lidas, Green Coast propone prendas m\u00e1s , en colores intensos y en la que destacan los volante y las asimetr\u00edas. <strong><a href=\"https:\/\/www.elcorteingles.es\/moda-mujer\/A41649507-top-asimetrico-volante\/\" target=\"_blank\">Tops asim\u00e9tricos<\/a><\/strong>, perfectos para combinar con <strong>pantalones<\/strong> de campana, palazzo o <a href=\"https:\/\/www.elcorteingles.es\/moda-mujer\/A41656127-pantalon-fluido-abertura\/?color=Negro\" target=\"_blank\">con aberturas<\/a>, mini vestidos, <a href=\"https:\/\/www.elcorteingles.es\/moda-mujer\/A41655727-mono-asimetrico-volante\/?color=Fucsia\" target=\"_blank\">monos<\/a> o <a href=\"https:\/\/www.elcorteingles.es\/moda-mujer\/A41651926-vestido-jacquard-volante\/\" target=\"_blank\">vestido de telas m\u00e1s elegantes<\/a>,<\/p>\n<div class=\"content-gallery\"><div class=\"gallery-placeholder\"><div class=\"spinner\"><\/div><\/div><span class=\"gallery-pagination\"><\/span><div id=\"gallery-2\" class=\"gallery galleryid-161663 gallery-columns- gallery-size-\"><figure class=\"gallery-item\"><div class=\"gallery-icon landscape\"><img loading=\"lazy\" decoding=\"async\" width=\"1160\" height=\"1468\" src=\"https:\/\/graziamagazine.com\/es\/wp-content\/uploads\/sites\/12\/2022\/02\/Captura-de-pantalla-2022-03-15-a-las-14.51.55.png\" class=\"lazy\" alt=\"\" \/><\/div><\/figure><figure class=\"gallery-item\"><div class=\"gallery-icon landscape\"><img loading=\"lazy\" decoding=\"async\" width=\"1934\" height=\"2400\" src=\"https:\/\/graziamagazine.com\/es\/wp-content\/uploads\/sites\/12\/2022\/03\/T29513203355ZZZ_S0.jpg\" class=\"lazy\" alt=\"Green Coast trae la primavera m\u00e1s trendy a El Corte Ingl\u00e9s\" \/><\/div><\/figure><figure class=\"gallery-item\"><div class=\"gallery-icon landscape\"><img loading=\"lazy\" decoding=\"async\" width=\"967\" height=\"1200\" src=\"https:\/\/graziamagazine.com\/es\/wp-content\/uploads\/sites\/12\/2022\/03\/00129510491300____1__967x1200-copia.jpg\" class=\"lazy\" alt=\"Green Coast trae la primavera m\u00e1s trendy a El Corte Ingl\u00e9s\" \/><\/div><\/figure><figure class=\"gallery-item\"><div class=\"gallery-icon landscape\"><img loading=\"lazy\" decoding=\"async\" width=\"1152\" height=\"1448\" src=\"https:\/\/graziamagazine.com\/es\/wp-content\/uploads\/sites\/12\/2022\/02\/Captura-de-pantalla-2022-03-15-a-las-14.59.46.png\" class=\"lazy\" alt=\"\" \/><\/div><\/figure><figure class=\"gallery-item\"><div class=\"gallery-icon landscape\"><img loading=\"lazy\" decoding=\"async\" width=\"1934\" height=\"2400\" src=\"https:\/\/graziamagazine.com\/es\/wp-content\/uploads\/sites\/12\/2022\/03\/T29562410927ZZZ_S0.jpg\" class=\"lazy\" alt=\"Green Coast trae la primavera m\u00e1s trendy a El Corte Ingl\u00e9s\" \/><\/div><\/figure><figure class=\"gallery-item\"><div class=\"gallery-icon landscape\"><img loading=\"lazy\" decoding=\"async\" width=\"967\" height=\"1200\" src=\"https:\/\/graziamagazine.com\/es\/wp-content\/uploads\/sites\/12\/2022\/03\/00129560591918____2__967x1200-copia.jpg\" class=\"lazy\" alt=\"Green Coast trae la primavera m\u00e1s trendy a El Corte Ingl\u00e9s\" \/><\/div><\/figure><\/div><\/div>\n<h3>Una temporada tie dye<\/h3>\n<p>Un a\u00f1o m\u00e1s este estampado pisa fuerte, y en Green Coast encontramos desde <strong><a href=\"https:\/\/www.elcorteingles.es\/moda-mujer\/A40280660-pantalon-campana-tie-dye\/\" target=\"_blank\">pantalones campana<\/a><\/strong> de tejido el\u00e1stico, <strong><a href=\"https:\/\/www.elcorteingles.es\/moda-mujer\/A40319833-sudadera-de-mujer-tie-dye-100-algodon\/?color=Rosa%20claro\" target=\"_blank\">sudaderas de algod\u00f3n<\/a><\/strong> en colores pastel, <a href=\"https:\/\/www.elcorteingles.es\/moda-mujer\/A41446330-braga-de-bikini-lazo-tie-dye\/\" target=\"_blank\">biquinis<\/a> y accesorios.<\/p>\n<div class=\"content-gallery\"><div class=\"gallery-placeholder\"><div class=\"spinner\"><\/div><\/div><span class=\"gallery-pagination\"><\/span><div id=\"gallery-3\" class=\"gallery galleryid-161663 gallery-columns- gallery-size-\"><figure class=\"gallery-item\"><div class=\"gallery-icon landscape\"><img loading=\"lazy\" decoding=\"async\" width=\"1934\" height=\"2400\" src=\"https:\/\/graziamagazine.com\/es\/wp-content\/uploads\/sites\/12\/2022\/03\/T29510297335ZZZ_S0.jpg\" class=\"lazy\" alt=\"Green Coast trae la primavera m\u00e1s trendy a El Corte Ingl\u00e9s\" \/><\/div><\/figure><figure class=\"gallery-item\"><div class=\"gallery-icon landscape\"><img loading=\"lazy\" decoding=\"async\" width=\"1934\" height=\"2400\" src=\"https:\/\/graziamagazine.com\/es\/wp-content\/uploads\/sites\/12\/2022\/03\/GREEN-COAST-2599-EUROS-3.jpg\" class=\"lazy\" alt=\"Green Coast trae la primavera m\u00e1s trendy a El Corte Ingl\u00e9s\" \/><\/div><\/figure><figure class=\"gallery-item\"><div class=\"gallery-icon landscape\"><img loading=\"lazy\" decoding=\"async\" width=\"1934\" height=\"2400\" src=\"https:\/\/graziamagazine.com\/es\/wp-content\/uploads\/sites\/12\/2022\/03\/T29559102370ZZZ_03.jpg\" class=\"lazy\" alt=\"Green Coast trae la primavera m\u00e1s trendy a El Corte Ingl\u00e9s\" \/><\/div><\/figure><figure class=\"gallery-item\"><div class=\"gallery-icon landscape\"><img loading=\"lazy\" decoding=\"async\" width=\"1934\" height=\"2400\" src=\"https:\/\/graziamagazine.com\/es\/wp-content\/uploads\/sites\/12\/2022\/03\/T97330800026ZZZ_S0.jpg\" class=\"lazy\" alt=\"Green Coast trae la primavera m\u00e1s trendy a El Corte Ingl\u00e9s\" \/><\/div><\/figure><figure class=\"gallery-item\"><div class=\"gallery-icon landscape\"><img loading=\"lazy\" decoding=\"async\" width=\"1934\" height=\"2400\" src=\"https:\/\/graziamagazine.com\/es\/wp-content\/uploads\/sites\/12\/2022\/03\/T97320700020ZZZ_S0.jpg\" class=\"lazy\" alt=\"Green Coast trae la primavera m\u00e1s trendy a El Corte Ingl\u00e9s\" \/><\/div><\/figure><\/div><\/div>\n<h3>Accesorios pastel<\/h3>\n<p>Los colores pastel siempre son un habitual de primavera, pero esta temporada saltan de las prendas a los accesorios, y en Green Coast encontramos desde <a href=\"https:\/\/www.elcorteingles.es\/moda-mujer\/A40681470-mochila-de-mujer-plana-nylon-rosa\/\" target=\"_blank\">mochilas<\/a> para el d\u00eda, <a href=\"https:\/\/www.elcorteingles.es\/moda-mujer\/A41432840-pendientes-largos-de-mujer-piedras-rosa\/\" target=\"_blank\">pendientes largos<\/a> de piedras, <a href=\"https:\/\/www.elcorteingles.es\/moda-mujer\/A41086052-anillo-osito-rosa\/\" target=\"_blank\">anillos<\/a> de pl\u00e1stico, <a href=\"https:\/\/www.elcorteingles.es\/moda-mujer\/A41088331-set-de-tres-coleteros-multicolor-troquelados\/\" target=\"_blank\">accesorios para el pelo<\/a>.<\/p>\n<div class=\"content-gallery\"><div class=\"gallery-placeholder\"><div class=\"spinner\"><\/div><\/div><span class=\"gallery-pagination\"><\/span><div id=\"gallery-4\" class=\"gallery galleryid-161663 gallery-columns- gallery-size-\"><figure class=\"gallery-item\"><div class=\"gallery-icon landscape\"><img loading=\"lazy\" decoding=\"async\" width=\"1934\" height=\"2400\" src=\"https:\/\/graziamagazine.com\/es\/wp-content\/uploads\/sites\/12\/2022\/03\/T29559102040ZZZ.jpg\" class=\"lazy\" alt=\"Green Coast trae la primavera m\u00e1s trendy a El Corte Ingl\u00e9s\" \/><\/div><\/figure><figure class=\"gallery-item\"><div class=\"gallery-icon landscape\"><img loading=\"lazy\" decoding=\"async\" width=\"967\" height=\"1200\" src=\"https:\/\/graziamagazine.com\/es\/wp-content\/uploads\/sites\/12\/2022\/03\/00129559400931____1__967x1200-copia.jpg\" class=\"lazy\" alt=\"Green Coast trae la primavera m\u00e1s trendy a El Corte Ingl\u00e9s\" \/><\/div><\/figure><figure class=\"gallery-item\"><div class=\"gallery-icon landscape\"><img loading=\"lazy\" decoding=\"async\" width=\"967\" height=\"1200\" src=\"https:\/\/graziamagazine.com\/es\/wp-content\/uploads\/sites\/12\/2022\/03\/00129559400766____1__967x1200-copia.jpg\" class=\"lazy\" alt=\"Green Coast trae la primavera m\u00e1s trendy a El Corte Ingl\u00e9s\" \/><\/div><\/figure><figure class=\"gallery-item\"><div class=\"gallery-icon landscape\"><img loading=\"lazy\" decoding=\"async\" width=\"967\" height=\"1200\" src=\"https:\/\/graziamagazine.com\/es\/wp-content\/uploads\/sites\/12\/2022\/03\/00129559300289____1__967x1200-copia.jpg\" class=\"lazy\" alt=\"Green Coast trae la primavera m\u00e1s trendy a El Corte Ingl\u00e9s\" \/><\/div><\/figure><figure class=\"gallery-item\"><div class=\"gallery-icon landscape\"><img loading=\"lazy\" decoding=\"async\" width=\"967\" height=\"1200\" src=\"https:\/\/graziamagazine.com\/es\/wp-content\/uploads\/sites\/12\/2022\/03\/00129559400923____1__967x1200-copia.jpg\" class=\"lazy\" alt=\"Green Coast trae la primavera m\u00e1s trendy a El Corte Ingl\u00e9s\" \/><\/div><\/figure><\/div><\/div>\n<p>&nbsp;<\/p>\n","protected":false},"author":11653,"featured_media":161677,"template":"","format":"standard","categories":[1],"acf":[],"yoast_head":"<!-- This site is optimized with the Yoast SEO Premium plugin v18.5 (Yoast SEO v20.4) - https:\/\/yoast.com\/wordpress\/plugins\/seo\/ -->\n<title>Green Coast trae la primavera m\u00e1s trendy a El Corte Ingl\u00e9s | Grazia<\/title>\n<meta name=\"description\" content=\"Descubre lo f\u00e1cil que es crear outfits de estilo casual, con las prendas m\u00e1s trendy, para vestir en todos los momentos del d\u00eda con un toque fresco y divertido.\" \/>\n<meta name=\"robots\" content=\"index, follow, max-snippet:-1, max-image-preview:large, max-video-preview:-1\" \/>\n<link rel=\"canonical\" href=\"https:\/\/graziamagazine.com\/es\/articles\/green-coast-trae-la-primavera-mas-trendy-a-el-corte-ingles\/\" \/>\n<meta property=\"og:locale\" content=\"es_ES\" \/>\n<meta property=\"og:type\" content=\"article\" \/>\n<meta property=\"og:title\" content=\"Green Coast trae la primavera m\u00e1s trendy a El Corte Ingl\u00e9s\" \/>\n<meta property=\"og:description\" content=\"Descubre lo f\u00e1cil que es crear outfits de estilo casual, con las prendas m\u00e1s trendy, para vestir en todos los momentos del d\u00eda con un toque fresco y divertido.\" \/>\n<meta property=\"og:url\" content=\"https:\/\/graziamagazine.com\/es\/articles\/green-coast-trae-la-primavera-mas-trendy-a-el-corte-ingles\/\" \/>\n<meta property=\"og:site_name\" content=\"Grazia\" \/>\n<meta property=\"article:modified_time\" content=\"2022-03-15T14:00:51+00:00\" \/>\n<meta property=\"og:image\" content=\"https:\/\/graziamagazine.com\/es\/wp-content\/uploads\/sites\/12\/2022\/03\/Captura-de-pantalla-2022-03-13-a-las-17.45.41.png?fit=1900%2C1218\" \/>\n\t<meta property=\"og:image:width\" content=\"1900\" \/>\n\t<meta property=\"og:image:height\" content=\"1218\" \/>\n\t<meta property=\"og:image:type\" content=\"image\/png\" \/>\n<meta name=\"twitter:card\" content=\"summary_large_image\" \/>\n<meta name=\"twitter:label1\" content=\"Est. reading time\" \/>\n\t<meta name=\"twitter:data1\" content=\"2 minutos\" \/>\n<script type=\"application\/ld+json\" class=\"yoast-schema-graph\">{\"@context\":\"https:\/\/schema.org\",\"@graph\":[{\"@type\":\"WebPage\",\"@id\":\"https:\/\/graziamagazine.com\/es\/articles\/green-coast-trae-la-primavera-mas-trendy-a-el-corte-ingles\/\",\"url\":\"https:\/\/graziamagazine.com\/es\/articles\/green-coast-trae-la-primavera-mas-trendy-a-el-corte-ingles\/\",\"name\":\"Green Coast trae la primavera m\u00e1s trendy a El Corte Ingl\u00e9s | Grazia\",\"isPartOf\":{\"@id\":\"https:\/\/graziamagazine.com\/es\/#website\"},\"datePublished\":\"2022-03-15T14:00:50+00:00\",\"dateModified\":\"2022-03-15T14:00:51+00:00\",\"description\":\"Descubre lo f\u00e1cil que es crear outfits de estilo casual, con las prendas m\u00e1s trendy, para vestir en todos los momentos del d\u00eda con un toque fresco y divertido.\",\"breadcrumb\":{\"@id\":\"https:\/\/graziamagazine.com\/es\/articles\/green-coast-trae-la-primavera-mas-trendy-a-el-corte-ingles\/#breadcrumb\"},\"inLanguage\":\"es\",\"potentialAction\":[{\"@type\":\"ReadAction\",\"target\":[\"https:\/\/graziamagazine.com\/es\/articles\/green-coast-trae-la-primavera-mas-trendy-a-el-corte-ingles\/\"]}]},{\"@type\":\"BreadcrumbList\",\"@id\":\"https:\/\/graziamagazine.com\/es\/articles\/green-coast-trae-la-primavera-mas-trendy-a-el-corte-ingles\/#breadcrumb\",\"itemListElement\":[{\"@type\":\"ListItem\",\"position\":1,\"name\":\"Portada\",\"item\":\"https:\/\/graziamagazine.com\/es\/\"},{\"@type\":\"ListItem\",\"position\":2,\"name\":\"Green Coast trae la primavera m\u00e1s trendy a El Corte Ingl\u00e9s\"}]},{\"@type\":\"WebSite\",\"@id\":\"https:\/\/graziamagazine.com\/es\/#website\",\"url\":\"https:\/\/graziamagazine.com\/es\/\",\"name\":\"Grazia\",\"description\":\"Moda, belleza, celebrities, estilo de vida...\",\"potentialAction\":[{\"@type\":\"SearchAction\",\"target\":{\"@type\":\"EntryPoint\",\"urlTemplate\":\"https:\/\/graziamagazine.com\/es\/?s={search_term_string}\"},\"query-input\":\"required name=search_term_string\"}],\"inLanguage\":\"es\"}]}<\/script>\n<!-- \/ Yoast SEO Premium plugin. -->","yoast_head_json":{"title":"Green Coast trae la primavera m\u00e1s trendy a El Corte Ingl\u00e9s | Grazia","description":"Descubre lo f\u00e1cil que es crear outfits de estilo casual, con las prendas m\u00e1s trendy, para vestir en todos los momentos del d\u00eda con un toque fresco y divertido.","robots":{"index":"index","follow":"follow","max-snippet":"max-snippet:-1","max-image-preview":"max-image-preview:large","max-video-preview":"max-video-preview:-1"},"canonical":"https:\/\/graziamagazine.com\/es\/articles\/green-coast-trae-la-primavera-mas-trendy-a-el-corte-ingles\/","og_locale":"es_ES","og_type":"article","og_title":"Green Coast trae la primavera m\u00e1s trendy a El Corte Ingl\u00e9s","og_description":"Descubre lo f\u00e1cil que es crear outfits de estilo casual, con las prendas m\u00e1s trendy, para vestir en todos los momentos del d\u00eda con un toque fresco y divertido.","og_url":"https:\/\/graziamagazine.com\/es\/articles\/green-coast-trae-la-primavera-mas-trendy-a-el-corte-ingles\/","og_site_name":"Grazia","article_modified_time":"2022-03-15T14:00:51+00:00","og_image":[{"width":1900,"height":1218,"url":"https:\/\/graziamagazine.com\/es\/wp-content\/uploads\/sites\/12\/2022\/03\/Captura-de-pantalla-2022-03-13-a-las-17.45.41.png?fit=1900%2C1218","type":"image\/png"}],"twitter_card":"summary_large_image","twitter_misc":{"Est. reading time":"2 minutos"},"schema":{"@context":"https:\/\/schema.org","@graph":[{"@type":"WebPage","@id":"https:\/\/graziamagazine.com\/es\/articles\/green-coast-trae-la-primavera-mas-trendy-a-el-corte-ingles\/","url":"https:\/\/graziamagazine.com\/es\/articles\/green-coast-trae-la-primavera-mas-trendy-a-el-corte-ingles\/","name":"Green Coast trae la primavera m\u00e1s trendy a El Corte Ingl\u00e9s | Grazia","isPartOf":{"@id":"https:\/\/graziamagazine.com\/es\/#website"},"datePublished":"2022-03-15T14:00:50+00:00","dateModified":"2022-03-15T14:00:51+00:00","description":"Descubre lo f\u00e1cil que es crear outfits de estilo casual, con las prendas m\u00e1s trendy, para vestir en todos los momentos del d\u00eda con un toque fresco y divertido.","breadcrumb":{"@id":"https:\/\/graziamagazine.com\/es\/articles\/green-coast-trae-la-primavera-mas-trendy-a-el-corte-ingles\/#breadcrumb"},"inLanguage":"es","potentialAction":[{"@type":"ReadAction","target":["https:\/\/graziamagazine.com\/es\/articles\/green-coast-trae-la-primavera-mas-trendy-a-el-corte-ingles\/"]}]},{"@type":"BreadcrumbList","@id":"https:\/\/graziamagazine.com\/es\/articles\/green-coast-trae-la-primavera-mas-trendy-a-el-corte-ingles\/#breadcrumb","itemListElement":[{"@type":"ListItem","position":1,"name":"Portada","item":"https:\/\/graziamagazine.com\/es\/"},{"@type":"ListItem","position":2,"name":"Green Coast trae la primavera m\u00e1s trendy a El Corte Ingl\u00e9s"}]},{"@type":"WebSite","@id":"https:\/\/graziamagazine.com\/es\/#website","url":"https:\/\/graziamagazine.com\/es\/","name":"Grazia","description":"Moda, belleza, celebrities, estilo de vida...","potentialAction":[{"@type":"SearchAction","target":{"@type":"EntryPoint","urlTemplate":"https:\/\/graziamagazine.com\/es\/?s={search_term_string}"},"query-input":"required name=search_term_string"}],"inLanguage":"es"}]}},"jetpack_sharing_enabled":true,"distributor_meta":false,"distributor_terms":false,"distributor_media":false,"distributor_original_site_name":"Grazia","distributor_original_site_url":"https:\/\/graziamagazine.com\/es","push-errors":false,"_links":{"self":[{"href":"https:\/\/graziamagazine.com\/es\/wp-json\/wp\/v2\/articles\/161663"}],"collection":[{"href":"https:\/\/graziamagazine.com\/es\/wp-json\/wp\/v2\/articles"}],"about":[{"href":"https:\/\/graziamagazine.com\/es\/wp-json\/wp\/v2\/types\/articles"}],"author":[{"embeddable":true,"href":"https:\/\/graziamagazine.com\/es\/wp-json\/wp\/v2\/users\/11653"}],"wp:featuredmedia":[{"embeddable":true,"href":"https:\/\/graziamagazine.com\/es\/wp-json\/wp\/v2\/media\/161677"}],"wp:attachment":[{"href":"https:\/\/graziamagazine.com\/es\/wp-json\/wp\/v2\/media?parent=161663"}],"wp:term":[{"taxonomy":"category","embeddable":true,"href":"https:\/\/graziamagazine.com\/es\/wp-json\/wp\/v2\/categories?post=161663"}],"curies":[{"name":"wp","href":"https:\/\/api.w.org\/{rel}","templated":true}]}}