{"id":161319,"date":"2022-02-24T14:56:32","date_gmt":"2022-02-24T13:56:32","guid":{"rendered":"https:\/\/graziamagazine.com\/es\/?post_type=articles&#038;p=161319"},"modified":"2022-02-24T14:56:32","modified_gmt":"2022-02-24T13:56:32","slug":"el-traje-sastre-made-in-spain-de-la-reina-letizia-en-arco-2022","status":"publish","type":"articles","link":"https:\/\/graziamagazine.com\/es\/articles\/el-traje-sastre-made-in-spain-de-la-reina-letizia-en-arco-2022\/","title":{"rendered":"El traje sastre made in Spain de la reina Letizia en ARCO 2022"},"content":{"rendered":"<p>Hoy es uno de los d\u00edas marcados en el calendario para todos los que siguen (seguimos) de cerca la agenda de la reina Letizia. La Feria de Arte Contempor\u00e1neo ARCO es siempre una cita obligada, como suele ser FITUR tambi\u00e9n, para SSMM los Reyes, y do\u00f1a Letizia suele impactar con las elecciones de sus estilismos.<\/p>\n<p>En esta edici\u00f3n, que celebra con un a\u00f1o de retraso el 40 (+1) aniversario, el rey Felipe VI no ha podido asistir, al cancelar todos los actos por tener que reunirse de emergencia con el Consejo de Seguridad Nacional, y lo ha hecho la reina Letizia en solitario, dej\u00e1ndonos un gran look working gilr pr\u00e1ctico y sofisticado, a la par, y de marca espa\u00f1ola. En total en esta edici\u00f3n de ARCO participan un total de 185 galer\u00edas procedentes de 30 pa\u00edses, y do\u00f1a Letizia ha visitado alguna de ellas en su recorrido.<\/p>\n<h3>As\u00ed ha sido el outfit elegido<\/h3>\n<p>Por primera vez la reina no ha elegido un vestido y ha optado por un look <em>working girl<\/em> compuesto por un traje sastre dos piezas, en azul marino con raya diplom\u00e1tica, con pantal\u00f3n pitillo y tobillero. Llama la atenci\u00f3n la americana, con hombros muy estructurados y en la que destaca un cintur\u00f3n tipo faj\u00edn, que se asemeja a la silueta de un kimono.<\/p>\n<p><img loading=\"lazy\" decoding=\"async\" class=\"aligncenter size-full wp-image-161321\" src=\"https:\/\/graziamagazine.com\/es\/wp-content\/uploads\/sites\/12\/2022\/02\/FMXPsBXXIAcddH9.jpeg\" alt=\"El traje sastre made in Spain de la reina Letizia en ARCO 2022\" width=\"1024\" height=\"683\" \/><\/p>\n<p>El dos piezas<strong> lo firma una de las dise\u00f1adoras que viste a las It Girls del momento, <a href=\"https:\/\/www.instagram.com\/inesmartinalcalde\/\" target=\"_blank\">In\u00e9s Mart\u00edn Alcalde<\/a><\/strong>, y parece que va a estar disponible en breve en su tienda online, por lo que suponemos se agotar\u00e1 r\u00e1pidamente, como suele pasar cuando la reina Letizia estrena este tipo de piezas especiales.<\/p>\n<p>Lo ha completa con unos salones Magrit en azul marino, una cartera de mano de Carolina Herrera -el modelo Baret- y unos pendientes de estreno firmados por una de sus marcas de cabera, Gold &amp; Roses, concretamente el modelo Jard\u00edn de aire en oro rosa de 18 quilates, diamantes y esmeraldas en forma de hojas. Una pieza que dejaba ver su mo\u00f1o bailarina, un peinado que ya la hemos visto lucir en m\u00e1s ocasiones.<\/p>\n<p><img loading=\"lazy\" decoding=\"async\" class=\"aligncenter size-full wp-image-161322\" src=\"https:\/\/graziamagazine.com\/es\/wp-content\/uploads\/sites\/12\/2022\/02\/FMXPISRWQAA1jFc.jpeg\" alt=\"El traje sastre made in Spain de la reina Letizia en ARCO 2022\" width=\"1024\" height=\"683\" \/><\/p>\n<p>Sin duda, la reina nos vuelve a dejar una buena inspiraci\u00f3n para los d\u00edas de trabajo, combinando lo pr\u00e1ctico y los est\u00e9tico, y volviendo a recurrir a los accesorios y detalles para darle un giro al t\u00edpico traje sastre.<\/p>\n<p><em>*Im\u00e1genes: Casa Real\u00a0<\/em><\/p>\n<p>&nbsp;<\/p>\n","protected":false},"author":11653,"featured_media":161320,"template":"","format":"standard","categories":[2971,13,1],"acf":{"banner":null},"yoast_head":"<!-- This site is optimized with the Yoast SEO Premium plugin v18.5 (Yoast SEO v20.4) - https:\/\/yoast.com\/wordpress\/plugins\/seo\/ -->\n<title>El traje sastre made in Spain de la reina Letizia en ARCO 2022 | Grazia<\/title>\n<meta name=\"description\" content=\"La reina inaugura por primera vez en solitario ARCO y lo ha hecho con un traje sastre azul marino con estampado de raya diplom\u00e1tica y un toque oriental.\" \/>\n<meta name=\"robots\" content=\"index, follow, max-snippet:-1, max-image-preview:large, max-video-preview:-1\" \/>\n<link rel=\"canonical\" href=\"https:\/\/graziamagazine.com\/es\/articles\/el-traje-sastre-made-in-spain-de-la-reina-letizia-en-arco-2022\/\" \/>\n<meta property=\"og:locale\" content=\"es_ES\" \/>\n<meta property=\"og:type\" content=\"article\" \/>\n<meta property=\"og:title\" content=\"El traje sastre made in Spain de la reina Letizia en ARCO 2022\" \/>\n<meta property=\"og:description\" content=\"La reina inaugura por primera vez en solitario ARCO y lo ha hecho con un traje sastre azul marino con estampado de raya diplom\u00e1tica y un toque oriental.\" \/>\n<meta property=\"og:url\" content=\"https:\/\/graziamagazine.com\/es\/articles\/el-traje-sastre-made-in-spain-de-la-reina-letizia-en-arco-2022\/\" \/>\n<meta property=\"og:site_name\" content=\"Grazia\" \/>\n<meta property=\"og:image\" content=\"https:\/\/graziamagazine.com\/es\/wp-content\/uploads\/sites\/12\/2022\/02\/FMXPIRCXwAMOQII.jpeg?fit=2420%2C1614\" \/>\n\t<meta property=\"og:image:width\" content=\"2420\" \/>\n\t<meta property=\"og:image:height\" content=\"1614\" \/>\n\t<meta property=\"og:image:type\" content=\"image\/jpeg\" \/>\n<meta name=\"twitter:card\" content=\"summary_large_image\" \/>\n<meta name=\"twitter:label1\" content=\"Est. reading time\" \/>\n\t<meta name=\"twitter:data1\" content=\"2 minutos\" \/>\n<script type=\"application\/ld+json\" class=\"yoast-schema-graph\">{\"@context\":\"https:\/\/schema.org\",\"@graph\":[{\"@type\":\"WebPage\",\"@id\":\"https:\/\/graziamagazine.com\/es\/articles\/el-traje-sastre-made-in-spain-de-la-reina-letizia-en-arco-2022\/\",\"url\":\"https:\/\/graziamagazine.com\/es\/articles\/el-traje-sastre-made-in-spain-de-la-reina-letizia-en-arco-2022\/\",\"name\":\"El traje sastre made in Spain de la reina Letizia en ARCO 2022 | Grazia\",\"isPartOf\":{\"@id\":\"https:\/\/graziamagazine.com\/es\/#website\"},\"datePublished\":\"2022-02-24T13:56:32+00:00\",\"dateModified\":\"2022-02-24T13:56:32+00:00\",\"description\":\"La reina inaugura por primera vez en solitario ARCO y lo ha hecho con un traje sastre azul marino con estampado de raya diplom\u00e1tica y un toque oriental.\",\"breadcrumb\":{\"@id\":\"https:\/\/graziamagazine.com\/es\/articles\/el-traje-sastre-made-in-spain-de-la-reina-letizia-en-arco-2022\/#breadcrumb\"},\"inLanguage\":\"es\",\"potentialAction\":[{\"@type\":\"ReadAction\",\"target\":[\"https:\/\/graziamagazine.com\/es\/articles\/el-traje-sastre-made-in-spain-de-la-reina-letizia-en-arco-2022\/\"]}]},{\"@type\":\"BreadcrumbList\",\"@id\":\"https:\/\/graziamagazine.com\/es\/articles\/el-traje-sastre-made-in-spain-de-la-reina-letizia-en-arco-2022\/#breadcrumb\",\"itemListElement\":[{\"@type\":\"ListItem\",\"position\":1,\"name\":\"Portada\",\"item\":\"https:\/\/graziamagazine.com\/es\/\"},{\"@type\":\"ListItem\",\"position\":2,\"name\":\"El traje sastre made in Spain de la reina Letizia en ARCO 2022\"}]},{\"@type\":\"WebSite\",\"@id\":\"https:\/\/graziamagazine.com\/es\/#website\",\"url\":\"https:\/\/graziamagazine.com\/es\/\",\"name\":\"Grazia\",\"description\":\"Moda, belleza, celebrities, estilo de vida...\",\"potentialAction\":[{\"@type\":\"SearchAction\",\"target\":{\"@type\":\"EntryPoint\",\"urlTemplate\":\"https:\/\/graziamagazine.com\/es\/?s={search_term_string}\"},\"query-input\":\"required name=search_term_string\"}],\"inLanguage\":\"es\"}]}<\/script>\n<!-- \/ Yoast SEO Premium plugin. -->","yoast_head_json":{"title":"El traje sastre made in Spain de la reina Letizia en ARCO 2022 | Grazia","description":"La reina inaugura por primera vez en solitario ARCO y lo ha hecho con un traje sastre azul marino con estampado de raya diplom\u00e1tica y un toque oriental.","robots":{"index":"index","follow":"follow","max-snippet":"max-snippet:-1","max-image-preview":"max-image-preview:large","max-video-preview":"max-video-preview:-1"},"canonical":"https:\/\/graziamagazine.com\/es\/articles\/el-traje-sastre-made-in-spain-de-la-reina-letizia-en-arco-2022\/","og_locale":"es_ES","og_type":"article","og_title":"El traje sastre made in Spain de la reina Letizia en ARCO 2022","og_description":"La reina inaugura por primera vez en solitario ARCO y lo ha hecho con un traje sastre azul marino con estampado de raya diplom\u00e1tica y un toque oriental.","og_url":"https:\/\/graziamagazine.com\/es\/articles\/el-traje-sastre-made-in-spain-de-la-reina-letizia-en-arco-2022\/","og_site_name":"Grazia","og_image":[{"width":2420,"height":1614,"url":"https:\/\/graziamagazine.com\/es\/wp-content\/uploads\/sites\/12\/2022\/02\/FMXPIRCXwAMOQII.jpeg?fit=2420%2C1614","type":"image\/jpeg"}],"twitter_card":"summary_large_image","twitter_misc":{"Est. reading time":"2 minutos"},"schema":{"@context":"https:\/\/schema.org","@graph":[{"@type":"WebPage","@id":"https:\/\/graziamagazine.com\/es\/articles\/el-traje-sastre-made-in-spain-de-la-reina-letizia-en-arco-2022\/","url":"https:\/\/graziamagazine.com\/es\/articles\/el-traje-sastre-made-in-spain-de-la-reina-letizia-en-arco-2022\/","name":"El traje sastre made in Spain de la reina Letizia en ARCO 2022 | Grazia","isPartOf":{"@id":"https:\/\/graziamagazine.com\/es\/#website"},"datePublished":"2022-02-24T13:56:32+00:00","dateModified":"2022-02-24T13:56:32+00:00","description":"La reina inaugura por primera vez en solitario ARCO y lo ha hecho con un traje sastre azul marino con estampado de raya diplom\u00e1tica y un toque oriental.","breadcrumb":{"@id":"https:\/\/graziamagazine.com\/es\/articles\/el-traje-sastre-made-in-spain-de-la-reina-letizia-en-arco-2022\/#breadcrumb"},"inLanguage":"es","potentialAction":[{"@type":"ReadAction","target":["https:\/\/graziamagazine.com\/es\/articles\/el-traje-sastre-made-in-spain-de-la-reina-letizia-en-arco-2022\/"]}]},{"@type":"BreadcrumbList","@id":"https:\/\/graziamagazine.com\/es\/articles\/el-traje-sastre-made-in-spain-de-la-reina-letizia-en-arco-2022\/#breadcrumb","itemListElement":[{"@type":"ListItem","position":1,"name":"Portada","item":"https:\/\/graziamagazine.com\/es\/"},{"@type":"ListItem","position":2,"name":"El traje sastre made in Spain de la reina Letizia en ARCO 2022"}]},{"@type":"WebSite","@id":"https:\/\/graziamagazine.com\/es\/#website","url":"https:\/\/graziamagazine.com\/es\/","name":"Grazia","description":"Moda, belleza, celebrities, estilo de vida...","potentialAction":[{"@type":"SearchAction","target":{"@type":"EntryPoint","urlTemplate":"https:\/\/graziamagazine.com\/es\/?s={search_term_string}"},"query-input":"required name=search_term_string"}],"inLanguage":"es"}]}},"jetpack_sharing_enabled":true,"distributor_meta":false,"distributor_terms":false,"distributor_media":false,"distributor_original_site_name":"Grazia","distributor_original_site_url":"https:\/\/graziamagazine.com\/es","push-errors":false,"_links":{"self":[{"href":"https:\/\/graziamagazine.com\/es\/wp-json\/wp\/v2\/articles\/161319"}],"collection":[{"href":"https:\/\/graziamagazine.com\/es\/wp-json\/wp\/v2\/articles"}],"about":[{"href":"https:\/\/graziamagazine.com\/es\/wp-json\/wp\/v2\/types\/articles"}],"author":[{"embeddable":true,"href":"https:\/\/graziamagazine.com\/es\/wp-json\/wp\/v2\/users\/11653"}],"wp:featuredmedia":[{"embeddable":true,"href":"https:\/\/graziamagazine.com\/es\/wp-json\/wp\/v2\/media\/161320"}],"wp:attachment":[{"href":"https:\/\/graziamagazine.com\/es\/wp-json\/wp\/v2\/media?parent=161319"}],"wp:term":[{"taxonomy":"category","embeddable":true,"href":"https:\/\/graziamagazine.com\/es\/wp-json\/wp\/v2\/categories?post=161319"}],"curies":[{"name":"wp","href":"https:\/\/api.w.org\/{rel}","templated":true}]}}