{"id":161271,"date":"2022-02-22T11:47:10","date_gmt":"2022-02-22T10:47:10","guid":{"rendered":"https:\/\/graziamagazine.com\/es\/?post_type=articles&#038;p=161271"},"modified":"2022-02-22T12:05:50","modified_gmt":"2022-02-22T11:05:50","slug":"airstream-y-supreme-se-unen-para-crear-un-remolque-de-lujo-para-viajar","status":"publish","type":"articles","link":"https:\/\/graziamagazine.com\/es\/articles\/airstream-y-supreme-se-unen-para-crear-un-remolque-de-lujo-para-viajar\/","title":{"rendered":"Airstream y Supreme se unen para crear un remolque de lujo para viajar"},"content":{"rendered":"<p><span style=\"font-weight: 400\">Los amantes de viajar con comodidades y particularmente aquellos que tienen inclinaci\u00f3n por los <em><strong>roadtrips<\/strong><\/em>, van a estar muy contentos con esta noticia, pues dos distintas marcas se han unido para crear un productazo de envidia.<\/span><\/p>\n<p><span style=\"font-weight: 400\">La marca de ropa <strong>Supreme<\/strong>, en colaboraci\u00f3n con <strong>Airstream<\/strong>, creador de remolques y tr\u00e1ilers de viaje, que en su momento fueron conocidos como \u201cla Bambi\u201d, se unieron para crear un <strong>remolque de viaje de lujo y lleno de estilo.\u00a0<\/strong><\/span><\/p>\n<p><span style=\"font-weight: 400\">El remolque de <strong>un solo eje de 22 pulgadas<\/strong> tiene atractivos con pisos y accesorios personalizados. El m\u00e1s atractivo de ellos es un asiento de cuero en un rojo ultra brillante grabado con el logotipo de Supreme y accesorios de ba\u00f1o de Moen.<\/span><\/p>\n<p><span style=\"font-weight: 400\">El exterior, por su parte, tiene un toldo gigante en el caracter\u00edstico rojo Supreme, extravagante e imperdible, que bien podr\u00eda verse desde el espacio.\u00a0<\/span><\/p>\n<p><img loading=\"lazy\" decoding=\"async\" class=\"alignnone size-medium wp-image-106908 aligncenter\" src=\"https:\/\/graziamagazine.com\/mx\/wp-content\/uploads\/sites\/13\/2022\/02\/Captura-de-Pantalla-2022-02-17-a-las-16.18.46.png?w=450&amp;resize=450%2C250\" alt=\"\" width=\"450\" height=\"250\" data-recalc-dims=\"1\" \/><\/p>\n<p><span style=\"font-weight: 400\">El bonito y moderno remolque que puede estacionarse en cualquier lugar permitido para disfrutar de un rom\u00e1ntico viaje con tu pareja, o con familia y amigos, tambi\u00e9n cuenta con un ba\u00f1o completo que tiene un espejo, un excusado y una ducha con asiento incorporado en su interior.<\/span><\/p>\n<p><span style=\"font-weight: 400\">Por su parte, la cocina ofrece estufa, horno, refrigerador y microondas, y las etiquetas de Supreme hacen apariciones de forma frecuente por toda la casa rodante.\u00a0<\/span><\/p>\n<p><span style=\"font-weight: 400\">El tr\u00e1iler de viaje Supreme Airstream tiene capacidad para cuatro personas que pueden compartir una c\u00f3moda cama tama\u00f1o <em>queen<\/em> y una cabina en forma de U que se convierte en un espacio adicional para dormir.<\/span><\/p>\n<p><span style=\"font-weight: 400\">Otras de las colaboraciones que ha tenido Supreme recientemente, est\u00e1n el colch\u00f3n Hastens x Supreme, el m\u00e1s c\u00f3modo y caro del mundo; un mini-refrigerador retro y al rojo vivo con Smeg; y la pasta de dientes m\u00e1s costosa del mundo, por lo que este remolque de viaje se convierte en todo lo que un viajero necesita.\u00a0<\/span><\/p>\n<p><img loading=\"lazy\" decoding=\"async\" class=\"alignnone size-medium wp-image-106909 aligncenter\" src=\"https:\/\/graziamagazine.com\/mx\/wp-content\/uploads\/sites\/13\/2022\/02\/Captura-de-Pantalla-2022-02-17-a-las-16.18.54.png?w=450&amp;resize=450%2C252\" alt=\"\" width=\"450\" height=\"252\" data-recalc-dims=\"1\" \/><\/p>\n<p><span style=\"font-weight: 400\">Este remolque sale a la venta el 17 de febrero de 2022 y est\u00e1 al alcance de los bolsillos m\u00e1s jugosos y exigentes.<\/span><\/p>\n","protected":false},"author":16349,"featured_media":161272,"template":"","format":"standard","categories":[6051,18],"acf":[],"yoast_head":"<!-- This site is optimized with the Yoast SEO Premium plugin v18.5 (Yoast SEO v20.4) - https:\/\/yoast.com\/wordpress\/plugins\/seo\/ -->\n<title>Airstream y Supreme se unen para crear un remolque de lujo para viajar | Grazia<\/title>\n<meta name=\"description\" content=\"Tenemos la caravana ideal para viajar por carretera con todo el estilo.\" \/>\n<meta name=\"robots\" content=\"index, follow, max-snippet:-1, max-image-preview:large, max-video-preview:-1\" \/>\n<link rel=\"canonical\" href=\"https:\/\/graziamagazine.com\/es\/articles\/airstream-y-supreme-se-unen-para-crear-un-remolque-de-lujo-para-viajar\/\" \/>\n<meta property=\"og:locale\" content=\"es_ES\" \/>\n<meta property=\"og:type\" content=\"article\" \/>\n<meta property=\"og:title\" content=\"Airstream y Supreme se unen para crear un remolque de lujo para viajar\" \/>\n<meta property=\"og:description\" content=\"Tenemos la caravana ideal para viajar por carretera con todo el estilo.\" \/>\n<meta property=\"og:url\" content=\"https:\/\/graziamagazine.com\/es\/articles\/airstream-y-supreme-se-unen-para-crear-un-remolque-de-lujo-para-viajar\/\" \/>\n<meta property=\"og:site_name\" content=\"Grazia\" \/>\n<meta property=\"article:modified_time\" content=\"2022-02-22T11:05:50+00:00\" \/>\n<meta property=\"og:image\" content=\"https:\/\/graziamagazine.com\/es\/wp-content\/uploads\/sites\/12\/2022\/02\/0f5bfe5d-9126-4b82-bf18-cdf5392800d1.jpg?fit=1143%2C580\" \/>\n\t<meta property=\"og:image:width\" content=\"1143\" \/>\n\t<meta property=\"og:image:height\" content=\"580\" \/>\n\t<meta property=\"og:image:type\" content=\"image\/jpeg\" \/>\n<meta name=\"twitter:card\" content=\"summary_large_image\" \/>\n<meta name=\"twitter:label1\" content=\"Est. reading time\" \/>\n\t<meta name=\"twitter:data1\" content=\"2 minutos\" \/>\n<script type=\"application\/ld+json\" class=\"yoast-schema-graph\">{\"@context\":\"https:\/\/schema.org\",\"@graph\":[{\"@type\":\"WebPage\",\"@id\":\"https:\/\/graziamagazine.com\/es\/articles\/airstream-y-supreme-se-unen-para-crear-un-remolque-de-lujo-para-viajar\/\",\"url\":\"https:\/\/graziamagazine.com\/es\/articles\/airstream-y-supreme-se-unen-para-crear-un-remolque-de-lujo-para-viajar\/\",\"name\":\"Airstream y Supreme se unen para crear un remolque de lujo para viajar | Grazia\",\"isPartOf\":{\"@id\":\"https:\/\/graziamagazine.com\/es\/#website\"},\"datePublished\":\"2022-02-22T10:47:10+00:00\",\"dateModified\":\"2022-02-22T11:05:50+00:00\",\"description\":\"Tenemos la caravana ideal para viajar por carretera con todo el estilo.\",\"breadcrumb\":{\"@id\":\"https:\/\/graziamagazine.com\/es\/articles\/airstream-y-supreme-se-unen-para-crear-un-remolque-de-lujo-para-viajar\/#breadcrumb\"},\"inLanguage\":\"es\",\"potentialAction\":[{\"@type\":\"ReadAction\",\"target\":[\"https:\/\/graziamagazine.com\/es\/articles\/airstream-y-supreme-se-unen-para-crear-un-remolque-de-lujo-para-viajar\/\"]}]},{\"@type\":\"BreadcrumbList\",\"@id\":\"https:\/\/graziamagazine.com\/es\/articles\/airstream-y-supreme-se-unen-para-crear-un-remolque-de-lujo-para-viajar\/#breadcrumb\",\"itemListElement\":[{\"@type\":\"ListItem\",\"position\":1,\"name\":\"Portada\",\"item\":\"https:\/\/graziamagazine.com\/es\/\"},{\"@type\":\"ListItem\",\"position\":2,\"name\":\"Airstream y Supreme se unen para crear un remolque de lujo para viajar\"}]},{\"@type\":\"WebSite\",\"@id\":\"https:\/\/graziamagazine.com\/es\/#website\",\"url\":\"https:\/\/graziamagazine.com\/es\/\",\"name\":\"Grazia\",\"description\":\"Moda, belleza, celebrities, estilo de vida...\",\"potentialAction\":[{\"@type\":\"SearchAction\",\"target\":{\"@type\":\"EntryPoint\",\"urlTemplate\":\"https:\/\/graziamagazine.com\/es\/?s={search_term_string}\"},\"query-input\":\"required name=search_term_string\"}],\"inLanguage\":\"es\"}]}<\/script>\n<!-- \/ Yoast SEO Premium plugin. -->","yoast_head_json":{"title":"Airstream y Supreme se unen para crear un remolque de lujo para viajar | Grazia","description":"Tenemos la caravana ideal para viajar por carretera con todo el estilo.","robots":{"index":"index","follow":"follow","max-snippet":"max-snippet:-1","max-image-preview":"max-image-preview:large","max-video-preview":"max-video-preview:-1"},"canonical":"https:\/\/graziamagazine.com\/es\/articles\/airstream-y-supreme-se-unen-para-crear-un-remolque-de-lujo-para-viajar\/","og_locale":"es_ES","og_type":"article","og_title":"Airstream y Supreme se unen para crear un remolque de lujo para viajar","og_description":"Tenemos la caravana ideal para viajar por carretera con todo el estilo.","og_url":"https:\/\/graziamagazine.com\/es\/articles\/airstream-y-supreme-se-unen-para-crear-un-remolque-de-lujo-para-viajar\/","og_site_name":"Grazia","article_modified_time":"2022-02-22T11:05:50+00:00","og_image":[{"width":1143,"height":580,"url":"https:\/\/graziamagazine.com\/es\/wp-content\/uploads\/sites\/12\/2022\/02\/0f5bfe5d-9126-4b82-bf18-cdf5392800d1.jpg?fit=1143%2C580","type":"image\/jpeg"}],"twitter_card":"summary_large_image","twitter_misc":{"Est. reading time":"2 minutos"},"schema":{"@context":"https:\/\/schema.org","@graph":[{"@type":"WebPage","@id":"https:\/\/graziamagazine.com\/es\/articles\/airstream-y-supreme-se-unen-para-crear-un-remolque-de-lujo-para-viajar\/","url":"https:\/\/graziamagazine.com\/es\/articles\/airstream-y-supreme-se-unen-para-crear-un-remolque-de-lujo-para-viajar\/","name":"Airstream y Supreme se unen para crear un remolque de lujo para viajar | Grazia","isPartOf":{"@id":"https:\/\/graziamagazine.com\/es\/#website"},"datePublished":"2022-02-22T10:47:10+00:00","dateModified":"2022-02-22T11:05:50+00:00","description":"Tenemos la caravana ideal para viajar por carretera con todo el estilo.","breadcrumb":{"@id":"https:\/\/graziamagazine.com\/es\/articles\/airstream-y-supreme-se-unen-para-crear-un-remolque-de-lujo-para-viajar\/#breadcrumb"},"inLanguage":"es","potentialAction":[{"@type":"ReadAction","target":["https:\/\/graziamagazine.com\/es\/articles\/airstream-y-supreme-se-unen-para-crear-un-remolque-de-lujo-para-viajar\/"]}]},{"@type":"BreadcrumbList","@id":"https:\/\/graziamagazine.com\/es\/articles\/airstream-y-supreme-se-unen-para-crear-un-remolque-de-lujo-para-viajar\/#breadcrumb","itemListElement":[{"@type":"ListItem","position":1,"name":"Portada","item":"https:\/\/graziamagazine.com\/es\/"},{"@type":"ListItem","position":2,"name":"Airstream y Supreme se unen para crear un remolque de lujo para viajar"}]},{"@type":"WebSite","@id":"https:\/\/graziamagazine.com\/es\/#website","url":"https:\/\/graziamagazine.com\/es\/","name":"Grazia","description":"Moda, belleza, celebrities, estilo de vida...","potentialAction":[{"@type":"SearchAction","target":{"@type":"EntryPoint","urlTemplate":"https:\/\/graziamagazine.com\/es\/?s={search_term_string}"},"query-input":"required name=search_term_string"}],"inLanguage":"es"}]}},"jetpack_sharing_enabled":true,"distributor_meta":false,"distributor_terms":false,"distributor_media":false,"distributor_original_site_name":"Grazia","distributor_original_site_url":"https:\/\/graziamagazine.com\/es","push-errors":false,"_links":{"self":[{"href":"https:\/\/graziamagazine.com\/es\/wp-json\/wp\/v2\/articles\/161271"}],"collection":[{"href":"https:\/\/graziamagazine.com\/es\/wp-json\/wp\/v2\/articles"}],"about":[{"href":"https:\/\/graziamagazine.com\/es\/wp-json\/wp\/v2\/types\/articles"}],"author":[{"embeddable":true,"href":"https:\/\/graziamagazine.com\/es\/wp-json\/wp\/v2\/users\/16349"}],"wp:featuredmedia":[{"embeddable":true,"href":"https:\/\/graziamagazine.com\/es\/wp-json\/wp\/v2\/media\/161272"}],"wp:attachment":[{"href":"https:\/\/graziamagazine.com\/es\/wp-json\/wp\/v2\/media?parent=161271"}],"wp:term":[{"taxonomy":"category","embeddable":true,"href":"https:\/\/graziamagazine.com\/es\/wp-json\/wp\/v2\/categories?post=161271"}],"curies":[{"name":"wp","href":"https:\/\/api.w.org\/{rel}","templated":true}]}}