{"id":161246,"date":"2022-02-18T10:51:58","date_gmt":"2022-02-18T09:51:58","guid":{"rendered":"https:\/\/graziamagazine.com\/es\/?post_type=articles&#038;p=161246"},"modified":"2022-02-18T10:51:58","modified_gmt":"2022-02-18T09:51:58","slug":"nuevo-objeto-de-deseo-hermes-lanza-su-primer-bolso-birkin-para-hombre","status":"publish","type":"articles","link":"https:\/\/graziamagazine.com\/es\/articles\/nuevo-objeto-de-deseo-hermes-lanza-su-primer-bolso-birkin-para-hombre\/","title":{"rendered":"Nuevo objeto de deseo: Herm\u00e8s lanza su primer bolso Birkin para hombre"},"content":{"rendered":"<p><span style=\"font-weight: 400\"><strong>Herm\u00e8s<\/strong> ha dado un gran paso en el mundo de la moda, al presentar durante la <strong>Paris Men\u2019s Fashion Week<\/strong>, \u2018<strong>The Rock<\/strong>\u2019, su <strong>primer bolso Birkin para hombre<\/strong>, como parte de la colecci\u00f3n Oto\u00f1o\/Invierno 2022 y lo \u00fanico que sentimos en este momento es envidia por el g\u00e9nero masculino.<\/span><\/p>\n<p><span style=\"font-weight: 400\">Y a la vez, \u00a1gracias Herm\u00e8s por semejante creaci\u00f3n para que los hombres se vean elegantes y con estilo!<\/span><\/p>\n<p><span style=\"font-weight: 400\">La nueva incorporaci\u00f3n a la familia <em>Haut \u00e0 courroies<\/em> cuenta con la solapa de la casa de moda francesa en la bolsa, as\u00ed como las correas y los herrajes que aseguran su contenido.\u00a0<\/span><span style=\"font-weight: 400\">La novedad es el llavero que conecta la esquina del bolso con un bolsillo en su fachada, as\u00ed como un bolsillo con cierre adyacente con forma de silla de montar.<\/span><\/p>\n<p><span style=\"font-weight: 400\">Y luego est\u00e1 la forma. Como todos los bolsos <em>Haut \u00e0 courroies<\/em> (o <strong>HAC<\/strong>, para abreviar), es un poco m\u00e1s alto y ancho que un Birkin t\u00edpico.<\/span><\/p>\n<p><img loading=\"lazy\" decoding=\"async\" class=\"alignnone size-medium wp-image-106894 aligncenter\" src=\"https:\/\/graziamagazine.com\/mx\/wp-content\/uploads\/sites\/13\/2022\/02\/hermes-rock-haut-a-courroies-birkn-bag-2022-2.jpeg?w=300&amp;resize=300%2C450\" alt=\"\" width=\"300\" height=\"450\" data-recalc-dims=\"1\" \/><\/p>\n<p><span style=\"font-weight: 400\">El HAC es el primer bolso de Herm\u00e8s que debut\u00f3 en 1892, casi un siglo antes de que la marca creara su ic\u00f3nico bolso para la actriz <strong>Jane Birkin.\u00a0<\/strong><\/span><span style=\"font-weight: 400\">Si bien el HAC no es nuevo, The Rock s\u00ed lo es. Confeccionado en cuero Evercalf negro con detalles utilitarios, est\u00e1 claro que Herm\u00e8s lo dise\u00f1\u00f3 especialmente para hombres y va muy ad hoc con el momento que estamos viviendo.<\/span><\/p>\n<p><span style=\"font-weight: 400\">Siguiendo los pasos de creadores de tendencias como <strong>Kanye West, Pharrell y Virgil Abloh<\/strong>, no es sorprendente que Herm\u00e8s haya dado este paso con un toque totalmente andr\u00f3gino, adem\u00e1s de su artesan\u00eda superior y su dise\u00f1o pr\u00e1ctico.\u00a0<\/span><\/p>\n<p><span style=\"font-weight: 400\">Las parkas t\u00e9rmicas y chaquetas de cuero, as\u00ed como otras prendas que tambi\u00e9n se presentaron en la colecci\u00f3n, incluyen llamativos colores de moda, como el naranja, el verde y el rosa, destacando tambi\u00e9n la elecci\u00f3n de materiales sofisticados como el sat\u00e9n t\u00e9cnico y la piel de cocodrilo.\u00a0<\/span><\/p>\n<p><span style=\"font-weight: 400\">\u00a1Punto para Herm\u00e8s! Y, aunque sea para hombre, \u00a1lo queremos!\u00a0<\/span><\/p>\n<p><em>*Im\u00e1genes: cortes\u00eda Herm\u00e8s<\/em><\/p>\n","protected":false},"author":11653,"featured_media":161247,"template":"","format":"standard","categories":[1],"acf":[],"yoast_head":"<!-- This site is optimized with the Yoast SEO Premium plugin v18.5 (Yoast SEO v20.4) - https:\/\/yoast.com\/wordpress\/plugins\/seo\/ -->\n<title>Nuevo objeto de deseo: Herm\u00e8s lanza su primer bolso Birkin para hombre | Grazia<\/title>\n<meta name=\"description\" content=\"Aunque est\u00e9 dentro de las colecciones masculinas, lo queremos en nuestro armario desde ya.\" \/>\n<meta name=\"robots\" content=\"index, follow, max-snippet:-1, max-image-preview:large, max-video-preview:-1\" \/>\n<link rel=\"canonical\" href=\"https:\/\/graziamagazine.com\/es\/articles\/nuevo-objeto-de-deseo-hermes-lanza-su-primer-bolso-birkin-para-hombre\/\" \/>\n<meta property=\"og:locale\" content=\"es_ES\" \/>\n<meta property=\"og:type\" content=\"article\" \/>\n<meta property=\"og:title\" content=\"Nuevo objeto de deseo: Herm\u00e8s lanza su primer bolso Birkin para hombre\" \/>\n<meta property=\"og:description\" content=\"Aunque est\u00e9 dentro de las colecciones masculinas, lo queremos en nuestro armario desde ya.\" \/>\n<meta property=\"og:url\" content=\"https:\/\/graziamagazine.com\/es\/articles\/nuevo-objeto-de-deseo-hermes-lanza-su-primer-bolso-birkin-para-hombre\/\" \/>\n<meta property=\"og:site_name\" content=\"Grazia\" \/>\n<meta property=\"og:image\" content=\"https:\/\/graziamagazine.com\/es\/wp-content\/uploads\/sites\/12\/2022\/02\/Captura-de-Pantalla-2022-02-17-a-las-12.55.32.png?fit=760%2C562\" \/>\n\t<meta property=\"og:image:width\" content=\"760\" \/>\n\t<meta property=\"og:image:height\" content=\"562\" \/>\n\t<meta property=\"og:image:type\" content=\"image\/png\" \/>\n<meta name=\"twitter:card\" content=\"summary_large_image\" \/>\n<meta name=\"twitter:label1\" content=\"Est. reading time\" \/>\n\t<meta name=\"twitter:data1\" content=\"2 minutos\" \/>\n<script type=\"application\/ld+json\" class=\"yoast-schema-graph\">{\"@context\":\"https:\/\/schema.org\",\"@graph\":[{\"@type\":\"WebPage\",\"@id\":\"https:\/\/graziamagazine.com\/es\/articles\/nuevo-objeto-de-deseo-hermes-lanza-su-primer-bolso-birkin-para-hombre\/\",\"url\":\"https:\/\/graziamagazine.com\/es\/articles\/nuevo-objeto-de-deseo-hermes-lanza-su-primer-bolso-birkin-para-hombre\/\",\"name\":\"Nuevo objeto de deseo: Herm\u00e8s lanza su primer bolso Birkin para hombre | Grazia\",\"isPartOf\":{\"@id\":\"https:\/\/graziamagazine.com\/es\/#website\"},\"datePublished\":\"2022-02-18T09:51:58+00:00\",\"dateModified\":\"2022-02-18T09:51:58+00:00\",\"description\":\"Aunque est\u00e9 dentro de las colecciones masculinas, lo queremos en nuestro armario desde ya.\",\"breadcrumb\":{\"@id\":\"https:\/\/graziamagazine.com\/es\/articles\/nuevo-objeto-de-deseo-hermes-lanza-su-primer-bolso-birkin-para-hombre\/#breadcrumb\"},\"inLanguage\":\"es\",\"potentialAction\":[{\"@type\":\"ReadAction\",\"target\":[\"https:\/\/graziamagazine.com\/es\/articles\/nuevo-objeto-de-deseo-hermes-lanza-su-primer-bolso-birkin-para-hombre\/\"]}]},{\"@type\":\"BreadcrumbList\",\"@id\":\"https:\/\/graziamagazine.com\/es\/articles\/nuevo-objeto-de-deseo-hermes-lanza-su-primer-bolso-birkin-para-hombre\/#breadcrumb\",\"itemListElement\":[{\"@type\":\"ListItem\",\"position\":1,\"name\":\"Portada\",\"item\":\"https:\/\/graziamagazine.com\/es\/\"},{\"@type\":\"ListItem\",\"position\":2,\"name\":\"Nuevo objeto de deseo: Herm\u00e8s lanza su primer bolso Birkin para hombre\"}]},{\"@type\":\"WebSite\",\"@id\":\"https:\/\/graziamagazine.com\/es\/#website\",\"url\":\"https:\/\/graziamagazine.com\/es\/\",\"name\":\"Grazia\",\"description\":\"Moda, belleza, celebrities, estilo de vida...\",\"potentialAction\":[{\"@type\":\"SearchAction\",\"target\":{\"@type\":\"EntryPoint\",\"urlTemplate\":\"https:\/\/graziamagazine.com\/es\/?s={search_term_string}\"},\"query-input\":\"required name=search_term_string\"}],\"inLanguage\":\"es\"}]}<\/script>\n<!-- \/ Yoast SEO Premium plugin. -->","yoast_head_json":{"title":"Nuevo objeto de deseo: Herm\u00e8s lanza su primer bolso Birkin para hombre | Grazia","description":"Aunque est\u00e9 dentro de las colecciones masculinas, lo queremos en nuestro armario desde ya.","robots":{"index":"index","follow":"follow","max-snippet":"max-snippet:-1","max-image-preview":"max-image-preview:large","max-video-preview":"max-video-preview:-1"},"canonical":"https:\/\/graziamagazine.com\/es\/articles\/nuevo-objeto-de-deseo-hermes-lanza-su-primer-bolso-birkin-para-hombre\/","og_locale":"es_ES","og_type":"article","og_title":"Nuevo objeto de deseo: Herm\u00e8s lanza su primer bolso Birkin para hombre","og_description":"Aunque est\u00e9 dentro de las colecciones masculinas, lo queremos en nuestro armario desde ya.","og_url":"https:\/\/graziamagazine.com\/es\/articles\/nuevo-objeto-de-deseo-hermes-lanza-su-primer-bolso-birkin-para-hombre\/","og_site_name":"Grazia","og_image":[{"width":760,"height":562,"url":"https:\/\/graziamagazine.com\/es\/wp-content\/uploads\/sites\/12\/2022\/02\/Captura-de-Pantalla-2022-02-17-a-las-12.55.32.png?fit=760%2C562","type":"image\/png"}],"twitter_card":"summary_large_image","twitter_misc":{"Est. reading time":"2 minutos"},"schema":{"@context":"https:\/\/schema.org","@graph":[{"@type":"WebPage","@id":"https:\/\/graziamagazine.com\/es\/articles\/nuevo-objeto-de-deseo-hermes-lanza-su-primer-bolso-birkin-para-hombre\/","url":"https:\/\/graziamagazine.com\/es\/articles\/nuevo-objeto-de-deseo-hermes-lanza-su-primer-bolso-birkin-para-hombre\/","name":"Nuevo objeto de deseo: Herm\u00e8s lanza su primer bolso Birkin para hombre | Grazia","isPartOf":{"@id":"https:\/\/graziamagazine.com\/es\/#website"},"datePublished":"2022-02-18T09:51:58+00:00","dateModified":"2022-02-18T09:51:58+00:00","description":"Aunque est\u00e9 dentro de las colecciones masculinas, lo queremos en nuestro armario desde ya.","breadcrumb":{"@id":"https:\/\/graziamagazine.com\/es\/articles\/nuevo-objeto-de-deseo-hermes-lanza-su-primer-bolso-birkin-para-hombre\/#breadcrumb"},"inLanguage":"es","potentialAction":[{"@type":"ReadAction","target":["https:\/\/graziamagazine.com\/es\/articles\/nuevo-objeto-de-deseo-hermes-lanza-su-primer-bolso-birkin-para-hombre\/"]}]},{"@type":"BreadcrumbList","@id":"https:\/\/graziamagazine.com\/es\/articles\/nuevo-objeto-de-deseo-hermes-lanza-su-primer-bolso-birkin-para-hombre\/#breadcrumb","itemListElement":[{"@type":"ListItem","position":1,"name":"Portada","item":"https:\/\/graziamagazine.com\/es\/"},{"@type":"ListItem","position":2,"name":"Nuevo objeto de deseo: Herm\u00e8s lanza su primer bolso Birkin para hombre"}]},{"@type":"WebSite","@id":"https:\/\/graziamagazine.com\/es\/#website","url":"https:\/\/graziamagazine.com\/es\/","name":"Grazia","description":"Moda, belleza, celebrities, estilo de vida...","potentialAction":[{"@type":"SearchAction","target":{"@type":"EntryPoint","urlTemplate":"https:\/\/graziamagazine.com\/es\/?s={search_term_string}"},"query-input":"required name=search_term_string"}],"inLanguage":"es"}]}},"jetpack_sharing_enabled":true,"distributor_meta":false,"distributor_terms":false,"distributor_media":false,"distributor_original_site_name":"Grazia","distributor_original_site_url":"https:\/\/graziamagazine.com\/es","push-errors":false,"_links":{"self":[{"href":"https:\/\/graziamagazine.com\/es\/wp-json\/wp\/v2\/articles\/161246"}],"collection":[{"href":"https:\/\/graziamagazine.com\/es\/wp-json\/wp\/v2\/articles"}],"about":[{"href":"https:\/\/graziamagazine.com\/es\/wp-json\/wp\/v2\/types\/articles"}],"author":[{"embeddable":true,"href":"https:\/\/graziamagazine.com\/es\/wp-json\/wp\/v2\/users\/11653"}],"wp:featuredmedia":[{"embeddable":true,"href":"https:\/\/graziamagazine.com\/es\/wp-json\/wp\/v2\/media\/161247"}],"wp:attachment":[{"href":"https:\/\/graziamagazine.com\/es\/wp-json\/wp\/v2\/media?parent=161246"}],"wp:term":[{"taxonomy":"category","embeddable":true,"href":"https:\/\/graziamagazine.com\/es\/wp-json\/wp\/v2\/categories?post=161246"}],"curies":[{"name":"wp","href":"https:\/\/api.w.org\/{rel}","templated":true}]}}