{"id":16117,"date":"2014-12-01T16:58:37","date_gmt":"2014-12-01T15:58:37","guid":{"rendered":"https:\/\/graziamagazine.com\/es\/?p=16117"},"modified":"2015-01-13T17:24:17","modified_gmt":"2015-01-13T16:24:17","slug":"en-que-orden-echo-las-cremas","status":"publish","type":"articles","link":"https:\/\/graziamagazine.com\/es\/articles\/en-que-orden-echo-las-cremas\/","title":{"rendered":"\u00bfEn qu\u00e9 orden me echo las cremas?"},"content":{"rendered":"<p>Para torpes de la cosm\u00e9tica, he aqu\u00ed un listado de cuidados que, usados en el orden correcto, ponen tu piel a punto ordenando tus costumbres. Traza tu plan de belleza, capa a capa, paso a paso.<\/p>\n<p>Si preguntamos a los expertos, todos parecen de acuerdo. <strong>En belleza, el orden de los factores s\u00ed altera el producto.<\/strong> Porque dif\u00edcilmente tu piel puede absorber un suero si ya has aplicado la crema o poco puede hacer el filtro solar si no lo pones lo \u00faltimo de todo. Felicidad Carrera, experta esteticista, nos propone este protocolo diario. Del primero al s\u00e9ptimo cosm\u00e9tico. Toma nota:<\/p>\n<figure id=\"attachment_16138\" aria-describedby=\"caption-attachment-16138\" style=\"width: 785px\" class=\"wp-caption aligncenter\"><img loading=\"lazy\" decoding=\"async\" class=\"wp-image-16138 size-full\" src=\"https:\/\/graziamagazine.com\/es\/wp-content\/uploads\/sites\/12\/2014\/12\/01155837\/94242_bellezacapaacapa.jpg\" alt=\"94242_bellezacapaacapa\" width=\"785\" height=\"485\" \/><figcaption id=\"caption-attachment-16138\" class=\"wp-caption-text\">Miranda Kerr, una modelo adicta a la cosm\u00e9tica \u00a9 Instagram<\/figcaption><\/figure>\n<p><span style=\"text-decoration: underline;\"><strong>1. DESMAQUILLANTE<br \/>\n<\/strong><\/span>Aunque no te hayas pintado, es interesante que cada d\u00eda, por la noche (o nada m\u00e1s levantarte de la cama si te portaste mal la noche anterior y te acostaste maquillada), limpies la piel dos veces: \u00abPrimero, con un producto oleoso -en formato aceite, leche o crema- para eliminar la suciedad que es liposoluble\u00bb, explica Felicidad Carrera; es decir, restos de grasa y maquillaje. Este desmaquillante se retira con algod\u00f3n o tis\u00fa.<\/p>\n<p><span style=\"text-decoration: underline;\"><strong>2. LIMPIADORA<br \/>\n<\/strong><\/span>Despu\u00e9s, \u00abconviene siempre una segunda limpieza con un producto jabonoso -pastilla, espuma, gel- que se aclare con agua, para eliminar los restos de poluci\u00f3n y las c\u00e9lulas\u00a0 muertas\u00bb, contin\u00faa Felicidad.<\/p>\n<p><img loading=\"lazy\" decoding=\"async\" class=\"aligncenter size-full wp-image-16139\" src=\"https:\/\/graziamagazine.com\/es\/wp-content\/uploads\/sites\/12\/2014\/12\/01155837\/94272_belleza.gif\" alt=\"94272_belleza\" width=\"500\" height=\"319\" \/><\/p>\n<p><span style=\"text-decoration: underline;\"><strong>3. T\u00d3NICO<\/strong><\/span><\/p>\n<p>El tercer paso de la limpieza, o el primero del tratamiento, como prefieras, es la loci\u00f3n t\u00f3nica. Normalmente, lo elegimos de la misma l\u00ednea que la limpiadora, ya que como su funci\u00f3n es devolver a la piel su estado normal (el ph equilibrado) tras la acci\u00f3n de las sustancias detergentes, no tiene sentido limpiar la piel con un gel de propiedades hidratantes y despu\u00e9s aplicar un t\u00f3nico astringente. \u00abSe usa con las yemas de los dedos, por rostro y cuello\u00bb, apunta la esteticista. \u00bfCre\u00edas que se daba con algod\u00f3n? Te equivocaste.<\/p>\n<p><span style=\"text-decoration: underline;\"><strong><br \/>\n4. SERUM O AMPOLLA<br \/>\n<\/strong><\/span>Sueros, ampollas o concentrados especiales, se aplican por todo el rostro antes de la crema (salvo que en el envase se especifique lo contrario) y suele sortear la zona del contorno de ojos. Tambi\u00e9n tiene su propio protocolo: \u00abSe extiende con pases alisantes y sin masajear, ya que al tener una textura ligera se absorben r\u00e1pidamente\u00bb, apunta la esteticista.<\/p>\n<p><span style=\"text-decoration: underline;\"><strong>5. CREMA HIDRATANTE<br \/>\n<\/strong><\/span>Es el producto del que ninguna mujer prescinde. Se usa una distinta para el d\u00eda (ideal si contiene antioxidantes y SPF alto) y de noche (con propiedades correctoras y reparadoras): \u00abLa crema se extiende mediante un breve masaje del centro del rostro hacia los laterales, haciendo c\u00edrculos ascendentes para activar la microcirculaci\u00f3n y la penetraci\u00f3n del producto\u00bb, insiste Felicidad.<\/p>\n<figure id=\"attachment_16140\" aria-describedby=\"caption-attachment-16140\" style=\"width: 785px\" class=\"wp-caption aligncenter\"><img loading=\"lazy\" decoding=\"async\" class=\"size-full wp-image-16140\" src=\"https:\/\/graziamagazine.com\/es\/wp-content\/uploads\/sites\/12\/2014\/12\/01155837\/94273_cremas.jpg\" alt=\"\u00a9 Marquez\" width=\"785\" height=\"480\" \/><figcaption id=\"caption-attachment-16140\" class=\"wp-caption-text\">\u00a9 Marquez<\/figcaption><\/figure>\n<p><span style=\"text-decoration: underline;\"><strong>6. CREMA PARA EL CONTORNO DE OJOS<br \/>\n<\/strong><\/span>Como el \u00e1rea alrededor de los ojos es m\u00e1s delicada que el resto de la cara y su piel es m\u00e1s fina, recurrimos a un producto espec\u00edfico que act\u00fae sobre patas de gallo, flacidez, bolsas y ojeras pero sin da\u00f1ar la zona ni provocar alergias. El llamado &#8216;contorno de ojos&#8217; tiene su propio ritual. Lo primero, no hace falta m\u00e1s que la cantidad equivalente a un grano de arroz; segundo, no debe usarse por la noche por dos motivos: con el lagrimeo nocturno puede meterse dentro del ojo y en ocasiones produce hinchaz\u00f3n y bolsas.<\/p>\n<p>La forma de aplicar es sencilla: a suaves golpecitos en la zona bajo el ojo donde toques hueso. Si quieres, puedes poner un poco en el p\u00e1rpado, pero no demasiado cerca de las pesta\u00f1as.<\/p>\n<p><span style=\"text-decoration: underline;\"><strong>7. FILTRO SOLAR<br \/>\n<\/strong><\/span>Aunque sea el \u00faltimo paso, puede que sea el m\u00e1s importante. No hay tratamiento que cuide mejor la piel que el que la protege eficazmente de lo que m\u00e1s le envejece: las agresiones medioambientales. Si quieres conservar la piel joven, nunca prescindas de \u00e9l: \u00abEl protector solar debe usarse en verano y tambi\u00e9n en invierno. Como est\u00e1 pensado para actuar en superficie, no hay que masajearlo durante su aplicaci\u00f3n, s\u00f3lo aplicarlo con pases alisantes cubriendo bien toda la superficie cut\u00e1nea, incluidas las orejas\u00bb, concluye la experta.<\/p>\n<p><strong>Un octavo paso, opcional aunque recomendable<\/strong>, es la base de maquillaje: \u00abEs m\u00e1s importante de lo que pensamos, ya que protege la piel de las agresiones externas como si fuera un velo\u00bb, a\u00f1ade Felicidad.<\/p>\n<figure id=\"attachment_16141\" aria-describedby=\"caption-attachment-16141\" style=\"width: 785px\" class=\"wp-caption aligncenter\"><img loading=\"lazy\" decoding=\"async\" class=\"size-full wp-image-16141\" src=\"https:\/\/graziamagazine.com\/es\/wp-content\/uploads\/sites\/12\/2014\/12\/01155837\/94275_cremas.jpg\" alt=\"\u00a9 Cordon Press\" width=\"785\" height=\"480\" \/><figcaption id=\"caption-attachment-16141\" class=\"wp-caption-text\">\u00a9 Cordon Press<\/figcaption><\/figure>\n<p><strong><span style=\"text-decoration: underline;\">SUMA Y SIGUE<\/span><br \/>\n<\/strong>Aunque este tratamiento de siete pasos es el b\u00e1sico para tener la piel a punto, puede a\u00f1adirse una exfoliaci\u00f3n y una mascarilla a la semana para un chute de mimos que nunca viene mal. <strong>El exfoliante<\/strong>, ya sabes, sirve para eliminar c\u00e9lulas muertas, limpiar la piel en profundidad y conseguir que los activos de sueros y cremas se absorban mejor.<\/p>\n<p>Mascarillas hay de todo tipo: purificantes para pieles grasas y con tendencia a puntos negros, hidratantes para pieles secas, iluminadoras para pieles tristes, regeneradoras para pieles castigadas. Se aplican, act\u00faan durante 15 minutos y, o bien se aclaran, o bien se retiran los restos con un pa\u00f1uelo.<\/p>\n<p><img loading=\"lazy\" decoding=\"async\" class=\"aligncenter size-full wp-image-16137\" src=\"https:\/\/graziamagazine.com\/es\/wp-content\/uploads\/sites\/12\/2014\/12\/01155837\/94253_785_2.jpg\" alt=\"94253_785_2\" width=\"785\" height=\"480\" \/><\/p>\n<p>&nbsp;<\/p>\n<p>Exfoliante <em>Pure Cleansing<\/em> de <strong>Juvena<\/strong>, de textura polvo, elimina todas las c\u00e9lulas muertas logrando un efecto lifting de la piel. 42\u20ac. \/ Mascarilla repulpante <em>Dragon&#8217;s Blood Plumping Mask<\/em> de <strong>Nip+Fab<\/strong>. Aporta hidrataci\u00f3n en profundidad gracias a la combinaci\u00f3n de sus \u00e1cidos salic\u00edlico e hialur\u00f3nico. 14,95\u20ac. \/ Mascarilla <em>Visible Difference Peel&amp;Reveal Revitalizing<\/em> de <strong>Elizabeth Arden<\/strong>. Retexturiza y revitaliza la piel porque exfolia y suaviza. 29,50\u20ac.<\/p>\n<p><strong><br \/>\n\u00a1ATENCI\u00d3N, DUDA! \u00bfLos productos deben ser todos de la misma marca o pueden ser de diferentes?<\/strong><\/p>\n<p>\u00abEl tratamiento que utilicemos, a no ser que un profesional nos indique lo contrario, debe contener la mayor\u00eda de los productos de una l\u00ednea de la misma firma. Esto es porque tienen en com\u00fan muchos de sus principios activos y excipientes y si usamos productos de varias firmas mezclamos demasiados componentes en cada aplicaci\u00f3n\u00bb (Felicidad Carrera, de <a href=\"http:\/\/felicidadcarrera.com\/\" target=\"_blank\" target=\"_blank\">felicidadcarrera.com<\/a>).<\/p>\n","protected":false},"author":18798,"featured_media":0,"template":"","format":"standard","categories":[7,11],"acf":[],"yoast_head":"<!-- This site is optimized with the Yoast SEO Premium plugin v18.5 (Yoast SEO v20.4) - https:\/\/yoast.com\/wordpress\/plugins\/seo\/ -->\n<title>\u00bfEn qu\u00e9 orden me echo las cremas? | Grazia<\/title>\n<meta name=\"description\" content=\"Para qu\u00e9 sirven y c\u00f3mo se usan los productos de belleza que te compras\" \/>\n<meta name=\"robots\" content=\"index, follow, max-snippet:-1, max-image-preview:large, max-video-preview:-1\" \/>\n<link rel=\"canonical\" href=\"https:\/\/graziamagazine.com\/es\/articles\/en-que-orden-echo-las-cremas\/\" \/>\n<meta property=\"og:locale\" content=\"es_ES\" \/>\n<meta property=\"og:type\" content=\"article\" \/>\n<meta property=\"og:title\" content=\"\u00bfEn qu\u00e9 orden me echo las cremas?\" \/>\n<meta property=\"og:description\" content=\"Para qu\u00e9 sirven y c\u00f3mo se usan los productos de belleza que te compras\" \/>\n<meta property=\"og:url\" content=\"https:\/\/graziamagazine.com\/es\/articles\/en-que-orden-echo-las-cremas\/\" \/>\n<meta property=\"og:site_name\" content=\"Grazia\" \/>\n<meta property=\"article:modified_time\" content=\"2015-01-13T16:24:17+00:00\" \/>\n<meta property=\"og:image\" content=\"https:\/\/graziamagazine.com\/es\/wp-content\/uploads\/sites\/12\/2014\/12\/01155837\/94242_bellezacapaacapa.jpg\" \/>\n<meta name=\"twitter:card\" content=\"summary_large_image\" \/>\n<meta name=\"twitter:label1\" content=\"Est. reading time\" \/>\n\t<meta name=\"twitter:data1\" content=\"5 minutos\" \/>\n<script type=\"application\/ld+json\" class=\"yoast-schema-graph\">{\"@context\":\"https:\/\/schema.org\",\"@graph\":[{\"@type\":\"WebPage\",\"@id\":\"https:\/\/graziamagazine.com\/es\/articles\/en-que-orden-echo-las-cremas\/\",\"url\":\"https:\/\/graziamagazine.com\/es\/articles\/en-que-orden-echo-las-cremas\/\",\"name\":\"\u00bfEn qu\u00e9 orden me echo las cremas? | Grazia\",\"isPartOf\":{\"@id\":\"https:\/\/graziamagazine.com\/es\/#website\"},\"datePublished\":\"2014-12-01T15:58:37+00:00\",\"dateModified\":\"2015-01-13T16:24:17+00:00\",\"description\":\"Para qu\u00e9 sirven y c\u00f3mo se usan los productos de belleza que te compras\",\"breadcrumb\":{\"@id\":\"https:\/\/graziamagazine.com\/es\/articles\/en-que-orden-echo-las-cremas\/#breadcrumb\"},\"inLanguage\":\"es\",\"potentialAction\":[{\"@type\":\"ReadAction\",\"target\":[\"https:\/\/graziamagazine.com\/es\/articles\/en-que-orden-echo-las-cremas\/\"]}]},{\"@type\":\"BreadcrumbList\",\"@id\":\"https:\/\/graziamagazine.com\/es\/articles\/en-que-orden-echo-las-cremas\/#breadcrumb\",\"itemListElement\":[{\"@type\":\"ListItem\",\"position\":1,\"name\":\"Portada\",\"item\":\"https:\/\/graziamagazine.com\/es\/\"},{\"@type\":\"ListItem\",\"position\":2,\"name\":\"\u00bfEn qu\u00e9 orden me echo las cremas?\"}]},{\"@type\":\"WebSite\",\"@id\":\"https:\/\/graziamagazine.com\/es\/#website\",\"url\":\"https:\/\/graziamagazine.com\/es\/\",\"name\":\"Grazia\",\"description\":\"Moda, belleza, celebrities, estilo de vida...\",\"potentialAction\":[{\"@type\":\"SearchAction\",\"target\":{\"@type\":\"EntryPoint\",\"urlTemplate\":\"https:\/\/graziamagazine.com\/es\/?s={search_term_string}\"},\"query-input\":\"required name=search_term_string\"}],\"inLanguage\":\"es\"}]}<\/script>\n<!-- \/ Yoast SEO Premium plugin. -->","yoast_head_json":{"title":"\u00bfEn qu\u00e9 orden me echo las cremas? | Grazia","description":"Para qu\u00e9 sirven y c\u00f3mo se usan los productos de belleza que te compras","robots":{"index":"index","follow":"follow","max-snippet":"max-snippet:-1","max-image-preview":"max-image-preview:large","max-video-preview":"max-video-preview:-1"},"canonical":"https:\/\/graziamagazine.com\/es\/articles\/en-que-orden-echo-las-cremas\/","og_locale":"es_ES","og_type":"article","og_title":"\u00bfEn qu\u00e9 orden me echo las cremas?","og_description":"Para qu\u00e9 sirven y c\u00f3mo se usan los productos de belleza que te compras","og_url":"https:\/\/graziamagazine.com\/es\/articles\/en-que-orden-echo-las-cremas\/","og_site_name":"Grazia","article_modified_time":"2015-01-13T16:24:17+00:00","og_image":[{"url":"https:\/\/graziamagazine.com\/es\/wp-content\/uploads\/sites\/12\/2014\/12\/01155837\/94242_bellezacapaacapa.jpg"}],"twitter_card":"summary_large_image","twitter_misc":{"Est. reading time":"5 minutos"},"schema":{"@context":"https:\/\/schema.org","@graph":[{"@type":"WebPage","@id":"https:\/\/graziamagazine.com\/es\/articles\/en-que-orden-echo-las-cremas\/","url":"https:\/\/graziamagazine.com\/es\/articles\/en-que-orden-echo-las-cremas\/","name":"\u00bfEn qu\u00e9 orden me echo las cremas? | Grazia","isPartOf":{"@id":"https:\/\/graziamagazine.com\/es\/#website"},"datePublished":"2014-12-01T15:58:37+00:00","dateModified":"2015-01-13T16:24:17+00:00","description":"Para qu\u00e9 sirven y c\u00f3mo se usan los productos de belleza que te compras","breadcrumb":{"@id":"https:\/\/graziamagazine.com\/es\/articles\/en-que-orden-echo-las-cremas\/#breadcrumb"},"inLanguage":"es","potentialAction":[{"@type":"ReadAction","target":["https:\/\/graziamagazine.com\/es\/articles\/en-que-orden-echo-las-cremas\/"]}]},{"@type":"BreadcrumbList","@id":"https:\/\/graziamagazine.com\/es\/articles\/en-que-orden-echo-las-cremas\/#breadcrumb","itemListElement":[{"@type":"ListItem","position":1,"name":"Portada","item":"https:\/\/graziamagazine.com\/es\/"},{"@type":"ListItem","position":2,"name":"\u00bfEn qu\u00e9 orden me echo las cremas?"}]},{"@type":"WebSite","@id":"https:\/\/graziamagazine.com\/es\/#website","url":"https:\/\/graziamagazine.com\/es\/","name":"Grazia","description":"Moda, belleza, celebrities, estilo de vida...","potentialAction":[{"@type":"SearchAction","target":{"@type":"EntryPoint","urlTemplate":"https:\/\/graziamagazine.com\/es\/?s={search_term_string}"},"query-input":"required name=search_term_string"}],"inLanguage":"es"}]}},"jetpack_sharing_enabled":true,"distributor_meta":false,"distributor_terms":false,"distributor_media":false,"distributor_original_site_name":"Grazia","distributor_original_site_url":"https:\/\/graziamagazine.com\/es","push-errors":false,"_links":{"self":[{"href":"https:\/\/graziamagazine.com\/es\/wp-json\/wp\/v2\/articles\/16117"}],"collection":[{"href":"https:\/\/graziamagazine.com\/es\/wp-json\/wp\/v2\/articles"}],"about":[{"href":"https:\/\/graziamagazine.com\/es\/wp-json\/wp\/v2\/types\/articles"}],"author":[{"embeddable":true,"href":"https:\/\/graziamagazine.com\/es\/wp-json\/wp\/v2\/users\/18798"}],"wp:attachment":[{"href":"https:\/\/graziamagazine.com\/es\/wp-json\/wp\/v2\/media?parent=16117"}],"wp:term":[{"taxonomy":"category","embeddable":true,"href":"https:\/\/graziamagazine.com\/es\/wp-json\/wp\/v2\/categories?post=16117"}],"curies":[{"name":"wp","href":"https:\/\/api.w.org\/{rel}","templated":true}]}}