{"id":160684,"date":"2022-01-18T09:30:54","date_gmt":"2022-01-18T08:30:54","guid":{"rendered":"https:\/\/graziamagazine.com\/es\/?post_type=articles&#038;p=160684"},"modified":"2022-01-18T09:17:39","modified_gmt":"2022-01-18T08:17:39","slug":"160684","status":"publish","type":"articles","link":"https:\/\/graziamagazine.com\/es\/articles\/160684\/","title":{"rendered":"FENDI lanza su primera colecci\u00f3n de accesorios tecnol\u00f3gicos"},"content":{"rendered":"<p>El 2022 ha comenzado fuerte y resuenan de manera constante varias t\u00e9rmino: metaverso, NFT&#8217;s, criptomonedas, bitcoin&#8230; Estaba claro que las marcas de moda no pod\u00edan quedarse atr\u00e1s y ya hemos visto los primeros accesorios tecnol\u00f3gicos para estar a la vanguardia.<\/p>\n<p>FENDI ha aprovechado la presentaci\u00f3n de la colecci\u00f3n masculina para la pr\u00f3xima temporada Oto\u00f1o-invierno en la Semana de la Moda de Mil\u00e1n para <strong>adentrarse en el metaverso y lanzar su primera colecci\u00f3n de accesorios tecnol\u00f3gicos en colaboraci\u00f3n LEDGER<\/strong>, el servicio de gesti\u00f3n de activos digitales todo en uno preeminente del mundo. Silvia Venturini Fendi ha ideado esta colaboraci\u00f3n que promete ser todo un \u00e9xito y que aplica\u00a0la artesan\u00eda elevada de\u00a0<span class=\"markoaiugvrfu\" data-markjs=\"true\" data-ogac=\"\" data-ogab=\"\" data-ogsc=\"\" data-ogsb=\"\">FENDI a<\/span>\u00a0un <strong>estuche \u00fanico dise\u00f1ado exclusivamente para la billetera digital<\/strong> m\u00e1s segura del mundo.<\/p>\n<blockquote><p><em>\u00ab<span class=\"markoaiugvrfu\" data-markjs=\"true\" data-ogac=\"\" data-ogab=\"\" data-ogsc=\"\" data-ogsb=\"\">FENDI<\/span>es sin\u00f3nimo de innovaci\u00f3n y artesan\u00eda, y nos encanta enga\u00f1ar a la vista. Para nosotros, la creaci\u00f3n tiene que ver tanto con lo invisible como con lo visible, por lo que es tan importante para nosotros abrazar el futuro cercano y convertirnos en un puente para el lujo f\u00edsico y virtual. La aplicaci\u00f3n de los c\u00f3digos\u00a0<span class=\"markoaiugvrfu\" data-markjs=\"true\" data-ogac=\"\" data-ogab=\"\" data-ogsc=\"\" data-ogsb=\"\">FENDI<\/span>a los dispositivos innovadores de\u00a0LEDGERes un primer paso emocionante en esta direcci\u00f3n. \u00a1\u00bfQui\u00e9n sabe a d\u00f3nde nos podr\u00eda llevar?!<\/em>\u00a0\u00ab, afirma \u00a0Silvia Venturini\u00a0<span class=\"markoaiugvrfu\" data-markjs=\"true\" data-ogac=\"\" data-ogab=\"\" data-ogsc=\"\" data-ogsb=\"\">Fendi<\/span>, Directora Art\u00edstica de Accesorios y l\u00ednea Masculina de\u00a0<span class=\"markoaiugvrfu\" data-markjs=\"true\" data-ogac=\"\" data-ogab=\"\" data-ogsc=\"\" data-ogsb=\"\">FENDI<\/span>.<\/p><\/blockquote>\n<div>\n<div class=\"x_block-grid\">\n<div>\n<div class=\"x_col x_num12\">\n<div class=\"x_col_cont\">\n<div>\n<div>\n<div class=\"x_txtTinyMce-wrapper\">\n<p>En homenaje al bolso m\u00e1s reconocible de la casa, la silueta rectangular de la <em>Baguette<\/em>\u00a0estructurada se representa como una miniatura perfecta en aluminio pulido repleta de detalles de remache y hebilla en relieve, abri\u00e9ndose como una bolsa para revelar un bolsillo ajustado para el\u00a0<strong>LEDGER\u00a0<\/strong>Nano X.<\/p>\n<div class=\"content-gallery\"><div class=\"gallery-placeholder\"><div class=\"spinner\"><\/div><\/div><span class=\"gallery-pagination\"><\/span><div id=\"gallery-1\" class=\"gallery galleryid-160684 gallery-columns- gallery-size-\"><figure class=\"gallery-item\"><div class=\"gallery-icon landscape\"><img loading=\"lazy\" decoding=\"async\" width=\"1535\" height=\"2303\" src=\"https:\/\/graziamagazine.com\/es\/wp-content\/uploads\/sites\/12\/2022\/01\/15-A.jpg\" class=\"lazy\" alt=\"FENDI lanza su primera colecci\u00f3n de accesorios tecnol\u00f3gicos\" \/><\/div><\/figure><figure class=\"gallery-item\"><div class=\"gallery-icon landscape\"><img loading=\"lazy\" decoding=\"async\" width=\"5184\" height=\"3456\" src=\"https:\/\/graziamagazine.com\/es\/wp-content\/uploads\/sites\/12\/2022\/01\/05_FENDI-X-LEDGER-Baguette-tech-accessory_Mens-FW22-23.jpg\" class=\"lazy\" alt=\"FENDI lanza su primera colecci\u00f3n de accesorios tecnol\u00f3gicos\" \/><\/div><\/figure><figure class=\"gallery-item\"><div class=\"gallery-icon landscape\"><img loading=\"lazy\" decoding=\"async\" width=\"5184\" height=\"3456\" src=\"https:\/\/graziamagazine.com\/es\/wp-content\/uploads\/sites\/12\/2022\/01\/04_FENDI-X-LEDGER-Baguette-tech-accessory_Mens-FW22-23.jpg\" class=\"lazy\" alt=\"FENDI lanza su primera colecci\u00f3n de accesorios tecnol\u00f3gicos\" \/><\/div><\/figure><\/div><\/div>\n<p>Una segunda billetera de hardware escala la cadena <strong><span class=\"markoaiugvrfu\" data-markjs=\"true\" data-ogac=\"\" data-ogab=\"\" data-ogsc=\"\" data-ogsb=\"\">FENDI<\/span>\u00a0<\/strong><em>O&#8217;Lock<\/em>\u00a0\u00a0como una forma de c\u00e1psula 3D con un marco\u00a0<strong>FF\u00a0<\/strong>en relieve y un caj\u00f3n de bisagra oculto que se abre y se cierra con un toque. Ambos estilos cuentan con una capacidad de uso optimizada, con un gancho giratorio para sujetar a una bolsa o cintur\u00f3n y un cord\u00f3n ajustable con palancas dobles para ajustar cada funda alrededor del cuello o como un accesorio de cuerpo cruzado. Las variaciones de fantas\u00eda en el dise\u00f1o de aluminio pulido incluyen inserciones de cuero ex\u00f3tico, chapado en oro y una superficie de pav\u00e9 brillante de zirconia c\u00fabica.<\/p>\n<div class=\"content-gallery\"><div class=\"gallery-placeholder\"><div class=\"spinner\"><\/div><\/div><span class=\"gallery-pagination\"><\/span><div id=\"gallery-2\" class=\"gallery galleryid-160684 gallery-columns- gallery-size-\"><figure class=\"gallery-item\"><div class=\"gallery-icon landscape\"><img loading=\"lazy\" decoding=\"async\" width=\"1535\" height=\"2303\" src=\"https:\/\/graziamagazine.com\/es\/wp-content\/uploads\/sites\/12\/2022\/01\/45-A.jpg\" class=\"lazy\" alt=\"FENDI lanza su primera colecci\u00f3n de accesorios tecnol\u00f3gicos\" \/><\/div><\/figure><figure class=\"gallery-item\"><div class=\"gallery-icon landscape\"><img loading=\"lazy\" decoding=\"async\" width=\"1535\" height=\"2303\" src=\"https:\/\/graziamagazine.com\/es\/wp-content\/uploads\/sites\/12\/2022\/01\/41-A.jpg\" class=\"lazy\" alt=\"FENDI lanza su primera colecci\u00f3n de accesorios tecnol\u00f3gicos\" \/><\/div><\/figure><figure class=\"gallery-item\"><div class=\"gallery-icon landscape\"><img loading=\"lazy\" decoding=\"async\" width=\"5184\" height=\"3456\" src=\"https:\/\/graziamagazine.com\/es\/wp-content\/uploads\/sites\/12\/2022\/01\/03_FENDI-X-LEDGER-OLock-tech-accessory_MensFW22-23.jpg\" class=\"lazy\" alt=\"FENDI lanza su primera colecci\u00f3n de accesorios tecnol\u00f3gicos\" \/><\/div><\/figure><\/div><\/div>\n<\/div>\n<\/div>\n<\/div>\n<\/div>\n<\/div>\n<\/div>\n<\/div>\n<\/div>\n<div>\n<div class=\"x_block-grid\">\n<div class=\"x_col x_num12\">\n<div class=\"x_col_cont\">\n<div class=\"x_txtTinyMce-wrapper\">\n<div>\n<div class=\"x_block-grid\">\n<div>\n<div class=\"x_col x_num12\">\n<div class=\"x_col_cont\">\n<div>\n<div>\n<div class=\"x_txtTinyMce-wrapper\"><\/div>\n<\/div>\n<\/div>\n<\/div>\n<\/div>\n<\/div>\n<\/div>\n<\/div>\n<div>\n<div class=\"x_block-grid\">\n<div>\n<div class=\"x_col x_num12\">\n<div class=\"x_col_cont\">\n<div>\n<div>\n<div class=\"x_txtTinyMce-wrapper\">\n<p>Los accesorios\u00a0<strong><span class=\"markoaiugvrfu\" data-markjs=\"true\" data-ogac=\"\" data-ogab=\"\" data-ogsc=\"\" data-ogsb=\"\">FENDI<\/span>\u00a0<\/strong>para el\u00a0<strong>LEDGER\u00a0<\/strong>Nano X estar\u00e1n disponibles en\u00a0<a href=\"https:\/\/tracking.launchmetrics.com\/?ref=LhQAAJIoZtyJwNLxuSEEi-HCQalvI3OlAQAAAACvmvUP6bg9D0DKlPq6sAh2AgkDlUJRphc8MgaxZUqcl-wAk2WjXRQrwy6uofPuF1EGS7zksKr_JnV94c76EogQPWnrW4PxY0iwIi7zPEJZ252__kcpJhB4KG4cBAGg3P2Rvy5lNw5Rwf77nuBRnotAZIC-khWqNbrs5g4a72DtPrrd3h3OiVkfhmQWtT9uy9eP1bhMgusgOMgFskuiB4NXWKDey7kVZP5Izo0q0FF0\" target=\"_blank\" rel=\"noopener noreferrer\" data-auth=\"NotApplicable\" data-linkindex=\"1\" target=\"_blank\"><u><span class=\"markoaiugvrfu\" data-markjs=\"true\" data-ogac=\"\" data-ogab=\"\" data-ogsc=\"\" data-ogsb=\"\">Fendi<\/span>.com<\/u><\/a> a partir de junio de 2022. \u00a1Comienza la cuenta atr\u00e1s y nos morimos de impaciencia!<\/p>\n<p><em>*Im\u00e1genes: cortes\u00eda de FENDI\u00a0<\/em><\/p>\n<\/div>\n<\/div>\n<\/div>\n<\/div>\n<\/div>\n<\/div>\n<\/div>\n<\/div>\n<\/div>\n<\/div>\n<\/div>\n<\/div>\n<\/div>\n<p>&nbsp;<\/p>\n","protected":false},"author":11653,"featured_media":160686,"template":"","format":"standard","categories":[2134,1],"acf":[],"yoast_head":"<!-- This site is optimized with the Yoast SEO Premium plugin v18.5 (Yoast SEO v20.4) - https:\/\/yoast.com\/wordpress\/plugins\/seo\/ -->\n<title>FENDI lanza su primera colecci\u00f3n de accesorios tecnol\u00f3gicos | Grazia<\/title>\n<meta name=\"description\" content=\"Los hemos visto por primera vez durante el desfile de la colecci\u00f3n masculina\u00a0FENDI\u00a0Oto\u00f1o\/Invierno2022-2023\u00a0en la Semana de la Moda de Mil\u00e1n.\" \/>\n<meta name=\"robots\" content=\"index, follow, max-snippet:-1, max-image-preview:large, max-video-preview:-1\" \/>\n<link rel=\"canonical\" href=\"https:\/\/graziamagazine.com\/es\/articles\/160684\/\" \/>\n<meta property=\"og:locale\" content=\"es_ES\" \/>\n<meta property=\"og:type\" content=\"article\" \/>\n<meta property=\"og:title\" content=\"FENDI lanza su primera colecci\u00f3n de accesorios tecnol\u00f3gicos\" \/>\n<meta property=\"og:description\" content=\"Los hemos visto por primera vez durante el desfile de la colecci\u00f3n masculina\u00a0FENDI\u00a0Oto\u00f1o\/Invierno2022-2023\u00a0en la Semana de la Moda de Mil\u00e1n.\" \/>\n<meta property=\"og:url\" content=\"https:\/\/graziamagazine.com\/es\/articles\/160684\/\" \/>\n<meta property=\"og:site_name\" content=\"Grazia\" \/>\n<meta property=\"article:modified_time\" content=\"2022-01-18T08:17:39+00:00\" \/>\n<meta property=\"og:image\" content=\"https:\/\/graziamagazine.com\/es\/wp-content\/uploads\/sites\/12\/2022\/01\/02-D-e1642451232297.jpg?fit=1422%2C1289\" \/>\n\t<meta property=\"og:image:width\" content=\"1422\" \/>\n\t<meta property=\"og:image:height\" content=\"1289\" \/>\n\t<meta property=\"og:image:type\" content=\"image\/jpeg\" \/>\n<meta name=\"twitter:card\" content=\"summary_large_image\" \/>\n<meta name=\"twitter:label1\" content=\"Est. reading time\" \/>\n\t<meta name=\"twitter:data1\" content=\"2 minutos\" \/>\n<script type=\"application\/ld+json\" class=\"yoast-schema-graph\">{\"@context\":\"https:\/\/schema.org\",\"@graph\":[{\"@type\":\"WebPage\",\"@id\":\"https:\/\/graziamagazine.com\/es\/articles\/160684\/\",\"url\":\"https:\/\/graziamagazine.com\/es\/articles\/160684\/\",\"name\":\"FENDI lanza su primera colecci\u00f3n de accesorios tecnol\u00f3gicos | Grazia\",\"isPartOf\":{\"@id\":\"https:\/\/graziamagazine.com\/es\/#website\"},\"datePublished\":\"2022-01-18T08:30:54+00:00\",\"dateModified\":\"2022-01-18T08:17:39+00:00\",\"description\":\"Los hemos visto por primera vez durante el desfile de la colecci\u00f3n masculina\u00a0FENDI\u00a0Oto\u00f1o\/Invierno2022-2023\u00a0en la Semana de la Moda de Mil\u00e1n.\",\"breadcrumb\":{\"@id\":\"https:\/\/graziamagazine.com\/es\/articles\/160684\/#breadcrumb\"},\"inLanguage\":\"es\",\"potentialAction\":[{\"@type\":\"ReadAction\",\"target\":[\"https:\/\/graziamagazine.com\/es\/articles\/160684\/\"]}]},{\"@type\":\"BreadcrumbList\",\"@id\":\"https:\/\/graziamagazine.com\/es\/articles\/160684\/#breadcrumb\",\"itemListElement\":[{\"@type\":\"ListItem\",\"position\":1,\"name\":\"Portada\",\"item\":\"https:\/\/graziamagazine.com\/es\/\"},{\"@type\":\"ListItem\",\"position\":2,\"name\":\"FENDI lanza su primera colecci\u00f3n de accesorios tecnol\u00f3gicos\"}]},{\"@type\":\"WebSite\",\"@id\":\"https:\/\/graziamagazine.com\/es\/#website\",\"url\":\"https:\/\/graziamagazine.com\/es\/\",\"name\":\"Grazia\",\"description\":\"Moda, belleza, celebrities, estilo de vida...\",\"potentialAction\":[{\"@type\":\"SearchAction\",\"target\":{\"@type\":\"EntryPoint\",\"urlTemplate\":\"https:\/\/graziamagazine.com\/es\/?s={search_term_string}\"},\"query-input\":\"required name=search_term_string\"}],\"inLanguage\":\"es\"}]}<\/script>\n<!-- \/ Yoast SEO Premium plugin. -->","yoast_head_json":{"title":"FENDI lanza su primera colecci\u00f3n de accesorios tecnol\u00f3gicos | Grazia","description":"Los hemos visto por primera vez durante el desfile de la colecci\u00f3n masculina\u00a0FENDI\u00a0Oto\u00f1o\/Invierno2022-2023\u00a0en la Semana de la Moda de Mil\u00e1n.","robots":{"index":"index","follow":"follow","max-snippet":"max-snippet:-1","max-image-preview":"max-image-preview:large","max-video-preview":"max-video-preview:-1"},"canonical":"https:\/\/graziamagazine.com\/es\/articles\/160684\/","og_locale":"es_ES","og_type":"article","og_title":"FENDI lanza su primera colecci\u00f3n de accesorios tecnol\u00f3gicos","og_description":"Los hemos visto por primera vez durante el desfile de la colecci\u00f3n masculina\u00a0FENDI\u00a0Oto\u00f1o\/Invierno2022-2023\u00a0en la Semana de la Moda de Mil\u00e1n.","og_url":"https:\/\/graziamagazine.com\/es\/articles\/160684\/","og_site_name":"Grazia","article_modified_time":"2022-01-18T08:17:39+00:00","og_image":[{"width":1422,"height":1289,"url":"https:\/\/graziamagazine.com\/es\/wp-content\/uploads\/sites\/12\/2022\/01\/02-D-e1642451232297.jpg?fit=1422%2C1289","type":"image\/jpeg"}],"twitter_card":"summary_large_image","twitter_misc":{"Est. reading time":"2 minutos"},"schema":{"@context":"https:\/\/schema.org","@graph":[{"@type":"WebPage","@id":"https:\/\/graziamagazine.com\/es\/articles\/160684\/","url":"https:\/\/graziamagazine.com\/es\/articles\/160684\/","name":"FENDI lanza su primera colecci\u00f3n de accesorios tecnol\u00f3gicos | Grazia","isPartOf":{"@id":"https:\/\/graziamagazine.com\/es\/#website"},"datePublished":"2022-01-18T08:30:54+00:00","dateModified":"2022-01-18T08:17:39+00:00","description":"Los hemos visto por primera vez durante el desfile de la colecci\u00f3n masculina\u00a0FENDI\u00a0Oto\u00f1o\/Invierno2022-2023\u00a0en la Semana de la Moda de Mil\u00e1n.","breadcrumb":{"@id":"https:\/\/graziamagazine.com\/es\/articles\/160684\/#breadcrumb"},"inLanguage":"es","potentialAction":[{"@type":"ReadAction","target":["https:\/\/graziamagazine.com\/es\/articles\/160684\/"]}]},{"@type":"BreadcrumbList","@id":"https:\/\/graziamagazine.com\/es\/articles\/160684\/#breadcrumb","itemListElement":[{"@type":"ListItem","position":1,"name":"Portada","item":"https:\/\/graziamagazine.com\/es\/"},{"@type":"ListItem","position":2,"name":"FENDI lanza su primera colecci\u00f3n de accesorios tecnol\u00f3gicos"}]},{"@type":"WebSite","@id":"https:\/\/graziamagazine.com\/es\/#website","url":"https:\/\/graziamagazine.com\/es\/","name":"Grazia","description":"Moda, belleza, celebrities, estilo de vida...","potentialAction":[{"@type":"SearchAction","target":{"@type":"EntryPoint","urlTemplate":"https:\/\/graziamagazine.com\/es\/?s={search_term_string}"},"query-input":"required name=search_term_string"}],"inLanguage":"es"}]}},"jetpack_sharing_enabled":true,"distributor_meta":false,"distributor_terms":false,"distributor_media":false,"distributor_original_site_name":"Grazia","distributor_original_site_url":"https:\/\/graziamagazine.com\/es","push-errors":false,"_links":{"self":[{"href":"https:\/\/graziamagazine.com\/es\/wp-json\/wp\/v2\/articles\/160684"}],"collection":[{"href":"https:\/\/graziamagazine.com\/es\/wp-json\/wp\/v2\/articles"}],"about":[{"href":"https:\/\/graziamagazine.com\/es\/wp-json\/wp\/v2\/types\/articles"}],"author":[{"embeddable":true,"href":"https:\/\/graziamagazine.com\/es\/wp-json\/wp\/v2\/users\/11653"}],"wp:featuredmedia":[{"embeddable":true,"href":"https:\/\/graziamagazine.com\/es\/wp-json\/wp\/v2\/media\/160686"}],"wp:attachment":[{"href":"https:\/\/graziamagazine.com\/es\/wp-json\/wp\/v2\/media?parent=160684"}],"wp:term":[{"taxonomy":"category","embeddable":true,"href":"https:\/\/graziamagazine.com\/es\/wp-json\/wp\/v2\/categories?post=160684"}],"curies":[{"name":"wp","href":"https:\/\/api.w.org\/{rel}","templated":true}]}}