{"id":160524,"date":"2022-01-05T10:13:38","date_gmt":"2022-01-05T09:13:38","guid":{"rendered":"https:\/\/graziamagazine.com\/es\/?post_type=articles&#038;p=160524"},"modified":"2022-01-05T10:14:01","modified_gmt":"2022-01-05T09:14:01","slug":"armani-cancela-los-desfiles-de-la-coleccion-masculina-otono-invierno-2022-en-milan-y-paris","status":"publish","type":"articles","link":"https:\/\/graziamagazine.com\/es\/articles\/armani-cancela-los-desfiles-de-la-coleccion-masculina-otono-invierno-2022-en-milan-y-paris\/","title":{"rendered":"Armani cancela los desfiles de la colecci\u00f3n masculina oto\u00f1o-invierno 2022 en Mil\u00e1n y Par\u00eds"},"content":{"rendered":"<p><span style=\"font-weight: 400\">En medio de la nueva ola de contagios de <strong>covid-19<\/strong> en Europa y en todo el mundo, especialmente con la facilidad de contagio de la<strong> variante \u00f3micron<\/strong>, <strong>Giorgio Armani<\/strong> ha decidido cancelar los pr\u00f3ximos desfiles de <strong>Giorgio Armani y Emporio Armani<\/strong> en Mil\u00e1n y Par\u00eds, que estaban programados para este mes.<\/span><\/p>\n<p><span style=\"font-weight: 400\">De esta manera, Armani se convierte en el primer dise\u00f1ador en retirarse de las pasarelas masculinas de Mil\u00e1n para el oto\u00f1o-invierno 2022-2023, <strong>programadas del 14 al 18 de enero.\u00a0<\/strong><\/span><\/p>\n<p><span style=\"font-weight: 400\">En un comunicado, la casa de moda italiana explic\u00f3 que la decisi\u00f3n \u201cse tom\u00f3 con gran pesar y luego de una cuidadosa reflexi\u00f3n a la luz del empeoramiento de la situaci\u00f3n epidemiol\u00f3gica\u201d.<\/span><\/p>\n<p><span style=\"font-weight: 400\">\u201cComo ha expresado el dise\u00f1ador en muchas ocasiones, los espect\u00e1culos son ocasiones cruciales e insustituibles, pero la salud y la seguridad tanto de los empleados como del p\u00fablico deben ser la prioridad\u201d, dice el comunicado.<\/span><\/p>\n<p><span style=\"font-weight: 400\">El consejo de moda de Mil\u00e1n anunci\u00f3 en diciembre de 2021 que 22 marcas, desde Armani hasta Zegna, realizar\u00edan desfiles en vivo, y que solo 9 optar\u00edan por presentaciones digitales.\u00a0<\/span><\/p>\n<p><span style=\"font-weight: 400\">Sin embargo, Armani ha decidido unirse a las pasarelas virtuales como medida preventiva.<\/span><\/p>\n<p><span style=\"font-weight: 400\">El British Fashion Council ha dicho, de igual manera, que sus desfiles de ropa masculina de enero no se llevar\u00e1n a cabo debido a la situaci\u00f3n con el coronavirus, pero que en el mes de febrero podr\u00edan culminarse con el calendario de moda femenina, en caso de mejorar las condiciones pand\u00e9micas.<\/span><\/p>\n","protected":false},"author":16349,"featured_media":160525,"template":"","format":"standard","categories":[1],"acf":[],"yoast_head":"<!-- This site is optimized with the Yoast SEO Premium plugin v18.5 (Yoast SEO v20.4) - https:\/\/yoast.com\/wordpress\/plugins\/seo\/ -->\n<title>Armani cancela los desfiles de la colecci\u00f3n masculina oto\u00f1o-invierno 2022 en Mil\u00e1n y Par\u00eds | Grazia<\/title>\n<meta name=\"description\" content=\"\u00a1La historia se repite!\" \/>\n<meta name=\"robots\" content=\"index, follow, max-snippet:-1, max-image-preview:large, max-video-preview:-1\" \/>\n<link rel=\"canonical\" href=\"https:\/\/graziamagazine.com\/es\/articles\/armani-cancela-los-desfiles-de-la-coleccion-masculina-otono-invierno-2022-en-milan-y-paris\/\" \/>\n<meta property=\"og:locale\" content=\"es_ES\" \/>\n<meta property=\"og:type\" content=\"article\" \/>\n<meta property=\"og:title\" content=\"Armani cancela los desfiles de la colecci\u00f3n masculina oto\u00f1o-invierno 2022 en Mil\u00e1n y Par\u00eds\" \/>\n<meta property=\"og:description\" content=\"\u00a1La historia se repite!\" \/>\n<meta property=\"og:url\" content=\"https:\/\/graziamagazine.com\/es\/articles\/armani-cancela-los-desfiles-de-la-coleccion-masculina-otono-invierno-2022-en-milan-y-paris\/\" \/>\n<meta property=\"og:site_name\" content=\"Grazia\" \/>\n<meta property=\"article:modified_time\" content=\"2022-01-05T09:14:01+00:00\" \/>\n<meta property=\"og:image\" content=\"https:\/\/graziamagazine.com\/es\/wp-content\/uploads\/sites\/12\/2022\/01\/giorgio-armani-ferragni-y-otras-marcas-se-unen-a-las-donaciones-para-el-coronavirus-destacada-2.jpg?fit=970%2C600\" \/>\n\t<meta property=\"og:image:width\" content=\"970\" \/>\n\t<meta property=\"og:image:height\" content=\"600\" \/>\n\t<meta property=\"og:image:type\" content=\"image\/jpeg\" \/>\n<meta name=\"twitter:card\" content=\"summary_large_image\" \/>\n<meta name=\"twitter:label1\" content=\"Est. reading time\" \/>\n\t<meta name=\"twitter:data1\" content=\"1 minuto\" \/>\n<script type=\"application\/ld+json\" class=\"yoast-schema-graph\">{\"@context\":\"https:\/\/schema.org\",\"@graph\":[{\"@type\":\"WebPage\",\"@id\":\"https:\/\/graziamagazine.com\/es\/articles\/armani-cancela-los-desfiles-de-la-coleccion-masculina-otono-invierno-2022-en-milan-y-paris\/\",\"url\":\"https:\/\/graziamagazine.com\/es\/articles\/armani-cancela-los-desfiles-de-la-coleccion-masculina-otono-invierno-2022-en-milan-y-paris\/\",\"name\":\"Armani cancela los desfiles de la colecci\u00f3n masculina oto\u00f1o-invierno 2022 en Mil\u00e1n y Par\u00eds | Grazia\",\"isPartOf\":{\"@id\":\"https:\/\/graziamagazine.com\/es\/#website\"},\"datePublished\":\"2022-01-05T09:13:38+00:00\",\"dateModified\":\"2022-01-05T09:14:01+00:00\",\"description\":\"\u00a1La historia se repite!\",\"breadcrumb\":{\"@id\":\"https:\/\/graziamagazine.com\/es\/articles\/armani-cancela-los-desfiles-de-la-coleccion-masculina-otono-invierno-2022-en-milan-y-paris\/#breadcrumb\"},\"inLanguage\":\"es\",\"potentialAction\":[{\"@type\":\"ReadAction\",\"target\":[\"https:\/\/graziamagazine.com\/es\/articles\/armani-cancela-los-desfiles-de-la-coleccion-masculina-otono-invierno-2022-en-milan-y-paris\/\"]}]},{\"@type\":\"BreadcrumbList\",\"@id\":\"https:\/\/graziamagazine.com\/es\/articles\/armani-cancela-los-desfiles-de-la-coleccion-masculina-otono-invierno-2022-en-milan-y-paris\/#breadcrumb\",\"itemListElement\":[{\"@type\":\"ListItem\",\"position\":1,\"name\":\"Portada\",\"item\":\"https:\/\/graziamagazine.com\/es\/\"},{\"@type\":\"ListItem\",\"position\":2,\"name\":\"Armani cancela los desfiles de la colecci\u00f3n masculina oto\u00f1o-invierno 2022 en Mil\u00e1n y Par\u00eds\"}]},{\"@type\":\"WebSite\",\"@id\":\"https:\/\/graziamagazine.com\/es\/#website\",\"url\":\"https:\/\/graziamagazine.com\/es\/\",\"name\":\"Grazia\",\"description\":\"Moda, belleza, celebrities, estilo de vida...\",\"potentialAction\":[{\"@type\":\"SearchAction\",\"target\":{\"@type\":\"EntryPoint\",\"urlTemplate\":\"https:\/\/graziamagazine.com\/es\/?s={search_term_string}\"},\"query-input\":\"required name=search_term_string\"}],\"inLanguage\":\"es\"}]}<\/script>\n<!-- \/ Yoast SEO Premium plugin. -->","yoast_head_json":{"title":"Armani cancela los desfiles de la colecci\u00f3n masculina oto\u00f1o-invierno 2022 en Mil\u00e1n y Par\u00eds | Grazia","description":"\u00a1La historia se repite!","robots":{"index":"index","follow":"follow","max-snippet":"max-snippet:-1","max-image-preview":"max-image-preview:large","max-video-preview":"max-video-preview:-1"},"canonical":"https:\/\/graziamagazine.com\/es\/articles\/armani-cancela-los-desfiles-de-la-coleccion-masculina-otono-invierno-2022-en-milan-y-paris\/","og_locale":"es_ES","og_type":"article","og_title":"Armani cancela los desfiles de la colecci\u00f3n masculina oto\u00f1o-invierno 2022 en Mil\u00e1n y Par\u00eds","og_description":"\u00a1La historia se repite!","og_url":"https:\/\/graziamagazine.com\/es\/articles\/armani-cancela-los-desfiles-de-la-coleccion-masculina-otono-invierno-2022-en-milan-y-paris\/","og_site_name":"Grazia","article_modified_time":"2022-01-05T09:14:01+00:00","og_image":[{"width":970,"height":600,"url":"https:\/\/graziamagazine.com\/es\/wp-content\/uploads\/sites\/12\/2022\/01\/giorgio-armani-ferragni-y-otras-marcas-se-unen-a-las-donaciones-para-el-coronavirus-destacada-2.jpg?fit=970%2C600","type":"image\/jpeg"}],"twitter_card":"summary_large_image","twitter_misc":{"Est. reading time":"1 minuto"},"schema":{"@context":"https:\/\/schema.org","@graph":[{"@type":"WebPage","@id":"https:\/\/graziamagazine.com\/es\/articles\/armani-cancela-los-desfiles-de-la-coleccion-masculina-otono-invierno-2022-en-milan-y-paris\/","url":"https:\/\/graziamagazine.com\/es\/articles\/armani-cancela-los-desfiles-de-la-coleccion-masculina-otono-invierno-2022-en-milan-y-paris\/","name":"Armani cancela los desfiles de la colecci\u00f3n masculina oto\u00f1o-invierno 2022 en Mil\u00e1n y Par\u00eds | Grazia","isPartOf":{"@id":"https:\/\/graziamagazine.com\/es\/#website"},"datePublished":"2022-01-05T09:13:38+00:00","dateModified":"2022-01-05T09:14:01+00:00","description":"\u00a1La historia se repite!","breadcrumb":{"@id":"https:\/\/graziamagazine.com\/es\/articles\/armani-cancela-los-desfiles-de-la-coleccion-masculina-otono-invierno-2022-en-milan-y-paris\/#breadcrumb"},"inLanguage":"es","potentialAction":[{"@type":"ReadAction","target":["https:\/\/graziamagazine.com\/es\/articles\/armani-cancela-los-desfiles-de-la-coleccion-masculina-otono-invierno-2022-en-milan-y-paris\/"]}]},{"@type":"BreadcrumbList","@id":"https:\/\/graziamagazine.com\/es\/articles\/armani-cancela-los-desfiles-de-la-coleccion-masculina-otono-invierno-2022-en-milan-y-paris\/#breadcrumb","itemListElement":[{"@type":"ListItem","position":1,"name":"Portada","item":"https:\/\/graziamagazine.com\/es\/"},{"@type":"ListItem","position":2,"name":"Armani cancela los desfiles de la colecci\u00f3n masculina oto\u00f1o-invierno 2022 en Mil\u00e1n y Par\u00eds"}]},{"@type":"WebSite","@id":"https:\/\/graziamagazine.com\/es\/#website","url":"https:\/\/graziamagazine.com\/es\/","name":"Grazia","description":"Moda, belleza, celebrities, estilo de vida...","potentialAction":[{"@type":"SearchAction","target":{"@type":"EntryPoint","urlTemplate":"https:\/\/graziamagazine.com\/es\/?s={search_term_string}"},"query-input":"required name=search_term_string"}],"inLanguage":"es"}]}},"jetpack_sharing_enabled":true,"distributor_meta":false,"distributor_terms":false,"distributor_media":false,"distributor_original_site_name":"Grazia","distributor_original_site_url":"https:\/\/graziamagazine.com\/es","push-errors":false,"_links":{"self":[{"href":"https:\/\/graziamagazine.com\/es\/wp-json\/wp\/v2\/articles\/160524"}],"collection":[{"href":"https:\/\/graziamagazine.com\/es\/wp-json\/wp\/v2\/articles"}],"about":[{"href":"https:\/\/graziamagazine.com\/es\/wp-json\/wp\/v2\/types\/articles"}],"author":[{"embeddable":true,"href":"https:\/\/graziamagazine.com\/es\/wp-json\/wp\/v2\/users\/16349"}],"wp:featuredmedia":[{"embeddable":true,"href":"https:\/\/graziamagazine.com\/es\/wp-json\/wp\/v2\/media\/160525"}],"wp:attachment":[{"href":"https:\/\/graziamagazine.com\/es\/wp-json\/wp\/v2\/media?parent=160524"}],"wp:term":[{"taxonomy":"category","embeddable":true,"href":"https:\/\/graziamagazine.com\/es\/wp-json\/wp\/v2\/categories?post=160524"}],"curies":[{"name":"wp","href":"https:\/\/api.w.org\/{rel}","templated":true}]}}