{"id":160494,"date":"2022-01-07T16:01:00","date_gmt":"2022-01-07T15:01:00","guid":{"rendered":"https:\/\/graziamagazine.com\/es\/?post_type=articles&#038;p=160494"},"modified":"2022-01-18T10:19:28","modified_gmt":"2022-01-18T09:19:28","slug":"cerca-alto-y-fuerte","status":"publish","type":"articles","link":"https:\/\/graziamagazine.com\/es\/articles\/cerca-alto-y-fuerte\/","title":{"rendered":"Cerca, alto y fuerte"},"content":{"rendered":"<p>En 1896 el bar\u00f3n de Coubertin dej\u00f3 una huella ol\u00edmpico-ling\u00fcistica, cuando en las primeras Olimpiadas de la era moderna acu\u00f1\u00f3 la frase \u00ab<em>Citius, Altius, Fortius<\/em>\u00ab, o sea, m\u00e1s r\u00e1pido, m\u00e1s alto, m\u00e1s fuerte. Siempre me ha gustado el lema. Siempre lo he ligado a la vida, a mi vida, con idea de crecer, de hacerlo velozmente y con la fortaleza que da la profundidad. Sin embargo, a estas alturas, prefiero cambiar el m\u00e1s r\u00e1pido por m\u00e1s cercano, en la medida en que la cercan\u00eda se impone no solo como filosof\u00eda de vida, sino como una aut\u00e9ntica necesidad, m\u00eda, nuestra y por tanto de la sociedad en su conjunto.<\/p>\n<p>Es una realidad que nos ha conquistado para nuestro d\u00eda a d\u00eda cotidiano. Desde luego, en la alimentaci\u00f3n. A la fuerza ahorcan, porque <strong>parece que ya nos hemos enterado de que de verdad somos lo que comemos y debemos practicarlo de manera consciente. Yo, desde luego, gracias a mi hija Cristina Barroso, <a href=\"https:\/\/www.cristinabarrous.com\/\" target=\"_blank\">@barrous<\/a>\u00a0, aprendo cada vez m\u00e1s a comer amando lo que ingiero como una manera de amarme a m\u00ed misma<\/strong>, de amar mi cuerpo, de entenderlo, de vivir alineada conmigo misma y con consciencia. Y al hacerlo, realmente <strong>he vuelto a entender algo que ya sab\u00eda de ni\u00f1a y que tiene que ver con el consumo de cercan\u00eda y de temporada<\/strong>. Porque entonces com\u00edamos b\u00e1sicamente lo que nos ofrec\u00eda cada temporada, y mucho m\u00e1s lo que ten\u00edamos cerca.<\/p>\n<blockquote class=\"instagram-media\" data-instgrm-captioned data-instgrm-permalink=\"https:\/\/www.instagram.com\/p\/CXBuntODpuA\/?utm_source=ig_embed&amp;utm_campaign=loading\" data-instgrm-version=\"14\" style=\" background:#FFF; border:0; border-radius:3px; box-shadow:0 0 1px 0 rgba(0,0,0,0.5),0 1px 10px 0 rgba(0,0,0,0.15); margin: 1px; max-width:500px; min-width:326px; padding:0; width:99.375%; width:-webkit-calc(100% - 2px); width:calc(100% - 2px);\">\n<div style=\"padding:16px;\"> <a href=\"https:\/\/www.instagram.com\/p\/CXBuntODpuA\/?utm_source=ig_embed&amp;utm_campaign=loading\" style=\" background:#FFFFFF; line-height:0; padding:0 0; text-align:center; text-decoration:none; width:100%;\" target=\"_blank\"> <\/p>\n<div style=\" display: flex; flex-direction: row; align-items: center;\">\n<div style=\"background-color: #F4F4F4; border-radius: 50%; flex-grow: 0; height: 40px; margin-right: 14px; width: 40px;\"><\/div>\n<div style=\"display: flex; flex-direction: column; flex-grow: 1; justify-content: center;\">\n<div style=\" background-color: #F4F4F4; border-radius: 4px; flex-grow: 0; height: 14px; margin-bottom: 6px; width: 100px;\"><\/div>\n<div style=\" background-color: #F4F4F4; border-radius: 4px; flex-grow: 0; height: 14px; width: 60px;\"><\/div>\n<\/div>\n<\/div>\n<div style=\"padding: 19% 0;\"><\/div>\n<div style=\"display:block; height:50px; margin:0 auto 12px; width:50px;\"><svg width=\"50px\" height=\"50px\" viewBox=\"0 0 60 60\" version=\"1.1\" xmlns=\"https:\/\/www.w3.org\/2000\/svg\" xmlns:xlink=\"https:\/\/www.w3.org\/1999\/xlink\"><g stroke=\"none\" stroke-width=\"1\" fill=\"none\" fill-rule=\"evenodd\"><g transform=\"translate(-511.000000, -20.000000)\" fill=\"#000000\"><g><path d=\"M556.869,30.41 C554.814,30.41 553.148,32.076 553.148,34.131 C553.148,36.186 554.814,37.852 556.869,37.852 C558.924,37.852 560.59,36.186 560.59,34.131 C560.59,32.076 558.924,30.41 556.869,30.41 M541,60.657 C535.114,60.657 530.342,55.887 530.342,50 C530.342,44.114 535.114,39.342 541,39.342 C546.887,39.342 551.658,44.114 551.658,50 C551.658,55.887 546.887,60.657 541,60.657 M541,33.886 C532.1,33.886 524.886,41.1 524.886,50 C524.886,58.899 532.1,66.113 541,66.113 C549.9,66.113 557.115,58.899 557.115,50 C557.115,41.1 549.9,33.886 541,33.886 M565.378,62.101 C565.244,65.022 564.756,66.606 564.346,67.663 C563.803,69.06 563.154,70.057 562.106,71.106 C561.058,72.155 560.06,72.803 558.662,73.347 C557.607,73.757 556.021,74.244 553.102,74.378 C549.944,74.521 548.997,74.552 541,74.552 C533.003,74.552 532.056,74.521 528.898,74.378 C525.979,74.244 524.393,73.757 523.338,73.347 C521.94,72.803 520.942,72.155 519.894,71.106 C518.846,70.057 518.197,69.06 517.654,67.663 C517.244,66.606 516.755,65.022 516.623,62.101 C516.479,58.943 516.448,57.996 516.448,50 C516.448,42.003 516.479,41.056 516.623,37.899 C516.755,34.978 517.244,33.391 517.654,32.338 C518.197,30.938 518.846,29.942 519.894,28.894 C520.942,27.846 521.94,27.196 523.338,26.654 C524.393,26.244 525.979,25.756 528.898,25.623 C532.057,25.479 533.004,25.448 541,25.448 C548.997,25.448 549.943,25.479 553.102,25.623 C556.021,25.756 557.607,26.244 558.662,26.654 C560.06,27.196 561.058,27.846 562.106,28.894 C563.154,29.942 563.803,30.938 564.346,32.338 C564.756,33.391 565.244,34.978 565.378,37.899 C565.522,41.056 565.552,42.003 565.552,50 C565.552,57.996 565.522,58.943 565.378,62.101 M570.82,37.631 C570.674,34.438 570.167,32.258 569.425,30.349 C568.659,28.377 567.633,26.702 565.965,25.035 C564.297,23.368 562.623,22.342 560.652,21.575 C558.743,20.834 556.562,20.326 553.369,20.18 C550.169,20.033 549.148,20 541,20 C532.853,20 531.831,20.033 528.631,20.18 C525.438,20.326 523.257,20.834 521.349,21.575 C519.376,22.342 517.703,23.368 516.035,25.035 C514.368,26.702 513.342,28.377 512.574,30.349 C511.834,32.258 511.326,34.438 511.181,37.631 C511.035,40.831 511,41.851 511,50 C511,58.147 511.035,59.17 511.181,62.369 C511.326,65.562 511.834,67.743 512.574,69.651 C513.342,71.625 514.368,73.296 516.035,74.965 C517.703,76.634 519.376,77.658 521.349,78.425 C523.257,79.167 525.438,79.673 528.631,79.82 C531.831,79.965 532.853,80.001 541,80.001 C549.148,80.001 550.169,79.965 553.369,79.82 C556.562,79.673 558.743,79.167 560.652,78.425 C562.623,77.658 564.297,76.634 565.965,74.965 C567.633,73.296 568.659,71.625 569.425,69.651 C570.167,67.743 570.674,65.562 570.82,62.369 C570.966,59.17 571,58.147 571,50 C571,41.851 570.966,40.831 570.82,37.631\"><\/path><\/g><\/g><\/g><\/svg><\/div>\n<div style=\"padding-top: 8px;\">\n<div style=\" color:#3897f0; font-family:Arial,sans-serif; font-size:14px; font-style:normal; font-weight:550; line-height:18px;\">View this post on Instagram<\/div>\n<\/div>\n<div style=\"padding: 12.5% 0;\"><\/div>\n<div style=\"display: flex; flex-direction: row; margin-bottom: 14px; align-items: center;\">\n<div>\n<div style=\"background-color: #F4F4F4; border-radius: 50%; height: 12.5px; width: 12.5px; transform: translateX(0px) translateY(7px);\"><\/div>\n<div style=\"background-color: #F4F4F4; height: 12.5px; transform: rotate(-45deg) translateX(3px) translateY(1px); width: 12.5px; flex-grow: 0; margin-right: 14px; margin-left: 2px;\"><\/div>\n<div style=\"background-color: #F4F4F4; border-radius: 50%; height: 12.5px; width: 12.5px; transform: translateX(9px) translateY(-18px);\"><\/div>\n<\/div>\n<div style=\"margin-left: 8px;\">\n<div style=\" background-color: #F4F4F4; border-radius: 50%; flex-grow: 0; height: 20px; width: 20px;\"><\/div>\n<div style=\" width: 0; height: 0; border-top: 2px solid transparent; border-left: 6px solid #f4f4f4; border-bottom: 2px solid transparent; transform: translateX(16px) translateY(-4px) rotate(30deg)\"><\/div>\n<\/div>\n<div style=\"margin-left: auto;\">\n<div style=\" width: 0px; border-top: 8px solid #F4F4F4; border-right: 8px solid transparent; transform: translateY(16px);\"><\/div>\n<div style=\" background-color: #F4F4F4; flex-grow: 0; height: 12px; width: 16px; transform: translateY(-4px);\"><\/div>\n<div style=\" width: 0; height: 0; border-top: 8px solid #F4F4F4; border-left: 8px solid transparent; transform: translateY(-4px) translateX(8px);\"><\/div>\n<\/div>\n<\/div>\n<div style=\"display: flex; flex-direction: column; flex-grow: 1; justify-content: center; margin-bottom: 24px;\">\n<div style=\" background-color: #F4F4F4; border-radius: 4px; flex-grow: 0; height: 14px; margin-bottom: 6px; width: 224px;\"><\/div>\n<div style=\" background-color: #F4F4F4; border-radius: 4px; flex-grow: 0; height: 14px; width: 144px;\"><\/div>\n<\/div>\n<p><\/a><\/p>\n<p style=\" color:#c9c8cd; font-family:Arial,sans-serif; font-size:14px; line-height:17px; margin-bottom:0; margin-top:8px; overflow:hidden; padding:8px 0 7px; text-align:center; text-overflow:ellipsis; white-space:nowrap;\"><a href=\"https:\/\/www.instagram.com\/p\/CXBuntODpuA\/?utm_source=ig_embed&amp;utm_campaign=loading\" style=\" color:#c9c8cd; font-family:Arial,sans-serif; font-size:14px; font-style:normal; font-weight:normal; line-height:17px; text-decoration:none;\" target=\"_blank\" target=\"_blank\">A post shared by Charo (@charoizquierdo)<\/a><\/p>\n<\/div>\n<\/blockquote>\n<p><script async src=\"\/\/platform.instagram.com\/en_US\/embeds.js\"><\/script><\/p>\n<p>Pero lleg\u00f3 un tiempo en el que nos acostumbramos a ingerir cualquier alimento de cualquier lugar del mundo en cualquier momento del a\u00f1o. Y por ello hab\u00edamos, o al menos yo hab\u00eda, tendido a olvidarnos de esa sana y sabia realidad de la estacionalidad. <strong>Ahora, de nuevo, al entender esa manera de cocinar, de comer, de alimentarme, de una manera mucho m\u00e1s consciente, tambi\u00e9n he podido volver a esa forma de comprar comida como suele decirse m\u00e1s de cercan\u00eda<\/strong> y desde luego de temporada. Llamadme talib\u00e1n, pero me niego a comprar fresas en diciembre, y lo confieso, es una de mis frutas favoritas.<\/p>\n<p>Esta filosof\u00eda de vida se extiende a otros \u00e1mbitos. De hecho, en los \u00faltimos meses del a\u00f1o pasado (jajaja, eso es hace siete d\u00edas) <strong>me sent\u00ed feliz involucrada en un precioso proyecto relacionado con el arte y una manera de consumirlo, en este caso no de cercan\u00eda, pero s\u00ed de manera m\u00e1s sostenible, m\u00e1s consciente. <a href=\"https:\/\/www.youtube.com\/channel\/UCRpUibWEvnxwdiIIonoADZg\" target=\"_blank\">Tiempo de Arte. Slow Art Circuit Spain<\/a> es un proyecto maravilloso de cuyo consejo asesor formo parte.<\/strong> Esto, siendo importante para m\u00ed, no es lo fundamental, porque lo primordial es el proyecto en si mismo, as\u00ed como la capacidad que tiene y va a tener de hacer comprender la transformaci\u00f3n que <strong>el arte<\/strong> puede suponer para nuestras vidas. Porque es capaz de renovarnos, de hacernos mejores, m\u00e1s sabios, m\u00e1s humanos, incluso dicen que m\u00e1s sanos. Y lo cierto es que por ejemplo si pensamos en los tiempos de pandemia, especialmente en los momentos de confinamiento, fue important\u00edsima la labor de los museos, la de las galer\u00edas de arte, de los artistas, en general del mundo de la cultura, para sacarnos de casa, sin salir de ella, para conducirnos a un horizonte de mayor bienestar y m\u00e1s felicidad.<\/p>\n<p><iframe loading=\"lazy\" title=\"Presentaci\u00f3n Tiempo de Arte. Slow Art Circuit\" width=\"500\" height=\"281\" src=\"https:\/\/www.youtube.com\/embed\/N1ftPy64oh0?feature=oembed\" frameborder=\"0\" allow=\"accelerometer; autoplay; clipboard-write; encrypted-media; gyroscope; picture-in-picture\" allowfullscreen><\/iframe><\/p>\n<blockquote><p>El arte es capaz de renovarnos, de hacernos mejores, m\u00e1s sabios, m\u00e1s humanos, incluso dicen que m\u00e1s sanos<\/p><\/blockquote>\n<p>Y ya que estamos con la cultura, quiero referirme a otra de sus facetas que forman parte de mi existencia, que es <em>core<\/em> de esta web y a la que he dedicado gran parte de mi vida profesional: la moda. Cuando hablamos de ella, desde luego, yo siempre insisto en que hablamos de negocio, porque al fin y al cabo mueve la econom\u00eda de las marcas y la nuestra, ya que la moda, nuestra imagen, es algo a lo que le dedicamos inter\u00e9s y dinero desde que somos peque\u00f1os hasta que nos marchamos y desde la ma\u00f1ana a la noche. Y como uni\u00f3n de cultura y de negocio, es fundamental aplicar esa filosof\u00eda de cercan\u00eda, que he querido dar a esta columna. Porque es trascendente, porque es una manera de consumirla de manera consciente y desde luego porque es sostenible.<\/p>\n<p>De hecho, por eso siempre <strong>he sido una ferviente defensora de la moda espa\u00f1ola. Siempre. Y tuve la inmensa fortuna de ponerlo en pr\u00e1ctica cuando fui directora de la pasarela <a href=\"https:\/\/www.ifema.es\/mbfw-madrid\" target=\"_blank\">Mercedes Benz Fahion Week Madrid.<\/a><\/strong> Entonces recordaba a los dise\u00f1adores que deb\u00edan reivindicar que su moda era sostenible, entre otras cosas porque lo era de cercan\u00eda, producida generalmente cerca de sus propios talleres. Adem\u00e1s, muchos de ellos ya llevaban a cabo la f\u00f3rmula de vender sus creaciones \u00abbajo demanda\u00bb, que ahora est\u00e1 tan pregonada a nivel nacional e internacional. Y por si fuera poco, en nuestro pa\u00eds podemos presumir de materiales ancestrales, de t\u00e9cnicas milenarias y tradicionales, que aplicados a la modernidad son o pueden ser una baza ganadora.<\/p>\n<p>Por eso me parece tan interesante <strong>el proyecto que est\u00e1 poniendo en marcha el dise\u00f1ador <a href=\"https:\/\/www.moisesnieto.com\/\" target=\"_blank\">Mois\u00e9s Nieto<\/a> para dar el lugar que merecen las artesanas y los artesanos y todos aquellos que crean con t\u00e9cnicas tradicionales. A trav\u00e9s de su buscador <a href=\"https:\/\/lahaceria.es\/\" target=\"_blank\">La Hacer\u00eda<\/a>\u00a0<\/strong>, que ha sido llamado el google de la artesan\u00eda, pretende dar a conocer y poner en relaci\u00f3n a personas que se dedican a ella y que tienen la capacidad de enriquecer la moda de autor, de momento. En principio, el buscador solo recoge profesionales madrile\u00f1os, pero crecer\u00e1. Es de los proyectos m\u00e1s interesantes que he escuchado \u00faltimamente, que le vali\u00f3 el premio Madrid Capital de Moda en 2020, en mi humilde opini\u00f3n merecido con creces. Porque si se acusa siempre a la moda de mirar su propio ombligo, <strong>es de aplaudir que un creador vuelva esa mirada hacia afuera y se proponga mejorar el ecosistema <em>fashion<\/em> ofreci\u00e9ndole el contacto artesanal.<\/strong> Pero es que al mismo tiempo, es fundamental para ellos que alguien se ocupe de darles una relevancia que normalmente no alcanzan, un altavoz y redes en las que moverse para generar alianzas.<\/p>\n<blockquote class=\"instagram-media\" data-instgrm-captioned data-instgrm-permalink=\"https:\/\/www.instagram.com\/p\/CTEpgHoDOJo\/?utm_source=ig_embed&amp;utm_campaign=loading\" data-instgrm-version=\"14\" style=\" background:#FFF; border:0; border-radius:3px; box-shadow:0 0 1px 0 rgba(0,0,0,0.5),0 1px 10px 0 rgba(0,0,0,0.15); margin: 1px; max-width:500px; min-width:326px; padding:0; width:99.375%; width:-webkit-calc(100% - 2px); width:calc(100% - 2px);\">\n<div style=\"padding:16px;\"> <a href=\"https:\/\/www.instagram.com\/p\/CTEpgHoDOJo\/?utm_source=ig_embed&amp;utm_campaign=loading\" style=\" background:#FFFFFF; line-height:0; padding:0 0; text-align:center; text-decoration:none; width:100%;\" target=\"_blank\"> <\/p>\n<div style=\" display: flex; flex-direction: row; align-items: center;\">\n<div style=\"background-color: #F4F4F4; border-radius: 50%; flex-grow: 0; height: 40px; margin-right: 14px; width: 40px;\"><\/div>\n<div style=\"display: flex; flex-direction: column; flex-grow: 1; justify-content: center;\">\n<div style=\" background-color: #F4F4F4; border-radius: 4px; flex-grow: 0; height: 14px; margin-bottom: 6px; width: 100px;\"><\/div>\n<div style=\" background-color: #F4F4F4; border-radius: 4px; flex-grow: 0; height: 14px; width: 60px;\"><\/div>\n<\/div>\n<\/div>\n<div style=\"padding: 19% 0;\"><\/div>\n<div style=\"display:block; height:50px; margin:0 auto 12px; width:50px;\"><svg width=\"50px\" height=\"50px\" viewBox=\"0 0 60 60\" version=\"1.1\" xmlns=\"https:\/\/www.w3.org\/2000\/svg\" xmlns:xlink=\"https:\/\/www.w3.org\/1999\/xlink\"><g stroke=\"none\" stroke-width=\"1\" fill=\"none\" fill-rule=\"evenodd\"><g transform=\"translate(-511.000000, -20.000000)\" fill=\"#000000\"><g><path d=\"M556.869,30.41 C554.814,30.41 553.148,32.076 553.148,34.131 C553.148,36.186 554.814,37.852 556.869,37.852 C558.924,37.852 560.59,36.186 560.59,34.131 C560.59,32.076 558.924,30.41 556.869,30.41 M541,60.657 C535.114,60.657 530.342,55.887 530.342,50 C530.342,44.114 535.114,39.342 541,39.342 C546.887,39.342 551.658,44.114 551.658,50 C551.658,55.887 546.887,60.657 541,60.657 M541,33.886 C532.1,33.886 524.886,41.1 524.886,50 C524.886,58.899 532.1,66.113 541,66.113 C549.9,66.113 557.115,58.899 557.115,50 C557.115,41.1 549.9,33.886 541,33.886 M565.378,62.101 C565.244,65.022 564.756,66.606 564.346,67.663 C563.803,69.06 563.154,70.057 562.106,71.106 C561.058,72.155 560.06,72.803 558.662,73.347 C557.607,73.757 556.021,74.244 553.102,74.378 C549.944,74.521 548.997,74.552 541,74.552 C533.003,74.552 532.056,74.521 528.898,74.378 C525.979,74.244 524.393,73.757 523.338,73.347 C521.94,72.803 520.942,72.155 519.894,71.106 C518.846,70.057 518.197,69.06 517.654,67.663 C517.244,66.606 516.755,65.022 516.623,62.101 C516.479,58.943 516.448,57.996 516.448,50 C516.448,42.003 516.479,41.056 516.623,37.899 C516.755,34.978 517.244,33.391 517.654,32.338 C518.197,30.938 518.846,29.942 519.894,28.894 C520.942,27.846 521.94,27.196 523.338,26.654 C524.393,26.244 525.979,25.756 528.898,25.623 C532.057,25.479 533.004,25.448 541,25.448 C548.997,25.448 549.943,25.479 553.102,25.623 C556.021,25.756 557.607,26.244 558.662,26.654 C560.06,27.196 561.058,27.846 562.106,28.894 C563.154,29.942 563.803,30.938 564.346,32.338 C564.756,33.391 565.244,34.978 565.378,37.899 C565.522,41.056 565.552,42.003 565.552,50 C565.552,57.996 565.522,58.943 565.378,62.101 M570.82,37.631 C570.674,34.438 570.167,32.258 569.425,30.349 C568.659,28.377 567.633,26.702 565.965,25.035 C564.297,23.368 562.623,22.342 560.652,21.575 C558.743,20.834 556.562,20.326 553.369,20.18 C550.169,20.033 549.148,20 541,20 C532.853,20 531.831,20.033 528.631,20.18 C525.438,20.326 523.257,20.834 521.349,21.575 C519.376,22.342 517.703,23.368 516.035,25.035 C514.368,26.702 513.342,28.377 512.574,30.349 C511.834,32.258 511.326,34.438 511.181,37.631 C511.035,40.831 511,41.851 511,50 C511,58.147 511.035,59.17 511.181,62.369 C511.326,65.562 511.834,67.743 512.574,69.651 C513.342,71.625 514.368,73.296 516.035,74.965 C517.703,76.634 519.376,77.658 521.349,78.425 C523.257,79.167 525.438,79.673 528.631,79.82 C531.831,79.965 532.853,80.001 541,80.001 C549.148,80.001 550.169,79.965 553.369,79.82 C556.562,79.673 558.743,79.167 560.652,78.425 C562.623,77.658 564.297,76.634 565.965,74.965 C567.633,73.296 568.659,71.625 569.425,69.651 C570.167,67.743 570.674,65.562 570.82,62.369 C570.966,59.17 571,58.147 571,50 C571,41.851 570.966,40.831 570.82,37.631\"><\/path><\/g><\/g><\/g><\/svg><\/div>\n<div style=\"padding-top: 8px;\">\n<div style=\" color:#3897f0; font-family:Arial,sans-serif; font-size:14px; font-style:normal; font-weight:550; line-height:18px;\">View this post on Instagram<\/div>\n<\/div>\n<div style=\"padding: 12.5% 0;\"><\/div>\n<div style=\"display: flex; flex-direction: row; margin-bottom: 14px; align-items: center;\">\n<div>\n<div style=\"background-color: #F4F4F4; border-radius: 50%; height: 12.5px; width: 12.5px; transform: translateX(0px) translateY(7px);\"><\/div>\n<div style=\"background-color: #F4F4F4; height: 12.5px; transform: rotate(-45deg) translateX(3px) translateY(1px); width: 12.5px; flex-grow: 0; margin-right: 14px; margin-left: 2px;\"><\/div>\n<div style=\"background-color: #F4F4F4; border-radius: 50%; height: 12.5px; width: 12.5px; transform: translateX(9px) translateY(-18px);\"><\/div>\n<\/div>\n<div style=\"margin-left: 8px;\">\n<div style=\" background-color: #F4F4F4; border-radius: 50%; flex-grow: 0; height: 20px; width: 20px;\"><\/div>\n<div style=\" width: 0; height: 0; border-top: 2px solid transparent; border-left: 6px solid #f4f4f4; border-bottom: 2px solid transparent; transform: translateX(16px) translateY(-4px) rotate(30deg)\"><\/div>\n<\/div>\n<div style=\"margin-left: auto;\">\n<div style=\" width: 0px; border-top: 8px solid #F4F4F4; border-right: 8px solid transparent; transform: translateY(16px);\"><\/div>\n<div style=\" background-color: #F4F4F4; flex-grow: 0; height: 12px; width: 16px; transform: translateY(-4px);\"><\/div>\n<div style=\" width: 0; height: 0; border-top: 8px solid #F4F4F4; border-left: 8px solid transparent; transform: translateY(-4px) translateX(8px);\"><\/div>\n<\/div>\n<\/div>\n<div style=\"display: flex; flex-direction: column; flex-grow: 1; justify-content: center; margin-bottom: 24px;\">\n<div style=\" background-color: #F4F4F4; border-radius: 4px; flex-grow: 0; height: 14px; margin-bottom: 6px; width: 224px;\"><\/div>\n<div style=\" background-color: #F4F4F4; border-radius: 4px; flex-grow: 0; height: 14px; width: 144px;\"><\/div>\n<\/div>\n<p><\/a><\/p>\n<p style=\" color:#c9c8cd; font-family:Arial,sans-serif; font-size:14px; line-height:17px; margin-bottom:0; margin-top:8px; overflow:hidden; padding:8px 0 7px; text-align:center; text-overflow:ellipsis; white-space:nowrap;\"><a href=\"https:\/\/www.instagram.com\/p\/CTEpgHoDOJo\/?utm_source=ig_embed&amp;utm_campaign=loading\" style=\" color:#c9c8cd; font-family:Arial,sans-serif; font-size:14px; font-style:normal; font-weight:normal; line-height:17px; text-decoration:none;\" target=\"_blank\" target=\"_blank\">A post shared by LA HACER\u00cdA (@la.haceria)<\/a><\/p>\n<\/div>\n<\/blockquote>\n<p><script async src=\"\/\/platform.instagram.com\/en_US\/embeds.js\"><\/script><\/p>\n<p>Espa\u00f1a puede sacar pecho con su artesan\u00eda, su moda y con proyectos que las a\u00fanan. Hay otro que me entusiasma, en este caso <strong>una marca que ha recuperado la lana para ponerla a nuestros pies. Se trata de <a href=\"https:\/\/yuccs.com\/\" target=\"_blank\">Yuccs, <\/a><\/strong>\u00a0nombre de zapatos deportivos que ha unido los materiales m\u00e1s naturales, especialmente la lana merina, reivindicando su origen hispano (lo que en ropa ya hicieron anteriormente el propio Mois\u00e9s Nieto y Oteyza) a un proceso totalmente innovador. Sus <em>sneakers<\/em> se fabrican en Elche, aunque se crean en Mallorca, en cuya capital acaban de inaugurar incluso tienda.\u00a0Eso es paso cercano y firme.<\/p>\n<p><em>*Imagen: <a href=\"https:\/\/www.instagram.com\/p\/CPGza_PDFJg\/\" target=\"_blank\">Instagram Barrous<\/a><\/em><\/p>\n","protected":false},"author":31334,"featured_media":160558,"template":"","format":"standard","categories":[2971,18],"acf":{"banner":null},"yoast_head":"<!-- This site is optimized with the Yoast SEO Premium plugin v18.5 (Yoast SEO v20.4) - https:\/\/yoast.com\/wordpress\/plugins\/seo\/ -->\n<title>Cerca, alto y fuerte | Grazia<\/title>\n<meta name=\"description\" content=\"En 1896 el bar\u00f3n de Coubertin dej\u00f3 una huella ol\u00edmpico-ling\u00fcistica, cuando en las primeras Olimpiadas de la era moderna acu\u00f1\u00f3 la frase &quot;Citius, Altius,\" \/>\n<meta name=\"robots\" content=\"index, follow, max-snippet:-1, max-image-preview:large, max-video-preview:-1\" \/>\n<link rel=\"canonical\" href=\"https:\/\/graziamagazine.com\/es\/articles\/cerca-alto-y-fuerte\/\" \/>\n<meta property=\"og:locale\" content=\"es_ES\" \/>\n<meta property=\"og:type\" content=\"article\" \/>\n<meta property=\"og:title\" content=\"Cerca, alto y fuerte\" \/>\n<meta property=\"og:description\" content=\"En 1896 el bar\u00f3n de Coubertin dej\u00f3 una huella ol\u00edmpico-ling\u00fcistica, cuando en las primeras Olimpiadas de la era moderna acu\u00f1\u00f3 la frase &quot;Citius, Altius,\" \/>\n<meta property=\"og:url\" content=\"https:\/\/graziamagazine.com\/es\/articles\/cerca-alto-y-fuerte\/\" \/>\n<meta property=\"og:site_name\" content=\"Grazia\" \/>\n<meta property=\"article:modified_time\" content=\"2022-01-18T09:19:28+00:00\" \/>\n<meta property=\"og:image\" content=\"https:\/\/graziamagazine.com\/es\/wp-content\/uploads\/sites\/12\/2022\/01\/barrous_188142052_196370079006250_2588059699877420918_n.jpg?fit=1080%2C1350\" \/>\n\t<meta property=\"og:image:width\" content=\"1080\" \/>\n\t<meta property=\"og:image:height\" content=\"1350\" \/>\n\t<meta property=\"og:image:type\" content=\"image\/jpeg\" \/>\n<meta name=\"twitter:card\" content=\"summary_large_image\" \/>\n<meta name=\"twitter:label1\" content=\"Est. reading time\" \/>\n\t<meta name=\"twitter:data1\" content=\"6 minutos\" \/>\n<script type=\"application\/ld+json\" class=\"yoast-schema-graph\">{\"@context\":\"https:\/\/schema.org\",\"@graph\":[{\"@type\":\"WebPage\",\"@id\":\"https:\/\/graziamagazine.com\/es\/articles\/cerca-alto-y-fuerte\/\",\"url\":\"https:\/\/graziamagazine.com\/es\/articles\/cerca-alto-y-fuerte\/\",\"name\":\"Cerca, alto y fuerte | Grazia\",\"isPartOf\":{\"@id\":\"https:\/\/graziamagazine.com\/es\/#website\"},\"datePublished\":\"2022-01-07T15:01:00+00:00\",\"dateModified\":\"2022-01-18T09:19:28+00:00\",\"description\":\"En 1896 el bar\u00f3n de Coubertin dej\u00f3 una huella ol\u00edmpico-ling\u00fcistica, cuando en las primeras Olimpiadas de la era moderna acu\u00f1\u00f3 la frase \\\"Citius, Altius,\",\"breadcrumb\":{\"@id\":\"https:\/\/graziamagazine.com\/es\/articles\/cerca-alto-y-fuerte\/#breadcrumb\"},\"inLanguage\":\"es\",\"potentialAction\":[{\"@type\":\"ReadAction\",\"target\":[\"https:\/\/graziamagazine.com\/es\/articles\/cerca-alto-y-fuerte\/\"]}]},{\"@type\":\"BreadcrumbList\",\"@id\":\"https:\/\/graziamagazine.com\/es\/articles\/cerca-alto-y-fuerte\/#breadcrumb\",\"itemListElement\":[{\"@type\":\"ListItem\",\"position\":1,\"name\":\"Portada\",\"item\":\"https:\/\/graziamagazine.com\/es\/\"},{\"@type\":\"ListItem\",\"position\":2,\"name\":\"Cerca, alto y fuerte\"}]},{\"@type\":\"WebSite\",\"@id\":\"https:\/\/graziamagazine.com\/es\/#website\",\"url\":\"https:\/\/graziamagazine.com\/es\/\",\"name\":\"Grazia\",\"description\":\"Moda, belleza, celebrities, estilo de vida...\",\"potentialAction\":[{\"@type\":\"SearchAction\",\"target\":{\"@type\":\"EntryPoint\",\"urlTemplate\":\"https:\/\/graziamagazine.com\/es\/?s={search_term_string}\"},\"query-input\":\"required name=search_term_string\"}],\"inLanguage\":\"es\"}]}<\/script>\n<!-- \/ Yoast SEO Premium plugin. -->","yoast_head_json":{"title":"Cerca, alto y fuerte | Grazia","description":"En 1896 el bar\u00f3n de Coubertin dej\u00f3 una huella ol\u00edmpico-ling\u00fcistica, cuando en las primeras Olimpiadas de la era moderna acu\u00f1\u00f3 la frase \"Citius, Altius,","robots":{"index":"index","follow":"follow","max-snippet":"max-snippet:-1","max-image-preview":"max-image-preview:large","max-video-preview":"max-video-preview:-1"},"canonical":"https:\/\/graziamagazine.com\/es\/articles\/cerca-alto-y-fuerte\/","og_locale":"es_ES","og_type":"article","og_title":"Cerca, alto y fuerte","og_description":"En 1896 el bar\u00f3n de Coubertin dej\u00f3 una huella ol\u00edmpico-ling\u00fcistica, cuando en las primeras Olimpiadas de la era moderna acu\u00f1\u00f3 la frase \"Citius, Altius,","og_url":"https:\/\/graziamagazine.com\/es\/articles\/cerca-alto-y-fuerte\/","og_site_name":"Grazia","article_modified_time":"2022-01-18T09:19:28+00:00","og_image":[{"width":1080,"height":1350,"url":"https:\/\/graziamagazine.com\/es\/wp-content\/uploads\/sites\/12\/2022\/01\/barrous_188142052_196370079006250_2588059699877420918_n.jpg?fit=1080%2C1350","type":"image\/jpeg"}],"twitter_card":"summary_large_image","twitter_misc":{"Est. reading time":"6 minutos"},"schema":{"@context":"https:\/\/schema.org","@graph":[{"@type":"WebPage","@id":"https:\/\/graziamagazine.com\/es\/articles\/cerca-alto-y-fuerte\/","url":"https:\/\/graziamagazine.com\/es\/articles\/cerca-alto-y-fuerte\/","name":"Cerca, alto y fuerte | Grazia","isPartOf":{"@id":"https:\/\/graziamagazine.com\/es\/#website"},"datePublished":"2022-01-07T15:01:00+00:00","dateModified":"2022-01-18T09:19:28+00:00","description":"En 1896 el bar\u00f3n de Coubertin dej\u00f3 una huella ol\u00edmpico-ling\u00fcistica, cuando en las primeras Olimpiadas de la era moderna acu\u00f1\u00f3 la frase \"Citius, Altius,","breadcrumb":{"@id":"https:\/\/graziamagazine.com\/es\/articles\/cerca-alto-y-fuerte\/#breadcrumb"},"inLanguage":"es","potentialAction":[{"@type":"ReadAction","target":["https:\/\/graziamagazine.com\/es\/articles\/cerca-alto-y-fuerte\/"]}]},{"@type":"BreadcrumbList","@id":"https:\/\/graziamagazine.com\/es\/articles\/cerca-alto-y-fuerte\/#breadcrumb","itemListElement":[{"@type":"ListItem","position":1,"name":"Portada","item":"https:\/\/graziamagazine.com\/es\/"},{"@type":"ListItem","position":2,"name":"Cerca, alto y fuerte"}]},{"@type":"WebSite","@id":"https:\/\/graziamagazine.com\/es\/#website","url":"https:\/\/graziamagazine.com\/es\/","name":"Grazia","description":"Moda, belleza, celebrities, estilo de vida...","potentialAction":[{"@type":"SearchAction","target":{"@type":"EntryPoint","urlTemplate":"https:\/\/graziamagazine.com\/es\/?s={search_term_string}"},"query-input":"required name=search_term_string"}],"inLanguage":"es"}]}},"jetpack_sharing_enabled":true,"distributor_meta":false,"distributor_terms":false,"distributor_media":false,"distributor_original_site_name":"Grazia","distributor_original_site_url":"https:\/\/graziamagazine.com\/es","push-errors":false,"_links":{"self":[{"href":"https:\/\/graziamagazine.com\/es\/wp-json\/wp\/v2\/articles\/160494"}],"collection":[{"href":"https:\/\/graziamagazine.com\/es\/wp-json\/wp\/v2\/articles"}],"about":[{"href":"https:\/\/graziamagazine.com\/es\/wp-json\/wp\/v2\/types\/articles"}],"author":[{"embeddable":true,"href":"https:\/\/graziamagazine.com\/es\/wp-json\/wp\/v2\/users\/31334"}],"wp:featuredmedia":[{"embeddable":true,"href":"https:\/\/graziamagazine.com\/es\/wp-json\/wp\/v2\/media\/160558"}],"wp:attachment":[{"href":"https:\/\/graziamagazine.com\/es\/wp-json\/wp\/v2\/media?parent=160494"}],"wp:term":[{"taxonomy":"category","embeddable":true,"href":"https:\/\/graziamagazine.com\/es\/wp-json\/wp\/v2\/categories?post=160494"}],"curies":[{"name":"wp","href":"https:\/\/api.w.org\/{rel}","templated":true}]}}