{"id":160430,"date":"2021-12-22T17:09:11","date_gmt":"2021-12-22T16:09:11","guid":{"rendered":"https:\/\/graziamagazine.com\/es\/?post_type=articles&#038;p=160430"},"modified":"2021-12-22T17:09:11","modified_gmt":"2021-12-22T16:09:11","slug":"asi-es-la-coleccion-beauty-de-emily-en-paris-x-lancome","status":"publish","type":"articles","link":"https:\/\/graziamagazine.com\/es\/articles\/asi-es-la-coleccion-beauty-de-emily-en-paris-x-lancome\/","title":{"rendered":"As\u00ed es la colecci\u00f3n beauty de &#8216;Emily en Par\u00eds&#8217; x Lanc\u00f4me"},"content":{"rendered":"<p>Llega el estreno de la segunda temporada de <em>Emily en Par\u00eds,<\/em> y adem\u00e1s de tener preparado la manta y las palomitas para hacer el marat\u00f3n y verla de un tir\u00f3n, tambi\u00e9n estamos enamoradas de una colecci\u00f3n inspirada en la serie y su protagonista.<\/p>\n<p>Se trata de la colecci\u00f3n <em>beauty<\/em> Lanc\u00f4me x\u00a0<span class=\"markrl65istl0\" data-markjs=\"true\" data-ogac=\"\" data-ogab=\"\" data-ogsc=\"\" data-ogsb=\"\">Emily<\/span>\u00a0in\u00a0<span class=\"marktnxyllzbg\" data-markjs=\"true\" data-ogac=\"\" data-ogab=\"\" data-ogsc=\"\" data-ogsb=\"\">Paris, que ya puede ser tuya porque ya est\u00e1 en el mercado. Por primera vez la marca de cosm\u00e9tica francesa se une a una de las series de televisi\u00f3n m\u00e1s populares del momento para una colecci\u00f3n de belleza inspirada\u00a0<span class=\"markvhs6x7ib1\" data-markjs=\"true\" data-ogac=\"\" data-ogab=\"\" data-ogsc=\"\" data-ogsb=\"\">en<\/span>\u00a0el glamour\u00a0parisino.\u00a0<\/span><\/p>\n<blockquote><p>\u201cEsta colaboraci\u00f3n internacional une a dos marcas apasionantes, la elegancia de Lanc\u00f4me y el esp\u00edritu divertido y la esencia de <span class=\"markrl65istl0\" data-markjs=\"true\" data-ogac=\"\" data-ogab=\"\" data-ogsc=\"\" data-ogsb=\"\">Emily<\/span>\u00a0in\u00a0<span class=\"marktnxyllzbg\" data-markjs=\"true\" data-ogac=\"\" data-ogab=\"\" data-ogsc=\"\" data-ogsb=\"\">Paris<\/span>. Estamos convencidos de que las mujeres de todo el mundo se alegrar\u00e1n de poder celebrar\u00a0<span class=\"markrl65istl0\" data-markjs=\"true\" data-ogac=\"\" data-ogab=\"\" data-ogsc=\"\" data-ogsb=\"\">Emily<\/span>\u00a0in\u00a0<span class=\"marktnxyllzbg\" data-markjs=\"true\" data-ogac=\"\" data-ogab=\"\" data-ogsc=\"\" data-ogsb=\"\">Paris<\/span>\u00a0a trav\u00e9s de esta espectacular colecci\u00f3n<b>\u201d<\/b><\/p><\/blockquote>\n<p>Inspirados <span class=\"markvhs6x7ib1\" data-markjs=\"true\" data-ogac=\"\" data-ogab=\"\" data-ogsc=\"\" data-ogsb=\"\">en<\/span>\u00a0la vida\u00a0<span class=\"marktnxyllzbg\" data-markjs=\"true\" data-ogac=\"\" data-ogab=\"\" data-ogsc=\"\" data-ogsb=\"\">paris<\/span>ina, los productos de maquillaje, cuidado para la piel y fragancia de esta edici\u00f3n limitada se presentan con los colores caracter\u00edsticos de la serie, el rojo y el rosa, as\u00ed como con los accesorios fetiche que cuelgan del bolso de\u00a0<span class=\"markrl65istl0\" data-markjs=\"true\" data-ogac=\"\" data-ogab=\"\" data-ogsc=\"\" data-ogsb=\"\">Emily<\/span>, un coraz\u00f3n y una miniatura de la Torre Eiffel.<\/p>\n<h3>AS\u00cd ES LA COLECCI\u00d3N<\/h3>\n<h4>La paleta<\/h4>\n<p>Es la estrella, sin duda. Los 12 tonos de la paleta For the love of Paris, se inspiran en las tres protagonistas: Emily, Mindy y Camile. Su precio es de 65 euros.<\/p>\n<p><img loading=\"lazy\" decoding=\"async\" class=\"aligncenter size-full wp-image-160438\" src=\"https:\/\/graziamagazine.com\/es\/wp-content\/uploads\/sites\/12\/2021\/12\/publicpreview.jpeg\" alt=\"As\u00ed es la colecci\u00f3n beauty de 'Emily en Par\u00eds' x Lanc\u00f4me\" width=\"1024\" height=\"1024\" \/><\/p>\n<h4>Los labiales<\/h4>\n<p>Si algo caracteriza a la intr\u00e9pida Emily son sus labios rojos, que pasea por la Ciudad de la Luz. Lanc\u00f4me ha dado un giro a sus m\u00edticas barras de labios L&#8217;Absolu Rouge, adapt\u00e1ndolas a esta edici\u00f3n limitada. Su precio es de 37,50 euros.<\/p>\n<p><img loading=\"lazy\" decoding=\"async\" class=\"aligncenter size-full wp-image-160440\" src=\"https:\/\/graziamagazine.com\/es\/wp-content\/uploads\/sites\/12\/2021\/12\/publicpreview-2.jpeg\" alt=\"As\u00ed es la colecci\u00f3n beauty de 'Emily en Par\u00eds' x Lanc\u00f4me\" width=\"1024\" height=\"1821\" \/><\/p>\n<h4>La m\u00e1scara<\/h4>\n<p>Perfecta para conseguir un extra de volumen en la mirada. Su precio es de 33,50 euros.<\/p>\n<p><img loading=\"lazy\" decoding=\"async\" class=\"aligncenter size-full wp-image-160439\" src=\"https:\/\/graziamagazine.com\/es\/wp-content\/uploads\/sites\/12\/2021\/12\/publicpreview-1.jpeg\" alt=\"As\u00ed es la colecci\u00f3n beauty de 'Emily en Par\u00eds' x Lanc\u00f4me\" width=\"1024\" height=\"1024\" \/><\/p>\n<h4>El perfume<\/h4>\n<p>Uno de los grandes aromas de la casa francesa, Id\u00f4le, se reinventa en esta edici\u00f3n con aroma de cuatro rosas y jazm\u00edn. Su precio es de 97 euros.<\/p>\n<p><img loading=\"lazy\" decoding=\"async\" class=\"aligncenter size-full wp-image-160441\" src=\"https:\/\/graziamagazine.com\/es\/wp-content\/uploads\/sites\/12\/2021\/12\/publicpreview-3.jpeg\" alt=\"As\u00ed es la colecci\u00f3n beauty de 'Emily en Par\u00eds' x Lanc\u00f4me\" width=\"1024\" height=\"576\" \/><\/p>\n<h3>El s\u00e9rum<\/h3>\n<p>En este kit de belleza no pod\u00eda faltar uno de los productos estrella de la casa cosm\u00e9tica, Advanced G\u00e9nifique Face Serum tambi\u00e9n forma parte de esta edici\u00f3n limitada. Su precio es de 117 euros.<\/p>\n<p><img loading=\"lazy\" decoding=\"async\" class=\"aligncenter size-full wp-image-160442\" src=\"https:\/\/graziamagazine.com\/es\/wp-content\/uploads\/sites\/12\/2021\/12\/publicpreview-4.jpeg\" alt=\"As\u00ed es la colecci\u00f3n beauty de 'Emily en Par\u00eds' x Lanc\u00f4me\" width=\"1024\" height=\"1024\" \/><\/p>\n<p>Sin duda la mejor manera de celebrar el regreso de la serie es con una sesi\u00f3n de belleza desde casa y con todos los productos que Emily elegir\u00eda. \u00bfO no?<\/p>\n<p><em>*Im\u00e1genes: cortes\u00eda de Lanc\u00f4me<\/em><\/p>\n<p>&nbsp;<\/p>\n<blockquote>\n<p class=\"x_MsoNormal\" align=\"center\">\n<\/blockquote>\n","protected":false},"author":11653,"featured_media":160431,"template":"","format":"standard","categories":[7],"acf":[],"yoast_head":"<!-- This site is optimized with the Yoast SEO Premium plugin v18.5 (Yoast SEO v20.4) - https:\/\/yoast.com\/wordpress\/plugins\/seo\/ -->\n<title>As\u00ed es la colecci\u00f3n beauty de &#039;Emily en Par\u00eds&#039; x Lanc\u00f4me | Grazia<\/title>\n<meta name=\"description\" content=\"La segunda temporada de la exitosa serie regresa a Netflix y Lanc\u00f4me lo celebra con una edici\u00f3n limitada que estamos seguros Emily lleva en su bolso por Par\u00eds.\" \/>\n<meta name=\"robots\" content=\"index, follow, max-snippet:-1, max-image-preview:large, max-video-preview:-1\" \/>\n<link rel=\"canonical\" href=\"https:\/\/graziamagazine.com\/es\/articles\/asi-es-la-coleccion-beauty-de-emily-en-paris-x-lancome\/\" \/>\n<meta property=\"og:locale\" content=\"es_ES\" \/>\n<meta property=\"og:type\" content=\"article\" \/>\n<meta property=\"og:title\" content=\"As\u00ed es la colecci\u00f3n beauty de &#039;Emily en Par\u00eds&#039; x Lanc\u00f4me\" \/>\n<meta property=\"og:description\" content=\"La segunda temporada de la exitosa serie regresa a Netflix y Lanc\u00f4me lo celebra con una edici\u00f3n limitada que estamos seguros Emily lleva en su bolso por Par\u00eds.\" \/>\n<meta property=\"og:url\" content=\"https:\/\/graziamagazine.com\/es\/articles\/asi-es-la-coleccion-beauty-de-emily-en-paris-x-lancome\/\" \/>\n<meta property=\"og:site_name\" content=\"Grazia\" \/>\n<meta property=\"og:image\" content=\"https:\/\/graziamagazine.com\/es\/wp-content\/uploads\/sites\/12\/2021\/12\/thumbnail_image006.jpg?fit=706%2C394\" \/>\n\t<meta property=\"og:image:width\" content=\"706\" \/>\n\t<meta property=\"og:image:height\" content=\"394\" \/>\n\t<meta property=\"og:image:type\" content=\"image\/jpeg\" \/>\n<meta name=\"twitter:card\" content=\"summary_large_image\" \/>\n<meta name=\"twitter:label1\" content=\"Est. reading time\" \/>\n\t<meta name=\"twitter:data1\" content=\"2 minutos\" \/>\n<script type=\"application\/ld+json\" class=\"yoast-schema-graph\">{\"@context\":\"https:\/\/schema.org\",\"@graph\":[{\"@type\":\"WebPage\",\"@id\":\"https:\/\/graziamagazine.com\/es\/articles\/asi-es-la-coleccion-beauty-de-emily-en-paris-x-lancome\/\",\"url\":\"https:\/\/graziamagazine.com\/es\/articles\/asi-es-la-coleccion-beauty-de-emily-en-paris-x-lancome\/\",\"name\":\"As\u00ed es la colecci\u00f3n beauty de 'Emily en Par\u00eds' x Lanc\u00f4me | Grazia\",\"isPartOf\":{\"@id\":\"https:\/\/graziamagazine.com\/es\/#website\"},\"datePublished\":\"2021-12-22T16:09:11+00:00\",\"dateModified\":\"2021-12-22T16:09:11+00:00\",\"description\":\"La segunda temporada de la exitosa serie regresa a Netflix y Lanc\u00f4me lo celebra con una edici\u00f3n limitada que estamos seguros Emily lleva en su bolso por Par\u00eds.\",\"breadcrumb\":{\"@id\":\"https:\/\/graziamagazine.com\/es\/articles\/asi-es-la-coleccion-beauty-de-emily-en-paris-x-lancome\/#breadcrumb\"},\"inLanguage\":\"es\",\"potentialAction\":[{\"@type\":\"ReadAction\",\"target\":[\"https:\/\/graziamagazine.com\/es\/articles\/asi-es-la-coleccion-beauty-de-emily-en-paris-x-lancome\/\"]}]},{\"@type\":\"BreadcrumbList\",\"@id\":\"https:\/\/graziamagazine.com\/es\/articles\/asi-es-la-coleccion-beauty-de-emily-en-paris-x-lancome\/#breadcrumb\",\"itemListElement\":[{\"@type\":\"ListItem\",\"position\":1,\"name\":\"Portada\",\"item\":\"https:\/\/graziamagazine.com\/es\/\"},{\"@type\":\"ListItem\",\"position\":2,\"name\":\"As\u00ed es la colecci\u00f3n beauty de &#8216;Emily en Par\u00eds&#8217; x Lanc\u00f4me\"}]},{\"@type\":\"WebSite\",\"@id\":\"https:\/\/graziamagazine.com\/es\/#website\",\"url\":\"https:\/\/graziamagazine.com\/es\/\",\"name\":\"Grazia\",\"description\":\"Moda, belleza, celebrities, estilo de vida...\",\"potentialAction\":[{\"@type\":\"SearchAction\",\"target\":{\"@type\":\"EntryPoint\",\"urlTemplate\":\"https:\/\/graziamagazine.com\/es\/?s={search_term_string}\"},\"query-input\":\"required name=search_term_string\"}],\"inLanguage\":\"es\"}]}<\/script>\n<!-- \/ Yoast SEO Premium plugin. -->","yoast_head_json":{"title":"As\u00ed es la colecci\u00f3n beauty de 'Emily en Par\u00eds' x Lanc\u00f4me | Grazia","description":"La segunda temporada de la exitosa serie regresa a Netflix y Lanc\u00f4me lo celebra con una edici\u00f3n limitada que estamos seguros Emily lleva en su bolso por Par\u00eds.","robots":{"index":"index","follow":"follow","max-snippet":"max-snippet:-1","max-image-preview":"max-image-preview:large","max-video-preview":"max-video-preview:-1"},"canonical":"https:\/\/graziamagazine.com\/es\/articles\/asi-es-la-coleccion-beauty-de-emily-en-paris-x-lancome\/","og_locale":"es_ES","og_type":"article","og_title":"As\u00ed es la colecci\u00f3n beauty de 'Emily en Par\u00eds' x Lanc\u00f4me","og_description":"La segunda temporada de la exitosa serie regresa a Netflix y Lanc\u00f4me lo celebra con una edici\u00f3n limitada que estamos seguros Emily lleva en su bolso por Par\u00eds.","og_url":"https:\/\/graziamagazine.com\/es\/articles\/asi-es-la-coleccion-beauty-de-emily-en-paris-x-lancome\/","og_site_name":"Grazia","og_image":[{"width":706,"height":394,"url":"https:\/\/graziamagazine.com\/es\/wp-content\/uploads\/sites\/12\/2021\/12\/thumbnail_image006.jpg?fit=706%2C394","type":"image\/jpeg"}],"twitter_card":"summary_large_image","twitter_misc":{"Est. reading time":"2 minutos"},"schema":{"@context":"https:\/\/schema.org","@graph":[{"@type":"WebPage","@id":"https:\/\/graziamagazine.com\/es\/articles\/asi-es-la-coleccion-beauty-de-emily-en-paris-x-lancome\/","url":"https:\/\/graziamagazine.com\/es\/articles\/asi-es-la-coleccion-beauty-de-emily-en-paris-x-lancome\/","name":"As\u00ed es la colecci\u00f3n beauty de 'Emily en Par\u00eds' x Lanc\u00f4me | Grazia","isPartOf":{"@id":"https:\/\/graziamagazine.com\/es\/#website"},"datePublished":"2021-12-22T16:09:11+00:00","dateModified":"2021-12-22T16:09:11+00:00","description":"La segunda temporada de la exitosa serie regresa a Netflix y Lanc\u00f4me lo celebra con una edici\u00f3n limitada que estamos seguros Emily lleva en su bolso por Par\u00eds.","breadcrumb":{"@id":"https:\/\/graziamagazine.com\/es\/articles\/asi-es-la-coleccion-beauty-de-emily-en-paris-x-lancome\/#breadcrumb"},"inLanguage":"es","potentialAction":[{"@type":"ReadAction","target":["https:\/\/graziamagazine.com\/es\/articles\/asi-es-la-coleccion-beauty-de-emily-en-paris-x-lancome\/"]}]},{"@type":"BreadcrumbList","@id":"https:\/\/graziamagazine.com\/es\/articles\/asi-es-la-coleccion-beauty-de-emily-en-paris-x-lancome\/#breadcrumb","itemListElement":[{"@type":"ListItem","position":1,"name":"Portada","item":"https:\/\/graziamagazine.com\/es\/"},{"@type":"ListItem","position":2,"name":"As\u00ed es la colecci\u00f3n beauty de &#8216;Emily en Par\u00eds&#8217; x Lanc\u00f4me"}]},{"@type":"WebSite","@id":"https:\/\/graziamagazine.com\/es\/#website","url":"https:\/\/graziamagazine.com\/es\/","name":"Grazia","description":"Moda, belleza, celebrities, estilo de vida...","potentialAction":[{"@type":"SearchAction","target":{"@type":"EntryPoint","urlTemplate":"https:\/\/graziamagazine.com\/es\/?s={search_term_string}"},"query-input":"required name=search_term_string"}],"inLanguage":"es"}]}},"jetpack_sharing_enabled":true,"distributor_meta":false,"distributor_terms":false,"distributor_media":false,"distributor_original_site_name":"Grazia","distributor_original_site_url":"https:\/\/graziamagazine.com\/es","push-errors":false,"_links":{"self":[{"href":"https:\/\/graziamagazine.com\/es\/wp-json\/wp\/v2\/articles\/160430"}],"collection":[{"href":"https:\/\/graziamagazine.com\/es\/wp-json\/wp\/v2\/articles"}],"about":[{"href":"https:\/\/graziamagazine.com\/es\/wp-json\/wp\/v2\/types\/articles"}],"author":[{"embeddable":true,"href":"https:\/\/graziamagazine.com\/es\/wp-json\/wp\/v2\/users\/11653"}],"wp:featuredmedia":[{"embeddable":true,"href":"https:\/\/graziamagazine.com\/es\/wp-json\/wp\/v2\/media\/160431"}],"wp:attachment":[{"href":"https:\/\/graziamagazine.com\/es\/wp-json\/wp\/v2\/media?parent=160430"}],"wp:term":[{"taxonomy":"category","embeddable":true,"href":"https:\/\/graziamagazine.com\/es\/wp-json\/wp\/v2\/categories?post=160430"}],"curies":[{"name":"wp","href":"https:\/\/api.w.org\/{rel}","templated":true}]}}