{"id":160181,"date":"2021-12-13T12:18:10","date_gmt":"2021-12-13T11:18:10","guid":{"rendered":"https:\/\/graziamagazine.com\/es\/?post_type=articles&#038;p=160181"},"modified":"2021-12-13T12:18:10","modified_gmt":"2021-12-13T11:18:10","slug":"dior-mens-fall-2022-una-coleccion-inspirada-en-el-escritor-jack-kerouac","status":"publish","type":"articles","link":"https:\/\/graziamagazine.com\/es\/articles\/dior-mens-fall-2022-una-coleccion-inspirada-en-el-escritor-jack-kerouac\/","title":{"rendered":"Dior Men\u2019s Fall 2022, una colecci\u00f3n inspirada en el escritor Jack Kerouac"},"content":{"rendered":"<p><a href=\"https:\/\/graziamagazine.com\/mx\/articles\/cara-delevingne-protagoniza-la-nueva-campana-de-dior-rose-des-vents\/\"><strong>Dior<\/strong><\/a> no deja de sorprendernos, y en esta ocasi\u00f3n lo ha hecho de una forma espectacular y podr\u00edamos decir que hist\u00f3rica. El director creativo de la marca, <a href=\"https:\/\/graziamagazine.com\/mx\/articles\/kim-jones-se-acerca-a-maria-grazia-chiuri-en-su-debut-para-dior-men\/\"><strong>Kim Jones<\/strong> <\/a>ha decidido rendir homenaje a uno de los hombres que cambi\u00f3 la escritura de la misma forma que <strong>Christian Dior<\/strong> en la moda,<strong> Jack Kerouac<\/strong>.<span class=\"Apple-converted-space\">\u00a0<\/span><\/p>\n<p>De la contracultura a la alta costura, esta colecci\u00f3n fusiona el taller y la carretera. Combinando la delicadeza de una <em>Maison<\/em> parisina con la facilidad moderna de la ropa deportiva de media Am\u00e9rica.<span class=\"Apple-converted-space\">\u00a0<\/span><\/p>\n<p>Tejidos de<strong><em> Fair Isle<\/em> <\/strong>con bordados de lentejuelas, cliqu\u00e9s que se tejen con el logo \u201c<strong>CD Diamond<\/strong>\u201d, sedas <em>Foulards<\/em> originales de los 60\u00b4s y gr\u00e1ficos de una serie de pa\u00f1uelos <strong>Dior <em>Carr\u00e9<\/em><\/strong> que adornan camisas y chaquetas, son algunas de las cosas que podemos ver a lo largo de la colecci\u00f3n.<span class=\"Apple-converted-space\">\u00a0<\/span><\/p>\n<div class=\"content-gallery\">\n<div class=\"gallery-placeholder\">\n<div class=\"spinner\"><\/div>\n<\/div>\n<p>&nbsp;<\/p>\n<div id=\"gallery-1\" class=\"gallery galleryid- gallery-columns- gallery-size-\">\n<figure class=\"gallery-item\">\n<div class=\"gallery-icon landscape\"><img loading=\"lazy\" decoding=\"async\" class=\"lazy\" src=\"https:\/\/graziamagazine.com\/mx\/wp-content\/uploads\/sites\/13\/2021\/12\/12121-1.jpg?resize=1024%2C1536\" alt=\"\" width=\"1024\" height=\"1536\" data-recalc-dims=\"1\" \/><\/div>\n<\/figure>\n<figure class=\"gallery-item\">\n<div class=\"gallery-icon landscape\"><img loading=\"lazy\" decoding=\"async\" class=\"lazy\" src=\"https:\/\/graziamagazine.com\/mx\/wp-content\/uploads\/sites\/13\/2021\/12\/232323.jpg?resize=1024%2C1536\" alt=\"\" width=\"1024\" height=\"1536\" data-recalc-dims=\"1\" \/><\/div>\n<\/figure>\n<figure class=\"gallery-item\">\n<div class=\"gallery-icon landscape\"><img loading=\"lazy\" decoding=\"async\" class=\"lazy\" src=\"https:\/\/graziamagazine.com\/mx\/wp-content\/uploads\/sites\/13\/2021\/12\/FREF.jpg?resize=1024%2C1536\" alt=\"\" width=\"1024\" height=\"1536\" data-recalc-dims=\"1\" \/><\/div>\n<\/figure>\n<figure class=\"gallery-item\">\n<div class=\"gallery-icon landscape\"><img loading=\"lazy\" decoding=\"async\" class=\"lazy\" src=\"https:\/\/graziamagazine.com\/mx\/wp-content\/uploads\/sites\/13\/2021\/12\/QWEEE.jpg?resize=1024%2C1521\" alt=\"\" width=\"1024\" height=\"1521\" data-recalc-dims=\"1\" \/><\/div>\n<\/figure>\n<figure class=\"gallery-item\">\n<div class=\"gallery-icon landscape\"><img loading=\"lazy\" decoding=\"async\" class=\"lazy\" src=\"https:\/\/graziamagazine.com\/mx\/wp-content\/uploads\/sites\/13\/2021\/12\/QEQE.jpg?resize=1024%2C1524\" alt=\"\" width=\"1024\" height=\"1524\" data-recalc-dims=\"1\" \/><\/div>\n<\/figure>\n<figure class=\"gallery-item\">\n<div class=\"gallery-icon landscape\"><img loading=\"lazy\" decoding=\"async\" class=\"lazy\" src=\"https:\/\/graziamagazine.com\/mx\/wp-content\/uploads\/sites\/13\/2021\/12\/SADADA.jpg?resize=1024%2C1536\" alt=\"\" width=\"1024\" height=\"1536\" data-recalc-dims=\"1\" \/><\/div>\n<\/figure>\n<figure class=\"gallery-item\">\n<div class=\"gallery-icon landscape\"><img loading=\"lazy\" decoding=\"async\" class=\"lazy\" src=\"https:\/\/graziamagazine.com\/mx\/wp-content\/uploads\/sites\/13\/2021\/12\/TRRG.jpg?resize=1024%2C1536\" alt=\"\" width=\"1024\" height=\"1536\" data-recalc-dims=\"1\" \/><\/div>\n<\/figure>\n<figure class=\"gallery-item\">\n<div class=\"gallery-icon landscape\"><img loading=\"lazy\" decoding=\"async\" class=\"lazy\" src=\"https:\/\/graziamagazine.com\/mx\/wp-content\/uploads\/sites\/13\/2021\/12\/WEWEWE.jpg?resize=1024%2C1535\" alt=\"\" width=\"1024\" height=\"1535\" data-recalc-dims=\"1\" \/><\/div>\n<\/figure>\n<\/div>\n<\/div>\n<p>La colecci\u00f3n combina la herencia de <strong>Dior<\/strong> con la t\u00e9cnica de <strong>Alta Costura<\/strong> y la tecnolog\u00eda del futuro. Todo con el esp\u00edritu progresista que caracteriz\u00f3 a la Am\u00e9rica de mediados de siglo: Sedas t\u00e9cnicas y <em>nylons<\/em> reciclados se combinan con bordados y una suave paleta de colores pastel con toques de gris <strong>Dior<\/strong> extra\u00edda de los archivos de la casa.<\/p>\n<p>En cuanto a los accesorios podemos ver cordones de escalada ensartados en la silueta de la <strong>bolsa<\/strong> <strong>Sill\u00edn<\/strong>, y claro, los cl\u00e1sicos porta-libros dise\u00f1ados como fundas de iPhone. En la parte inferior, la <em>Maison<\/em> nos presenta los cl\u00e1sicos <strong>Derbies<\/strong>, las sandalias de cuerda para caminar y una nueva bota de senderismo <strong>Dior<\/strong>, cuya herencia de Alta Costura se refleja a trav\u00e9s de incrustaciones de cuadros bordados con lentejuelas y cueros ex\u00f3ticos que siguen siendo dise\u00f1ados para el d\u00eda a d\u00eda.<\/p>\n<p>Celebrado en Londres, la pasarela de<strong> Dior Men\u2019s Fall 2022<\/strong>, estuvo adornada como recreaci\u00f3n de la biblioteca de primeras ediciones y documentos raros que se conservan en la propia casa de <strong>Londres de Jones<\/strong>.<\/p>\n<div class=\"content-gallery\">\n<div class=\"gallery-placeholder\">\n<div class=\"spinner\"><\/div>\n<\/div>\n<p>&nbsp;<\/p>\n<div id=\"gallery-2\" class=\"gallery galleryid- gallery-columns- gallery-size-\">\n<figure class=\"gallery-item\">\n<div class=\"gallery-icon landscape\"><img loading=\"lazy\" decoding=\"async\" class=\"lazy\" src=\"https:\/\/graziamagazine.com\/mx\/wp-content\/uploads\/sites\/13\/2021\/12\/2323-1.jpg?resize=1024%2C666\" alt=\"\" width=\"1024\" height=\"666\" data-recalc-dims=\"1\" \/><\/div>\n<\/figure>\n<figure class=\"gallery-item\">\n<div class=\"gallery-icon landscape\"><img loading=\"lazy\" decoding=\"async\" class=\"lazy\" src=\"https:\/\/graziamagazine.com\/mx\/wp-content\/uploads\/sites\/13\/2021\/12\/SDSDDS.jpg?resize=1024%2C648\" alt=\"\" width=\"1024\" height=\"648\" data-recalc-dims=\"1\" \/><\/div>\n<\/figure>\n<figure class=\"gallery-item\">\n<div class=\"gallery-icon landscape\"><img loading=\"lazy\" decoding=\"async\" class=\"lazy\" src=\"https:\/\/graziamagazine.com\/mx\/wp-content\/uploads\/sites\/13\/2021\/12\/FVFVF.jpg?resize=1024%2C676\" alt=\"\" width=\"1024\" height=\"676\" data-recalc-dims=\"1\" \/><\/div>\n<\/figure>\n<\/div>\n<\/div>\n<p>El <em>Runway<\/em> se desarroll\u00f3 como una historia en s\u00ed mismo, el decorada reintento el legendario manuscrito de <strong>On the Road<\/strong>, un pergamino continuo de 120 pies, un tel\u00f3n de fondo adecuado para una colecci\u00f3n dedicada a la vida la literatura de <strong>Kerouac<\/strong>.<\/p>\n<p>Entre los invitados pudimos ver a\u00a0<strong>Naomi Campbell<\/strong>, <strong>Lila Moss<\/strong>, <strong>Sam Smith<\/strong>, <strong>Common<\/strong>,<strong> Luca Guadagnino<\/strong> y <strong>Natalia Dyer<\/strong> y <strong>Charlie Heaton<\/strong>, todos los cuales se sentaron en primera fila para participar en el espect\u00e1culo el jueves por la noche.<\/p>\n<p>Sin duda un espect\u00e1culo rodeado de literatura, historia y moda\u2026 \u00bfQu\u00e9 piensas de esta nueva colecci\u00f3n de la firma?<\/p>\n<p><iframe loading=\"lazy\" title=\"The Dior\u00a0Fall 2022 Men\u2019s Show\" width=\"500\" height=\"281\" src=\"https:\/\/www.youtube.com\/embed\/T4RrVMWw2-U?feature=oembed\" frameborder=\"0\" allow=\"accelerometer; autoplay; clipboard-write; encrypted-media; gyroscope; picture-in-picture\" allowfullscreen><\/iframe><\/p>\n<h5>IM\u00c1GENES: Cortes\u00eda de Dior<\/h5>\n","protected":false},"author":16349,"featured_media":160183,"template":"","format":"standard","categories":[1],"acf":[],"yoast_head":"<!-- This site is optimized with the Yoast SEO Premium plugin v18.5 (Yoast SEO v20.4) - https:\/\/yoast.com\/wordpress\/plugins\/seo\/ -->\n<title>Dior Men\u2019s Fall 2022, una colecci\u00f3n inspirada en el escritor Jack Kerouac | Grazia<\/title>\n<meta name=\"description\" content=\"Dior no deja de sorprendernos, y en esta ocasi\u00f3n lo ha hecho de una forma espectacular y podr\u00edamos decir que hist\u00f3rica. El director creativo de la marca,\" \/>\n<meta name=\"robots\" content=\"index, follow, max-snippet:-1, max-image-preview:large, max-video-preview:-1\" \/>\n<link rel=\"canonical\" href=\"https:\/\/graziamagazine.com\/es\/articles\/dior-mens-fall-2022-una-coleccion-inspirada-en-el-escritor-jack-kerouac\/\" \/>\n<meta property=\"og:locale\" content=\"es_ES\" \/>\n<meta property=\"og:type\" content=\"article\" \/>\n<meta property=\"og:title\" content=\"Dior Men\u2019s Fall 2022, una colecci\u00f3n inspirada en el escritor Jack Kerouac\" \/>\n<meta property=\"og:description\" content=\"Dior no deja de sorprendernos, y en esta ocasi\u00f3n lo ha hecho de una forma espectacular y podr\u00edamos decir que hist\u00f3rica. El director creativo de la marca,\" \/>\n<meta property=\"og:url\" content=\"https:\/\/graziamagazine.com\/es\/articles\/dior-mens-fall-2022-una-coleccion-inspirada-en-el-escritor-jack-kerouac\/\" \/>\n<meta property=\"og:site_name\" content=\"Grazia\" \/>\n<meta property=\"og:image\" content=\"https:\/\/graziamagazine.com\/es\/wp-content\/uploads\/sites\/12\/2021\/12\/QWWQWQ.jpg?fit=2596%2C1750\" \/>\n\t<meta property=\"og:image:width\" content=\"2596\" \/>\n\t<meta property=\"og:image:height\" content=\"1750\" \/>\n\t<meta property=\"og:image:type\" content=\"image\/jpeg\" \/>\n<meta name=\"twitter:card\" content=\"summary_large_image\" \/>\n<meta name=\"twitter:label1\" content=\"Est. reading time\" \/>\n\t<meta name=\"twitter:data1\" content=\"2 minutos\" \/>\n<script type=\"application\/ld+json\" class=\"yoast-schema-graph\">{\"@context\":\"https:\/\/schema.org\",\"@graph\":[{\"@type\":\"WebPage\",\"@id\":\"https:\/\/graziamagazine.com\/es\/articles\/dior-mens-fall-2022-una-coleccion-inspirada-en-el-escritor-jack-kerouac\/\",\"url\":\"https:\/\/graziamagazine.com\/es\/articles\/dior-mens-fall-2022-una-coleccion-inspirada-en-el-escritor-jack-kerouac\/\",\"name\":\"Dior Men\u2019s Fall 2022, una colecci\u00f3n inspirada en el escritor Jack Kerouac | Grazia\",\"isPartOf\":{\"@id\":\"https:\/\/graziamagazine.com\/es\/#website\"},\"datePublished\":\"2021-12-13T11:18:10+00:00\",\"dateModified\":\"2021-12-13T11:18:10+00:00\",\"description\":\"Dior no deja de sorprendernos, y en esta ocasi\u00f3n lo ha hecho de una forma espectacular y podr\u00edamos decir que hist\u00f3rica. El director creativo de la marca,\",\"breadcrumb\":{\"@id\":\"https:\/\/graziamagazine.com\/es\/articles\/dior-mens-fall-2022-una-coleccion-inspirada-en-el-escritor-jack-kerouac\/#breadcrumb\"},\"inLanguage\":\"es\",\"potentialAction\":[{\"@type\":\"ReadAction\",\"target\":[\"https:\/\/graziamagazine.com\/es\/articles\/dior-mens-fall-2022-una-coleccion-inspirada-en-el-escritor-jack-kerouac\/\"]}]},{\"@type\":\"BreadcrumbList\",\"@id\":\"https:\/\/graziamagazine.com\/es\/articles\/dior-mens-fall-2022-una-coleccion-inspirada-en-el-escritor-jack-kerouac\/#breadcrumb\",\"itemListElement\":[{\"@type\":\"ListItem\",\"position\":1,\"name\":\"Portada\",\"item\":\"https:\/\/graziamagazine.com\/es\/\"},{\"@type\":\"ListItem\",\"position\":2,\"name\":\"Dior Men\u2019s Fall 2022, una colecci\u00f3n inspirada en el escritor Jack Kerouac\"}]},{\"@type\":\"WebSite\",\"@id\":\"https:\/\/graziamagazine.com\/es\/#website\",\"url\":\"https:\/\/graziamagazine.com\/es\/\",\"name\":\"Grazia\",\"description\":\"Moda, belleza, celebrities, estilo de vida...\",\"potentialAction\":[{\"@type\":\"SearchAction\",\"target\":{\"@type\":\"EntryPoint\",\"urlTemplate\":\"https:\/\/graziamagazine.com\/es\/?s={search_term_string}\"},\"query-input\":\"required name=search_term_string\"}],\"inLanguage\":\"es\"}]}<\/script>\n<!-- \/ Yoast SEO Premium plugin. -->","yoast_head_json":{"title":"Dior Men\u2019s Fall 2022, una colecci\u00f3n inspirada en el escritor Jack Kerouac | Grazia","description":"Dior no deja de sorprendernos, y en esta ocasi\u00f3n lo ha hecho de una forma espectacular y podr\u00edamos decir que hist\u00f3rica. El director creativo de la marca,","robots":{"index":"index","follow":"follow","max-snippet":"max-snippet:-1","max-image-preview":"max-image-preview:large","max-video-preview":"max-video-preview:-1"},"canonical":"https:\/\/graziamagazine.com\/es\/articles\/dior-mens-fall-2022-una-coleccion-inspirada-en-el-escritor-jack-kerouac\/","og_locale":"es_ES","og_type":"article","og_title":"Dior Men\u2019s Fall 2022, una colecci\u00f3n inspirada en el escritor Jack Kerouac","og_description":"Dior no deja de sorprendernos, y en esta ocasi\u00f3n lo ha hecho de una forma espectacular y podr\u00edamos decir que hist\u00f3rica. El director creativo de la marca,","og_url":"https:\/\/graziamagazine.com\/es\/articles\/dior-mens-fall-2022-una-coleccion-inspirada-en-el-escritor-jack-kerouac\/","og_site_name":"Grazia","og_image":[{"width":2596,"height":1750,"url":"https:\/\/graziamagazine.com\/es\/wp-content\/uploads\/sites\/12\/2021\/12\/QWWQWQ.jpg?fit=2596%2C1750","type":"image\/jpeg"}],"twitter_card":"summary_large_image","twitter_misc":{"Est. reading time":"2 minutos"},"schema":{"@context":"https:\/\/schema.org","@graph":[{"@type":"WebPage","@id":"https:\/\/graziamagazine.com\/es\/articles\/dior-mens-fall-2022-una-coleccion-inspirada-en-el-escritor-jack-kerouac\/","url":"https:\/\/graziamagazine.com\/es\/articles\/dior-mens-fall-2022-una-coleccion-inspirada-en-el-escritor-jack-kerouac\/","name":"Dior Men\u2019s Fall 2022, una colecci\u00f3n inspirada en el escritor Jack Kerouac | Grazia","isPartOf":{"@id":"https:\/\/graziamagazine.com\/es\/#website"},"datePublished":"2021-12-13T11:18:10+00:00","dateModified":"2021-12-13T11:18:10+00:00","description":"Dior no deja de sorprendernos, y en esta ocasi\u00f3n lo ha hecho de una forma espectacular y podr\u00edamos decir que hist\u00f3rica. El director creativo de la marca,","breadcrumb":{"@id":"https:\/\/graziamagazine.com\/es\/articles\/dior-mens-fall-2022-una-coleccion-inspirada-en-el-escritor-jack-kerouac\/#breadcrumb"},"inLanguage":"es","potentialAction":[{"@type":"ReadAction","target":["https:\/\/graziamagazine.com\/es\/articles\/dior-mens-fall-2022-una-coleccion-inspirada-en-el-escritor-jack-kerouac\/"]}]},{"@type":"BreadcrumbList","@id":"https:\/\/graziamagazine.com\/es\/articles\/dior-mens-fall-2022-una-coleccion-inspirada-en-el-escritor-jack-kerouac\/#breadcrumb","itemListElement":[{"@type":"ListItem","position":1,"name":"Portada","item":"https:\/\/graziamagazine.com\/es\/"},{"@type":"ListItem","position":2,"name":"Dior Men\u2019s Fall 2022, una colecci\u00f3n inspirada en el escritor Jack Kerouac"}]},{"@type":"WebSite","@id":"https:\/\/graziamagazine.com\/es\/#website","url":"https:\/\/graziamagazine.com\/es\/","name":"Grazia","description":"Moda, belleza, celebrities, estilo de vida...","potentialAction":[{"@type":"SearchAction","target":{"@type":"EntryPoint","urlTemplate":"https:\/\/graziamagazine.com\/es\/?s={search_term_string}"},"query-input":"required name=search_term_string"}],"inLanguage":"es"}]}},"jetpack_sharing_enabled":true,"distributor_meta":false,"distributor_terms":false,"distributor_media":false,"distributor_original_site_name":"Grazia","distributor_original_site_url":"https:\/\/graziamagazine.com\/es","push-errors":false,"_links":{"self":[{"href":"https:\/\/graziamagazine.com\/es\/wp-json\/wp\/v2\/articles\/160181"}],"collection":[{"href":"https:\/\/graziamagazine.com\/es\/wp-json\/wp\/v2\/articles"}],"about":[{"href":"https:\/\/graziamagazine.com\/es\/wp-json\/wp\/v2\/types\/articles"}],"author":[{"embeddable":true,"href":"https:\/\/graziamagazine.com\/es\/wp-json\/wp\/v2\/users\/16349"}],"wp:featuredmedia":[{"embeddable":true,"href":"https:\/\/graziamagazine.com\/es\/wp-json\/wp\/v2\/media\/160183"}],"wp:attachment":[{"href":"https:\/\/graziamagazine.com\/es\/wp-json\/wp\/v2\/media?parent=160181"}],"wp:term":[{"taxonomy":"category","embeddable":true,"href":"https:\/\/graziamagazine.com\/es\/wp-json\/wp\/v2\/categories?post=160181"}],"curies":[{"name":"wp","href":"https:\/\/api.w.org\/{rel}","templated":true}]}}