{"id":159359,"date":"2021-09-22T12:00:51","date_gmt":"2021-09-22T10:00:51","guid":{"rendered":"https:\/\/graziamagazine.com\/es\/?post_type=articles&#038;p=159359"},"modified":"2021-09-22T00:46:32","modified_gmt":"2021-09-21T22:46:32","slug":"nuevo-objeto-de-deseo-la-coleccion-para-el-movil-de-la-vecina-rubia","status":"publish","type":"articles","link":"https:\/\/graziamagazine.com\/es\/articles\/nuevo-objeto-de-deseo-la-coleccion-para-el-movil-de-la-vecina-rubia\/","title":{"rendered":"Nuevo objeto de deseo: la colecci\u00f3n para el m\u00f3vil de La vecina rubia"},"content":{"rendered":"<p>M\u00e1s que nunca hoy el tel\u00e9fono m\u00f3vil es un accesorio que no puede faltar en nuestro outfit diario, y que cada vez m\u00e1s combinamos con cada uno de nuestros looks. Las marcas lanzan cada vez m\u00e1s colecciones para que nuestro smartphone tenga una nueva vida, y \u00a1hasta sus propios outfits!<\/p>\n<p>Hoy venimos a hablarte de una nueva colecci\u00f3n que nos ha vuelto locas y se ha convertido en una nueva favorita. Se trata de la colecci\u00f3n de carcasas y accesorios que ha creado La vecina rubia junto a La casa de las carcasas. \u00a1Una completa fantas\u00eda!<\/p>\n<p>Si eres de las que quieres usar una nueva carcasa cada d\u00eda, llena de brilli brilli y mensajes empoderados, esta colecci\u00f3n es para ti, sin duda. Y adem\u00e1s, podr\u00e1s llevar tu m\u00f3vil colgado porque La vecina rubia ha pensado en todo. Aqu\u00ed est\u00e1n los modelos que forman la colecci\u00f3n.<\/p>\n<h3><strong>Carcasas espejo\u00a0<em>Fantas\u00eda<\/em><\/strong><\/h3>\n<p>Si eres de las que habla de\u00a0\u2018fantas\u00eda\u2019 cuando ve algo realmente precioso,\u00a0te adelantamos que no vas a poder vivir sin estas carcasas para m\u00f3vil con\u00a0<a href=\"https:\/\/lacasadelascarcasas.es\/colaboraciones\/la-vecina-rubia\/funda-espejo-oro-fantasia-flores-azules-la-vecina-rubia\" target=\"_blank\">estampado de flores con mariposas y bichitos en color verde menta\u00a0y rosa<\/a>. Est\u00e1n fabricadas en silicona transparente y flexible con el frontal en espejo color oropara aportar un punto de brillo y elegancia.<\/p>\n<p>Y si, adem\u00e1s, ya tienes tu agenda de La Vecina Rubia solo podemos darte una noticia todav\u00eda mejor: combinan maravillosamente.<\/p>\n<p><img loading=\"lazy\" decoding=\"async\" class=\"aligncenter wp-image-159360\" src=\"https:\/\/graziamagazine.com\/es\/wp-content\/uploads\/sites\/12\/2021\/09\/funda-espejo-oro-fantasia-flores-azules-la-vecina-rubia.jpeg\" alt=\"\" width=\"700\" height=\"700\" \/><\/p>\n<h3><strong><em>Voy con todo<\/em><\/strong><strong>\u00a0como estilo de vida<\/strong><\/h3>\n<p>Por fin est\u00e1 disponible para tu smartphone el nuevo dise\u00f1o \u2018Voy con todo\u2019 de La Vecina Rubia. Puedes encontrarlo en formato de\u00a0<a href=\"https:\/\/lacasadelascarcasas.es\/colaboraciones\/la-vecina-rubia\/funda-ultra-suave-rosa-voy-con-todo-la-vecina-rubia\" target=\"_blank\">carcasa ultra suave en color rosa arena<\/a>\u00a0que combina a la perfecci\u00f3n con cualquier accesorio. Su fabricaci\u00f3n en silicona flexible de alta calidad la hace s\u00faper agradable al tacto y la estera de microfibra suave evita que tu smartphone se desgaste. Tambi\u00e9n\u00a0\u00a0puedes encontrarla en\u00a0<a href=\"https:\/\/lacasadelascarcasas.es\/colaboraciones\/la-vecina-rubia\/funda-espejo-oro-voy-con-todo-la-vecina-rubia\" target=\"_blank\">modelo espejo<\/a> color oro (mi favorito sin duda) y para las que prefieren dejar que se vea la parte trasera de su m\u00f3vil tambi\u00e9n estar\u00e1n disponibles las carcasas <a href=\"https:\/\/lacasadelascarcasas.es\/colaboraciones\/la-vecina-rubia\/funda-voy-con-todo-la-vecina-rubia\" target=\"_blank\">Voy Con Todo\u00a0<\/a>,\u00a0<a href=\"https:\/\/lacasadelascarcasas.es\/colaboraciones\/la-vecina-rubia\/funda-aqui-hemos-venido-a-brillar-la-vecina-rubia\" target=\"_blank\">Aqu\u00ed Hemos Venido a Brillar<\/a>\u00a0y un precioso estampado de flores\u00a0en silicona TPU transparente.<\/p>\n<p><img loading=\"lazy\" decoding=\"async\" class=\"aligncenter wp-image-159361\" src=\"https:\/\/graziamagazine.com\/es\/wp-content\/uploads\/sites\/12\/2021\/09\/funda-espejo-oro-voy-con-todo-la-vecina-rubia.jpeg\" alt=\"\" width=\"700\" height=\"700\" \/><\/p>\n<h3><strong>Pulseras y colgantes para llevar el m\u00f3vil contigo a todas partes\u00a0<\/strong><\/h3>\n<p>Una colecci\u00f3n tan estilosa no pod\u00eda dejar de lado una de las tendencias m\u00e1s actuales dentro del mundo de las fundas y accesorios para m\u00f3vil: colgantes y pulseras. Los dos modelos de pulseras, con\u00a0<a href=\"https:\/\/lacasadelascarcasas.es\/colaboraciones\/la-vecina-rubia\/pulsera-oficial-de-la-vecina-rubia\" target=\"_blank\">corazones<\/a>\u00a0y\u00a0<a href=\"https:\/\/lacasadelascarcasas.es\/colaboraciones\/la-vecina-rubia\/pulsera-oficial-de-la-vecina-rubia\" target=\"_blank\">perlas<\/a>, no dejar\u00e1n indiferente a nadie. Adem\u00e1s, para las que no pueden vivir sin llevar su m\u00f3vil colgado como si fuera un bolso, tambi\u00e9n habr\u00e1 dos modelos de colgantes, uno en color\u00a0<a href=\"https:\/\/lacasadelascarcasas.es\/colaboraciones\/la-vecina-rubia\/colgante-voy-con-todo-oficial-la-vecina-rubia\" target=\"_blank\">oro<\/a>\u00a0y\u00a0\u00a0otro en diferentes tonos de\u00a0<a href=\"https:\/\/lacasadelascarcasas.es\/colaboraciones\/la-vecina-rubia\/colgante-voy-con-todo-oficial-la-vecina-rubia\" target=\"_blank\">rosa<\/a>\u00a0con el dise\u00f1o\u00a0<em>voy con todo<\/em>.<\/p>\n<div class=\"content-gallery\"><div class=\"gallery-placeholder\"><div class=\"spinner\"><\/div><\/div><span class=\"gallery-pagination\"><\/span><div id=\"gallery-1\" class=\"gallery galleryid-159359 gallery-columns- gallery-size-\"><figure class=\"gallery-item\"><div class=\"gallery-icon landscape\"><img loading=\"lazy\" decoding=\"async\" width=\"900\" height=\"900\" src=\"https:\/\/graziamagazine.com\/es\/wp-content\/uploads\/sites\/12\/2021\/09\/colgante-voy-con-todo-oficial-la-vecina-rubia-2.jpeg\" class=\"lazy\" alt=\"\" \/><\/div><\/figure><figure class=\"gallery-item\"><div class=\"gallery-icon landscape\"><img loading=\"lazy\" decoding=\"async\" width=\"1080\" height=\"1080\" src=\"https:\/\/graziamagazine.com\/es\/wp-content\/uploads\/sites\/12\/2021\/09\/a6da2af5-7923-4ab5-955d-ffb8a7d1e893.jpeg\" class=\"lazy\" alt=\"\" \/><\/div><\/figure><\/div><\/div>\n<p>Toda la colecci\u00f3n puede adquirirse online en <a href=\"https:\/\/lacasadelascarcasas.es\/contenidos\/la-vecina-rubia\" target=\"_blank\">la p\u00e1gina web oficial de La Casa de Las Carcasas<\/a>. y los precios oscilan entre los 12 y 15 euros. \u00a1Yo quiero todo!<\/p>\n<p><em>*Im\u00e1genes: cortes\u00eda La casa de las carcasas<\/em><\/p>\n","protected":false},"author":11653,"featured_media":159364,"template":"","format":"standard","categories":[3611,1],"acf":[],"yoast_head":"<!-- This site is optimized with the Yoast SEO Premium plugin v18.5 (Yoast SEO v20.4) - https:\/\/yoast.com\/wordpress\/plugins\/seo\/ -->\n<title>Nuevo objeto de deseo: la colecci\u00f3n para el m\u00f3vil de La vecina rubia | Grazia<\/title>\n<meta name=\"description\" content=\"Si est\u00e1s pensando &quot;vestir&quot; tu m\u00f3vil con los mejores accesorios, esta colecci\u00f3n te va a hacer brillar... \u00a1literalmente!\" \/>\n<meta name=\"robots\" content=\"index, follow, max-snippet:-1, max-image-preview:large, max-video-preview:-1\" \/>\n<link rel=\"canonical\" href=\"https:\/\/graziamagazine.com\/es\/articles\/nuevo-objeto-de-deseo-la-coleccion-para-el-movil-de-la-vecina-rubia\/\" \/>\n<meta property=\"og:locale\" content=\"es_ES\" \/>\n<meta property=\"og:type\" content=\"article\" \/>\n<meta property=\"og:title\" content=\"Nuevo objeto de deseo: la colecci\u00f3n para el m\u00f3vil de La vecina rubia\" \/>\n<meta property=\"og:description\" content=\"Si est\u00e1s pensando &quot;vestir&quot; tu m\u00f3vil con los mejores accesorios, esta colecci\u00f3n te va a hacer brillar... \u00a1literalmente!\" \/>\n<meta property=\"og:url\" content=\"https:\/\/graziamagazine.com\/es\/articles\/nuevo-objeto-de-deseo-la-coleccion-para-el-movil-de-la-vecina-rubia\/\" \/>\n<meta property=\"og:site_name\" content=\"Grazia\" \/>\n<meta property=\"article:modified_time\" content=\"2021-09-21T22:46:32+00:00\" \/>\n<meta property=\"og:image\" content=\"https:\/\/graziamagazine.com\/es\/wp-content\/uploads\/sites\/12\/2021\/09\/8a3fd215-b526-4270-a51f-ecb93a1856bf.jpeg?fit=1080%2C1080\" \/>\n\t<meta property=\"og:image:width\" content=\"1080\" \/>\n\t<meta property=\"og:image:height\" content=\"1080\" \/>\n\t<meta property=\"og:image:type\" content=\"image\/jpeg\" \/>\n<meta name=\"twitter:card\" content=\"summary_large_image\" \/>\n<meta name=\"twitter:label1\" content=\"Est. reading time\" \/>\n\t<meta name=\"twitter:data1\" content=\"3 minutos\" \/>\n<script type=\"application\/ld+json\" class=\"yoast-schema-graph\">{\"@context\":\"https:\/\/schema.org\",\"@graph\":[{\"@type\":\"WebPage\",\"@id\":\"https:\/\/graziamagazine.com\/es\/articles\/nuevo-objeto-de-deseo-la-coleccion-para-el-movil-de-la-vecina-rubia\/\",\"url\":\"https:\/\/graziamagazine.com\/es\/articles\/nuevo-objeto-de-deseo-la-coleccion-para-el-movil-de-la-vecina-rubia\/\",\"name\":\"Nuevo objeto de deseo: la colecci\u00f3n para el m\u00f3vil de La vecina rubia | Grazia\",\"isPartOf\":{\"@id\":\"https:\/\/graziamagazine.com\/es\/#website\"},\"datePublished\":\"2021-09-22T10:00:51+00:00\",\"dateModified\":\"2021-09-21T22:46:32+00:00\",\"description\":\"Si est\u00e1s pensando \\\"vestir\\\" tu m\u00f3vil con los mejores accesorios, esta colecci\u00f3n te va a hacer brillar... \u00a1literalmente!\",\"breadcrumb\":{\"@id\":\"https:\/\/graziamagazine.com\/es\/articles\/nuevo-objeto-de-deseo-la-coleccion-para-el-movil-de-la-vecina-rubia\/#breadcrumb\"},\"inLanguage\":\"es\",\"potentialAction\":[{\"@type\":\"ReadAction\",\"target\":[\"https:\/\/graziamagazine.com\/es\/articles\/nuevo-objeto-de-deseo-la-coleccion-para-el-movil-de-la-vecina-rubia\/\"]}]},{\"@type\":\"BreadcrumbList\",\"@id\":\"https:\/\/graziamagazine.com\/es\/articles\/nuevo-objeto-de-deseo-la-coleccion-para-el-movil-de-la-vecina-rubia\/#breadcrumb\",\"itemListElement\":[{\"@type\":\"ListItem\",\"position\":1,\"name\":\"Portada\",\"item\":\"https:\/\/graziamagazine.com\/es\/\"},{\"@type\":\"ListItem\",\"position\":2,\"name\":\"Nuevo objeto de deseo: la colecci\u00f3n para el m\u00f3vil de La vecina rubia\"}]},{\"@type\":\"WebSite\",\"@id\":\"https:\/\/graziamagazine.com\/es\/#website\",\"url\":\"https:\/\/graziamagazine.com\/es\/\",\"name\":\"Grazia\",\"description\":\"Moda, belleza, celebrities, estilo de vida...\",\"potentialAction\":[{\"@type\":\"SearchAction\",\"target\":{\"@type\":\"EntryPoint\",\"urlTemplate\":\"https:\/\/graziamagazine.com\/es\/?s={search_term_string}\"},\"query-input\":\"required name=search_term_string\"}],\"inLanguage\":\"es\"}]}<\/script>\n<!-- \/ Yoast SEO Premium plugin. -->","yoast_head_json":{"title":"Nuevo objeto de deseo: la colecci\u00f3n para el m\u00f3vil de La vecina rubia | Grazia","description":"Si est\u00e1s pensando \"vestir\" tu m\u00f3vil con los mejores accesorios, esta colecci\u00f3n te va a hacer brillar... \u00a1literalmente!","robots":{"index":"index","follow":"follow","max-snippet":"max-snippet:-1","max-image-preview":"max-image-preview:large","max-video-preview":"max-video-preview:-1"},"canonical":"https:\/\/graziamagazine.com\/es\/articles\/nuevo-objeto-de-deseo-la-coleccion-para-el-movil-de-la-vecina-rubia\/","og_locale":"es_ES","og_type":"article","og_title":"Nuevo objeto de deseo: la colecci\u00f3n para el m\u00f3vil de La vecina rubia","og_description":"Si est\u00e1s pensando \"vestir\" tu m\u00f3vil con los mejores accesorios, esta colecci\u00f3n te va a hacer brillar... \u00a1literalmente!","og_url":"https:\/\/graziamagazine.com\/es\/articles\/nuevo-objeto-de-deseo-la-coleccion-para-el-movil-de-la-vecina-rubia\/","og_site_name":"Grazia","article_modified_time":"2021-09-21T22:46:32+00:00","og_image":[{"width":1080,"height":1080,"url":"https:\/\/graziamagazine.com\/es\/wp-content\/uploads\/sites\/12\/2021\/09\/8a3fd215-b526-4270-a51f-ecb93a1856bf.jpeg?fit=1080%2C1080","type":"image\/jpeg"}],"twitter_card":"summary_large_image","twitter_misc":{"Est. reading time":"3 minutos"},"schema":{"@context":"https:\/\/schema.org","@graph":[{"@type":"WebPage","@id":"https:\/\/graziamagazine.com\/es\/articles\/nuevo-objeto-de-deseo-la-coleccion-para-el-movil-de-la-vecina-rubia\/","url":"https:\/\/graziamagazine.com\/es\/articles\/nuevo-objeto-de-deseo-la-coleccion-para-el-movil-de-la-vecina-rubia\/","name":"Nuevo objeto de deseo: la colecci\u00f3n para el m\u00f3vil de La vecina rubia | Grazia","isPartOf":{"@id":"https:\/\/graziamagazine.com\/es\/#website"},"datePublished":"2021-09-22T10:00:51+00:00","dateModified":"2021-09-21T22:46:32+00:00","description":"Si est\u00e1s pensando \"vestir\" tu m\u00f3vil con los mejores accesorios, esta colecci\u00f3n te va a hacer brillar... \u00a1literalmente!","breadcrumb":{"@id":"https:\/\/graziamagazine.com\/es\/articles\/nuevo-objeto-de-deseo-la-coleccion-para-el-movil-de-la-vecina-rubia\/#breadcrumb"},"inLanguage":"es","potentialAction":[{"@type":"ReadAction","target":["https:\/\/graziamagazine.com\/es\/articles\/nuevo-objeto-de-deseo-la-coleccion-para-el-movil-de-la-vecina-rubia\/"]}]},{"@type":"BreadcrumbList","@id":"https:\/\/graziamagazine.com\/es\/articles\/nuevo-objeto-de-deseo-la-coleccion-para-el-movil-de-la-vecina-rubia\/#breadcrumb","itemListElement":[{"@type":"ListItem","position":1,"name":"Portada","item":"https:\/\/graziamagazine.com\/es\/"},{"@type":"ListItem","position":2,"name":"Nuevo objeto de deseo: la colecci\u00f3n para el m\u00f3vil de La vecina rubia"}]},{"@type":"WebSite","@id":"https:\/\/graziamagazine.com\/es\/#website","url":"https:\/\/graziamagazine.com\/es\/","name":"Grazia","description":"Moda, belleza, celebrities, estilo de vida...","potentialAction":[{"@type":"SearchAction","target":{"@type":"EntryPoint","urlTemplate":"https:\/\/graziamagazine.com\/es\/?s={search_term_string}"},"query-input":"required name=search_term_string"}],"inLanguage":"es"}]}},"jetpack_sharing_enabled":true,"distributor_meta":false,"distributor_terms":false,"distributor_media":false,"distributor_original_site_name":"Grazia","distributor_original_site_url":"https:\/\/graziamagazine.com\/es","push-errors":false,"_links":{"self":[{"href":"https:\/\/graziamagazine.com\/es\/wp-json\/wp\/v2\/articles\/159359"}],"collection":[{"href":"https:\/\/graziamagazine.com\/es\/wp-json\/wp\/v2\/articles"}],"about":[{"href":"https:\/\/graziamagazine.com\/es\/wp-json\/wp\/v2\/types\/articles"}],"author":[{"embeddable":true,"href":"https:\/\/graziamagazine.com\/es\/wp-json\/wp\/v2\/users\/11653"}],"wp:featuredmedia":[{"embeddable":true,"href":"https:\/\/graziamagazine.com\/es\/wp-json\/wp\/v2\/media\/159364"}],"wp:attachment":[{"href":"https:\/\/graziamagazine.com\/es\/wp-json\/wp\/v2\/media?parent=159359"}],"wp:term":[{"taxonomy":"category","embeddable":true,"href":"https:\/\/graziamagazine.com\/es\/wp-json\/wp\/v2\/categories?post=159359"}],"curies":[{"name":"wp","href":"https:\/\/api.w.org\/{rel}","templated":true}]}}